{"id":918,"date":"2020-07-29T15:48:43","date_gmt":"2020-07-29T15:48:43","guid":{"rendered":"https:\/\/www.campoparatodos.com.ar\/?p=918"},"modified":"2020-07-29T15:48:47","modified_gmt":"2020-07-29T15:48:47","slug":"aplicando-nuestro-protocolo-tuvimos-50-menos-picudo-que-la-campana-anterior","status":"publish","type":"post","link":"https:\/\/test.cookdigital.net\/campoparatodos\/2020\/07\/29\/aplicando-nuestro-protocolo-tuvimos-50-menos-picudo-que-la-campana-anterior\/","title":{"rendered":"Aplicando nuestro protocolo tuvimos 50% menos picudo que la campa\u00f1a anterior"},"content":{"rendered":"<p><em><strong>En dialogo telef\u00f3nico con el Ing. Agr. Carlos Mitre nos cont\u00f3 como fue la campa\u00f1a algodonera en la margen izquierda del \u00e1rea de riego del R\u00edo Dulce. Mitre es asesor t\u00e9cnico de la Asociaci\u00f3n de Productores de la Zona IV de Santiago del Estero.<\/strong><\/em><\/p>\n<p><img data-attachment-id=\"920\" data-permalink=\"https:\/\/test.cookdigital.net\/campoparatodos\/2020\/07\/29\/aplicando-nuestro-protocolo-tuvimos-50-menos-picudo-que-la-campana-anterior\/cpt-template-35\/#main\" data-orig-file=\"https:\/\/i2.wp.com\/test.cookdigital.net\/campoparatodos\/wp-content\/uploads\/2020\/07\/algo.jpg?fit=655%2C491&amp;ssl=1\" data-orig-size=\"655,491\" data-comments-opened=\"1\" data-image-meta=\"{&quot;aperture&quot;:&quot;0&quot;,&quot;credit&quot;:&quot;carlos&quot;,&quot;camera&quot;:&quot;&quot;,&quot;caption&quot;:&quot;cpt-template&quot;,&quot;created_timestamp&quot;:&quot;1595880560&quot;,&quot;copyright&quot;:&quot;&quot;,&quot;focal_length&quot;:&quot;0&quot;,&quot;iso&quot;:&quot;0&quot;,&quot;shutter_speed&quot;:&quot;0&quot;,&quot;title&quot;:&quot;cpt-template&quot;,&quot;orientation&quot;:&quot;0&quot;}\" data-image-title=\"cpt-template\" data-image-description=\"\" data-medium-file=\"https:\/\/i2.wp.com\/test.cookdigital.net\/campoparatodos\/wp-content\/uploads\/2020\/07\/algo.jpg?fit=300%2C225&amp;ssl=1\" data-large-file=\"https:\/\/i2.wp.com\/test.cookdigital.net\/campoparatodos\/wp-content\/uploads\/2020\/07\/algo.jpg?fit=655%2C491&amp;ssl=1\" loading=\"lazy\" class=\"size-full wp-image-920\" src=\"https:\/\/i1.wp.com\/www.campoparatodos.com.ar\/wp-content\/uploads\/2020\/07\/algo.jpg?resize=655%2C491&#038;ssl=1\" alt=\"\" width=\"655\" height=\"491\" srcset=\"https:\/\/i2.wp.com\/test.cookdigital.net\/campoparatodos\/wp-content\/uploads\/2020\/07\/algo.jpg?w=655&amp;ssl=1 655w, https:\/\/i2.wp.com\/test.cookdigital.net\/campoparatodos\/wp-content\/uploads\/2020\/07\/algo.jpg?resize=300%2C225&amp;ssl=1 300w\" sizes=\"(max-width: 655px) 100vw, 655px\" data-recalc-dims=\"1\" \/><\/p>\n<p><!--more--><\/p>\n<p>Nosotros en la Zona IV (margen izquierda del R\u00edo Dulce), estamos terminando la cosecha, pr\u00e1cticamente en un 90% de la superficie.<br \/>\nCon respecto a la destrucci\u00f3n de rastrojo, en la primera semana de junio ten\u00edamos pr\u00e1cticamente un 50% del rastrojo destruido.<br \/>\nEn cuanto a la producci\u00f3n, el rendimiento promedio de toda la zona de riego puede andar alrededor de los 2.500 a 2.700 kg\/ha, obviamente hubo campos que hicieron picos de 4.000 a 4.500 kg\/ha, y otros tambi\u00e9n con muy bajos rendimientos de 1.800 a 2.000 kg\/ha por eso, ese promedio en general es m\u00e1s o menos el que venimos arrastrando nosotros. Las calidades de los algodones de cosecha de marzo hasta antes del temporal tuvieron clasificaci\u00f3n \u201cC\u201d, \u201cC \u00bc\u201d con muy buena caracter\u00edstica de la fibra. Despu\u00e9s de los temporales comenz\u00f3 a caer la calidad de fibra, y obviamente esta \u00faltima tanda de mayo junio se not\u00f3 que la mayor\u00eda caen a \u201cD\u201d. Esto fue causado por el problema de escasez de defoliante, al no poder conseguir, algunos productores pudieron utilizar los que ten\u00edan de la campa\u00f1a pasada, pero la verdad que nada que ver con el efecto de los nuevos porque son herbicidas desecantes, no son defoliantes hormonales como los que us\u00e1bamos anteriormente, se comportan bien con temperatura elevada, pero en cuanto cae la temperatura, desecan pero no voltean la hoja, eso te agrega mucha materia extra\u00f1a a la fibra y lo termina ensuciando, bajando la calidad de fibra, de manera que tambi\u00e9n te reduce los puntos en el desmote.<\/p>\n<p><strong>En cuanto al rinde, \u00bfC\u00f3mo fueron los promedios dependiendo del material que usaron?<\/strong><\/p>\n<p><img data-attachment-id=\"923\" data-permalink=\"https:\/\/test.cookdigital.net\/campoparatodos\/2020\/07\/29\/aplicando-nuestro-protocolo-tuvimos-50-menos-picudo-que-la-campana-anterior\/cpt-template-38\/#main\" data-orig-file=\"https:\/\/i2.wp.com\/test.cookdigital.net\/campoparatodos\/wp-content\/uploads\/2020\/07\/algo3.jpg?fit=653%2C490&amp;ssl=1\" data-orig-size=\"653,490\" data-comments-opened=\"1\" data-image-meta=\"{&quot;aperture&quot;:&quot;0&quot;,&quot;credit&quot;:&quot;carlos&quot;,&quot;camera&quot;:&quot;&quot;,&quot;caption&quot;:&quot;cpt-template&quot;,&quot;created_timestamp&quot;:&quot;1595880560&quot;,&quot;copyright&quot;:&quot;&quot;,&quot;focal_length&quot;:&quot;0&quot;,&quot;iso&quot;:&quot;0&quot;,&quot;shutter_speed&quot;:&quot;0&quot;,&quot;title&quot;:&quot;cpt-template&quot;,&quot;orientation&quot;:&quot;0&quot;}\" data-image-title=\"cpt-template\" data-image-description=\"\" data-medium-file=\"https:\/\/i2.wp.com\/test.cookdigital.net\/campoparatodos\/wp-content\/uploads\/2020\/07\/algo3.jpg?fit=300%2C225&amp;ssl=1\" data-large-file=\"https:\/\/i2.wp.com\/test.cookdigital.net\/campoparatodos\/wp-content\/uploads\/2020\/07\/algo3.jpg?fit=653%2C490&amp;ssl=1\" loading=\"lazy\" class=\"wp-image-923 alignright\" src=\"https:\/\/i1.wp.com\/www.campoparatodos.com.ar\/wp-content\/uploads\/2020\/07\/algo3.jpg?resize=450%2C338&#038;ssl=1\" alt=\"\" width=\"450\" height=\"338\" srcset=\"https:\/\/i2.wp.com\/test.cookdigital.net\/campoparatodos\/wp-content\/uploads\/2020\/07\/algo3.jpg?w=653&amp;ssl=1 653w, https:\/\/i2.wp.com\/test.cookdigital.net\/campoparatodos\/wp-content\/uploads\/2020\/07\/algo3.jpg?resize=300%2C225&amp;ssl=1 300w\" sizes=\"(max-width: 450px) 100vw, 450px\" data-recalc-dims=\"1\" \/><\/p>\n<p>Si te tendr\u00eda que dar un promedio que sacamos tomando unos 20 o 30 productores en referencia, con alto volumen, la variedad DP 1238 BGRR mantuvo un desmote muy bueno, te dir\u00eda que est\u00e1 entre los 35 y los 36 puntos de fibra promedio de desmote (por ejemplo, por cada 1000 kgs de bruto que ingresa a desmotadora salen o \u201crinde\u201d 350 a 360 kg de fibra), y el NuOPal RR estar\u00eda entre 33 y 34 fibra de desmote, obviamente en ambos hubo picos muy altos sobre todo en el DP 1238 BGRR, que llegamos a tener 38.9, hasta rozando los 39 puntos de desmote y en un NuOPal RR en 37.5 a 38. Obviamente como te digo esos son picos que sirven para ver hasta d\u00f3nde podemos llegar con estas variedades, fue sorprendente, hubo campos que tuvieron en rendimiento de 1.200 a 1.300 kg de fibra por hect\u00e1rea, acompa\u00f1ando esos desmotes con un promedio de 3.000 a 3.500 kg de algod\u00f3n, son excelentes.<br \/>\nCon respecto a la cosecha, siempre es problema, porque al concentrar la mayor\u00eda de las fechas de siembra los cultivos llegan pr\u00e1cticamente todos juntos y las m\u00e1quinas no alcanzan para ir a todos los lotes, por lo que hay que esperar, pero por suerte las precipitaciones no fueron muy abundantes y tuvimos un buen abril a pesar de todo, despu\u00e9s de haber sorteado muchas etapas malas al principio con el tema del fr\u00edo, complicaciones con el agua, logramos al final de la campa\u00f1a, cosechar tranquilamente y terminar.<br \/>\nCon el tema flete siempre pasa lo mismo, en todas las desmotadoras, al concentrar la fecha de siembra la cosecha se concentra por tanto tambi\u00e9n las desmotadoras, tambi\u00e9n los fletes se complican y el que tiene o logra conseguir una m\u00e1quina de rollos tiene adelanto significativo, porque el flete se hace mucho m\u00e1s r\u00e1pido, porque puede desmotarlo despu\u00e9s o lo puede conservar en el campo de alguna manera por lo que hay alternativas para ir viendo.<\/p>\n<p><img data-attachment-id=\"921\" data-permalink=\"https:\/\/test.cookdigital.net\/campoparatodos\/2020\/07\/29\/aplicando-nuestro-protocolo-tuvimos-50-menos-picudo-que-la-campana-anterior\/cpt-template-36\/#main\" data-orig-file=\"https:\/\/i2.wp.com\/test.cookdigital.net\/campoparatodos\/wp-content\/uploads\/2020\/07\/algo1.jpg?fit=656%2C437&amp;ssl=1\" data-orig-size=\"656,437\" data-comments-opened=\"1\" data-image-meta=\"{&quot;aperture&quot;:&quot;0&quot;,&quot;credit&quot;:&quot;carlos&quot;,&quot;camera&quot;:&quot;&quot;,&quot;caption&quot;:&quot;cpt-template&quot;,&quot;created_timestamp&quot;:&quot;1595880560&quot;,&quot;copyright&quot;:&quot;&quot;,&quot;focal_length&quot;:&quot;0&quot;,&quot;iso&quot;:&quot;0&quot;,&quot;shutter_speed&quot;:&quot;0&quot;,&quot;title&quot;:&quot;cpt-template&quot;,&quot;orientation&quot;:&quot;0&quot;}\" data-image-title=\"cpt-template\" data-image-description=\"\" data-medium-file=\"https:\/\/i2.wp.com\/test.cookdigital.net\/campoparatodos\/wp-content\/uploads\/2020\/07\/algo1.jpg?fit=300%2C200&amp;ssl=1\" data-large-file=\"https:\/\/i2.wp.com\/test.cookdigital.net\/campoparatodos\/wp-content\/uploads\/2020\/07\/algo1.jpg?fit=656%2C437&amp;ssl=1\" loading=\"lazy\" class=\"wp-image-921 alignright\" src=\"https:\/\/i2.wp.com\/www.campoparatodos.com.ar\/wp-content\/uploads\/2020\/07\/algo1.jpg?resize=437%2C291&#038;ssl=1\" alt=\"\" width=\"437\" height=\"291\" srcset=\"https:\/\/i2.wp.com\/test.cookdigital.net\/campoparatodos\/wp-content\/uploads\/2020\/07\/algo1.jpg?w=656&amp;ssl=1 656w, https:\/\/i2.wp.com\/test.cookdigital.net\/campoparatodos\/wp-content\/uploads\/2020\/07\/algo1.jpg?resize=300%2C200&amp;ssl=1 300w, https:\/\/i2.wp.com\/test.cookdigital.net\/campoparatodos\/wp-content\/uploads\/2020\/07\/algo1.jpg?resize=272%2C182&amp;ssl=1 272w\" sizes=\"(max-width: 437px) 100vw, 437px\" data-recalc-dims=\"1\" \/><\/p>\n<p><strong>\u00bfC\u00f3mo les fue con el precio y la pandemia?<\/strong><br \/>\nLamentablemente el mercado no nos acompa\u00f1a, porque estos rendimientos en fibra con un buen precio hubiese sido algo excelente para el cultivo, pero esto del coronavirus nos afect\u00f3 seriamente, en general, desde el punto de vista econ\u00f3mico mundial, bueno y al algod\u00f3n obviamente lo afect\u00f3 bastante dejando pr\u00e1cticamente paralizada la comercializaci\u00f3n, imaginate que los precios que se manejaban antes del tema de la cuarentena eran, seg\u00fan la c\u00e1mara algodonera, creo que 92-94 mil pesos por tonelada de fibra y lleg\u00f3 tocar pisos de 67, hoy est\u00e1 en 73-76, o sea que, el derrumbe de precios m\u00e1s la inflaci\u00f3n que nosotros tuvimos da un n\u00famero con el que el productor que sac\u00f3 buenos kilos tendr\u00e1 que poner la espalda para aguantar y despu\u00e9s comercializar la fibra, pero para el mediano, para el productor que no tiene mucha espalda, que termina la campa\u00f1a y espera cobrar, esta campa\u00f1a se har\u00e1 larga. Hay que tener en cuenta que pr\u00e1cticamente ya estamos muy cerca de empezar con los preparativos de la siguiente campa\u00f1a ya a fines de julio se empieza con el tema labranzas, a preparar los suelos, los que trabajaron con cobertura.<br \/>\nAhora reci\u00e9n se est\u00e1 empezando a mover algo en las hilander\u00edas as\u00ed que esperamos, que pueda subir un poquito m\u00e1s el precio o por lo menos haya un flujo m\u00e1s continuo en la comercializaci\u00f3n.<\/p>\n<p><strong>\u00bfEl agua?<\/strong><\/p>\n<p><img data-attachment-id=\"922\" data-permalink=\"https:\/\/test.cookdigital.net\/campoparatodos\/2020\/07\/29\/aplicando-nuestro-protocolo-tuvimos-50-menos-picudo-que-la-campana-anterior\/cpt-template-37\/#main\" data-orig-file=\"https:\/\/i0.wp.com\/test.cookdigital.net\/campoparatodos\/wp-content\/uploads\/2020\/07\/algo2.jpg?fit=656%2C492&amp;ssl=1\" data-orig-size=\"656,492\" data-comments-opened=\"1\" data-image-meta=\"{&quot;aperture&quot;:&quot;0&quot;,&quot;credit&quot;:&quot;carlos&quot;,&quot;camera&quot;:&quot;&quot;,&quot;caption&quot;:&quot;cpt-template&quot;,&quot;created_timestamp&quot;:&quot;1595880560&quot;,&quot;copyright&quot;:&quot;&quot;,&quot;focal_length&quot;:&quot;0&quot;,&quot;iso&quot;:&quot;0&quot;,&quot;shutter_speed&quot;:&quot;0&quot;,&quot;title&quot;:&quot;cpt-template&quot;,&quot;orientation&quot;:&quot;0&quot;}\" data-image-title=\"cpt-template\" data-image-description=\"\" data-medium-file=\"https:\/\/i0.wp.com\/test.cookdigital.net\/campoparatodos\/wp-content\/uploads\/2020\/07\/algo2.jpg?fit=300%2C225&amp;ssl=1\" data-large-file=\"https:\/\/i0.wp.com\/test.cookdigital.net\/campoparatodos\/wp-content\/uploads\/2020\/07\/algo2.jpg?fit=656%2C492&amp;ssl=1\" loading=\"lazy\" class=\"wp-image-922 alignright\" src=\"https:\/\/i2.wp.com\/www.campoparatodos.com.ar\/wp-content\/uploads\/2020\/07\/algo2.jpg?resize=439%2C329&#038;ssl=1\" alt=\"\" width=\"439\" height=\"329\" srcset=\"https:\/\/i0.wp.com\/test.cookdigital.net\/campoparatodos\/wp-content\/uploads\/2020\/07\/algo2.jpg?w=656&amp;ssl=1 656w, https:\/\/i0.wp.com\/test.cookdigital.net\/campoparatodos\/wp-content\/uploads\/2020\/07\/algo2.jpg?resize=300%2C225&amp;ssl=1 300w\" sizes=\"(max-width: 439px) 100vw, 439px\" data-recalc-dims=\"1\" \/><\/p>\n<p>Con respecto al agua, la pluviometr\u00eda que medimos en algunos campos en comparaci\u00f3n con la campa\u00f1a pasada que cerramos con 850 mil\u00edmetros de lluvia, este a\u00f1o en el mismo campo cerramos con 250 mil\u00edmetros, obviamente se ha notado la ausencia de la lluvia. En algunos nos castig\u00f3 seriamente porque cuando no hay una precipitaci\u00f3n fuerte que te acompa\u00f1e, dificulta el sistema de riego, porque obviamente no alcanza a cubrir la demanda global en tiempo y forma. Se not\u00f3 mucha diferencia entre los algodones que pudieron llegar a regar cuando el cultivo lo requer\u00eda y los otros que se demoraron, en algunos casos hasta 1.500 kg de diferencia.<br \/>\nEl tema de agua es un problema que van a tener los productores, porque el volumen de agua embalsado, si no hay precipitaciones tempranas para que ayude el ingreso, estar\u00e1 complicado y es un tema importante a resolver. Hay que aprender a tener un uso eficiente en los riegos, esto siempre sirve para que el productor acomode sus comuneros, acomoden sus acequias dentro del campo y ah\u00ed es donde todos ganamos un poco m\u00e1s de eficiencia.<\/p>\n<p><strong>\u00bfLos problemas con malezas?<\/strong><\/p>\n<figure id=\"attachment_928\" aria-describedby=\"caption-attachment-928\" style=\"width: 334px\" class=\"wp-caption alignright\"><img data-attachment-id=\"928\" data-permalink=\"https:\/\/test.cookdigital.net\/campoparatodos\/2020\/07\/29\/aplicando-nuestro-protocolo-tuvimos-50-menos-picudo-que-la-campana-anterior\/yuyo_colorado\/#main\" data-orig-file=\"https:\/\/i1.wp.com\/test.cookdigital.net\/campoparatodos\/wp-content\/uploads\/2020\/07\/yuyo_colorado.jpg?fit=865%2C606&amp;ssl=1\" data-orig-size=\"865,606\" data-comments-opened=\"1\" data-image-meta=\"{&quot;aperture&quot;:&quot;0&quot;,&quot;credit&quot;:&quot;&quot;,&quot;camera&quot;:&quot;BlackBerry 9300&quot;,&quot;caption&quot;:&quot;&quot;,&quot;created_timestamp&quot;:&quot;1429626503&quot;,&quot;copyright&quot;:&quot;&quot;,&quot;focal_length&quot;:&quot;0&quot;,&quot;iso&quot;:&quot;0&quot;,&quot;shutter_speed&quot;:&quot;0&quot;,&quot;title&quot;:&quot;&quot;,&quot;orientation&quot;:&quot;1&quot;}\" data-image-title=\"yuyo_colorado\" data-image-description=\"\" data-medium-file=\"https:\/\/i1.wp.com\/test.cookdigital.net\/campoparatodos\/wp-content\/uploads\/2020\/07\/yuyo_colorado.jpg?fit=300%2C210&amp;ssl=1\" data-large-file=\"https:\/\/i1.wp.com\/test.cookdigital.net\/campoparatodos\/wp-content\/uploads\/2020\/07\/yuyo_colorado.jpg?fit=865%2C606&amp;ssl=1\" loading=\"lazy\" class=\" wp-image-928\" src=\"https:\/\/i0.wp.com\/www.campoparatodos.com.ar\/wp-content\/uploads\/2020\/07\/yuyo_colorado.jpg?resize=344%2C241&#038;ssl=1\" alt=\"\" width=\"344\" height=\"241\" srcset=\"https:\/\/i1.wp.com\/test.cookdigital.net\/campoparatodos\/wp-content\/uploads\/2020\/07\/yuyo_colorado.jpg?w=865&amp;ssl=1 865w, https:\/\/i1.wp.com\/test.cookdigital.net\/campoparatodos\/wp-content\/uploads\/2020\/07\/yuyo_colorado.jpg?resize=300%2C210&amp;ssl=1 300w, https:\/\/i1.wp.com\/test.cookdigital.net\/campoparatodos\/wp-content\/uploads\/2020\/07\/yuyo_colorado.jpg?resize=768%2C538&amp;ssl=1 768w\" sizes=\"(max-width: 344px) 100vw, 344px\" data-recalc-dims=\"1\" \/><figcaption id=\"caption-attachment-928\" class=\"wp-caption-text\">Amaranthus palmeri (yuyo colorado)<\/figcaption><\/figure>\n<p>Con respecto malezas, en algunos campos tuvimos problemas con Amaranthus palmeri (yuyo colorado) que es una maleza resistente al glifosato y est\u00e1 complicando un poco las cosas porque en algunas hect\u00e1reas avanz\u00f3 much\u00edsimo, para eso vamos a tratar de hacer una rotaci\u00f3n de cultivos para cortar un poco la reserva que tiene de semillas en banco. Esto no es algo que est\u00e1 muy difundido en todos los campos. Se inician con focos importantes y notamos que se dispersa mucho con el agua porque aparecen en la cabecera y en cola de lote, entonces evidentemente lo arrastra el riego y por eso la difusi\u00f3n se hace m\u00e1s r\u00e1pido. Hemos probado productos casi finalizando el ciclo del algod\u00f3n para y tratar que el Amaranthus no llegue a semillar, pero a\u00fan no se lograron buenos resultados.<\/p>\n<p><strong>\u00bfQu\u00e9 plagas tuvieron?<\/strong> <img data-attachment-id=\"924\" data-permalink=\"https:\/\/test.cookdigital.net\/campoparatodos\/2020\/07\/29\/aplicando-nuestro-protocolo-tuvimos-50-menos-picudo-que-la-campana-anterior\/cpt-template-39\/#main\" data-orig-file=\"https:\/\/i0.wp.com\/test.cookdigital.net\/campoparatodos\/wp-content\/uploads\/2020\/07\/algo4.jpg?fit=655%2C873&amp;ssl=1\" data-orig-size=\"655,873\" data-comments-opened=\"1\" data-image-meta=\"{&quot;aperture&quot;:&quot;0&quot;,&quot;credit&quot;:&quot;carlos&quot;,&quot;camera&quot;:&quot;&quot;,&quot;caption&quot;:&quot;cpt-template&quot;,&quot;created_timestamp&quot;:&quot;1595880560&quot;,&quot;copyright&quot;:&quot;&quot;,&quot;focal_length&quot;:&quot;0&quot;,&quot;iso&quot;:&quot;0&quot;,&quot;shutter_speed&quot;:&quot;0&quot;,&quot;title&quot;:&quot;cpt-template&quot;,&quot;orientation&quot;:&quot;0&quot;}\" data-image-title=\"cpt-template\" data-image-description=\"\" data-medium-file=\"https:\/\/i0.wp.com\/test.cookdigital.net\/campoparatodos\/wp-content\/uploads\/2020\/07\/algo4.jpg?fit=225%2C300&amp;ssl=1\" data-large-file=\"https:\/\/i0.wp.com\/test.cookdigital.net\/campoparatodos\/wp-content\/uploads\/2020\/07\/algo4.jpg?fit=655%2C873&amp;ssl=1\" loading=\"lazy\" class=\" wp-image-924 alignright\" src=\"https:\/\/i1.wp.com\/www.campoparatodos.com.ar\/wp-content\/uploads\/2020\/07\/algo4.jpg?resize=398%2C531&#038;ssl=1\" alt=\"\" width=\"398\" height=\"531\" srcset=\"https:\/\/i0.wp.com\/test.cookdigital.net\/campoparatodos\/wp-content\/uploads\/2020\/07\/algo4.jpg?w=655&amp;ssl=1 655w, https:\/\/i0.wp.com\/test.cookdigital.net\/campoparatodos\/wp-content\/uploads\/2020\/07\/algo4.jpg?resize=225%2C300&amp;ssl=1 225w\" sizes=\"(max-width: 398px) 100vw, 398px\" data-recalc-dims=\"1\" \/><br \/>\nCon respecto a esta campa\u00f1a las plagas, al no haber tantas precipitaciones llegamos a poder aplicar tranquilamente, con respecto a la campa\u00f1a pasada, en algunos campos estuvimos entre 3 y 4 aplicaciones menos, en otros donde hay un poco m\u00e1s de presi\u00f3n de picudo terminaron la campa\u00f1a con 9 aplicaciones, otros terminaron con 6 aplicaciones. En la Zona IV, con el tema picudo estuvimos mejor, en un 50% menos que la campa\u00f1a pasada, porque pudimos aplicar mejor, en tiempo y forma, con productos con m\u00e1s residualidad, porque no afectaba tanto la lluvia. Las chinches tampoco estuvieron. Sorprendi\u00f3 la menor cantidad de Picudo, por eso estamos recolectando datos con t\u00e9cnicos del INTA. Esto es el resultado de un esfuerzo de a\u00f1os que venimos haciendo, respecto a la concentraci\u00f3n de la fecha de siembra y en que los productores destruyan el rastrojo en tiempo y forma, como corresponde, que podamos mantener el vac\u00edo sanitario y donde pr\u00e1cticamente la mayor\u00eda hacemos las aplicaciones al inicio del pimpollado, que es el momento fundamental que marca toda la bibliograf\u00eda, aplicando el protocolo que nosotros desarrollamos, en la zona venimos sin tener ning\u00fan tipo de da\u00f1o significativo, entonces, eso nos alienta a seguir con el protocolo y creo que vamos por el buen.<\/p>\n","protected":false},"excerpt":{"rendered":"<p>En dialogo telef\u00f3nico con el Ing. Agr. Carlos Mitre nos cont\u00f3 como fue la campa\u00f1a algodonera en la margen izquierda del \u00e1rea de riego del R\u00edo Dulce. Mitre es asesor t\u00e9cnico de la Asociaci\u00f3n de Productores de la Zona IV de Santiago del Estero.<\/p>\n","protected":false},"author":1,"featured_media":0,"comment_status":"closed","ping_status":"closed","sticky":false,"template":"","format":"standard","meta":{"spay_email":"","jetpack_publicize_message":"","jetpack_is_tweetstorm":false},"categories":[9,3,4],"tags":[52,54,58],"jetpack_featured_media_url":"","jetpack_publicize_connections":[],"jetpack_sharing_enabled":true,"jetpack_shortlink":"https:\/\/wp.me\/p9m0DJ-eO","jetpack_likes_enabled":true,"jetpack-related-posts":[{"id":2298,"url":"https:\/\/test.cookdigital.net\/campoparatodos\/2023\/01\/23\/algodon-22-23-como-inicio-la-campana-en-el-area-de-riego-del-rio-dulce\/","url_meta":{"origin":918,"position":0},"title":"Algod\u00f3n 22\/23. \u00bfC\u00f3mo inici\u00f3 la campa\u00f1a en el \u00e1rea de riego del R\u00edo Dulce?","date":"enero 23, 2023","format":false,"excerpt":"A pesar de todos los inconvenientes clim\u00e1ticos, la campa\u00f1a algodonera en el \u00e1rea de riego del R\u00edo Dulce est\u00e1 en marcha. Para conocer a fondo la situaci\u00f3n y mantener informada a toda la sociedad, Revista Campo para Todos solicit\u00f3 informaci\u00f3n a tres especialistas en el cultivo industrial m\u00e1s importante de\u2026","rel":"","context":"En \u00abAgricultura\u00bb","img":{"alt_text":"","src":"https:\/\/i1.wp.com\/www.campoparatodos.com.ar\/wp-content\/uploads\/2023\/01\/WhatsApp-Image-2022-12-30-at-12.40.38_PerfectlyClear-1024x484.jpg?resize=350%2C200&ssl=1","width":350,"height":200},"classes":[]},{"id":897,"url":"https:\/\/test.cookdigital.net\/campoparatodos\/2020\/07\/27\/resumen-de-la-campana-algodonera-en-el-area-de-riego-del-rio-dulce\/","url_meta":{"origin":918,"position":1},"title":"Resumen de la campa\u00f1a algodonera en el \u00e1rea de Riego del R\u00edo Dulce","date":"julio 27, 2020","format":false,"excerpt":"A\u00f1o tras a\u00f1o el picudo hace presencia firme en la zona de riego, por lo que productivamente buscamos concentrar la fecha de siembra para evitar ataques en los momentos donde la curva de presencia del insecto en el cultivo es m\u00e1s alta. Se pens\u00f3 mucho en la presencia de picudo\u2026","rel":"","context":"En \u00abAgricultura\u00bb","img":{"alt_text":"","src":"https:\/\/i1.wp.com\/www.campoparatodos.com.ar\/wp-content\/uploads\/2020\/07\/picudi.jpg?resize=350%2C200&ssl=1","width":350,"height":200},"classes":[]},{"id":1438,"url":"https:\/\/test.cookdigital.net\/campoparatodos\/2021\/06\/28\/cierre-de-campana-algodonera-en-el-area-de-riego-del-rio-dulce\/","url_meta":{"origin":918,"position":2},"title":"Cierre de campa\u00f1a algodonera en el \u00e1rea de riego del R\u00edo Dulce","date":"junio 28, 2021","format":false,"excerpt":"En estos \u00faltimos a\u00f1os la provincia de Santiago del Estero, se ha convertido en la principal productora de algod\u00f3n de Argentina. Desde revista Campo para Todos acompa\u00f1amos el desarrollo de la presente campa\u00f1a. Para cerrar el a\u00f1o le pedimos al Ing. Agr. Carlos Mitre que nos conteste el cuestionario que\u2026","rel":"","context":"En \u00abAgricultura\u00bb","img":{"alt_text":"","src":"https:\/\/i0.wp.com\/www.campoparatodos.com.ar\/wp-content\/uploads\/2021\/06\/algodon-mitre1_PerfectlyClear-1024x484.jpg?resize=350%2C200&ssl=1","width":350,"height":200},"classes":[]},{"id":2028,"url":"https:\/\/test.cookdigital.net\/campoparatodos\/2022\/08\/06\/algodon\/","url_meta":{"origin":918,"position":3},"title":"Algod\u00f3n","date":"agosto 6, 2022","format":false,"excerpt":"Finaliza una dura campa\u00f1a 21\/22 en el \u00e1rea de riego Finaliza la campa\u00f1a algodonera 2021-2022 en el \u00e1rea de riego del R\u00edo Dulce, con grandes inconvenientes clim\u00e1ticos y errores humanos que se deber\u00e1n corregir. Conversamos con el Ing. Agr. Carlos Mitre para que nos cuente sus apreciaciones sobre la misma.\u2026","rel":"","context":"En \u00abAgricultura\u00bb","img":{"alt_text":"","src":"https:\/\/i1.wp.com\/www.campoparatodos.com.ar\/wp-content\/uploads\/2022\/08\/el-ator_PerfectlyClear-1024x485.jpg?resize=350%2C200&ssl=1","width":350,"height":200},"classes":[]},{"id":1268,"url":"https:\/\/test.cookdigital.net\/campoparatodos\/2021\/03\/25\/campana-algodonera-20-21-en-el-area-de-riego-del-rio-dulce\/","url_meta":{"origin":918,"position":4},"title":"Campa\u00f1a algodonera 20\/21 en el \u00e1rea de riego del R\u00edo Dulce","date":"marzo 25, 2021","format":false,"excerpt":"El Ingeniero Agr\u00f3nomo Carlos Mitre nos cuenta sus experiencias en la presente campa\u00f1a algodonera del \u00e1rea de riego del R\u00edo Dulce. Antes del comienzo de esta campa\u00f1a, sab\u00edamos que ser\u00eda un desaf\u00edo importante, debido a la falta de agua en el Dique. Cont\u00e1bamos con la posibilidad de un solo turno\u2026","rel":"","context":"En \u00abAgricultura\u00bb","img":{"alt_text":"","src":"https:\/\/i0.wp.com\/www.campoparatodos.com.ar\/wp-content\/uploads\/2021\/03\/WhatsApp-Image-2021-03-08-at-14.13.40_PerfectlyClear-484x1024.jpg?resize=350%2C200&ssl=1","width":350,"height":200},"classes":[]},{"id":1899,"url":"https:\/\/test.cookdigital.net\/campoparatodos\/2022\/05\/11\/reunion-de-regantes-del-area-de-riego-del-rio-dulce\/","url_meta":{"origin":918,"position":5},"title":"Reuni\u00f3n de regantes del \u00e1rea de riego del R\u00edo Dulce","date":"mayo 11, 2022","format":false,"excerpt":"El d\u00eda 10 de mayo en el predio AGAFER ubicado en Fern\u00e1ndez, Santiago del Estero, se realiz\u00f3 una multitudinaria reuni\u00f3n para tratar la problem\u00e1tica del riego que desde hace tiempo preocupa a los regantes. M\u00e1s de 200 productores participaron de la reuni\u00f3n, tambi\u00e9n concurrieron invitados, la diputada Norma Abdala de\u2026","rel":"","context":"En \u00abAgricultura\u00bb","img":{"alt_text":"","src":"https:\/\/i1.wp.com\/www.campoparatodos.com.ar\/wp-content\/uploads\/2022\/05\/IMG_1201_PerfectlyClear.jpg?resize=350%2C200&ssl=1","width":350,"height":200},"classes":[]}],"_links":{"self":[{"href":"https:\/\/test.cookdigital.net\/campoparatodos\/wp-json\/wp\/v2\/posts\/918"}],"collection":[{"href":"https:\/\/test.cookdigital.net\/campoparatodos\/wp-json\/wp\/v2\/posts"}],"about":[{"href":"https:\/\/test.cookdigital.net\/campoparatodos\/wp-json\/wp\/v2\/types\/post"}],"author":[{"embeddable":true,"href":"https:\/\/test.cookdigital.net\/campoparatodos\/wp-json\/wp\/v2\/users\/1"}],"replies":[{"embeddable":true,"href":"https:\/\/test.cookdigital.net\/campoparatodos\/wp-json\/wp\/v2\/comments?post=918"}],"version-history":[{"count":6,"href":"https:\/\/test.cookdigital.net\/campoparatodos\/wp-json\/wp\/v2\/posts\/918\/revisions"}],"predecessor-version":[{"id":951,"href":"https:\/\/test.cookdigital.net\/campoparatodos\/wp-json\/wp\/v2\/posts\/918\/revisions\/951"}],"wp:attachment":[{"href":"https:\/\/test.cookdigital.net\/campoparatodos\/wp-json\/wp\/v2\/media?parent=918"}],"wp:term":[{"taxonomy":"category","embeddable":true,"href":"https:\/\/test.cookdigital.net\/campoparatodos\/wp-json\/wp\/v2\/categories?post=918"},{"taxonomy":"post_tag","embeddable":true,"href":"https:\/\/test.cookdigital.net\/campoparatodos\/wp-json\/wp\/v2\/tags?post=918"}],"curies":[{"name":"wp","href":"https:\/\/api.w.org\/{rel}","templated":true}]}}