{"id":837,"date":"2020-05-22T00:03:20","date_gmt":"2020-05-22T00:03:20","guid":{"rendered":"https:\/\/www.campoparatodos.com.ar\/?p=837"},"modified":"2020-05-22T00:03:40","modified_gmt":"2020-05-22T00:03:40","slug":"avanza-la-cosecha-de-granos-y-algodon-en-el-este-de-santiago-del-estero","status":"publish","type":"post","link":"https:\/\/test.cookdigital.net\/campoparatodos\/2020\/05\/22\/avanza-la-cosecha-de-granos-y-algodon-en-el-este-de-santiago-del-estero\/","title":{"rendered":"Avanza la cosecha de granos y algod\u00f3n en el Este de Santiago del Estero"},"content":{"rendered":"<p><em>En medio de la pandemia de COVID-19, la cosecha de granos gruesos avanza en el Este de Santiago del Estero. Los departamentos Copo, Alberdi, Moreno, Juan Felipe Ibarra, General Taboada, General Belgrano, Aguirre y Mitre, en diferentes proporciones, concentran gran parte de la producci\u00f3n agropecuaria de la provincia. Son diversas las organizaciones que agrupan a los productores y que, en coincidencia con el comienzo del aislamiento obligatorio, deb\u00edan comenzar a levantar la cosecha de soja (alrededor de 600 mil ha) y algod\u00f3n, (alrededor de 100 mil ha<span style=\"text-decoration: line-through;\">)<\/span>; la cosecha del ma\u00edz est\u00e1 programada para dentro de un mes. Estas actividades comenzaron con algunas particularidades que se desarrollan m\u00e1s abajo.<\/em><\/p>\n<p><img data-attachment-id=\"838\" data-permalink=\"https:\/\/test.cookdigital.net\/campoparatodos\/2020\/05\/22\/avanza-la-cosecha-de-granos-y-algodon-en-el-este-de-santiago-del-estero\/whatsapp-image-2020-04-14-at-14-35-14-1_perfectlyclear-2\/#main\" data-orig-file=\"https:\/\/i1.wp.com\/test.cookdigital.net\/campoparatodos\/wp-content\/uploads\/2020\/05\/WhatsApp-Image-2020-04-14-at-14.35.14-1_PerfectlyClear-1.jpg?fit=1280%2C960&amp;ssl=1\" data-orig-size=\"1280,960\" data-comments-opened=\"1\" data-image-meta=\"{&quot;aperture&quot;:&quot;0&quot;,&quot;credit&quot;:&quot;&quot;,&quot;camera&quot;:&quot;&quot;,&quot;caption&quot;:&quot;&quot;,&quot;created_timestamp&quot;:&quot;0&quot;,&quot;copyright&quot;:&quot;&quot;,&quot;focal_length&quot;:&quot;0&quot;,&quot;iso&quot;:&quot;0&quot;,&quot;shutter_speed&quot;:&quot;0&quot;,&quot;title&quot;:&quot;&quot;,&quot;orientation&quot;:&quot;1&quot;}\" data-image-title=\"WhatsApp Image 2020-04-14 at 14.35.14 (1)_PerfectlyClear\" data-image-description=\"\" data-medium-file=\"https:\/\/i1.wp.com\/test.cookdigital.net\/campoparatodos\/wp-content\/uploads\/2020\/05\/WhatsApp-Image-2020-04-14-at-14.35.14-1_PerfectlyClear-1.jpg?fit=300%2C225&amp;ssl=1\" data-large-file=\"https:\/\/i1.wp.com\/test.cookdigital.net\/campoparatodos\/wp-content\/uploads\/2020\/05\/WhatsApp-Image-2020-04-14-at-14.35.14-1_PerfectlyClear-1.jpg?fit=1024%2C768&amp;ssl=1\" loading=\"lazy\" class=\"aligncenter wp-image-838 size-large\" src=\"https:\/\/i0.wp.com\/www.campoparatodos.com.ar\/wp-content\/uploads\/2020\/05\/WhatsApp-Image-2020-04-14-at-14.35.14-1_PerfectlyClear-1-1024x768.jpg?resize=1024%2C768&#038;ssl=1\" alt=\"\" width=\"1024\" height=\"768\" srcset=\"https:\/\/i1.wp.com\/test.cookdigital.net\/campoparatodos\/wp-content\/uploads\/2020\/05\/WhatsApp-Image-2020-04-14-at-14.35.14-1_PerfectlyClear-1.jpg?resize=1024%2C768&amp;ssl=1 1024w, https:\/\/i1.wp.com\/test.cookdigital.net\/campoparatodos\/wp-content\/uploads\/2020\/05\/WhatsApp-Image-2020-04-14-at-14.35.14-1_PerfectlyClear-1.jpg?resize=300%2C225&amp;ssl=1 300w, https:\/\/i1.wp.com\/test.cookdigital.net\/campoparatodos\/wp-content\/uploads\/2020\/05\/WhatsApp-Image-2020-04-14-at-14.35.14-1_PerfectlyClear-1.jpg?resize=768%2C576&amp;ssl=1 768w, https:\/\/i1.wp.com\/test.cookdigital.net\/campoparatodos\/wp-content\/uploads\/2020\/05\/WhatsApp-Image-2020-04-14-at-14.35.14-1_PerfectlyClear-1.jpg?w=1280&amp;ssl=1 1280w\" sizes=\"(max-width: 1024px) 100vw, 1024px\" data-recalc-dims=\"1\" \/><\/p>\n<p><!--more--><\/p>\n<p><strong>Condiciones ambientales<\/strong><\/p>\n<p>Las precipitaciones acumuladas durante el ciclo de los cultivos antes mencionados son menores cuando comparadas con los registros de la campa\u00f1a pasada y con mayor variabilidad entre las zonas. Las temperaturas m\u00e1ximas extremas durante el periodo fenol\u00f3gico de llenado de granos en soja seguramente tendr\u00e1n impacto negativo en los rendimientos de lotes con siembras tempranas de inicios de diciembre. No obstante, gran parte de la siembra de soja se hizo a partir del 15 de diciembre, donde es de esperar que este efecto negativo no tenga impacto; por otro lado, los cultivares de soja sembrados en esta \u00e9poca de siembra seguramente van a expresar mejor su potencialidad de rendimientos debido al gran la alta tecnolog\u00eda de siembra y manejo del cultivo por parte de los productores de la regi\u00f3n. En los lotes ya cosechado se observa buena calidad del grano y se esperan rindes de 3,7-3,8 toneladas.<\/p>\n<p>Respecto al algod\u00f3n se espera buena calidad de fibra en zonas que han sido favorecidas por las lluvias de verano.<\/p>\n<p><img data-attachment-id=\"839\" data-permalink=\"https:\/\/test.cookdigital.net\/campoparatodos\/2020\/05\/22\/avanza-la-cosecha-de-granos-y-algodon-en-el-este-de-santiago-del-estero\/dscn0168_perfectlyclear\/#main\" data-orig-file=\"https:\/\/i0.wp.com\/test.cookdigital.net\/campoparatodos\/wp-content\/uploads\/2020\/05\/DSCN0168_PerfectlyClear.jpg?fit=4000%2C3000&amp;ssl=1\" data-orig-size=\"4000,3000\" data-comments-opened=\"1\" data-image-meta=\"{&quot;aperture&quot;:&quot;0&quot;,&quot;credit&quot;:&quot;&quot;,&quot;camera&quot;:&quot;&quot;,&quot;caption&quot;:&quot;&quot;,&quot;created_timestamp&quot;:&quot;0&quot;,&quot;copyright&quot;:&quot;&quot;,&quot;focal_length&quot;:&quot;0&quot;,&quot;iso&quot;:&quot;0&quot;,&quot;shutter_speed&quot;:&quot;0&quot;,&quot;title&quot;:&quot;&quot;,&quot;orientation&quot;:&quot;0&quot;}\" data-image-title=\"DSCN0168_PerfectlyClear\" data-image-description=\"\" data-medium-file=\"https:\/\/i0.wp.com\/test.cookdigital.net\/campoparatodos\/wp-content\/uploads\/2020\/05\/DSCN0168_PerfectlyClear.jpg?fit=300%2C225&amp;ssl=1\" data-large-file=\"https:\/\/i0.wp.com\/test.cookdigital.net\/campoparatodos\/wp-content\/uploads\/2020\/05\/DSCN0168_PerfectlyClear.jpg?fit=1024%2C768&amp;ssl=1\" loading=\"lazy\" class=\"aligncenter wp-image-839 size-large\" src=\"https:\/\/i2.wp.com\/www.campoparatodos.com.ar\/wp-content\/uploads\/2020\/05\/DSCN0168_PerfectlyClear-1024x768.jpg?resize=1024%2C768&#038;ssl=1\" alt=\"\" width=\"1024\" height=\"768\" srcset=\"https:\/\/i0.wp.com\/test.cookdigital.net\/campoparatodos\/wp-content\/uploads\/2020\/05\/DSCN0168_PerfectlyClear.jpg?resize=1024%2C768&amp;ssl=1 1024w, https:\/\/i0.wp.com\/test.cookdigital.net\/campoparatodos\/wp-content\/uploads\/2020\/05\/DSCN0168_PerfectlyClear.jpg?resize=300%2C225&amp;ssl=1 300w, https:\/\/i0.wp.com\/test.cookdigital.net\/campoparatodos\/wp-content\/uploads\/2020\/05\/DSCN0168_PerfectlyClear.jpg?resize=768%2C576&amp;ssl=1 768w, https:\/\/i0.wp.com\/test.cookdigital.net\/campoparatodos\/wp-content\/uploads\/2020\/05\/DSCN0168_PerfectlyClear.jpg?w=2400&amp;ssl=1 2400w, https:\/\/i0.wp.com\/test.cookdigital.net\/campoparatodos\/wp-content\/uploads\/2020\/05\/DSCN0168_PerfectlyClear.jpg?w=3600&amp;ssl=1 3600w\" sizes=\"(max-width: 1024px) 100vw, 1024px\" data-recalc-dims=\"1\" \/><\/p>\n<p><strong>COVID-19. Su impacto en la zona<\/strong><\/p>\n<p>A pesar que la actividad agropecuaria est\u00e1 entre las excepciones de transito dentro del periodo de aislamiento obligatorio las m\u00e1quinas de cosecha van llegando a la zona con cierta lentitud, con controles muy rigurosos a lo largo de las rutas que vinculan a Santiago del Estero con las provincias de Santa Fe y C\u00f3rdoba de donde provienen la mayor\u00eda de los contratistas. Contamos con informaci\u00f3n, que por Ojo de Agua no se permit\u00eda el acceso de m\u00e1quinas de cosecha provenientes de C\u00f3rdoba Capital y de ciudades que est\u00e1n sobre la RN9.<\/p>\n<p>Las recomendaciones preventivas para la cosecha se definieron siguiendo lineamientos de orden nacional, provincial y municipales (municipalidades de Quimil\u00ed, Sachayoj y dem\u00e1s regiones) en acuerdo entre las partes.<\/p>\n<p>En t\u00e9rminos generales el abastecimiento de combustibles para las diferentes tareas de cosecha y siembra de cultivos de servicios es normal y oportuna, no tuvo limitantes, por lo que se espera un normal desarrollo de la cosecha que es de esperar su m\u00e1xima expresi\u00f3n a partir del 15 de abril en soja. La cosecha del algod\u00f3n comenz\u00f3 por el sur de la provincia, en la zona de la localidad de Pinto (departamento Aguirre) que fue una de las zonas m\u00e1s castigadas por la sequ\u00eda del pasado verano, a lo que se agrava por la menor aptitud de uso de los suelos de la zona (suelos manchoneados).<\/p>\n<p>Para el caso de soja, el grano cosechado est\u00e1 siendo almacenado en gran parte en silos bolsas; si bien no hay restricciones para el env\u00edo a acopiadores locales y a puerto de acuerdo a lo expresado por Nicol\u00e1s Romagnoli de CREA Sachayoj. Sin embargo, la disponibilidad de camiones podr\u00eda verse afectada en el momento pico.<\/p>\n<p><img data-attachment-id=\"751\" data-permalink=\"https:\/\/test.cookdigital.net\/campoparatodos\/2020\/05\/13\/covid-19\/whatsapp-image-2020-04-14-at-14-35-15-1_perfectlyclear\/#main\" data-orig-file=\"https:\/\/i0.wp.com\/test.cookdigital.net\/campoparatodos\/wp-content\/uploads\/2020\/05\/WhatsApp-Image-2020-04-14-at-14.35.15-1_PerfectlyClear.jpg?fit=1040%2C780&amp;ssl=1\" data-orig-size=\"1040,780\" data-comments-opened=\"1\" data-image-meta=\"{&quot;aperture&quot;:&quot;0&quot;,&quot;credit&quot;:&quot;&quot;,&quot;camera&quot;:&quot;&quot;,&quot;caption&quot;:&quot;&quot;,&quot;created_timestamp&quot;:&quot;0&quot;,&quot;copyright&quot;:&quot;&quot;,&quot;focal_length&quot;:&quot;0&quot;,&quot;iso&quot;:&quot;0&quot;,&quot;shutter_speed&quot;:&quot;0&quot;,&quot;title&quot;:&quot;&quot;,&quot;orientation&quot;:&quot;1&quot;}\" data-image-title=\"WhatsApp Image 2020-04-14 at 14.35.15 (1)_PerfectlyClear\" data-image-description=\"\" data-medium-file=\"https:\/\/i0.wp.com\/test.cookdigital.net\/campoparatodos\/wp-content\/uploads\/2020\/05\/WhatsApp-Image-2020-04-14-at-14.35.15-1_PerfectlyClear.jpg?fit=300%2C225&amp;ssl=1\" data-large-file=\"https:\/\/i0.wp.com\/test.cookdigital.net\/campoparatodos\/wp-content\/uploads\/2020\/05\/WhatsApp-Image-2020-04-14-at-14.35.15-1_PerfectlyClear.jpg?fit=1024%2C768&amp;ssl=1\" loading=\"lazy\" class=\"aligncenter size-full wp-image-751\" src=\"https:\/\/i0.wp.com\/www.campoparatodos.com.ar\/wp-content\/uploads\/2020\/05\/WhatsApp-Image-2020-04-14-at-14.35.15-1_PerfectlyClear.jpg?resize=1040%2C780&#038;ssl=1\" alt=\"\" width=\"1040\" height=\"780\" srcset=\"https:\/\/i0.wp.com\/test.cookdigital.net\/campoparatodos\/wp-content\/uploads\/2020\/05\/WhatsApp-Image-2020-04-14-at-14.35.15-1_PerfectlyClear.jpg?w=1040&amp;ssl=1 1040w, https:\/\/i0.wp.com\/test.cookdigital.net\/campoparatodos\/wp-content\/uploads\/2020\/05\/WhatsApp-Image-2020-04-14-at-14.35.15-1_PerfectlyClear.jpg?resize=300%2C225&amp;ssl=1 300w, https:\/\/i0.wp.com\/test.cookdigital.net\/campoparatodos\/wp-content\/uploads\/2020\/05\/WhatsApp-Image-2020-04-14-at-14.35.15-1_PerfectlyClear.jpg?resize=768%2C576&amp;ssl=1 768w, https:\/\/i0.wp.com\/test.cookdigital.net\/campoparatodos\/wp-content\/uploads\/2020\/05\/WhatsApp-Image-2020-04-14-at-14.35.15-1_PerfectlyClear.jpg?resize=1024%2C768&amp;ssl=1 1024w\" sizes=\"(max-width: 1040px) 100vw, 1040px\" data-recalc-dims=\"1\" \/><\/p>\n<p>A modo de breve resumen se detallan las precauciones\/cuidados podemos decir que:<\/p>\n<ul>\n<li>Aislamiento entre el personal local y de contratistas y transportistas que vienen de otras provincias.<\/li>\n<li>No compartir casillas, utensilios, mate, etc.<\/li>\n<li>Al uso rutinario de Elementos de Protecci\u00f3n Personal se agreg\u00f3:<\/li>\n<li>Refuerzos de botiquines de primeros auxilios<\/li>\n<li>Recambio frecuente de barbijos<\/li>\n<li>Disposici\u00f3n en todos los puestos de trabajo de alcohol al 70% y soluci\u00f3n de agua lavandina<\/li>\n<li>Provisi\u00f3n identificando por color de tacho para residuos del personal en cosecha<\/li>\n<li>Rutina de medici\u00f3n de temperatura corporal a todo el personal y llevando registro de la misma<\/li>\n<li>El abastecimiento de combustible se hace directamente al campo evitando el traslado de cisternas al punto de venta en el pueblo<\/li>\n<li>La provisi\u00f3n de v\u00edveres para el personal de cosecha propio y de contratistas se realiza programada evitando el traslado y deambular por los pueblos<\/li>\n<li>Repuestos y Reparaciones se tratan en lo posible de realizar en las mismas instalaciones del campo donde se est\u00e1 trabajando<\/li>\n<\/ul>\n<p><strong>Algunas otras consideraciones<\/strong><\/p>\n<p>Ser\u00eda de gran aporte para la zona la repavimentaci\u00f3n y se\u00f1alizaci\u00f3n de la Ruta Provincial 6 que une Quimili con Pampa de los Guanacos; esto facilitar\u00eda la circulaci\u00f3n de personas y mercader\u00edas para mejorar el abastecimiento de estas localidades en estos tiempos de necesidades inesperadas. Por otra parte, es necesaria la instalaci\u00f3n de un cajero autom\u00e1tico en la localidad de Sachayoj que facilitar\u00eda el pago de salarios al personal; de este modo se evitar\u00edan traslados de personas por 50, 100 o 130 km a Pampa de los Guanacos, Charata (Chaco) o Quimil\u00ed como ocurre actualmente.<\/p>\n<p>Otra cosa que preocupa es la provisi\u00f3n de materiales al Centro de Salud zonal para estar m\u00e1s preparados para esta u otras limitaciones sanitarias que son frecuentes en la regi\u00f3n.<\/p>\n<p>En conclusi\u00f3n, la cosecha en el este de Santiago del Estero avanza, con buenas perspectivas en calidad y rendimientos en los cultivos de soja y algod\u00f3n. Los productores est\u00e1n muy conscientes de su rol en la sociedad, cuidan a quienes trabajan con ellos y piensan tambi\u00e9n en los pueblos que est\u00e1n en la zona de sus campos, revalorizando su compromiso con la sociedad.<\/p>\n<p>&nbsp;<\/p>\n<p>Autor: Ing. Agr. Graciela Leguizam\u00f3n &#8211; EEA INTA QUIMIL\u00cd SANTIAGO DEL ESTERO<\/p>\n<p>&nbsp;<\/p>\n<p>M\u00e1s informaci\u00f3n:<\/p>\n<p>Juan Carlos Cotella, Chacra Sachayoj, Convenio INTA AAPRESID. Presidente del Consejo Local Asesor EEA Quimili<\/p>\n<p>Nicol\u00e1s Romagnoli. CREA Sachayoj. Establecimiento El Yagua<\/p>\n<p>Marcelo Herasimchuck. Presidente de la Sociedad Rural de Quimil\u00ed.<\/p>\n<p>Marcos Aracme. Asesor de Anibal Moschem Hnos.<\/p>\n<p>Luciana Bola\u00f1ez, Asesora Privada.<\/p>\n","protected":false},"excerpt":{"rendered":"<p>En medio de la pandemia de COVID-19, la cosecha de granos gruesos avanza en el Este de Santiago del Estero. Los departamentos Copo, Alberdi, Moreno, Juan Felipe Ibarra, General Taboada, General Belgrano, Aguirre y Mitre, en diferentes proporciones, concentran gran parte de la producci\u00f3n agropecuaria de la provincia. Son diversas las organizaciones que agrupan a &#8230; <a title=\"Avanza la cosecha de granos y algod\u00f3n en el Este de Santiago del Estero\" class=\"read-more\" href=\"https:\/\/test.cookdigital.net\/campoparatodos\/2020\/05\/22\/avanza-la-cosecha-de-granos-y-algodon-en-el-este-de-santiago-del-estero\/\" aria-label=\"M\u00e1s en Avanza la cosecha de granos y algod\u00f3n en el Este de Santiago del Estero\">Leer m\u00e1s<\/a><\/p>\n","protected":false},"author":1,"featured_media":0,"comment_status":"closed","ping_status":"open","sticky":false,"template":"","format":"standard","meta":{"spay_email":"","jetpack_publicize_message":"","jetpack_is_tweetstorm":false},"categories":[7,10,4],"tags":[52,82,81,17,37],"jetpack_featured_media_url":"","jetpack_publicize_connections":[],"jetpack_sharing_enabled":true,"jetpack_shortlink":"https:\/\/wp.me\/p9m0DJ-dv","jetpack_likes_enabled":true,"jetpack-related-posts":[{"id":2462,"url":"https:\/\/test.cookdigital.net\/campoparatodos\/2023\/04\/14\/revista-campo-para-todos-n-181-abril-2023\/","url_meta":{"origin":837,"position":0},"title":"Revista Campo para Todos N\u00b0 181 - Abril 2023","date":"abril 14, 2023","format":false,"excerpt":"T\u00cdTULOS DE TAPA DE LA EDICI\u00d3N 181 - ABRIL DE 2023 Se estiman 40 mil ha perdidas de cultivos de verano en Santiago del Estero. - Los cultivos han sufrido mucho en Pampa de los Guanacos. - En Santiago del Estero muchos cultivos se van a cosechar teniendo m\u00e1rgenes negativos.\u2026","rel":"","context":"En \u00abAgricultura\u00bb","img":{"alt_text":"","src":"https:\/\/i0.wp.com\/www.campoparatodos.com.ar\/wp-content\/uploads\/2023\/04\/TAPA-REVISTA-181-713x1024.jpg?resize=350%2C200&ssl=1","width":350,"height":200},"classes":[]},{"id":2247,"url":"https:\/\/test.cookdigital.net\/campoparatodos\/2022\/12\/19\/revista-campo-para-todos-n-177\/","url_meta":{"origin":837,"position":1},"title":"Revista Campo para Todos N\u00b0 177","date":"diciembre 19, 2022","format":false,"excerpt":"Ya est\u00e1 disponible la Revista digital Para leerla gratis ingresa tocando la foto de la tapa \u00a0 TITULOS DE ESTA EDICION Apicultura. Recomendaciones para evitar derretimiento de colmenas. Algod\u00f3n. Recomendaciones para el manejo de \u201cenfermedades tempranas o de pl\u00e1ntulas\u201d. Trips en algod\u00f3n. T\u00e9cnicas de control Carta de suelos del Departamento\u2026","rel":"","context":"En \u00abAgricultura\u00bb","img":{"alt_text":"","src":"https:\/\/i1.wp.com\/www.campoparatodos.com.ar\/wp-content\/uploads\/2022\/12\/Tapa-Revista-177-713x1024.jpg?resize=350%2C200&ssl=1","width":350,"height":200},"classes":[]},{"id":1364,"url":"https:\/\/test.cookdigital.net\/campoparatodos\/2021\/05\/14\/revista-campo-para-todos-n-158\/","url_meta":{"origin":837,"position":2},"title":"Revista Campo para Todos N\u00b0 158","date":"mayo 14, 2021","format":false,"excerpt":"En esta edici\u00f3n: Biotecnolog\u00eda santiague\u00f1a. Comenz\u00f3 la campa\u00f1a cebollera. Comportamiento de variedades de algod\u00f3n. Y mucho m\u00e1s. PARA LEERLA SOLO TIENES QUE TOCAR LA IMAGEN \u21d3\u2193\u21d3 T\u00cdTULOS DE LA EDICI\u00d3N 158. ABRIL DE 2021 Chacra Sach\u00e1yoj: Innovaci\u00f3n y tecnolog\u00eda para producir cuidando el ambiente. Cosecha: el momento para eliminar las\u2026","rel":"","context":"En \u00abAgricultura\u00bb","img":{"alt_text":"","src":"https:\/\/i2.wp.com\/www.campoparatodos.com.ar\/wp-content\/uploads\/2021\/05\/R158WEB-714x1024.jpg?resize=350%2C200&ssl=1","width":350,"height":200},"classes":[]},{"id":1080,"url":"https:\/\/test.cookdigital.net\/campoparatodos\/2020\/11\/03\/algodon-campana-2019-20\/","url_meta":{"origin":837,"position":3},"title":"Algod\u00f3n Campa\u00f1a 2019\/20","date":"noviembre 3, 2020","format":false,"excerpt":"Gastos de Producci\u00f3n, Margen Bruto y Rendimientos de Indiferencia para diferentes sistemas productivos del cultivo en Santiago del Estero Por: Ing Agr. (MSc.) Mario Hugo Mondino - INTA EEA SE En este informe realizado en el mes de junio de 2020 luego de terminada la recolecci\u00f3n del algod\u00f3n, se determinaron\u2026","rel":"","context":"En \u00abAgricultura\u00bb","img":{"alt_text":"","src":"https:\/\/i2.wp.com\/www.campoparatodos.com.ar\/wp-content\/uploads\/2020\/11\/fig1.jpg?resize=350%2C200&ssl=1","width":350,"height":200},"classes":[]},{"id":2207,"url":"https:\/\/test.cookdigital.net\/campoparatodos\/2022\/11\/04\/la-campana-algodonera-pinta-bien\/","url_meta":{"origin":837,"position":4},"title":"La campa\u00f1a algodonera pinta bien","date":"noviembre 4, 2022","format":false,"excerpt":"Entrevista al especialista y referente en el cultivo de Algod\u00f3n, Ing. Mario Mondino, para que nos de su visi\u00f3n sobre la campa\u00f1a algodonera que se inicia. Lanzada ya la campa\u00f1a de algod\u00f3n, en el \u00e1rea de riego, con el riego largado. La campa\u00f1a, al menos en comentarios aparece como buena,\u2026","rel":"","context":"En \u00abAgricultura\u00bb","img":{"alt_text":"","src":"https:\/\/i0.wp.com\/www.campoparatodos.com.ar\/wp-content\/uploads\/2022\/11\/IMG_3517_PerfectlyClear-1024x682.jpg?resize=350%2C200&ssl=1","width":350,"height":200},"classes":[]},{"id":2497,"url":"https:\/\/test.cookdigital.net\/campoparatodos\/2023\/04\/24\/los-cultivos-han-sufrido-mucho-en-pampa-de-los-guanacos\/","url_meta":{"origin":837,"position":5},"title":"Los cultivos han sufrido mucho en Pampa de los Guanacos","date":"abril 24, 2023","format":false,"excerpt":"Pampa de los Guanacos es una importante zona agr\u00edcola, ganadera y forestal ubicada en el departamento Copo, al norte de Santiago del Estero. En esa zona trabaja el ingeniero agr\u00f3nomo Martin Ledesma, quien se desempe\u00f1a como jefe de producci\u00f3n de la empresa Alfin SCA, Mart\u00edn adem\u00e1s es propietario de La\u2026","rel":"","context":"En \u00abAgricultura\u00bb","img":{"alt_text":"","src":"https:\/\/i0.wp.com\/test.cookdigital.net\/campoparatodos\/wp-content\/uploads\/2023\/04\/WhatsApp-Image-2023-03-31-at-20.39.58-2martin-ledesma.jpg?fit=1052%2C780&ssl=1&resize=350%2C200","width":350,"height":200},"classes":[]}],"_links":{"self":[{"href":"https:\/\/test.cookdigital.net\/campoparatodos\/wp-json\/wp\/v2\/posts\/837"}],"collection":[{"href":"https:\/\/test.cookdigital.net\/campoparatodos\/wp-json\/wp\/v2\/posts"}],"about":[{"href":"https:\/\/test.cookdigital.net\/campoparatodos\/wp-json\/wp\/v2\/types\/post"}],"author":[{"embeddable":true,"href":"https:\/\/test.cookdigital.net\/campoparatodos\/wp-json\/wp\/v2\/users\/1"}],"replies":[{"embeddable":true,"href":"https:\/\/test.cookdigital.net\/campoparatodos\/wp-json\/wp\/v2\/comments?post=837"}],"version-history":[{"count":3,"href":"https:\/\/test.cookdigital.net\/campoparatodos\/wp-json\/wp\/v2\/posts\/837\/revisions"}],"predecessor-version":[{"id":842,"href":"https:\/\/test.cookdigital.net\/campoparatodos\/wp-json\/wp\/v2\/posts\/837\/revisions\/842"}],"wp:attachment":[{"href":"https:\/\/test.cookdigital.net\/campoparatodos\/wp-json\/wp\/v2\/media?parent=837"}],"wp:term":[{"taxonomy":"category","embeddable":true,"href":"https:\/\/test.cookdigital.net\/campoparatodos\/wp-json\/wp\/v2\/categories?post=837"},{"taxonomy":"post_tag","embeddable":true,"href":"https:\/\/test.cookdigital.net\/campoparatodos\/wp-json\/wp\/v2\/tags?post=837"}],"curies":[{"name":"wp","href":"https:\/\/api.w.org\/{rel}","templated":true}]}}