{"id":544,"date":"2019-04-15T14:47:00","date_gmt":"2019-04-15T14:47:00","guid":{"rendered":"https:\/\/www.campoparatodos.com.ar\/?p=544"},"modified":"2019-04-15T14:58:03","modified_gmt":"2019-04-15T14:58:03","slug":"544","status":"publish","type":"post","link":"https:\/\/test.cookdigital.net\/campoparatodos\/2019\/04\/15\/544\/","title":{"rendered":"Enfermedades en el cultivo de Algod\u00f3n bajo riego"},"content":{"rendered":"<h1><span style=\"color: #008000;\"><strong>Monitoreo y manejo integrado de enfermedades en el cultivo de algod\u00f3n\u00a0<\/strong><\/span><span style=\"color: #008000;\"><strong>en el \u00e1rea de riego de Santiago del Estero<\/strong><\/span><\/h1>\n<p><em>Por: Ing. Agr. M Sc. Mario Mondino &#8211; INTA<br \/>\nIng. Agr. Mar\u00eda Leyla Ledesma Har\u00f3n. Ing. Agr. Liz Saieg &#8211; C\u00e1tedra\u00a0de Cultivos Industriales y C\u00e1tedra de Fitopatolog\u00eda-FAyA-UNSE<\/em><\/p>\n<p><strong><em>El manejo integrado de plagas y enfermedades tiene por objeto proteger la salud humana y el medio ambiente manteniendo a las poblaciones de las plagas por debajo de un umbral de da\u00f1o econ\u00f3mico (El umbral de da\u00f1o econ\u00f3mico de una enfermedad es definido como la intensidad de enfermedad (%) que causa una p\u00e9rdida de cosecha equivalente al costo de control).<\/em><\/strong><\/p>\n<figure id=\"attachment_545\" aria-describedby=\"caption-attachment-545\" style=\"width: 718px\" class=\"wp-caption aligncenter\"><img data-attachment-id=\"545\" data-permalink=\"https:\/\/test.cookdigital.net\/campoparatodos\/2019\/04\/15\/544\/cpt-template-3\/#main\" data-orig-file=\"https:\/\/i1.wp.com\/test.cookdigital.net\/campoparatodos\/wp-content\/uploads\/2019\/04\/algodon-cultivo.jpg?fit=728%2C626&amp;ssl=1\" data-orig-size=\"728,626\" data-comments-opened=\"1\" data-image-meta=\"{&quot;aperture&quot;:&quot;0&quot;,&quot;credit&quot;:&quot;carlos&quot;,&quot;camera&quot;:&quot;&quot;,&quot;caption&quot;:&quot;cpt-template&quot;,&quot;created_timestamp&quot;:&quot;1555326497&quot;,&quot;copyright&quot;:&quot;&quot;,&quot;focal_length&quot;:&quot;0&quot;,&quot;iso&quot;:&quot;0&quot;,&quot;shutter_speed&quot;:&quot;0&quot;,&quot;title&quot;:&quot;cpt-template&quot;,&quot;orientation&quot;:&quot;0&quot;}\" data-image-title=\"cpt-template\" data-image-description=\"\" data-medium-file=\"https:\/\/i1.wp.com\/test.cookdigital.net\/campoparatodos\/wp-content\/uploads\/2019\/04\/algodon-cultivo.jpg?fit=300%2C258&amp;ssl=1\" data-large-file=\"https:\/\/i1.wp.com\/test.cookdigital.net\/campoparatodos\/wp-content\/uploads\/2019\/04\/algodon-cultivo.jpg?fit=728%2C626&amp;ssl=1\" loading=\"lazy\" class=\"wp-image-545 size-full\" src=\"https:\/\/i2.wp.com\/www.campoparatodos.com.ar\/wp-content\/uploads\/2019\/04\/algodon-cultivo.jpg?resize=728%2C626&#038;ssl=1\" alt=\"\" width=\"728\" height=\"626\" srcset=\"https:\/\/i1.wp.com\/test.cookdigital.net\/campoparatodos\/wp-content\/uploads\/2019\/04\/algodon-cultivo.jpg?w=728&amp;ssl=1 728w, https:\/\/i1.wp.com\/test.cookdigital.net\/campoparatodos\/wp-content\/uploads\/2019\/04\/algodon-cultivo.jpg?resize=300%2C258&amp;ssl=1 300w\" sizes=\"(max-width: 728px) 100vw, 728px\" data-recalc-dims=\"1\" \/><figcaption id=\"caption-attachment-545\" class=\"wp-caption-text\">Fig.1: cultivo de algod\u00f3n<\/figcaption><\/figure>\n<p><!--more--><\/p>\n<p>Estas t\u00e9cnicas para el manejo integrado de plagas y enfermedades se apoyan en las buenas pr\u00e1cticas agr\u00edcolas, en todas las etapas del cultivo y se basan en el monitoreo permanente del cultivo de la observaci\u00f3n de s\u00edntomas que se presenten, para luego tomar decisiones, como realizar la aplicaci\u00f3n de diferentes alternativas de control, por ejemplo: pr\u00e1cticas culturales, resistencia varietal, control biol\u00f3gico y finalmente el manejo de productos qu\u00edmicos. Con esto, se logra utilizar productos menos agresivos para el medio ambiente, con una reducci\u00f3n en el empleo de plaguicidas y de residuos. Y por lo tanto hay una reducci\u00f3n final de costos en el control.<br \/>\nLa planta de algod\u00f3n (Gossypium hirsutum L.) es una especie perenne caducifolia que se cultiva como anual. Al tener crecimiento indeterminado, existe una superposici\u00f3n entre el crecimiento vegetativo y reproductivo, por lo que el rendimiento y la calidad de la fibra dependen de la relaci\u00f3n entre el crecimiento y el desarrollo de la planta. Es decir, la madurez y llenado de las c\u00e1psulas es afectada por la oferta de nutrientes, por lo cual las enfermedades que afectan a la parte foliar del cultivo producen la senescencia de las hojas, afectando dicha fuente de nutrientes.<\/p>\n<p>&nbsp;<\/p>\n<p><img data-attachment-id=\"549\" data-permalink=\"https:\/\/test.cookdigital.net\/campoparatodos\/2019\/04\/15\/544\/cpt-template-7\/#main\" data-orig-file=\"https:\/\/i2.wp.com\/test.cookdigital.net\/campoparatodos\/wp-content\/uploads\/2019\/04\/ciclo-algodonero.jpg?fit=1010%2C391&amp;ssl=1\" data-orig-size=\"1010,391\" data-comments-opened=\"1\" data-image-meta=\"{&quot;aperture&quot;:&quot;0&quot;,&quot;credit&quot;:&quot;carlos&quot;,&quot;camera&quot;:&quot;&quot;,&quot;caption&quot;:&quot;cpt-template&quot;,&quot;created_timestamp&quot;:&quot;0&quot;,&quot;copyright&quot;:&quot;&quot;,&quot;focal_length&quot;:&quot;0&quot;,&quot;iso&quot;:&quot;0&quot;,&quot;shutter_speed&quot;:&quot;0&quot;,&quot;title&quot;:&quot;cpt-template&quot;,&quot;orientation&quot;:&quot;0&quot;}\" data-image-title=\"Per\u00edodo vegetativo\" data-image-description=\"\" data-medium-file=\"https:\/\/i2.wp.com\/test.cookdigital.net\/campoparatodos\/wp-content\/uploads\/2019\/04\/ciclo-algodonero.jpg?fit=300%2C116&amp;ssl=1\" data-large-file=\"https:\/\/i2.wp.com\/test.cookdigital.net\/campoparatodos\/wp-content\/uploads\/2019\/04\/ciclo-algodonero.jpg?fit=1010%2C391&amp;ssl=1\" loading=\"lazy\" class=\"wp-image-549 size-full\" src=\"https:\/\/i0.wp.com\/www.campoparatodos.com.ar\/wp-content\/uploads\/2019\/04\/ciclo-algodonero.jpg?resize=1010%2C391&#038;ssl=1\" alt=\"\" width=\"1010\" height=\"391\" srcset=\"https:\/\/i2.wp.com\/test.cookdigital.net\/campoparatodos\/wp-content\/uploads\/2019\/04\/ciclo-algodonero.jpg?w=1010&amp;ssl=1 1010w, https:\/\/i2.wp.com\/test.cookdigital.net\/campoparatodos\/wp-content\/uploads\/2019\/04\/ciclo-algodonero.jpg?resize=300%2C116&amp;ssl=1 300w, https:\/\/i2.wp.com\/test.cookdigital.net\/campoparatodos\/wp-content\/uploads\/2019\/04\/ciclo-algodonero.jpg?resize=768%2C297&amp;ssl=1 768w\" sizes=\"(max-width: 1010px) 100vw, 1010px\" data-recalc-dims=\"1\" \/><\/p>\n<p><em><strong>Referencias:<\/strong> Vegetativa (V) (emergencia a primer pimpollo): de siembra a primer pimpollo la duraci\u00f3n de esta etapa es de 30- 35 d\u00edas. Comprende desde la fase V0 hasta V6 .<\/em><br \/>\n<em>Reproductiva (de primer pimpollo a fin de floraci\u00f3n efectiva): comienza aproximadamente a los 30 d\u00edas con la aparici\u00f3n del primer pimpollo en la primera posici\u00f3n de la rama fruct\u00edfera y termina a los 80 a 90 d\u00edas. Incluye fase de pimpollo (B), flor abierta (F) y C\u00e1psula abierta (C).<\/em><br \/>\n<em>Maduraci\u00f3n (de fin de floraci\u00f3n efectiva a maduraci\u00f3n y cosecha) que se inicia a los 80 a 90 d\u00edas de la siembra a 130-145 d\u00edas y se caracteriza por la apertura de c\u00e1psulas, es decir, la aparici\u00f3n del algod\u00f3n en forma de copos dentro de los carpelos.<\/em><\/p>\n<p><span style=\"color: #008000;\"><em><strong>Este art\u00edculo se enfoca en las enfermedades que se presentan en el \u00e1rea de riego del R\u00edo Dulce de la provincia de Santiago del Estero y que fueron diagnosticadas por el equipo del laboratorio de Fitopatolog\u00eda de la Facultad de Agronom\u00eda y Agroindustrias de la Universidad Nacional de Santiago del Estero, durante las campa\u00f1as 2015-2018. El trabajo se desarroll\u00f3 en la EE INTA Ing. Agr. Francisco Cantos, localizado en Ruta 9 km. 1108, La Abrita Santiago del Estero. Se evaluaron en dos variedades: Nuopal y Chaco 520.<\/strong><\/em><\/span><\/p>\n<p>&nbsp;<\/p>\n<p>Las enfermedades que aparecieron fueron Alternariosis y Falso mildiu o Ramularia. La primera se presenta en todo el ciclo del cultivo, mientras que la segunda aparece en la etapa reproductiva, pudiendo darse simult\u00e1neamente con Alternariosis.<\/p>\n<figure id=\"attachment_547\" aria-describedby=\"caption-attachment-547\" style=\"width: 862px\" class=\"wp-caption aligncenter\"><img data-attachment-id=\"547\" data-permalink=\"https:\/\/test.cookdigital.net\/campoparatodos\/2019\/04\/15\/544\/cpt-template-5\/#main\" data-orig-file=\"https:\/\/i1.wp.com\/test.cookdigital.net\/campoparatodos\/wp-content\/uploads\/2019\/04\/Alternariosis.jpg?fit=872%2C376&amp;ssl=1\" data-orig-size=\"872,376\" data-comments-opened=\"1\" data-image-meta=\"{&quot;aperture&quot;:&quot;0&quot;,&quot;credit&quot;:&quot;carlos&quot;,&quot;camera&quot;:&quot;&quot;,&quot;caption&quot;:&quot;cpt-template&quot;,&quot;created_timestamp&quot;:&quot;1555326497&quot;,&quot;copyright&quot;:&quot;&quot;,&quot;focal_length&quot;:&quot;0&quot;,&quot;iso&quot;:&quot;0&quot;,&quot;shutter_speed&quot;:&quot;0&quot;,&quot;title&quot;:&quot;cpt-template&quot;,&quot;orientation&quot;:&quot;0&quot;}\" data-image-title=\"\" data-image-description=\"\" data-medium-file=\"https:\/\/i1.wp.com\/test.cookdigital.net\/campoparatodos\/wp-content\/uploads\/2019\/04\/Alternariosis.jpg?fit=300%2C129&amp;ssl=1\" data-large-file=\"https:\/\/i1.wp.com\/test.cookdigital.net\/campoparatodos\/wp-content\/uploads\/2019\/04\/Alternariosis.jpg?fit=872%2C376&amp;ssl=1\" loading=\"lazy\" class=\"wp-image-547 size-full\" src=\"https:\/\/i2.wp.com\/www.campoparatodos.com.ar\/wp-content\/uploads\/2019\/04\/Alternariosis.jpg?resize=872%2C376&#038;ssl=1\" alt=\"\" width=\"872\" height=\"376\" srcset=\"https:\/\/i1.wp.com\/test.cookdigital.net\/campoparatodos\/wp-content\/uploads\/2019\/04\/Alternariosis.jpg?w=872&amp;ssl=1 872w, https:\/\/i1.wp.com\/test.cookdigital.net\/campoparatodos\/wp-content\/uploads\/2019\/04\/Alternariosis.jpg?resize=300%2C129&amp;ssl=1 300w, https:\/\/i1.wp.com\/test.cookdigital.net\/campoparatodos\/wp-content\/uploads\/2019\/04\/Alternariosis.jpg?resize=768%2C331&amp;ssl=1 768w\" sizes=\"(max-width: 872px) 100vw, 872px\" data-recalc-dims=\"1\" \/><figcaption id=\"caption-attachment-547\" class=\"wp-caption-text\">Fig.2: Hojas de algod\u00f3n afectadas por Alternariosis<\/figcaption><\/figure>\n<p>&nbsp;<\/p>\n<p>1) <strong>Alternariosis o Mancha por Alternaria<\/strong><br \/>\n<em>S\u00edntomas y Signos\/ Da\u00f1os:<\/em><br \/>\nLos s\u00edntomas son lesiones como peque\u00f1as puntuaciones casta\u00f1as rodeadas de un halo clor\u00f3tico en las hojas basales, que avanzan paulatinamente hacia el estrato superior. A medida que estas puntuaciones crecen, se producen manchas circulares o irregulares, ligeramente deprimidas, de centro color blanquecino o pardusco con bordes bien marcados de color p\u00farpura que var\u00edan en tama\u00f1o de 1 a 10 mm de di\u00e1metro. Cuando su centro se seca, se vuelve gris\u00e1ceo y en algunos casos se producen peque\u00f1as roturas en el centro de la lesi\u00f3n. Con ciertas condiciones estas manchas pueden unirse. Estos s\u00edntomas se pueden observar en hojas, tallos, pec\u00edolos y c\u00e1psulas.<br \/>\nEn ataques severos, las hojas da\u00f1adas caen prematuramente pudiendo afectar los rendimientos al disminuir el \u00e1rea fotosint\u00e9tica. Las manchas en c\u00e1psulas suelen ser superficiales aunque en per\u00edodos h\u00famedos puede crecer en las fibras de las c\u00e1psulas abiertas, dando lugar a la contaminaci\u00f3n de semillas.<\/p>\n<figure id=\"attachment_546\" aria-describedby=\"caption-attachment-546\" style=\"width: 545px\" class=\"wp-caption aligncenter\"><img data-attachment-id=\"546\" data-permalink=\"https:\/\/test.cookdigital.net\/campoparatodos\/2019\/04\/15\/544\/cpt-template-4\/#main\" data-orig-file=\"https:\/\/i1.wp.com\/test.cookdigital.net\/campoparatodos\/wp-content\/uploads\/2019\/04\/Alternariosis-detalle.jpg?fit=555%2C303&amp;ssl=1\" data-orig-size=\"555,303\" data-comments-opened=\"1\" data-image-meta=\"{&quot;aperture&quot;:&quot;0&quot;,&quot;credit&quot;:&quot;carlos&quot;,&quot;camera&quot;:&quot;&quot;,&quot;caption&quot;:&quot;cpt-template&quot;,&quot;created_timestamp&quot;:&quot;1555326497&quot;,&quot;copyright&quot;:&quot;&quot;,&quot;focal_length&quot;:&quot;0&quot;,&quot;iso&quot;:&quot;0&quot;,&quot;shutter_speed&quot;:&quot;0&quot;,&quot;title&quot;:&quot;cpt-template&quot;,&quot;orientation&quot;:&quot;0&quot;}\" data-image-title=\"\" data-image-description=\"\" data-medium-file=\"https:\/\/i1.wp.com\/test.cookdigital.net\/campoparatodos\/wp-content\/uploads\/2019\/04\/Alternariosis-detalle.jpg?fit=300%2C164&amp;ssl=1\" data-large-file=\"https:\/\/i1.wp.com\/test.cookdigital.net\/campoparatodos\/wp-content\/uploads\/2019\/04\/Alternariosis-detalle.jpg?fit=555%2C303&amp;ssl=1\" loading=\"lazy\" class=\"wp-image-546 size-full\" src=\"https:\/\/i1.wp.com\/www.campoparatodos.com.ar\/wp-content\/uploads\/2019\/04\/Alternariosis-detalle.jpg?resize=555%2C303&#038;ssl=1\" alt=\"\" width=\"555\" height=\"303\" srcset=\"https:\/\/i1.wp.com\/test.cookdigital.net\/campoparatodos\/wp-content\/uploads\/2019\/04\/Alternariosis-detalle.jpg?w=555&amp;ssl=1 555w, https:\/\/i1.wp.com\/test.cookdigital.net\/campoparatodos\/wp-content\/uploads\/2019\/04\/Alternariosis-detalle.jpg?resize=300%2C164&amp;ssl=1 300w\" sizes=\"(max-width: 555px) 100vw, 555px\" data-recalc-dims=\"1\" \/><figcaption id=\"caption-attachment-546\" class=\"wp-caption-text\">Fig.3: C\u00e1psula con s\u00edntomas de Alternariosis<\/figcaption><\/figure>\n<p><em><strong>Condiciones\u00a0<\/strong><\/em><em><strong>predisponentes:<\/strong><\/em><\/p>\n<p>Esta enfermedad se desarrolla con ciertas condiciones, como ser: per\u00edodos de sequ\u00eda seguidos de otros de elevada humedad ambiental y con temperaturas de alrededor de 25 &#8211; 28\u00baC, Es muy importante tener en cuenta que es una enfermedad polic\u00edclica por lo que es muy dependiente de las condiciones ambientales para que prosiga su da\u00f1o. El rango de temperaturas var\u00edan entre 2 y 35 \u00b0C, con temperaturas \u00f3ptimas entre 25 y 28 \u00b0C y Humedades relativas superiores al 80 %. Si persisten estas condiciones se deben realizar aplicaciones con fungicidas curativos.<\/p>\n<figure id=\"attachment_548\" aria-describedby=\"caption-attachment-548\" style=\"width: 624px\" class=\"wp-caption aligncenter\"><img data-attachment-id=\"548\" data-permalink=\"https:\/\/test.cookdigital.net\/campoparatodos\/2019\/04\/15\/544\/cpt-template-6\/#main\" data-orig-file=\"https:\/\/i0.wp.com\/test.cookdigital.net\/campoparatodos\/wp-content\/uploads\/2019\/04\/capullos-afectados.jpg?fit=634%2C236&amp;ssl=1\" data-orig-size=\"634,236\" data-comments-opened=\"1\" data-image-meta=\"{&quot;aperture&quot;:&quot;0&quot;,&quot;credit&quot;:&quot;carlos&quot;,&quot;camera&quot;:&quot;&quot;,&quot;caption&quot;:&quot;cpt-template&quot;,&quot;created_timestamp&quot;:&quot;1555326497&quot;,&quot;copyright&quot;:&quot;&quot;,&quot;focal_length&quot;:&quot;0&quot;,&quot;iso&quot;:&quot;0&quot;,&quot;shutter_speed&quot;:&quot;0&quot;,&quot;title&quot;:&quot;cpt-template&quot;,&quot;orientation&quot;:&quot;0&quot;}\" data-image-title=\"\" data-image-description=\"\" data-medium-file=\"https:\/\/i0.wp.com\/test.cookdigital.net\/campoparatodos\/wp-content\/uploads\/2019\/04\/capullos-afectados.jpg?fit=300%2C112&amp;ssl=1\" data-large-file=\"https:\/\/i0.wp.com\/test.cookdigital.net\/campoparatodos\/wp-content\/uploads\/2019\/04\/capullos-afectados.jpg?fit=634%2C236&amp;ssl=1\" loading=\"lazy\" class=\"wp-image-548 size-full\" src=\"https:\/\/i2.wp.com\/www.campoparatodos.com.ar\/wp-content\/uploads\/2019\/04\/capullos-afectados.jpg?resize=634%2C236&#038;ssl=1\" alt=\"\" width=\"634\" height=\"236\" srcset=\"https:\/\/i0.wp.com\/test.cookdigital.net\/campoparatodos\/wp-content\/uploads\/2019\/04\/capullos-afectados.jpg?w=634&amp;ssl=1 634w, https:\/\/i0.wp.com\/test.cookdigital.net\/campoparatodos\/wp-content\/uploads\/2019\/04\/capullos-afectados.jpg?resize=300%2C112&amp;ssl=1 300w\" sizes=\"(max-width: 634px) 100vw, 634px\" data-recalc-dims=\"1\" \/><figcaption id=\"caption-attachment-548\" class=\"wp-caption-text\">Fig.4: capullos afectados<\/figcaption><\/figure>\n<p>&nbsp;<\/p>\n<p><strong>Ramularia o \u201cFalso mildiu\u201d<\/strong><\/p>\n<p><em>S\u00edntomas y Signos\/ Da\u00f1os:<\/em><\/p>\n<p>Sobre el haz de la hoja se observan manchas verde-amarillentas que se tornan casta\u00f1o-claro al necrosarse. En correspondencia con el env\u00e9s se presentan lesiones angulares inicialmente blanquecinas pulverulentas con apariencia harinosa por las eflorescencias del hongo, limitadas por las nervaduras, que luego se vuelven de un color casta\u00f1o claro. Cuando las plantas son infectadas tard\u00edamente, no afecta significativamente los rendimientos, pero si el ataque se produce en una etapa inicial del crecimiento del cultivo, puede causar importante defoliaci\u00f3n ocasionando p\u00e9rdidas de producci\u00f3n por reducci\u00f3n de la actividad fotosint\u00e9tica. Las plantas afectadas presentan apertura prematura de c\u00e1psulas, ocasionando una reducci\u00f3n hasta del 35% en la productividad.<\/p>\n<p><strong>Condiciones predisponentes: <\/strong><br \/>\nEl desarrollo de la enfermedad es favorecida con temperaturas entre 12\u00b0C a 32\u00b0C, siendo la \u00f3ptima entre 22\u00b0C-26\u00b0C, y humedad relativa mayor del 80% con abundantes lluvias y persistente humedad sobre las hojas (sobre todo por las noches), alternando dos o m\u00e1s ciclos de humedecimiento\/ desecaci\u00f3n, que ayudan a la formaci\u00f3n de las esporas del hongo. Si persisten estas condiciones se deben realizar aplicaciones con fungicidas curativos. Las deficiencias en magnesio promueven la infecci\u00f3n.<\/p>\n<figure id=\"attachment_550\" aria-describedby=\"caption-attachment-550\" style=\"width: 820px\" class=\"wp-caption aligncenter\"><img data-attachment-id=\"550\" data-permalink=\"https:\/\/test.cookdigital.net\/campoparatodos\/2019\/04\/15\/544\/cpt-template-8\/#main\" data-orig-file=\"https:\/\/i1.wp.com\/test.cookdigital.net\/campoparatodos\/wp-content\/uploads\/2019\/04\/Ramularia.jpg?fit=830%2C393&amp;ssl=1\" data-orig-size=\"830,393\" data-comments-opened=\"1\" data-image-meta=\"{&quot;aperture&quot;:&quot;0&quot;,&quot;credit&quot;:&quot;carlos&quot;,&quot;camera&quot;:&quot;&quot;,&quot;caption&quot;:&quot;cpt-template&quot;,&quot;created_timestamp&quot;:&quot;1555326497&quot;,&quot;copyright&quot;:&quot;&quot;,&quot;focal_length&quot;:&quot;0&quot;,&quot;iso&quot;:&quot;0&quot;,&quot;shutter_speed&quot;:&quot;0&quot;,&quot;title&quot;:&quot;cpt-template&quot;,&quot;orientation&quot;:&quot;0&quot;}\" data-image-title=\"\" data-image-description=\"\" data-medium-file=\"https:\/\/i1.wp.com\/test.cookdigital.net\/campoparatodos\/wp-content\/uploads\/2019\/04\/Ramularia.jpg?fit=300%2C142&amp;ssl=1\" data-large-file=\"https:\/\/i1.wp.com\/test.cookdigital.net\/campoparatodos\/wp-content\/uploads\/2019\/04\/Ramularia.jpg?fit=830%2C393&amp;ssl=1\" loading=\"lazy\" class=\"wp-image-550 size-full\" src=\"https:\/\/i1.wp.com\/www.campoparatodos.com.ar\/wp-content\/uploads\/2019\/04\/Ramularia.jpg?resize=830%2C393&#038;ssl=1\" alt=\"\" width=\"830\" height=\"393\" srcset=\"https:\/\/i1.wp.com\/test.cookdigital.net\/campoparatodos\/wp-content\/uploads\/2019\/04\/Ramularia.jpg?w=830&amp;ssl=1 830w, https:\/\/i1.wp.com\/test.cookdigital.net\/campoparatodos\/wp-content\/uploads\/2019\/04\/Ramularia.jpg?resize=300%2C142&amp;ssl=1 300w, https:\/\/i1.wp.com\/test.cookdigital.net\/campoparatodos\/wp-content\/uploads\/2019\/04\/Ramularia.jpg?resize=768%2C364&amp;ssl=1 768w\" sizes=\"(max-width: 830px) 100vw, 830px\" data-recalc-dims=\"1\" \/><figcaption id=\"caption-attachment-550\" class=\"wp-caption-text\">Fig.5: S\u00edntomas de Ramularia o Falso mildiu<\/figcaption><\/figure>\n<p>&nbsp;<\/p>\n<h3><span style=\"color: #003300;\"><strong>Manejo de las enfermedades<\/strong><\/span><\/h3>\n<p><span style=\"color: #003300;\"><em><strong>1. Consultar con un ingeniero agr\u00f3nomo.<\/strong><\/em><\/span><br \/>\n<span style=\"color: #003300;\"><em><strong>2. Monitorear regularmente el lote cuando las condiciones ambientales favorezcan la aparici\u00f3n de la enfermedad, buscando los s\u00edntomas descriptos m\u00e1s arriba. <\/strong><\/em><\/span><br \/>\n<span style=\"color: #003300;\"><em><strong>3. Tratamientos qu\u00edmicos de la semilla con curasemillas y con fungicidas foliares sist\u00e9micos, siempre que la enfermedad ataque ANTES de que la fructificaci\u00f3n est\u00e9 lograda y con c\u00e1psulas verdes a\u00fan en desarrollo.<\/strong><\/em><\/span><br \/>\n<span style=\"color: #003300;\"><em><strong>4. Eliminar los restos vegetales o enterrar en invierno, aprovechando las pr\u00e1cticas para control de picudo. <\/strong><\/em><\/span><br \/>\n<span style=\"color: #003300;\"><em><strong>5. Hacer rotaci\u00f3n de cultivos con cereales. <\/strong><\/em><\/span><br \/>\n<span style=\"color: #003300;\"><em><strong>6. Controlar malezas.<\/strong><\/em><\/span><br \/>\n<span style=\"color: #003300;\"><em><strong>7. Utilizaci\u00f3n de densidades de siembra adecuadas (procurando reducir el sombreo en las partes bajas del cultivo); junto con el uso correcto y oportuno de los reguladores de crecimiento para evitar el desarrollo excesivo que puede dificultar el flujo de aire.<\/strong><\/em><\/span><\/p>\n","protected":false},"excerpt":{"rendered":"<p>Monitoreo y manejo integrado de enfermedades en el cultivo de algod\u00f3n\u00a0en el \u00e1rea de riego de Santiago del Estero Por: Ing. Agr. M Sc. Mario Mondino &#8211; INTA Ing. Agr. Mar\u00eda Leyla Ledesma Har\u00f3n. Ing. Agr. Liz Saieg &#8211; C\u00e1tedra\u00a0de Cultivos Industriales y C\u00e1tedra de Fitopatolog\u00eda-FAyA-UNSE El manejo integrado de plagas y enfermedades tiene por &#8230; <a title=\"Enfermedades en el cultivo de Algod\u00f3n bajo riego\" class=\"read-more\" href=\"https:\/\/test.cookdigital.net\/campoparatodos\/2019\/04\/15\/544\/\" aria-label=\"M\u00e1s en Enfermedades en el cultivo de Algod\u00f3n bajo riego\">Leer m\u00e1s<\/a><\/p>\n","protected":false},"author":1,"featured_media":0,"comment_status":"closed","ping_status":"closed","sticky":false,"template":"","format":"standard","meta":{"spay_email":"","jetpack_publicize_message":"","jetpack_is_tweetstorm":false},"categories":[7,9,4],"tags":[52,54,53],"jetpack_featured_media_url":"","jetpack_publicize_connections":[],"jetpack_sharing_enabled":true,"jetpack_shortlink":"https:\/\/wp.me\/s9m0DJ-544","jetpack_likes_enabled":true,"jetpack-related-posts":[{"id":2298,"url":"https:\/\/test.cookdigital.net\/campoparatodos\/2023\/01\/23\/algodon-22-23-como-inicio-la-campana-en-el-area-de-riego-del-rio-dulce\/","url_meta":{"origin":544,"position":0},"title":"Algod\u00f3n 22\/23. \u00bfC\u00f3mo inici\u00f3 la campa\u00f1a en el \u00e1rea de riego del R\u00edo Dulce?","date":"enero 23, 2023","format":false,"excerpt":"A pesar de todos los inconvenientes clim\u00e1ticos, la campa\u00f1a algodonera en el \u00e1rea de riego del R\u00edo Dulce est\u00e1 en marcha. Para conocer a fondo la situaci\u00f3n y mantener informada a toda la sociedad, Revista Campo para Todos solicit\u00f3 informaci\u00f3n a tres especialistas en el cultivo industrial m\u00e1s importante de\u2026","rel":"","context":"En \u00abAgricultura\u00bb","img":{"alt_text":"","src":"https:\/\/i1.wp.com\/www.campoparatodos.com.ar\/wp-content\/uploads\/2023\/01\/WhatsApp-Image-2022-12-30-at-12.40.38_PerfectlyClear-1024x484.jpg?resize=350%2C200&ssl=1","width":350,"height":200},"classes":[]},{"id":897,"url":"https:\/\/test.cookdigital.net\/campoparatodos\/2020\/07\/27\/resumen-de-la-campana-algodonera-en-el-area-de-riego-del-rio-dulce\/","url_meta":{"origin":544,"position":1},"title":"Resumen de la campa\u00f1a algodonera en el \u00e1rea de Riego del R\u00edo Dulce","date":"julio 27, 2020","format":false,"excerpt":"A\u00f1o tras a\u00f1o el picudo hace presencia firme en la zona de riego, por lo que productivamente buscamos concentrar la fecha de siembra para evitar ataques en los momentos donde la curva de presencia del insecto en el cultivo es m\u00e1s alta. Se pens\u00f3 mucho en la presencia de picudo\u2026","rel":"","context":"En \u00abAgricultura\u00bb","img":{"alt_text":"","src":"https:\/\/i1.wp.com\/www.campoparatodos.com.ar\/wp-content\/uploads\/2020\/07\/picudi.jpg?resize=350%2C200&ssl=1","width":350,"height":200},"classes":[]},{"id":2028,"url":"https:\/\/test.cookdigital.net\/campoparatodos\/2022\/08\/06\/algodon\/","url_meta":{"origin":544,"position":2},"title":"Algod\u00f3n","date":"agosto 6, 2022","format":false,"excerpt":"Finaliza una dura campa\u00f1a 21\/22 en el \u00e1rea de riego Finaliza la campa\u00f1a algodonera 2021-2022 en el \u00e1rea de riego del R\u00edo Dulce, con grandes inconvenientes clim\u00e1ticos y errores humanos que se deber\u00e1n corregir. Conversamos con el Ing. Agr. Carlos Mitre para que nos cuente sus apreciaciones sobre la misma.\u2026","rel":"","context":"En \u00abAgricultura\u00bb","img":{"alt_text":"","src":"https:\/\/i1.wp.com\/www.campoparatodos.com.ar\/wp-content\/uploads\/2022\/08\/el-ator_PerfectlyClear-1024x485.jpg?resize=350%2C200&ssl=1","width":350,"height":200},"classes":[]},{"id":1556,"url":"https:\/\/test.cookdigital.net\/campoparatodos\/2021\/09\/23\/recomendaciones-para-un-uso-responsable-de-fitosanitarios-en-cucurbitaceas\/","url_meta":{"origin":544,"position":3},"title":"Recomendaciones para un uso responsable de fitosanitarios en cucurbit\u00e1ceas","date":"septiembre 23, 2021","format":false,"excerpt":"Por: Ing. Agr. Mariela Carolina Pletsch - CASAFE Hay diversas formas de cuidar los cultivos. Si decid\u00eds usar fitosanitarios, CASAFE recomienda utilizarlos responsablemente, cumpliendo con las Buenas Pr\u00e1cticas Agr\u00edcolas antes, durante y despu\u00e9s del ciclo del cultivo. Antes de aplicar fitosanitarios es necesario realizar un monitoreo de los cultivos. Esto\u2026","rel":"","context":"En \u00abAgricultura\u00bb","img":{"alt_text":"","src":"https:\/\/i1.wp.com\/www.campoparatodos.com.ar\/wp-content\/uploads\/2021\/09\/sandia.jpg?resize=350%2C200&ssl=1","width":350,"height":200},"classes":[]},{"id":2237,"url":"https:\/\/test.cookdigital.net\/campoparatodos\/2022\/12\/05\/riego-en-algodon\/","url_meta":{"origin":544,"position":4},"title":"Riego en Algod\u00f3n","date":"diciembre 5, 2022","format":false,"excerpt":"Nuestro sistema de riego no permite acompa\u00f1ar la necesidad de agua en el cultivo de algod\u00f3n. Entrevistamos al Ing. Gabriel Angella, t\u00e9cnico del INTA Santiago del Estero, quien dio una charla en la 13\u00b0 Jornada de Fertirriego y Manejo del Agua. Angella habl\u00f3 sobre un tema que preocupa a los\u2026","rel":"","context":"En \u00abAgricultura\u00bb","img":{"alt_text":"","src":"https:\/\/i1.wp.com\/www.campoparatodos.com.ar\/wp-content\/uploads\/2022\/12\/IMG_4035_PerfectlyClear-1024x682.jpg?resize=350%2C200&ssl=1","width":350,"height":200},"classes":[]},{"id":1786,"url":"https:\/\/test.cookdigital.net\/campoparatodos\/2022\/02\/21\/zanahorias-en-santiago-del-estero-cambiar-cantidad-por-calidad\/","url_meta":{"origin":544,"position":5},"title":"Zanahorias en Santiago del Estero. Cambiar cantidad por calidad","date":"febrero 21, 2022","format":false,"excerpt":"La firma Leven realiz\u00f3 una jornada a campo en la zona de Villa Hip\u00f3lita\u00a0para mostrar los materiales a los productores. Entrevistamos a su representante t\u00e9cnico, el Ing. Agr. Sergio Birchner quien nos expres\u00f3 lo siguiente. La empresa LEVEN Argentina es distribuidora designada de la empresa NUNHEMS\/BASF, productora de semillas hort\u00edcolas.\u2026","rel":"","context":"En \u00abAgricultura\u00bb","img":{"alt_text":"","src":"https:\/\/i2.wp.com\/www.campoparatodos.com.ar\/wp-content\/uploads\/2022\/02\/WhatsApp-Image-2022-02-08-at-09.51.25_PerfectlyClear-e1645453975983.jpg?resize=350%2C200&ssl=1","width":350,"height":200},"classes":[]}],"_links":{"self":[{"href":"https:\/\/test.cookdigital.net\/campoparatodos\/wp-json\/wp\/v2\/posts\/544"}],"collection":[{"href":"https:\/\/test.cookdigital.net\/campoparatodos\/wp-json\/wp\/v2\/posts"}],"about":[{"href":"https:\/\/test.cookdigital.net\/campoparatodos\/wp-json\/wp\/v2\/types\/post"}],"author":[{"embeddable":true,"href":"https:\/\/test.cookdigital.net\/campoparatodos\/wp-json\/wp\/v2\/users\/1"}],"replies":[{"embeddable":true,"href":"https:\/\/test.cookdigital.net\/campoparatodos\/wp-json\/wp\/v2\/comments?post=544"}],"version-history":[{"count":5,"href":"https:\/\/test.cookdigital.net\/campoparatodos\/wp-json\/wp\/v2\/posts\/544\/revisions"}],"predecessor-version":[{"id":556,"href":"https:\/\/test.cookdigital.net\/campoparatodos\/wp-json\/wp\/v2\/posts\/544\/revisions\/556"}],"wp:attachment":[{"href":"https:\/\/test.cookdigital.net\/campoparatodos\/wp-json\/wp\/v2\/media?parent=544"}],"wp:term":[{"taxonomy":"category","embeddable":true,"href":"https:\/\/test.cookdigital.net\/campoparatodos\/wp-json\/wp\/v2\/categories?post=544"},{"taxonomy":"post_tag","embeddable":true,"href":"https:\/\/test.cookdigital.net\/campoparatodos\/wp-json\/wp\/v2\/tags?post=544"}],"curies":[{"name":"wp","href":"https:\/\/api.w.org\/{rel}","templated":true}]}}