{"id":2497,"date":"2023-04-24T22:54:15","date_gmt":"2023-04-24T22:54:15","guid":{"rendered":"https:\/\/www.campoparatodos.com.ar\/?p=2497"},"modified":"2023-04-26T15:01:05","modified_gmt":"2023-04-26T15:01:05","slug":"los-cultivos-han-sufrido-mucho-en-pampa-de-los-guanacos","status":"publish","type":"post","link":"https:\/\/test.cookdigital.net\/campoparatodos\/2023\/04\/24\/los-cultivos-han-sufrido-mucho-en-pampa-de-los-guanacos\/","title":{"rendered":"Los cultivos han sufrido mucho en Pampa de los Guanacos"},"content":{"rendered":"<p><strong><em>Pampa de los Guanacos es una importante zona agr\u00edcola, ganadera y forestal ubicada en el departamento Copo, al norte de Santiago del Estero. En esa zona trabaja el ingeniero agr\u00f3nomo Martin Ledesma, quien se desempe\u00f1a como jefe de producci\u00f3n de la empresa Alfin SCA, Mart\u00edn adem\u00e1s es propietario de La Victoria Agro, una empresa que brinda asesoramiento t\u00e9cnico, muestreo de suelos, recomendaciones de fertilizaci\u00f3n y venta de agroinsumos. Para conocer la situaci\u00f3n del sector agr\u00edcola de esa zona, lo entrevistamos y esto nos dijo.<\/em><\/strong><\/p>\n<p><img data-attachment-id=\"2498\" data-permalink=\"https:\/\/test.cookdigital.net\/campoparatodos\/2023\/04\/24\/los-cultivos-han-sufrido-mucho-en-pampa-de-los-guanacos\/whatsapp-image-2023-03-31-at-20-39-58-2martin-ledesma\/#main\" data-orig-file=\"https:\/\/i0.wp.com\/test.cookdigital.net\/campoparatodos\/wp-content\/uploads\/2023\/04\/WhatsApp-Image-2023-03-31-at-20.39.58-2martin-ledesma.jpg?fit=1052%2C780&amp;ssl=1\" data-orig-size=\"1052,780\" data-comments-opened=\"1\" data-image-meta=\"{&quot;aperture&quot;:&quot;0&quot;,&quot;credit&quot;:&quot;&quot;,&quot;camera&quot;:&quot;&quot;,&quot;caption&quot;:&quot;&quot;,&quot;created_timestamp&quot;:&quot;0&quot;,&quot;copyright&quot;:&quot;&quot;,&quot;focal_length&quot;:&quot;0&quot;,&quot;iso&quot;:&quot;0&quot;,&quot;shutter_speed&quot;:&quot;0&quot;,&quot;title&quot;:&quot;&quot;,&quot;orientation&quot;:&quot;1&quot;}\" data-image-title=\"WhatsApp Image 2023-03-31 at 20.39.58 (2)martin ledesma\" data-image-description=\"\" data-medium-file=\"https:\/\/i0.wp.com\/test.cookdigital.net\/campoparatodos\/wp-content\/uploads\/2023\/04\/WhatsApp-Image-2023-03-31-at-20.39.58-2martin-ledesma.jpg?fit=300%2C222&amp;ssl=1\" data-large-file=\"https:\/\/i0.wp.com\/test.cookdigital.net\/campoparatodos\/wp-content\/uploads\/2023\/04\/WhatsApp-Image-2023-03-31-at-20.39.58-2martin-ledesma.jpg?fit=1024%2C759&amp;ssl=1\" loading=\"lazy\" class=\"aligncenter wp-image-2498 size-large\" src=\"https:\/\/i2.wp.com\/www.campoparatodos.com.ar\/wp-content\/uploads\/2023\/04\/WhatsApp-Image-2023-03-31-at-20.39.58-2martin-ledesma-1024x759.jpg?resize=1024%2C759&#038;ssl=1\" alt=\"\" width=\"1024\" height=\"759\" srcset=\"https:\/\/i0.wp.com\/test.cookdigital.net\/campoparatodos\/wp-content\/uploads\/2023\/04\/WhatsApp-Image-2023-03-31-at-20.39.58-2martin-ledesma.jpg?resize=1024%2C759&amp;ssl=1 1024w, https:\/\/i0.wp.com\/test.cookdigital.net\/campoparatodos\/wp-content\/uploads\/2023\/04\/WhatsApp-Image-2023-03-31-at-20.39.58-2martin-ledesma.jpg?resize=300%2C222&amp;ssl=1 300w, https:\/\/i0.wp.com\/test.cookdigital.net\/campoparatodos\/wp-content\/uploads\/2023\/04\/WhatsApp-Image-2023-03-31-at-20.39.58-2martin-ledesma.jpg?resize=768%2C569&amp;ssl=1 768w, https:\/\/i0.wp.com\/test.cookdigital.net\/campoparatodos\/wp-content\/uploads\/2023\/04\/WhatsApp-Image-2023-03-31-at-20.39.58-2martin-ledesma.jpg?w=1052&amp;ssl=1 1052w\" sizes=\"(max-width: 1024px) 100vw, 1024px\" data-recalc-dims=\"1\" \/><\/p>\n<p><!--more--><\/p>\n<p>\u00abTeniendo en cuenta las precipitaciones recibidas y el momento en el que llegaron. <strong>El estado de los cultivos es de aceptable a bueno, sin ser extraordinarios<\/strong>. <span style=\"color: #333399;\">El algod\u00f3n se ha sembrado el 25 de noviembre<\/span>, el estado es bueno, el desarrollo de las plantas y n\u00famero de bochas entusiasman, pero tenemos que tener cautela ya que <strong>el cultivo ha sufrido mucho<\/strong>; <span style=\"color: #333399;\">desde la siembra, el 25 de noviembre la siguiente lluvia que hemos recibido fue el d\u00eda 26 de diciembre, y tan solo escasos 20 mm y la siguiente tambi\u00e9n a los 30 d\u00edas, con el mismo milimetraje.<\/span><\/p>\n<p><img data-attachment-id=\"2209\" data-permalink=\"https:\/\/test.cookdigital.net\/campoparatodos\/2022\/11\/04\/la-campana-algodonera-pinta-bien\/viega-2022\/#main\" data-orig-file=\"https:\/\/i1.wp.com\/test.cookdigital.net\/campoparatodos\/wp-content\/uploads\/2022\/11\/VIEGA-2022.jpg?fit=1152%2C1654&amp;ssl=1\" data-orig-size=\"1152,1654\" data-comments-opened=\"1\" data-image-meta=\"{&quot;aperture&quot;:&quot;0&quot;,&quot;credit&quot;:&quot;carlos&quot;,&quot;camera&quot;:&quot;&quot;,&quot;caption&quot;:&quot;&quot;,&quot;created_timestamp&quot;:&quot;1641330703&quot;,&quot;copyright&quot;:&quot;&quot;,&quot;focal_length&quot;:&quot;0&quot;,&quot;iso&quot;:&quot;0&quot;,&quot;shutter_speed&quot;:&quot;0&quot;,&quot;title&quot;:&quot;&quot;,&quot;orientation&quot;:&quot;0&quot;}\" data-image-title=\"VIEGA 2022\" data-image-description=\"\" data-medium-file=\"https:\/\/i1.wp.com\/test.cookdigital.net\/campoparatodos\/wp-content\/uploads\/2022\/11\/VIEGA-2022.jpg?fit=209%2C300&amp;ssl=1\" data-large-file=\"https:\/\/i1.wp.com\/test.cookdigital.net\/campoparatodos\/wp-content\/uploads\/2022\/11\/VIEGA-2022.jpg?fit=713%2C1024&amp;ssl=1\" loading=\"lazy\" class=\"aligncenter size-large wp-image-2209\" src=\"https:\/\/i1.wp.com\/www.campoparatodos.com.ar\/wp-content\/uploads\/2022\/11\/VIEGA-2022-713x1024.jpg?resize=713%2C1024&#038;ssl=1\" alt=\"\" width=\"713\" height=\"1024\" srcset=\"https:\/\/i1.wp.com\/test.cookdigital.net\/campoparatodos\/wp-content\/uploads\/2022\/11\/VIEGA-2022.jpg?resize=713%2C1024&amp;ssl=1 713w, https:\/\/i1.wp.com\/test.cookdigital.net\/campoparatodos\/wp-content\/uploads\/2022\/11\/VIEGA-2022.jpg?resize=209%2C300&amp;ssl=1 209w, https:\/\/i1.wp.com\/test.cookdigital.net\/campoparatodos\/wp-content\/uploads\/2022\/11\/VIEGA-2022.jpg?resize=768%2C1103&amp;ssl=1 768w, https:\/\/i1.wp.com\/test.cookdigital.net\/campoparatodos\/wp-content\/uploads\/2022\/11\/VIEGA-2022.jpg?resize=1070%2C1536&amp;ssl=1 1070w, https:\/\/i1.wp.com\/test.cookdigital.net\/campoparatodos\/wp-content\/uploads\/2022\/11\/VIEGA-2022.jpg?w=1152&amp;ssl=1 1152w\" sizes=\"(max-width: 713px) 100vw, 713px\" data-recalc-dims=\"1\" \/><\/p>\n<p><span style=\"color: #333399;\">Reci\u00e9n en marzo hemos recibido dos precipitaciones m\u00e1s generosas en mm, en promedio dos de 40 mm<\/span>. Esto no solo que nos retras\u00f3 el crecimiento del cultivo al principio, sino que tambi\u00e9n nos expuso a plagas como trips, ara\u00f1uela y pulg\u00f3n.<\/p>\n<p><img data-attachment-id=\"2502\" data-permalink=\"https:\/\/test.cookdigital.net\/campoparatodos\/2023\/04\/24\/los-cultivos-han-sufrido-mucho-en-pampa-de-los-guanacos\/whatsapp-image-2023-03-31-at-20-39-56-2martin-ledesma\/#main\" data-orig-file=\"https:\/\/i0.wp.com\/test.cookdigital.net\/campoparatodos\/wp-content\/uploads\/2023\/04\/WhatsApp-Image-2023-03-31-at-20.39.56-2martin-ledesma.jpg?fit=1280%2C1280&amp;ssl=1\" data-orig-size=\"1280,1280\" data-comments-opened=\"1\" data-image-meta=\"{&quot;aperture&quot;:&quot;0&quot;,&quot;credit&quot;:&quot;&quot;,&quot;camera&quot;:&quot;&quot;,&quot;caption&quot;:&quot;&quot;,&quot;created_timestamp&quot;:&quot;0&quot;,&quot;copyright&quot;:&quot;&quot;,&quot;focal_length&quot;:&quot;0&quot;,&quot;iso&quot;:&quot;0&quot;,&quot;shutter_speed&quot;:&quot;0&quot;,&quot;title&quot;:&quot;&quot;,&quot;orientation&quot;:&quot;1&quot;}\" data-image-title=\"WhatsApp Image 2023-03-31 at 20.39.56 (2)martin ledesma\" data-image-description=\"\" data-medium-file=\"https:\/\/i0.wp.com\/test.cookdigital.net\/campoparatodos\/wp-content\/uploads\/2023\/04\/WhatsApp-Image-2023-03-31-at-20.39.56-2martin-ledesma.jpg?fit=300%2C300&amp;ssl=1\" data-large-file=\"https:\/\/i0.wp.com\/test.cookdigital.net\/campoparatodos\/wp-content\/uploads\/2023\/04\/WhatsApp-Image-2023-03-31-at-20.39.56-2martin-ledesma.jpg?fit=1024%2C1024&amp;ssl=1\" loading=\"lazy\" class=\"aligncenter size-large wp-image-2502\" src=\"https:\/\/i2.wp.com\/www.campoparatodos.com.ar\/wp-content\/uploads\/2023\/04\/WhatsApp-Image-2023-03-31-at-20.39.56-2martin-ledesma-1024x1024.jpg?resize=1024%2C1024&#038;ssl=1\" alt=\"\" width=\"1024\" height=\"1024\" srcset=\"https:\/\/i0.wp.com\/test.cookdigital.net\/campoparatodos\/wp-content\/uploads\/2023\/04\/WhatsApp-Image-2023-03-31-at-20.39.56-2martin-ledesma.jpg?resize=1024%2C1024&amp;ssl=1 1024w, https:\/\/i0.wp.com\/test.cookdigital.net\/campoparatodos\/wp-content\/uploads\/2023\/04\/WhatsApp-Image-2023-03-31-at-20.39.56-2martin-ledesma.jpg?resize=300%2C300&amp;ssl=1 300w, https:\/\/i0.wp.com\/test.cookdigital.net\/campoparatodos\/wp-content\/uploads\/2023\/04\/WhatsApp-Image-2023-03-31-at-20.39.56-2martin-ledesma.jpg?resize=150%2C150&amp;ssl=1 150w, https:\/\/i0.wp.com\/test.cookdigital.net\/campoparatodos\/wp-content\/uploads\/2023\/04\/WhatsApp-Image-2023-03-31-at-20.39.56-2martin-ledesma.jpg?resize=768%2C768&amp;ssl=1 768w, https:\/\/i0.wp.com\/test.cookdigital.net\/campoparatodos\/wp-content\/uploads\/2023\/04\/WhatsApp-Image-2023-03-31-at-20.39.56-2martin-ledesma.jpg?w=1280&amp;ssl=1 1280w\" sizes=\"(max-width: 1024px) 100vw, 1024px\" data-recalc-dims=\"1\" \/><\/p>\n<p><img data-attachment-id=\"2212\" data-permalink=\"https:\/\/test.cookdigital.net\/campoparatodos\/2022\/11\/04\/la-campana-algodonera-pinta-bien\/safico\/#main\" data-orig-file=\"https:\/\/i1.wp.com\/test.cookdigital.net\/campoparatodos\/wp-content\/uploads\/2022\/11\/Safico.jpg?fit=2305%2C1654&amp;ssl=1\" data-orig-size=\"2305,1654\" data-comments-opened=\"1\" data-image-meta=\"{&quot;aperture&quot;:&quot;0&quot;,&quot;credit&quot;:&quot;carlos&quot;,&quot;camera&quot;:&quot;&quot;,&quot;caption&quot;:&quot;&quot;,&quot;created_timestamp&quot;:&quot;1623093142&quot;,&quot;copyright&quot;:&quot;&quot;,&quot;focal_length&quot;:&quot;0&quot;,&quot;iso&quot;:&quot;0&quot;,&quot;shutter_speed&quot;:&quot;0&quot;,&quot;title&quot;:&quot;&quot;,&quot;orientation&quot;:&quot;0&quot;}\" data-image-title=\"Safico\" data-image-description=\"\" data-medium-file=\"https:\/\/i1.wp.com\/test.cookdigital.net\/campoparatodos\/wp-content\/uploads\/2022\/11\/Safico.jpg?fit=300%2C215&amp;ssl=1\" data-large-file=\"https:\/\/i1.wp.com\/test.cookdigital.net\/campoparatodos\/wp-content\/uploads\/2022\/11\/Safico.jpg?fit=1024%2C735&amp;ssl=1\" loading=\"lazy\" class=\"aligncenter size-large wp-image-2212\" src=\"https:\/\/i1.wp.com\/www.campoparatodos.com.ar\/wp-content\/uploads\/2022\/11\/Safico-1024x735.jpg?resize=1024%2C735&#038;ssl=1\" alt=\"\" width=\"1024\" height=\"735\" srcset=\"https:\/\/i1.wp.com\/test.cookdigital.net\/campoparatodos\/wp-content\/uploads\/2022\/11\/Safico.jpg?resize=1024%2C735&amp;ssl=1 1024w, https:\/\/i1.wp.com\/test.cookdigital.net\/campoparatodos\/wp-content\/uploads\/2022\/11\/Safico.jpg?resize=300%2C215&amp;ssl=1 300w, https:\/\/i1.wp.com\/test.cookdigital.net\/campoparatodos\/wp-content\/uploads\/2022\/11\/Safico.jpg?resize=768%2C551&amp;ssl=1 768w, https:\/\/i1.wp.com\/test.cookdigital.net\/campoparatodos\/wp-content\/uploads\/2022\/11\/Safico.jpg?resize=1536%2C1102&amp;ssl=1 1536w, https:\/\/i1.wp.com\/test.cookdigital.net\/campoparatodos\/wp-content\/uploads\/2022\/11\/Safico.jpg?resize=2048%2C1470&amp;ssl=1 2048w\" sizes=\"(max-width: 1024px) 100vw, 1024px\" data-recalc-dims=\"1\" \/><\/p>\n<p><span style=\"color: #333399;\">La soja se sembr\u00f3 alrededor del d\u00eda 20 de enero<\/span>, una variedad grupo 7 con tecnolog\u00eda Intacta, con un distanciamiento a 38 cm. El desarrollo es muy bueno, pero debemos esperar el llenado. Ya que<span style=\"color: #333399;\"> hemos sembrado sin humedad acumulada en el perfil<\/span>. En cuanto a las plagas, hemos tenido que hacer aplicaciones para el complejo de lepid\u00f3pteros y trips.<\/p>\n<p><img data-attachment-id=\"2503\" data-permalink=\"https:\/\/test.cookdigital.net\/campoparatodos\/2023\/04\/24\/los-cultivos-han-sufrido-mucho-en-pampa-de-los-guanacos\/whatsapp-image-2023-03-31-at-20-39-58martin-ledesma\/#main\" data-orig-file=\"https:\/\/i2.wp.com\/test.cookdigital.net\/campoparatodos\/wp-content\/uploads\/2023\/04\/WhatsApp-Image-2023-03-31-at-20.39.58martin-ledesma.jpg?fit=1052%2C780&amp;ssl=1\" data-orig-size=\"1052,780\" data-comments-opened=\"1\" data-image-meta=\"{&quot;aperture&quot;:&quot;0&quot;,&quot;credit&quot;:&quot;&quot;,&quot;camera&quot;:&quot;&quot;,&quot;caption&quot;:&quot;&quot;,&quot;created_timestamp&quot;:&quot;0&quot;,&quot;copyright&quot;:&quot;&quot;,&quot;focal_length&quot;:&quot;0&quot;,&quot;iso&quot;:&quot;0&quot;,&quot;shutter_speed&quot;:&quot;0&quot;,&quot;title&quot;:&quot;&quot;,&quot;orientation&quot;:&quot;1&quot;}\" data-image-title=\"WhatsApp Image 2023-03-31 at 20.39.58martin ledesma\" data-image-description=\"\" data-medium-file=\"https:\/\/i2.wp.com\/test.cookdigital.net\/campoparatodos\/wp-content\/uploads\/2023\/04\/WhatsApp-Image-2023-03-31-at-20.39.58martin-ledesma.jpg?fit=300%2C222&amp;ssl=1\" data-large-file=\"https:\/\/i2.wp.com\/test.cookdigital.net\/campoparatodos\/wp-content\/uploads\/2023\/04\/WhatsApp-Image-2023-03-31-at-20.39.58martin-ledesma.jpg?fit=1024%2C759&amp;ssl=1\" loading=\"lazy\" class=\"aligncenter size-large wp-image-2503\" src=\"https:\/\/i0.wp.com\/www.campoparatodos.com.ar\/wp-content\/uploads\/2023\/04\/WhatsApp-Image-2023-03-31-at-20.39.58martin-ledesma-1024x759.jpg?resize=1024%2C759&#038;ssl=1\" alt=\"\" width=\"1024\" height=\"759\" srcset=\"https:\/\/i2.wp.com\/test.cookdigital.net\/campoparatodos\/wp-content\/uploads\/2023\/04\/WhatsApp-Image-2023-03-31-at-20.39.58martin-ledesma.jpg?resize=1024%2C759&amp;ssl=1 1024w, https:\/\/i2.wp.com\/test.cookdigital.net\/campoparatodos\/wp-content\/uploads\/2023\/04\/WhatsApp-Image-2023-03-31-at-20.39.58martin-ledesma.jpg?resize=300%2C222&amp;ssl=1 300w, https:\/\/i2.wp.com\/test.cookdigital.net\/campoparatodos\/wp-content\/uploads\/2023\/04\/WhatsApp-Image-2023-03-31-at-20.39.58martin-ledesma.jpg?resize=768%2C569&amp;ssl=1 768w, https:\/\/i2.wp.com\/test.cookdigital.net\/campoparatodos\/wp-content\/uploads\/2023\/04\/WhatsApp-Image-2023-03-31-at-20.39.58martin-ledesma.jpg?w=1052&amp;ssl=1 1052w\" sizes=\"(max-width: 1024px) 100vw, 1024px\" data-recalc-dims=\"1\" \/><img data-attachment-id=\"2504\" data-permalink=\"https:\/\/test.cookdigital.net\/campoparatodos\/2023\/04\/24\/los-cultivos-han-sufrido-mucho-en-pampa-de-los-guanacos\/whatsapp-image-2023-03-31-at-20-39-59-2martin-ledesma\/#main\" data-orig-file=\"https:\/\/i0.wp.com\/test.cookdigital.net\/campoparatodos\/wp-content\/uploads\/2023\/04\/WhatsApp-Image-2023-03-31-at-20.39.59-2martin-ledesma.jpg?fit=720%2C1280&amp;ssl=1\" data-orig-size=\"720,1280\" data-comments-opened=\"1\" data-image-meta=\"{&quot;aperture&quot;:&quot;0&quot;,&quot;credit&quot;:&quot;&quot;,&quot;camera&quot;:&quot;&quot;,&quot;caption&quot;:&quot;&quot;,&quot;created_timestamp&quot;:&quot;0&quot;,&quot;copyright&quot;:&quot;&quot;,&quot;focal_length&quot;:&quot;0&quot;,&quot;iso&quot;:&quot;0&quot;,&quot;shutter_speed&quot;:&quot;0&quot;,&quot;title&quot;:&quot;&quot;,&quot;orientation&quot;:&quot;1&quot;}\" data-image-title=\"WhatsApp Image 2023-03-31 at 20.39.59 (2)martin ledesma\" data-image-description=\"\" data-medium-file=\"https:\/\/i0.wp.com\/test.cookdigital.net\/campoparatodos\/wp-content\/uploads\/2023\/04\/WhatsApp-Image-2023-03-31-at-20.39.59-2martin-ledesma.jpg?fit=169%2C300&amp;ssl=1\" data-large-file=\"https:\/\/i0.wp.com\/test.cookdigital.net\/campoparatodos\/wp-content\/uploads\/2023\/04\/WhatsApp-Image-2023-03-31-at-20.39.59-2martin-ledesma.jpg?fit=576%2C1024&amp;ssl=1\" loading=\"lazy\" class=\"aligncenter size-large wp-image-2504\" src=\"https:\/\/i2.wp.com\/www.campoparatodos.com.ar\/wp-content\/uploads\/2023\/04\/WhatsApp-Image-2023-03-31-at-20.39.59-2martin-ledesma-576x1024.jpg?resize=576%2C1024&#038;ssl=1\" alt=\"\" width=\"576\" height=\"1024\" srcset=\"https:\/\/i0.wp.com\/test.cookdigital.net\/campoparatodos\/wp-content\/uploads\/2023\/04\/WhatsApp-Image-2023-03-31-at-20.39.59-2martin-ledesma.jpg?resize=576%2C1024&amp;ssl=1 576w, https:\/\/i0.wp.com\/test.cookdigital.net\/campoparatodos\/wp-content\/uploads\/2023\/04\/WhatsApp-Image-2023-03-31-at-20.39.59-2martin-ledesma.jpg?resize=169%2C300&amp;ssl=1 169w, https:\/\/i0.wp.com\/test.cookdigital.net\/campoparatodos\/wp-content\/uploads\/2023\/04\/WhatsApp-Image-2023-03-31-at-20.39.59-2martin-ledesma.jpg?w=720&amp;ssl=1 720w\" sizes=\"(max-width: 576px) 100vw, 576px\" data-recalc-dims=\"1\" \/><br \/>\nEn cuanto al <span style=\"color: #333399;\">cultivo de ma\u00edz<\/span>, el escenario es similar, pero hoy lo vemos mejor perfilado que la soja. <span style=\"color: #333399;\">Se sembr\u00f3 en dos fechas 15 de enero y 02 de febrero, \u00e9ste \u00faltimo est\u00e1 mejor<\/span>. Tambi\u00e9n con escasa acumulaci\u00f3n de humedad en el perfil.<br \/>\nPor supuesto que todo lo que se sembr\u00f3 en lotes con cobertura (ma\u00edz) est\u00e1n mucho mejor que los lotes de rastrojo de algod\u00f3n y soja.<\/p>\n<p><img data-attachment-id=\"2501\" data-permalink=\"https:\/\/test.cookdigital.net\/campoparatodos\/2023\/04\/24\/los-cultivos-han-sufrido-mucho-en-pampa-de-los-guanacos\/whatsapp-image-2023-03-31-at-20-39-56-1martin-ledesma\/#main\" data-orig-file=\"https:\/\/i2.wp.com\/test.cookdigital.net\/campoparatodos\/wp-content\/uploads\/2023\/04\/WhatsApp-Image-2023-03-31-at-20.39.56-1martin-ledesma.jpg?fit=1280%2C1280&amp;ssl=1\" data-orig-size=\"1280,1280\" data-comments-opened=\"1\" data-image-meta=\"{&quot;aperture&quot;:&quot;0&quot;,&quot;credit&quot;:&quot;&quot;,&quot;camera&quot;:&quot;&quot;,&quot;caption&quot;:&quot;&quot;,&quot;created_timestamp&quot;:&quot;0&quot;,&quot;copyright&quot;:&quot;&quot;,&quot;focal_length&quot;:&quot;0&quot;,&quot;iso&quot;:&quot;0&quot;,&quot;shutter_speed&quot;:&quot;0&quot;,&quot;title&quot;:&quot;&quot;,&quot;orientation&quot;:&quot;1&quot;}\" data-image-title=\"WhatsApp Image 2023-03-31 at 20.39.56 (1)martin ledesma\" data-image-description=\"\" data-medium-file=\"https:\/\/i2.wp.com\/test.cookdigital.net\/campoparatodos\/wp-content\/uploads\/2023\/04\/WhatsApp-Image-2023-03-31-at-20.39.56-1martin-ledesma.jpg?fit=300%2C300&amp;ssl=1\" data-large-file=\"https:\/\/i2.wp.com\/test.cookdigital.net\/campoparatodos\/wp-content\/uploads\/2023\/04\/WhatsApp-Image-2023-03-31-at-20.39.56-1martin-ledesma.jpg?fit=1024%2C1024&amp;ssl=1\" loading=\"lazy\" class=\"aligncenter size-large wp-image-2501\" src=\"https:\/\/i1.wp.com\/www.campoparatodos.com.ar\/wp-content\/uploads\/2023\/04\/WhatsApp-Image-2023-03-31-at-20.39.56-1martin-ledesma-1024x1024.jpg?resize=1024%2C1024&#038;ssl=1\" alt=\"\" width=\"1024\" height=\"1024\" srcset=\"https:\/\/i2.wp.com\/test.cookdigital.net\/campoparatodos\/wp-content\/uploads\/2023\/04\/WhatsApp-Image-2023-03-31-at-20.39.56-1martin-ledesma.jpg?resize=1024%2C1024&amp;ssl=1 1024w, https:\/\/i2.wp.com\/test.cookdigital.net\/campoparatodos\/wp-content\/uploads\/2023\/04\/WhatsApp-Image-2023-03-31-at-20.39.56-1martin-ledesma.jpg?resize=300%2C300&amp;ssl=1 300w, https:\/\/i2.wp.com\/test.cookdigital.net\/campoparatodos\/wp-content\/uploads\/2023\/04\/WhatsApp-Image-2023-03-31-at-20.39.56-1martin-ledesma.jpg?resize=150%2C150&amp;ssl=1 150w, https:\/\/i2.wp.com\/test.cookdigital.net\/campoparatodos\/wp-content\/uploads\/2023\/04\/WhatsApp-Image-2023-03-31-at-20.39.56-1martin-ledesma.jpg?resize=768%2C768&amp;ssl=1 768w, https:\/\/i2.wp.com\/test.cookdigital.net\/campoparatodos\/wp-content\/uploads\/2023\/04\/WhatsApp-Image-2023-03-31-at-20.39.56-1martin-ledesma.jpg?w=1280&amp;ssl=1 1280w\" sizes=\"(max-width: 1024px) 100vw, 1024px\" data-recalc-dims=\"1\" \/><img data-attachment-id=\"2500\" data-permalink=\"https:\/\/test.cookdigital.net\/campoparatodos\/2023\/04\/24\/los-cultivos-han-sufrido-mucho-en-pampa-de-los-guanacos\/whatsapp-image-2023-03-31-at-20-39-55-1martin-ledesma\/#main\" data-orig-file=\"https:\/\/i1.wp.com\/test.cookdigital.net\/campoparatodos\/wp-content\/uploads\/2023\/04\/WhatsApp-Image-2023-03-31-at-20.39.55-1martin-ledesma.jpg?fit=720%2C1280&amp;ssl=1\" data-orig-size=\"720,1280\" data-comments-opened=\"1\" data-image-meta=\"{&quot;aperture&quot;:&quot;0&quot;,&quot;credit&quot;:&quot;&quot;,&quot;camera&quot;:&quot;&quot;,&quot;caption&quot;:&quot;&quot;,&quot;created_timestamp&quot;:&quot;0&quot;,&quot;copyright&quot;:&quot;&quot;,&quot;focal_length&quot;:&quot;0&quot;,&quot;iso&quot;:&quot;0&quot;,&quot;shutter_speed&quot;:&quot;0&quot;,&quot;title&quot;:&quot;&quot;,&quot;orientation&quot;:&quot;1&quot;}\" data-image-title=\"WhatsApp Image 2023-03-31 at 20.39.55 (1)martin ledesma\" data-image-description=\"\" data-medium-file=\"https:\/\/i1.wp.com\/test.cookdigital.net\/campoparatodos\/wp-content\/uploads\/2023\/04\/WhatsApp-Image-2023-03-31-at-20.39.55-1martin-ledesma.jpg?fit=169%2C300&amp;ssl=1\" data-large-file=\"https:\/\/i1.wp.com\/test.cookdigital.net\/campoparatodos\/wp-content\/uploads\/2023\/04\/WhatsApp-Image-2023-03-31-at-20.39.55-1martin-ledesma.jpg?fit=576%2C1024&amp;ssl=1\" loading=\"lazy\" class=\"aligncenter size-large wp-image-2500\" src=\"https:\/\/i1.wp.com\/www.campoparatodos.com.ar\/wp-content\/uploads\/2023\/04\/WhatsApp-Image-2023-03-31-at-20.39.55-1martin-ledesma-576x1024.jpg?resize=576%2C1024&#038;ssl=1\" alt=\"\" width=\"576\" height=\"1024\" srcset=\"https:\/\/i1.wp.com\/test.cookdigital.net\/campoparatodos\/wp-content\/uploads\/2023\/04\/WhatsApp-Image-2023-03-31-at-20.39.55-1martin-ledesma.jpg?resize=576%2C1024&amp;ssl=1 576w, https:\/\/i1.wp.com\/test.cookdigital.net\/campoparatodos\/wp-content\/uploads\/2023\/04\/WhatsApp-Image-2023-03-31-at-20.39.55-1martin-ledesma.jpg?resize=169%2C300&amp;ssl=1 169w, https:\/\/i1.wp.com\/test.cookdigital.net\/campoparatodos\/wp-content\/uploads\/2023\/04\/WhatsApp-Image-2023-03-31-at-20.39.55-1martin-ledesma.jpg?w=720&amp;ssl=1 720w\" sizes=\"(max-width: 576px) 100vw, 576px\" data-recalc-dims=\"1\" \/><br \/>\nEn cuanto a la econom\u00eda del agua, hacemos los tratamientos necesarios para mantener los lotes libres de malezas.<\/p>\n<p><span style=\"color: #333399;\">El principal problema que tuvimos en esta campa\u00f1a fue el clim\u00e1tico, las precipitaciones tard\u00edas y escasas; y el estr\u00e9s t\u00e9rmico.<\/span><\/p>\n<p><img data-attachment-id=\"2210\" data-permalink=\"https:\/\/test.cookdigital.net\/campoparatodos\/2022\/11\/04\/la-campana-algodonera-pinta-bien\/agroinsumos-ardisone\/#main\" data-orig-file=\"https:\/\/i1.wp.com\/test.cookdigital.net\/campoparatodos\/wp-content\/uploads\/2022\/11\/AGROINSUMOS-ARDISONE.jpg?fit=2305%2C1658&amp;ssl=1\" data-orig-size=\"2305,1658\" data-comments-opened=\"1\" data-image-meta=\"{&quot;aperture&quot;:&quot;0&quot;,&quot;credit&quot;:&quot;carlos&quot;,&quot;camera&quot;:&quot;&quot;,&quot;caption&quot;:&quot;&quot;,&quot;created_timestamp&quot;:&quot;1641566405&quot;,&quot;copyright&quot;:&quot;&quot;,&quot;focal_length&quot;:&quot;0&quot;,&quot;iso&quot;:&quot;0&quot;,&quot;shutter_speed&quot;:&quot;0&quot;,&quot;title&quot;:&quot;&quot;,&quot;orientation&quot;:&quot;0&quot;}\" data-image-title=\"AGROINSUMOS ARDISONE\" data-image-description=\"\" data-medium-file=\"https:\/\/i1.wp.com\/test.cookdigital.net\/campoparatodos\/wp-content\/uploads\/2022\/11\/AGROINSUMOS-ARDISONE.jpg?fit=300%2C216&amp;ssl=1\" data-large-file=\"https:\/\/i1.wp.com\/test.cookdigital.net\/campoparatodos\/wp-content\/uploads\/2022\/11\/AGROINSUMOS-ARDISONE.jpg?fit=1024%2C737&amp;ssl=1\" loading=\"lazy\" class=\"aligncenter size-large wp-image-2210\" src=\"https:\/\/i1.wp.com\/www.campoparatodos.com.ar\/wp-content\/uploads\/2022\/11\/AGROINSUMOS-ARDISONE-1024x737.jpg?resize=1024%2C737&#038;ssl=1\" alt=\"\" width=\"1024\" height=\"737\" srcset=\"https:\/\/i1.wp.com\/test.cookdigital.net\/campoparatodos\/wp-content\/uploads\/2022\/11\/AGROINSUMOS-ARDISONE.jpg?resize=1024%2C737&amp;ssl=1 1024w, https:\/\/i1.wp.com\/test.cookdigital.net\/campoparatodos\/wp-content\/uploads\/2022\/11\/AGROINSUMOS-ARDISONE.jpg?resize=300%2C216&amp;ssl=1 300w, https:\/\/i1.wp.com\/test.cookdigital.net\/campoparatodos\/wp-content\/uploads\/2022\/11\/AGROINSUMOS-ARDISONE.jpg?resize=768%2C552&amp;ssl=1 768w, https:\/\/i1.wp.com\/test.cookdigital.net\/campoparatodos\/wp-content\/uploads\/2022\/11\/AGROINSUMOS-ARDISONE.jpg?resize=1536%2C1105&amp;ssl=1 1536w, https:\/\/i1.wp.com\/test.cookdigital.net\/campoparatodos\/wp-content\/uploads\/2022\/11\/AGROINSUMOS-ARDISONE.jpg?resize=2048%2C1473&amp;ssl=1 2048w\" sizes=\"(max-width: 1024px) 100vw, 1024px\" data-recalc-dims=\"1\" \/><\/p>\n<figure id=\"attachment_2506\" aria-describedby=\"caption-attachment-2506\" style=\"width: 159px\" class=\"wp-caption alignleft\"><img data-attachment-id=\"2506\" data-permalink=\"https:\/\/test.cookdigital.net\/campoparatodos\/2023\/04\/24\/los-cultivos-han-sufrido-mucho-en-pampa-de-los-guanacos\/whatsapp-image-2023-03-31-at-20-40-00martin-ledesma\/#main\" data-orig-file=\"https:\/\/i2.wp.com\/test.cookdigital.net\/campoparatodos\/wp-content\/uploads\/2023\/04\/WhatsApp-Image-2023-03-31-at-20.40.00martin-ledesma.jpg?fit=720%2C1280&amp;ssl=1\" data-orig-size=\"720,1280\" data-comments-opened=\"1\" data-image-meta=\"{&quot;aperture&quot;:&quot;0&quot;,&quot;credit&quot;:&quot;&quot;,&quot;camera&quot;:&quot;&quot;,&quot;caption&quot;:&quot;&quot;,&quot;created_timestamp&quot;:&quot;0&quot;,&quot;copyright&quot;:&quot;&quot;,&quot;focal_length&quot;:&quot;0&quot;,&quot;iso&quot;:&quot;0&quot;,&quot;shutter_speed&quot;:&quot;0&quot;,&quot;title&quot;:&quot;&quot;,&quot;orientation&quot;:&quot;1&quot;}\" data-image-title=\"WhatsApp Image 2023-03-31 at 20.40.00martin ledesma\" data-image-description=\"\" data-medium-file=\"https:\/\/i2.wp.com\/test.cookdigital.net\/campoparatodos\/wp-content\/uploads\/2023\/04\/WhatsApp-Image-2023-03-31-at-20.40.00martin-ledesma.jpg?fit=169%2C300&amp;ssl=1\" data-large-file=\"https:\/\/i2.wp.com\/test.cookdigital.net\/campoparatodos\/wp-content\/uploads\/2023\/04\/WhatsApp-Image-2023-03-31-at-20.40.00martin-ledesma.jpg?fit=576%2C1024&amp;ssl=1\" loading=\"lazy\" class=\"size-medium wp-image-2506\" src=\"https:\/\/i2.wp.com\/www.campoparatodos.com.ar\/wp-content\/uploads\/2023\/04\/WhatsApp-Image-2023-03-31-at-20.40.00martin-ledesma-169x300.jpg?resize=169%2C300&#038;ssl=1\" alt=\"\" width=\"169\" height=\"300\" srcset=\"https:\/\/i2.wp.com\/test.cookdigital.net\/campoparatodos\/wp-content\/uploads\/2023\/04\/WhatsApp-Image-2023-03-31-at-20.40.00martin-ledesma.jpg?resize=169%2C300&amp;ssl=1 169w, https:\/\/i2.wp.com\/test.cookdigital.net\/campoparatodos\/wp-content\/uploads\/2023\/04\/WhatsApp-Image-2023-03-31-at-20.40.00martin-ledesma.jpg?resize=576%2C1024&amp;ssl=1 576w, https:\/\/i2.wp.com\/test.cookdigital.net\/campoparatodos\/wp-content\/uploads\/2023\/04\/WhatsApp-Image-2023-03-31-at-20.40.00martin-ledesma.jpg?w=720&amp;ssl=1 720w\" sizes=\"(max-width: 169px) 100vw, 169px\" data-recalc-dims=\"1\" \/><figcaption id=\"caption-attachment-2506\" class=\"wp-caption-text\">Ing. Agr Martin Ledesma.<br \/>Mp 3308<br \/>Especialista en fertilizantes y fertilidad de suelos EPG, Alberto Soriano, FAUBA<\/figcaption><\/figure>\n<p>&nbsp;<\/p>\n<p>Hemos tenido la fortuna de contar con algunas precipitaciones en marzo, pero <span style=\"color: #000000;\"><strong>desde el comienzo de la campa\u00f1a, junio a octubre del 2022 no tuvimos lluvias. Desde octubre a diciembre inclusive solo 90 mm, 40 en enero, 60 en febrero y 100 en marzo aproximadamente. En total 290 mm<\/strong><\/span>. Esto nos afect\u00f3 para poder sembrar en tiempo y forma, tuvimos que restringir la superficie destinada de algod\u00f3n porque se nos ha pasado la fecha ideal de siembra. Incrementamos la superficie de ma\u00edz, a nuestro gusto, tarde tambi\u00e9n porque las precipitaciones no eran suficiente para sembrar.<\/p>\n<p><span style=\"color: #333399;\">La estimaci\u00f3n de rinde para Soja es de 3.000 kg.<\/span>, veremos c\u00f3mo termina la pel\u00edcula, todas las chauchas que form\u00f3, las debe llenar.<\/p>\n<p><span style=\"color: #333399;\">En algod\u00f3n, se espera un rinde en fibra entre 800 y 1.000 kg. Ma\u00edz entre 6.500 kg\/ha a 7.000 kg\/ha.<\/span><br \/>\nTodas las semillas utilizadas han recibido un tratamiento previo con productos de la empresa <strong>Emfag sa<\/strong>, de Santa Fe. Una empresa especializada en formulaci\u00f3n de productos biol\u00f3gicos\u00bb.<\/p>\n<p>&nbsp;<\/p>\n<p>Publicado en Revista Campo para Todos\u00a9 N\u00b0 181 de Abril del 2023<\/p>\n<p>Por: Carlos F. Hamann<\/p>\n","protected":false},"excerpt":{"rendered":"<p>Pampa de los Guanacos es una importante zona agr\u00edcola, ganadera y forestal ubicada en el departamento Copo, al norte de Santiago del Estero. En esa zona trabaja el ingeniero agr\u00f3nomo Martin Ledesma, quien se desempe\u00f1a como jefe de producci\u00f3n de la empresa Alfin SCA, Mart\u00edn adem\u00e1s es propietario de La Victoria Agro, una empresa que &#8230; <a title=\"Los cultivos han sufrido mucho en Pampa de los Guanacos\" class=\"read-more\" href=\"https:\/\/test.cookdigital.net\/campoparatodos\/2023\/04\/24\/los-cultivos-han-sufrido-mucho-en-pampa-de-los-guanacos\/\" aria-label=\"M\u00e1s en Los cultivos han sufrido mucho en Pampa de los Guanacos\">Leer m\u00e1s<\/a><\/p>\n","protected":false},"author":1,"featured_media":2498,"comment_status":"closed","ping_status":"open","sticky":false,"template":"","format":"standard","meta":{"spay_email":"","jetpack_publicize_message":"","jetpack_is_tweetstorm":false},"categories":[7,3,168,4],"tags":[52,384,325,81,37],"jetpack_featured_media_url":"https:\/\/i0.wp.com\/test.cookdigital.net\/campoparatodos\/wp-content\/uploads\/2023\/04\/WhatsApp-Image-2023-03-31-at-20.39.58-2martin-ledesma.jpg?fit=1052%2C780&ssl=1","jetpack_publicize_connections":[],"jetpack_sharing_enabled":true,"jetpack_shortlink":"https:\/\/wp.me\/p9m0DJ-Eh","jetpack_likes_enabled":true,"jetpack-related-posts":[{"id":2462,"url":"https:\/\/test.cookdigital.net\/campoparatodos\/2023\/04\/14\/revista-campo-para-todos-n-181-abril-2023\/","url_meta":{"origin":2497,"position":0},"title":"Revista Campo para Todos N\u00b0 181 - Abril 2023","date":"abril 14, 2023","format":false,"excerpt":"T\u00cdTULOS DE TAPA DE LA EDICI\u00d3N 181 - ABRIL DE 2023 Se estiman 40 mil ha perdidas de cultivos de verano en Santiago del Estero. - Los cultivos han sufrido mucho en Pampa de los Guanacos. - En Santiago del Estero muchos cultivos se van a cosechar teniendo m\u00e1rgenes negativos.\u2026","rel":"","context":"En \u00abAgricultura\u00bb","img":{"alt_text":"","src":"https:\/\/i0.wp.com\/www.campoparatodos.com.ar\/wp-content\/uploads\/2023\/04\/TAPA-REVISTA-181-713x1024.jpg?resize=350%2C200&ssl=1","width":350,"height":200},"classes":[]},{"id":837,"url":"https:\/\/test.cookdigital.net\/campoparatodos\/2020\/05\/22\/avanza-la-cosecha-de-granos-y-algodon-en-el-este-de-santiago-del-estero\/","url_meta":{"origin":2497,"position":1},"title":"Avanza la cosecha de granos y algod\u00f3n en el Este de Santiago del Estero","date":"mayo 22, 2020","format":false,"excerpt":"En medio de la pandemia de COVID-19, la cosecha de granos gruesos avanza en el Este de Santiago del Estero. Los departamentos Copo, Alberdi, Moreno, Juan Felipe Ibarra, General Taboada, General Belgrano, Aguirre y Mitre, en diferentes proporciones, concentran gran parte de la producci\u00f3n agropecuaria de la provincia. Son diversas\u2026","rel":"","context":"En \u00abAgricultura\u00bb","img":{"alt_text":"","src":"https:\/\/i0.wp.com\/www.campoparatodos.com.ar\/wp-content\/uploads\/2020\/05\/WhatsApp-Image-2020-04-14-at-14.35.14-1_PerfectlyClear-1-1024x768.jpg?resize=350%2C200&ssl=1","width":350,"height":200},"classes":[]},{"id":1988,"url":"https:\/\/test.cookdigital.net\/campoparatodos\/2022\/07\/20\/graves-danos-en-el-algodon-por-efecto-de-derivas-de-24-d\/","url_meta":{"origin":2497,"position":2},"title":"Graves da\u00f1os en el algod\u00f3n por efecto de derivas de 2,4-D","date":"julio 20, 2022","format":false,"excerpt":"Un problema sin soluci\u00f3n que se repite a\u00f1o tras a\u00f1o Por: Ing. Agr. (MSc.) Mario Mondino En una reciente gira por la regi\u00f3n productora de secano de algod\u00f3n que abarc\u00f3 cerca de 60.000 has se detect\u00f3 personalmente y en consultas con productores y profesionales de la agronom\u00eda, que el principal\u2026","rel":"","context":"En \u00abAgricultura\u00bb","img":{"alt_text":"","src":"https:\/\/i0.wp.com\/www.campoparatodos.com.ar\/wp-content\/uploads\/2022\/07\/24dA_PerfectlyClear-1024x768.jpg?resize=350%2C200&ssl=1","width":350,"height":200},"classes":[]},{"id":1786,"url":"https:\/\/test.cookdigital.net\/campoparatodos\/2022\/02\/21\/zanahorias-en-santiago-del-estero-cambiar-cantidad-por-calidad\/","url_meta":{"origin":2497,"position":3},"title":"Zanahorias en Santiago del Estero. Cambiar cantidad por calidad","date":"febrero 21, 2022","format":false,"excerpt":"La firma Leven realiz\u00f3 una jornada a campo en la zona de Villa Hip\u00f3lita\u00a0para mostrar los materiales a los productores. Entrevistamos a su representante t\u00e9cnico, el Ing. Agr. Sergio Birchner quien nos expres\u00f3 lo siguiente. La empresa LEVEN Argentina es distribuidora designada de la empresa NUNHEMS\/BASF, productora de semillas hort\u00edcolas.\u2026","rel":"","context":"En \u00abAgricultura\u00bb","img":{"alt_text":"","src":"https:\/\/i2.wp.com\/www.campoparatodos.com.ar\/wp-content\/uploads\/2022\/02\/WhatsApp-Image-2022-02-08-at-09.51.25_PerfectlyClear-e1645453975983.jpg?resize=350%2C200&ssl=1","width":350,"height":200},"classes":[]},{"id":2487,"url":"https:\/\/test.cookdigital.net\/campoparatodos\/2023\/04\/24\/en-santiago-del-estero-muchos-cultivos-se-van-a-cosechar-teniendo-margenes-negativos\/","url_meta":{"origin":2497,"position":4},"title":"En Santiago del Estero muchos cultivos se van a cosechar teniendo m\u00e1rgenes negativos","date":"abril 24, 2023","format":false,"excerpt":"Para conocer c\u00f3mo est\u00e1 la situaci\u00f3n del sector agr\u00edcola en Santiago del Estero entrevistamos al Ingeniero Agr\u00f3nomo Daniel \u201cPipo\u201d Rossi, quien es un reconocido profesional que se desempe\u00f1a asesorando y produciendo en la zona de los departamentos, Guasayan, Choya y Banda y nos dijo lo siguiente. \"Con respecto al estado\u2026","rel":"","context":"En \u00abAgricultura\u00bb","img":{"alt_text":"","src":"https:\/\/i2.wp.com\/test.cookdigital.net\/campoparatodos\/wp-content\/uploads\/2023\/04\/WhatsApp-Image-2023-03-27-at-10.46.46pipo.jpg?fit=1152%2C864&ssl=1&resize=350%2C200","width":350,"height":200},"classes":[]},{"id":641,"url":"https:\/\/test.cookdigital.net\/campoparatodos\/2019\/08\/14\/picudo-del-algodonero\/","url_meta":{"origin":2497,"position":5},"title":"Picudo del Algodonero","date":"agosto 14, 2019","format":false,"excerpt":"El ataque de picudo del algodonero ser\u00e1 muy grave para la nueva campa\u00f1a, porque quedan muchas plantas y rastrojos sin enterrar En su visita a Santiago del Estero, entrevistamos a Stacy E. Plato de Houston (Texas USA), presidente de PLATO industries Ltd. Empresa que invent\u00f3 las populares trampas para picudo\u2026","rel":"","context":"En \u00abAgricultura\u00bb","img":{"alt_text":"","src":"https:\/\/i1.wp.com\/www.campoparatodos.com.ar\/wp-content\/uploads\/2019\/08\/plato-1024x758.jpg?resize=350%2C200&ssl=1","width":350,"height":200},"classes":[]}],"_links":{"self":[{"href":"https:\/\/test.cookdigital.net\/campoparatodos\/wp-json\/wp\/v2\/posts\/2497"}],"collection":[{"href":"https:\/\/test.cookdigital.net\/campoparatodos\/wp-json\/wp\/v2\/posts"}],"about":[{"href":"https:\/\/test.cookdigital.net\/campoparatodos\/wp-json\/wp\/v2\/types\/post"}],"author":[{"embeddable":true,"href":"https:\/\/test.cookdigital.net\/campoparatodos\/wp-json\/wp\/v2\/users\/1"}],"replies":[{"embeddable":true,"href":"https:\/\/test.cookdigital.net\/campoparatodos\/wp-json\/wp\/v2\/comments?post=2497"}],"version-history":[{"count":2,"href":"https:\/\/test.cookdigital.net\/campoparatodos\/wp-json\/wp\/v2\/posts\/2497\/revisions"}],"predecessor-version":[{"id":2508,"href":"https:\/\/test.cookdigital.net\/campoparatodos\/wp-json\/wp\/v2\/posts\/2497\/revisions\/2508"}],"wp:featuredmedia":[{"embeddable":true,"href":"https:\/\/test.cookdigital.net\/campoparatodos\/wp-json\/wp\/v2\/media\/2498"}],"wp:attachment":[{"href":"https:\/\/test.cookdigital.net\/campoparatodos\/wp-json\/wp\/v2\/media?parent=2497"}],"wp:term":[{"taxonomy":"category","embeddable":true,"href":"https:\/\/test.cookdigital.net\/campoparatodos\/wp-json\/wp\/v2\/categories?post=2497"},{"taxonomy":"post_tag","embeddable":true,"href":"https:\/\/test.cookdigital.net\/campoparatodos\/wp-json\/wp\/v2\/tags?post=2497"}],"curies":[{"name":"wp","href":"https:\/\/api.w.org\/{rel}","templated":true}]}}