{"id":2487,"date":"2023-04-24T21:53:33","date_gmt":"2023-04-24T21:53:33","guid":{"rendered":"https:\/\/www.campoparatodos.com.ar\/?p=2487"},"modified":"2023-04-26T15:02:12","modified_gmt":"2023-04-26T15:02:12","slug":"en-santiago-del-estero-muchos-cultivos-se-van-a-cosechar-teniendo-margenes-negativos","status":"publish","type":"post","link":"https:\/\/test.cookdigital.net\/campoparatodos\/2023\/04\/24\/en-santiago-del-estero-muchos-cultivos-se-van-a-cosechar-teniendo-margenes-negativos\/","title":{"rendered":"En Santiago del Estero muchos cultivos se van a cosechar teniendo m\u00e1rgenes negativos"},"content":{"rendered":"<p><strong><em>Para conocer c\u00f3mo est\u00e1 la situaci\u00f3n del sector agr\u00edcola en Santiago del Estero entrevistamos al Ingeniero Agr\u00f3nomo Daniel \u201cPipo\u201d Rossi, quien es un reconocido profesional que se desempe\u00f1a asesorando y produciendo en la zona de los departamentos, Guasayan, Choya y Banda y nos dijo lo siguiente.<\/em><\/strong><\/p>\n<p><img data-attachment-id=\"2493\" data-permalink=\"https:\/\/test.cookdigital.net\/campoparatodos\/2023\/04\/24\/en-santiago-del-estero-muchos-cultivos-se-van-a-cosechar-teniendo-margenes-negativos\/whatsapp-image-2023-03-27-at-10-46-46pipo\/#main\" data-orig-file=\"https:\/\/i2.wp.com\/test.cookdigital.net\/campoparatodos\/wp-content\/uploads\/2023\/04\/WhatsApp-Image-2023-03-27-at-10.46.46pipo.jpg?fit=1152%2C864&amp;ssl=1\" data-orig-size=\"1152,864\" data-comments-opened=\"1\" data-image-meta=\"{&quot;aperture&quot;:&quot;0&quot;,&quot;credit&quot;:&quot;&quot;,&quot;camera&quot;:&quot;&quot;,&quot;caption&quot;:&quot;&quot;,&quot;created_timestamp&quot;:&quot;0&quot;,&quot;copyright&quot;:&quot;&quot;,&quot;focal_length&quot;:&quot;0&quot;,&quot;iso&quot;:&quot;0&quot;,&quot;shutter_speed&quot;:&quot;0&quot;,&quot;title&quot;:&quot;&quot;,&quot;orientation&quot;:&quot;1&quot;}\" data-image-title=\"WhatsApp Image 2023-03-27 at 10.46.46pipo\" data-image-description=\"\" data-medium-file=\"https:\/\/i2.wp.com\/test.cookdigital.net\/campoparatodos\/wp-content\/uploads\/2023\/04\/WhatsApp-Image-2023-03-27-at-10.46.46pipo.jpg?fit=300%2C225&amp;ssl=1\" data-large-file=\"https:\/\/i2.wp.com\/test.cookdigital.net\/campoparatodos\/wp-content\/uploads\/2023\/04\/WhatsApp-Image-2023-03-27-at-10.46.46pipo.jpg?fit=1024%2C768&amp;ssl=1\" loading=\"lazy\" class=\"aligncenter size-large wp-image-2493\" src=\"https:\/\/i2.wp.com\/www.campoparatodos.com.ar\/wp-content\/uploads\/2023\/04\/WhatsApp-Image-2023-03-27-at-10.46.46pipo-1024x768.jpg?resize=1024%2C768&#038;ssl=1\" alt=\"\" width=\"1024\" height=\"768\" srcset=\"https:\/\/i2.wp.com\/test.cookdigital.net\/campoparatodos\/wp-content\/uploads\/2023\/04\/WhatsApp-Image-2023-03-27-at-10.46.46pipo.jpg?resize=1024%2C768&amp;ssl=1 1024w, https:\/\/i2.wp.com\/test.cookdigital.net\/campoparatodos\/wp-content\/uploads\/2023\/04\/WhatsApp-Image-2023-03-27-at-10.46.46pipo.jpg?resize=300%2C225&amp;ssl=1 300w, https:\/\/i2.wp.com\/test.cookdigital.net\/campoparatodos\/wp-content\/uploads\/2023\/04\/WhatsApp-Image-2023-03-27-at-10.46.46pipo.jpg?resize=768%2C576&amp;ssl=1 768w, https:\/\/i2.wp.com\/test.cookdigital.net\/campoparatodos\/wp-content\/uploads\/2023\/04\/WhatsApp-Image-2023-03-27-at-10.46.46pipo.jpg?w=1152&amp;ssl=1 1152w\" sizes=\"(max-width: 1024px) 100vw, 1024px\" data-recalc-dims=\"1\" \/><\/p>\n<p><!--more--><\/p>\n<p>\u00abCon respecto al estado de los cultivos de soja, ma\u00edz, poroto en sus distintos tipos: negro, mung y adzuki; tambi\u00e9n algunos otros cultivos que estamos probando como girasol oleico y trigo sarraceno. <strong>En general, el estado de los cultivos de los commodities como soja y ma\u00edz es malo a regular, no hay cultivos buenos de soja y ma\u00edz, solamente aquellos que han sido sembrado de manera muy tard\u00eda, sobre fines de enero y principios de febrero, esos son los que mantienen algunas expectativas con respecto a cosechar algo. Siempre y cuando siga lloviendo y sobre todo que las heladas se alejen de las fechas promedio de inicio, necesitamos que se alejen de mayo para poder tener cierta seguridad de que se van a cosechar algunos lotes de ma\u00edz\u00bb.<\/strong><\/p>\n<p><img data-attachment-id=\"2346\" data-permalink=\"https:\/\/test.cookdigital.net\/campoparatodos\/2023\/02\/01\/se-realizo-el-2-concurso-de-la-mejor-sandia\/cpt-template-181\/#main\" data-orig-file=\"https:\/\/i2.wp.com\/test.cookdigital.net\/campoparatodos\/wp-content\/uploads\/2023\/02\/MAR-PLAST-instagram-1080_PerfectlyClear.jpg?fit=2299%2C1654&amp;ssl=1\" data-orig-size=\"2299,1654\" data-comments-opened=\"1\" data-image-meta=\"{&quot;aperture&quot;:&quot;0&quot;,&quot;credit&quot;:&quot;carlos&quot;,&quot;camera&quot;:&quot;&quot;,&quot;caption&quot;:&quot;cpt-template&quot;,&quot;created_timestamp&quot;:&quot;1668766145&quot;,&quot;copyright&quot;:&quot;&quot;,&quot;focal_length&quot;:&quot;0&quot;,&quot;iso&quot;:&quot;0&quot;,&quot;shutter_speed&quot;:&quot;0&quot;,&quot;title&quot;:&quot;cpt-template&quot;,&quot;orientation&quot;:&quot;1&quot;}\" data-image-title=\"cpt-template\" data-image-description=\"\" data-medium-file=\"https:\/\/i2.wp.com\/test.cookdigital.net\/campoparatodos\/wp-content\/uploads\/2023\/02\/MAR-PLAST-instagram-1080_PerfectlyClear.jpg?fit=300%2C216&amp;ssl=1\" data-large-file=\"https:\/\/i2.wp.com\/test.cookdigital.net\/campoparatodos\/wp-content\/uploads\/2023\/02\/MAR-PLAST-instagram-1080_PerfectlyClear.jpg?fit=1024%2C737&amp;ssl=1\" loading=\"lazy\" class=\"size-large wp-image-2346\" src=\"https:\/\/i2.wp.com\/www.campoparatodos.com.ar\/wp-content\/uploads\/2023\/02\/MAR-PLAST-instagram-1080_PerfectlyClear-1024x737.jpg?resize=1024%2C737&#038;ssl=1\" alt=\"\" width=\"1024\" height=\"737\" srcset=\"https:\/\/i2.wp.com\/test.cookdigital.net\/campoparatodos\/wp-content\/uploads\/2023\/02\/MAR-PLAST-instagram-1080_PerfectlyClear.jpg?resize=1024%2C737&amp;ssl=1 1024w, https:\/\/i2.wp.com\/test.cookdigital.net\/campoparatodos\/wp-content\/uploads\/2023\/02\/MAR-PLAST-instagram-1080_PerfectlyClear.jpg?resize=300%2C216&amp;ssl=1 300w, https:\/\/i2.wp.com\/test.cookdigital.net\/campoparatodos\/wp-content\/uploads\/2023\/02\/MAR-PLAST-instagram-1080_PerfectlyClear.jpg?resize=768%2C553&amp;ssl=1 768w, https:\/\/i2.wp.com\/test.cookdigital.net\/campoparatodos\/wp-content\/uploads\/2023\/02\/MAR-PLAST-instagram-1080_PerfectlyClear.jpg?resize=1536%2C1105&amp;ssl=1 1536w, https:\/\/i2.wp.com\/test.cookdigital.net\/campoparatodos\/wp-content\/uploads\/2023\/02\/MAR-PLAST-instagram-1080_PerfectlyClear.jpg?resize=2048%2C1473&amp;ssl=1 2048w\" sizes=\"(max-width: 1024px) 100vw, 1024px\" data-recalc-dims=\"1\" \/><\/p>\n<p>\u00abEn cuanto a los porotos algunos cultivos est\u00e1n perdidos, otros est\u00e1n en carrera y al mismo tiempo golpeados por la seca, pero bueno, ah\u00ed estamos. El trigo sarraceno, un lote que me toca ver por primera vez, la verdad que se viene comportando muy bien y con chance, hasta ahora, de cosechar todo el lote. El girasol en la localidad de Pozo Hondo viene demostrando una gran adaptaci\u00f3n a situaciones de estr\u00e9s h\u00eddrico, como la que venimos sufriendo en estos \u00faltimos a\u00f1os\u00bb.<\/p>\n<figure id=\"attachment_2491\" aria-describedby=\"caption-attachment-2491\" style=\"width: 1014px\" class=\"wp-caption aligncenter\"><img data-attachment-id=\"2491\" data-permalink=\"https:\/\/test.cookdigital.net\/campoparatodos\/2023\/04\/24\/en-santiago-del-estero-muchos-cultivos-se-van-a-cosechar-teniendo-margenes-negativos\/whatsapp-image-2023-03-27-at-10-46-46-1pipo\/#main\" data-orig-file=\"https:\/\/i0.wp.com\/test.cookdigital.net\/campoparatodos\/wp-content\/uploads\/2023\/04\/WhatsApp-Image-2023-03-27-at-10.46.46-1pipo.jpg?fit=1152%2C864&amp;ssl=1\" data-orig-size=\"1152,864\" data-comments-opened=\"1\" data-image-meta=\"{&quot;aperture&quot;:&quot;0&quot;,&quot;credit&quot;:&quot;&quot;,&quot;camera&quot;:&quot;&quot;,&quot;caption&quot;:&quot;&quot;,&quot;created_timestamp&quot;:&quot;0&quot;,&quot;copyright&quot;:&quot;&quot;,&quot;focal_length&quot;:&quot;0&quot;,&quot;iso&quot;:&quot;0&quot;,&quot;shutter_speed&quot;:&quot;0&quot;,&quot;title&quot;:&quot;&quot;,&quot;orientation&quot;:&quot;1&quot;}\" data-image-title=\"WhatsApp Image 2023-03-27 at 10.46.46 (1)pipo\" data-image-description=\"\" data-medium-file=\"https:\/\/i0.wp.com\/test.cookdigital.net\/campoparatodos\/wp-content\/uploads\/2023\/04\/WhatsApp-Image-2023-03-27-at-10.46.46-1pipo.jpg?fit=300%2C225&amp;ssl=1\" data-large-file=\"https:\/\/i0.wp.com\/test.cookdigital.net\/campoparatodos\/wp-content\/uploads\/2023\/04\/WhatsApp-Image-2023-03-27-at-10.46.46-1pipo.jpg?fit=1024%2C768&amp;ssl=1\" loading=\"lazy\" class=\"wp-image-2491 size-large\" src=\"https:\/\/i2.wp.com\/www.campoparatodos.com.ar\/wp-content\/uploads\/2023\/04\/WhatsApp-Image-2023-03-27-at-10.46.46-1pipo-1024x768.jpg?resize=1024%2C768&#038;ssl=1\" alt=\"\" width=\"1024\" height=\"768\" srcset=\"https:\/\/i0.wp.com\/test.cookdigital.net\/campoparatodos\/wp-content\/uploads\/2023\/04\/WhatsApp-Image-2023-03-27-at-10.46.46-1pipo.jpg?resize=1024%2C768&amp;ssl=1 1024w, https:\/\/i0.wp.com\/test.cookdigital.net\/campoparatodos\/wp-content\/uploads\/2023\/04\/WhatsApp-Image-2023-03-27-at-10.46.46-1pipo.jpg?resize=300%2C225&amp;ssl=1 300w, https:\/\/i0.wp.com\/test.cookdigital.net\/campoparatodos\/wp-content\/uploads\/2023\/04\/WhatsApp-Image-2023-03-27-at-10.46.46-1pipo.jpg?resize=768%2C576&amp;ssl=1 768w, https:\/\/i0.wp.com\/test.cookdigital.net\/campoparatodos\/wp-content\/uploads\/2023\/04\/WhatsApp-Image-2023-03-27-at-10.46.46-1pipo.jpg?w=1152&amp;ssl=1 1152w\" sizes=\"(max-width: 1024px) 100vw, 1024px\" data-recalc-dims=\"1\" \/><figcaption id=\"caption-attachment-2491\" class=\"wp-caption-text\">Cultivo del trigo Sarraceno.<\/figcaption><\/figure>\n<figure id=\"attachment_2492\" aria-describedby=\"caption-attachment-2492\" style=\"width: 758px\" class=\"wp-caption aligncenter\"><img data-attachment-id=\"2492\" data-permalink=\"https:\/\/test.cookdigital.net\/campoparatodos\/2023\/04\/24\/en-santiago-del-estero-muchos-cultivos-se-van-a-cosechar-teniendo-margenes-negativos\/whatsapp-image-2023-03-27-at-10-46-46-2pipo\/#main\" data-orig-file=\"https:\/\/i2.wp.com\/test.cookdigital.net\/campoparatodos\/wp-content\/uploads\/2023\/04\/WhatsApp-Image-2023-03-27-at-10.46.46-2pipo.jpg?fit=864%2C1152&amp;ssl=1\" data-orig-size=\"864,1152\" data-comments-opened=\"1\" data-image-meta=\"{&quot;aperture&quot;:&quot;0&quot;,&quot;credit&quot;:&quot;&quot;,&quot;camera&quot;:&quot;&quot;,&quot;caption&quot;:&quot;&quot;,&quot;created_timestamp&quot;:&quot;0&quot;,&quot;copyright&quot;:&quot;&quot;,&quot;focal_length&quot;:&quot;0&quot;,&quot;iso&quot;:&quot;0&quot;,&quot;shutter_speed&quot;:&quot;0&quot;,&quot;title&quot;:&quot;&quot;,&quot;orientation&quot;:&quot;1&quot;}\" data-image-title=\"WhatsApp Image 2023-03-27 at 10.46.46 (2)pipo\" data-image-description=\"\" data-medium-file=\"https:\/\/i2.wp.com\/test.cookdigital.net\/campoparatodos\/wp-content\/uploads\/2023\/04\/WhatsApp-Image-2023-03-27-at-10.46.46-2pipo.jpg?fit=225%2C300&amp;ssl=1\" data-large-file=\"https:\/\/i2.wp.com\/test.cookdigital.net\/campoparatodos\/wp-content\/uploads\/2023\/04\/WhatsApp-Image-2023-03-27-at-10.46.46-2pipo.jpg?fit=768%2C1024&amp;ssl=1\" loading=\"lazy\" class=\"size-large wp-image-2492\" src=\"https:\/\/i2.wp.com\/www.campoparatodos.com.ar\/wp-content\/uploads\/2023\/04\/WhatsApp-Image-2023-03-27-at-10.46.46-2pipo-768x1024.jpg?resize=768%2C1024&#038;ssl=1\" alt=\"\" width=\"768\" height=\"1024\" srcset=\"https:\/\/i2.wp.com\/test.cookdigital.net\/campoparatodos\/wp-content\/uploads\/2023\/04\/WhatsApp-Image-2023-03-27-at-10.46.46-2pipo.jpg?resize=768%2C1024&amp;ssl=1 768w, https:\/\/i2.wp.com\/test.cookdigital.net\/campoparatodos\/wp-content\/uploads\/2023\/04\/WhatsApp-Image-2023-03-27-at-10.46.46-2pipo.jpg?resize=225%2C300&amp;ssl=1 225w, https:\/\/i2.wp.com\/test.cookdigital.net\/campoparatodos\/wp-content\/uploads\/2023\/04\/WhatsApp-Image-2023-03-27-at-10.46.46-2pipo.jpg?w=864&amp;ssl=1 864w\" sizes=\"(max-width: 768px) 100vw, 768px\" data-recalc-dims=\"1\" \/><figcaption id=\"caption-attachment-2492\" class=\"wp-caption-text\">Fruto y flor del trigo Sarraceno<\/figcaption><\/figure>\n<p>\u00abEl principal problema que est\u00e1 afectando esta campa\u00f1a y que la venimos sufriendo desde hace dos campa\u00f1as atr\u00e1s tambi\u00e9n en la falta de precipitaciones. Cuando digo la falta de precipitaciones, no solamente es una menor cantidad de lluvia, sino que se va incrementando las variabilidades en cuanto a distribuci\u00f3n y vol\u00famenes desde el punto de vista territorial, es decir, en un mismo campo que puedan tener dos o tres kil\u00f3metros desde una punta a la otra las variaciones son del 100%, en un lugar llueve en el otro extremo no llueve. Esto viene caracteriz\u00e1ndolas a las \u00faltimas tres campa\u00f1as\u00bb.<\/p>\n<p><img data-attachment-id=\"2244\" data-permalink=\"https:\/\/test.cookdigital.net\/campoparatodos\/2022\/12\/05\/riego-en-algodon\/ford-lo-bruno-nov-22\/#main\" data-orig-file=\"https:\/\/i2.wp.com\/test.cookdigital.net\/campoparatodos\/wp-content\/uploads\/2022\/12\/FORD-LO-BRUNO-NOV.-22.jpg?fit=1536%2C1103&amp;ssl=1\" data-orig-size=\"1536,1103\" data-comments-opened=\"1\" data-image-meta=\"{&quot;aperture&quot;:&quot;0&quot;,&quot;credit&quot;:&quot;Vicky Dominguez&quot;,&quot;camera&quot;:&quot;&quot;,&quot;caption&quot;:&quot;&quot;,&quot;created_timestamp&quot;:&quot;1668760968&quot;,&quot;copyright&quot;:&quot;&quot;,&quot;focal_length&quot;:&quot;0&quot;,&quot;iso&quot;:&quot;0&quot;,&quot;shutter_speed&quot;:&quot;0&quot;,&quot;title&quot;:&quot;&quot;,&quot;orientation&quot;:&quot;0&quot;}\" data-image-title=\"FORD LO BRUNO NOV. 22\" data-image-description=\"\" data-medium-file=\"https:\/\/i2.wp.com\/test.cookdigital.net\/campoparatodos\/wp-content\/uploads\/2022\/12\/FORD-LO-BRUNO-NOV.-22.jpg?fit=300%2C215&amp;ssl=1\" data-large-file=\"https:\/\/i2.wp.com\/test.cookdigital.net\/campoparatodos\/wp-content\/uploads\/2022\/12\/FORD-LO-BRUNO-NOV.-22.jpg?fit=1024%2C735&amp;ssl=1\" loading=\"lazy\" class=\"aligncenter size-large wp-image-2244\" src=\"https:\/\/i0.wp.com\/www.campoparatodos.com.ar\/wp-content\/uploads\/2022\/12\/FORD-LO-BRUNO-NOV.-22-1024x735.jpg?resize=1024%2C735&#038;ssl=1\" alt=\"\" width=\"1024\" height=\"735\" srcset=\"https:\/\/i2.wp.com\/test.cookdigital.net\/campoparatodos\/wp-content\/uploads\/2022\/12\/FORD-LO-BRUNO-NOV.-22.jpg?resize=1024%2C735&amp;ssl=1 1024w, https:\/\/i2.wp.com\/test.cookdigital.net\/campoparatodos\/wp-content\/uploads\/2022\/12\/FORD-LO-BRUNO-NOV.-22.jpg?resize=300%2C215&amp;ssl=1 300w, https:\/\/i2.wp.com\/test.cookdigital.net\/campoparatodos\/wp-content\/uploads\/2022\/12\/FORD-LO-BRUNO-NOV.-22.jpg?resize=768%2C552&amp;ssl=1 768w, https:\/\/i2.wp.com\/test.cookdigital.net\/campoparatodos\/wp-content\/uploads\/2022\/12\/FORD-LO-BRUNO-NOV.-22.jpg?w=1536&amp;ssl=1 1536w\" sizes=\"(max-width: 1024px) 100vw, 1024px\" data-recalc-dims=\"1\" \/><\/p>\n<p>\u00abEl otro grave problema que hemos tenido en estas campa\u00f1as y que lo venimos notando, sin tener registros estad\u00edsticos, el incremento de las temperaturas. Este \u00faltimo a\u00f1o, sobre todo, se ha notado demasiado y si uno mira un poquito hacia atr\u00e1s, el a\u00f1o pasado las temperaturas se han ido tambi\u00e9n hacia los extremos. A modo de ejemplo, <strong>en la zona de Lavalle departamento Guasay\u00e1n, el a\u00f1o pasado hemos tenido heladas sobre fines de marzo y principios de abril<\/strong>, que en las partes m\u00e1s bajas de los campos han afectado los cultivos y por ende los rendimientos. <strong>Y tambi\u00e9n ha habido una helada tard\u00eda a fines de octubre principios de noviembre<\/strong>, con lo cual estamos viendo que no solamente las precipitaciones, sino las temperaturas tambi\u00e9n van aumentando la variabilidad de a\u00f1o a a\u00f1o\u00bb.<\/p>\n<figure id=\"attachment_2489\" aria-describedby=\"caption-attachment-2489\" style=\"width: 1014px\" class=\"wp-caption aligncenter\"><img data-attachment-id=\"2489\" data-permalink=\"https:\/\/test.cookdigital.net\/campoparatodos\/2023\/04\/24\/en-santiago-del-estero-muchos-cultivos-se-van-a-cosechar-teniendo-margenes-negativos\/whatsapp-image-2023-04-07-at-12-30-13pipo\/#main\" data-orig-file=\"https:\/\/i2.wp.com\/test.cookdigital.net\/campoparatodos\/wp-content\/uploads\/2023\/04\/WhatsApp-Image-2023-04-07-at-12.30.13pipo.jpg?fit=1152%2C864&amp;ssl=1\" data-orig-size=\"1152,864\" data-comments-opened=\"1\" data-image-meta=\"{&quot;aperture&quot;:&quot;0&quot;,&quot;credit&quot;:&quot;&quot;,&quot;camera&quot;:&quot;&quot;,&quot;caption&quot;:&quot;&quot;,&quot;created_timestamp&quot;:&quot;0&quot;,&quot;copyright&quot;:&quot;&quot;,&quot;focal_length&quot;:&quot;0&quot;,&quot;iso&quot;:&quot;0&quot;,&quot;shutter_speed&quot;:&quot;0&quot;,&quot;title&quot;:&quot;&quot;,&quot;orientation&quot;:&quot;1&quot;}\" data-image-title=\"WhatsApp Image 2023-04-07 at 12.30.13pipo\" data-image-description=\"\" data-medium-file=\"https:\/\/i2.wp.com\/test.cookdigital.net\/campoparatodos\/wp-content\/uploads\/2023\/04\/WhatsApp-Image-2023-04-07-at-12.30.13pipo.jpg?fit=300%2C225&amp;ssl=1\" data-large-file=\"https:\/\/i2.wp.com\/test.cookdigital.net\/campoparatodos\/wp-content\/uploads\/2023\/04\/WhatsApp-Image-2023-04-07-at-12.30.13pipo.jpg?fit=1024%2C768&amp;ssl=1\" loading=\"lazy\" class=\"size-large wp-image-2489\" src=\"https:\/\/i0.wp.com\/www.campoparatodos.com.ar\/wp-content\/uploads\/2023\/04\/WhatsApp-Image-2023-04-07-at-12.30.13pipo-1024x768.jpg?resize=1024%2C768&#038;ssl=1\" alt=\"\" width=\"1024\" height=\"768\" srcset=\"https:\/\/i2.wp.com\/test.cookdigital.net\/campoparatodos\/wp-content\/uploads\/2023\/04\/WhatsApp-Image-2023-04-07-at-12.30.13pipo.jpg?resize=1024%2C768&amp;ssl=1 1024w, https:\/\/i2.wp.com\/test.cookdigital.net\/campoparatodos\/wp-content\/uploads\/2023\/04\/WhatsApp-Image-2023-04-07-at-12.30.13pipo.jpg?resize=300%2C225&amp;ssl=1 300w, https:\/\/i2.wp.com\/test.cookdigital.net\/campoparatodos\/wp-content\/uploads\/2023\/04\/WhatsApp-Image-2023-04-07-at-12.30.13pipo.jpg?resize=768%2C576&amp;ssl=1 768w, https:\/\/i2.wp.com\/test.cookdigital.net\/campoparatodos\/wp-content\/uploads\/2023\/04\/WhatsApp-Image-2023-04-07-at-12.30.13pipo.jpg?w=1152&amp;ssl=1 1152w\" sizes=\"(max-width: 1024px) 100vw, 1024px\" data-recalc-dims=\"1\" \/><figcaption id=\"caption-attachment-2489\" class=\"wp-caption-text\">Poroto Adzuky en Dpto. Guasayan.<\/figcaption><\/figure>\n<p>\u00ab<strong>Otro inconveniente, que hemos tenido tambi\u00e9n es que debido a la mala distribuci\u00f3n de las precipitaciones hizo que se hayan concentrado las siembras y no siempre se consigue disponibilidad de maquinarias para hacer los trabajos en tiempo y forma. Esto nos ha llevado, a tener que forzar, en muchos casos, tanto siembras como aplicaciones.<\/strong><\/p>\n<p><strong> <img data-attachment-id=\"2276\" data-permalink=\"https:\/\/test.cookdigital.net\/campoparatodos\/2022\/12\/26\/inauguracion-del-laboratorio-veterinario-quebrachales-tintina\/norlit\/#main\" data-orig-file=\"https:\/\/i0.wp.com\/test.cookdigital.net\/campoparatodos\/wp-content\/uploads\/2022\/12\/NORLIT.jpg?fit=2008%2C591&amp;ssl=1\" data-orig-size=\"2008,591\" data-comments-opened=\"1\" data-image-meta=\"{&quot;aperture&quot;:&quot;0&quot;,&quot;credit&quot;:&quot;&quot;,&quot;camera&quot;:&quot;&quot;,&quot;caption&quot;:&quot;&quot;,&quot;created_timestamp&quot;:&quot;0&quot;,&quot;copyright&quot;:&quot;&quot;,&quot;focal_length&quot;:&quot;0&quot;,&quot;iso&quot;:&quot;0&quot;,&quot;shutter_speed&quot;:&quot;0&quot;,&quot;title&quot;:&quot;&quot;,&quot;orientation&quot;:&quot;0&quot;}\" data-image-title=\"NORLIT\" data-image-description=\"\" data-medium-file=\"https:\/\/i0.wp.com\/test.cookdigital.net\/campoparatodos\/wp-content\/uploads\/2022\/12\/NORLIT.jpg?fit=300%2C88&amp;ssl=1\" data-large-file=\"https:\/\/i0.wp.com\/test.cookdigital.net\/campoparatodos\/wp-content\/uploads\/2022\/12\/NORLIT.jpg?fit=1024%2C301&amp;ssl=1\" loading=\"lazy\" class=\"aligncenter size-large wp-image-2276\" src=\"https:\/\/i2.wp.com\/www.campoparatodos.com.ar\/wp-content\/uploads\/2022\/12\/NORLIT-1024x301.jpg?resize=1024%2C301&#038;ssl=1\" alt=\"\" width=\"1024\" height=\"301\" srcset=\"https:\/\/i0.wp.com\/test.cookdigital.net\/campoparatodos\/wp-content\/uploads\/2022\/12\/NORLIT.jpg?resize=1024%2C301&amp;ssl=1 1024w, https:\/\/i0.wp.com\/test.cookdigital.net\/campoparatodos\/wp-content\/uploads\/2022\/12\/NORLIT.jpg?resize=300%2C88&amp;ssl=1 300w, https:\/\/i0.wp.com\/test.cookdigital.net\/campoparatodos\/wp-content\/uploads\/2022\/12\/NORLIT.jpg?resize=768%2C226&amp;ssl=1 768w, https:\/\/i0.wp.com\/test.cookdigital.net\/campoparatodos\/wp-content\/uploads\/2022\/12\/NORLIT.jpg?resize=1536%2C452&amp;ssl=1 1536w, https:\/\/i0.wp.com\/test.cookdigital.net\/campoparatodos\/wp-content\/uploads\/2022\/12\/NORLIT.jpg?w=2008&amp;ssl=1 2008w\" sizes=\"(max-width: 1024px) 100vw, 1024px\" data-recalc-dims=\"1\" \/><\/strong><br \/>\nPor \u00faltimo<strong>, tengo que sumar a los problemas el mal estado de los caminos, la verdad que deja mucho que desear trasladarse por alguna ruta provincial, es muy dif\u00edcil, por ejemplo, el camino que va de Guasayan a Villa Guasayan es intransitable, no quiere entrar nadie. Si tienes que contratar servicio de siembra, una aplicaci\u00f3n o sacar un ternero, es imposible, directamente no se puede andar por esa ruta.<\/strong> Resumiendo, te dir\u00eda que, las precipitaciones, las temperaturas, la concentraci\u00f3n de las labores y el mal estado de los caminos atentaron contra una buena siembra\u00bb.<\/p>\n<p><img data-attachment-id=\"2495\" data-permalink=\"https:\/\/test.cookdigital.net\/campoparatodos\/2023\/04\/24\/en-santiago-del-estero-muchos-cultivos-se-van-a-cosechar-teniendo-margenes-negativos\/cpt-template-193\/#main\" data-orig-file=\"https:\/\/i0.wp.com\/test.cookdigital.net\/campoparatodos\/wp-content\/uploads\/2023\/04\/COPSAT.jpg?fit=2008%2C591&amp;ssl=1\" data-orig-size=\"2008,591\" data-comments-opened=\"1\" data-image-meta=\"{&quot;aperture&quot;:&quot;0&quot;,&quot;credit&quot;:&quot;carlos&quot;,&quot;camera&quot;:&quot;&quot;,&quot;caption&quot;:&quot;cpt-template&quot;,&quot;created_timestamp&quot;:&quot;1681498230&quot;,&quot;copyright&quot;:&quot;&quot;,&quot;focal_length&quot;:&quot;0&quot;,&quot;iso&quot;:&quot;0&quot;,&quot;shutter_speed&quot;:&quot;0&quot;,&quot;title&quot;:&quot;cpt-template&quot;,&quot;orientation&quot;:&quot;0&quot;}\" data-image-title=\"cpt-template\" data-image-description=\"\" data-medium-file=\"https:\/\/i0.wp.com\/test.cookdigital.net\/campoparatodos\/wp-content\/uploads\/2023\/04\/COPSAT.jpg?fit=300%2C88&amp;ssl=1\" data-large-file=\"https:\/\/i0.wp.com\/test.cookdigital.net\/campoparatodos\/wp-content\/uploads\/2023\/04\/COPSAT.jpg?fit=1024%2C301&amp;ssl=1\" loading=\"lazy\" class=\"size-large wp-image-2495\" src=\"https:\/\/i0.wp.com\/www.campoparatodos.com.ar\/wp-content\/uploads\/2023\/04\/COPSAT-1024x301.jpg?resize=1024%2C301&#038;ssl=1\" alt=\"\" width=\"1024\" height=\"301\" srcset=\"https:\/\/i0.wp.com\/test.cookdigital.net\/campoparatodos\/wp-content\/uploads\/2023\/04\/COPSAT.jpg?resize=1024%2C301&amp;ssl=1 1024w, https:\/\/i0.wp.com\/test.cookdigital.net\/campoparatodos\/wp-content\/uploads\/2023\/04\/COPSAT.jpg?resize=300%2C88&amp;ssl=1 300w, https:\/\/i0.wp.com\/test.cookdigital.net\/campoparatodos\/wp-content\/uploads\/2023\/04\/COPSAT.jpg?resize=768%2C226&amp;ssl=1 768w, https:\/\/i0.wp.com\/test.cookdigital.net\/campoparatodos\/wp-content\/uploads\/2023\/04\/COPSAT.jpg?resize=1536%2C452&amp;ssl=1 1536w, https:\/\/i0.wp.com\/test.cookdigital.net\/campoparatodos\/wp-content\/uploads\/2023\/04\/COPSAT.jpg?w=2008&amp;ssl=1 2008w\" sizes=\"(max-width: 1024px) 100vw, 1024px\" data-recalc-dims=\"1\" \/><\/p>\n<p>\u00abAdem\u00e1s de los factores de precipitaci\u00f3n, de temperaturas y fechas de siembras el estado de los lotes depende mucho tambi\u00e9n del manejo anterior que se venga haciendo al campo, nosotros tratamos de manejar el sistema y no al lote, por lo tanto, todos los cultivos que tenemos est\u00e1n en carrera porque se han sembrado tard\u00edamente, ayudados por un esquema de rotaci\u00f3n y de fertilizaci\u00f3n que nos permite soportar hasta ahora todo lo que nos viene ocurriendo.<\/p>\n<p><img data-attachment-id=\"2326\" data-permalink=\"https:\/\/test.cookdigital.net\/campoparatodos\/2023\/02\/01\/sandias-tenemos-que-cambiar-la-forma-de-cultivarlas-y-hacer-primicia\/durgam\/#main\" data-orig-file=\"https:\/\/i2.wp.com\/test.cookdigital.net\/campoparatodos\/wp-content\/uploads\/2023\/02\/DURGAM.jpg?fit=1033%2C295&amp;ssl=1\" data-orig-size=\"1033,295\" data-comments-opened=\"1\" data-image-meta=\"{&quot;aperture&quot;:&quot;0&quot;,&quot;credit&quot;:&quot;carlos&quot;,&quot;camera&quot;:&quot;&quot;,&quot;caption&quot;:&quot;&quot;,&quot;created_timestamp&quot;:&quot;1538685612&quot;,&quot;copyright&quot;:&quot;&quot;,&quot;focal_length&quot;:&quot;0&quot;,&quot;iso&quot;:&quot;0&quot;,&quot;shutter_speed&quot;:&quot;0&quot;,&quot;title&quot;:&quot;&quot;,&quot;orientation&quot;:&quot;0&quot;}\" data-image-title=\"DURGAM\" data-image-description=\"\" data-medium-file=\"https:\/\/i2.wp.com\/test.cookdigital.net\/campoparatodos\/wp-content\/uploads\/2023\/02\/DURGAM.jpg?fit=300%2C86&amp;ssl=1\" data-large-file=\"https:\/\/i2.wp.com\/test.cookdigital.net\/campoparatodos\/wp-content\/uploads\/2023\/02\/DURGAM.jpg?fit=1024%2C292&amp;ssl=1\" loading=\"lazy\" class=\"aligncenter size-large wp-image-2326\" src=\"https:\/\/i2.wp.com\/www.campoparatodos.com.ar\/wp-content\/uploads\/2023\/02\/DURGAM-1024x292.jpg?resize=1024%2C292&#038;ssl=1\" alt=\"\" width=\"1024\" height=\"292\" srcset=\"https:\/\/i2.wp.com\/test.cookdigital.net\/campoparatodos\/wp-content\/uploads\/2023\/02\/DURGAM.jpg?resize=1024%2C292&amp;ssl=1 1024w, https:\/\/i2.wp.com\/test.cookdigital.net\/campoparatodos\/wp-content\/uploads\/2023\/02\/DURGAM.jpg?resize=300%2C86&amp;ssl=1 300w, https:\/\/i2.wp.com\/test.cookdigital.net\/campoparatodos\/wp-content\/uploads\/2023\/02\/DURGAM.jpg?resize=768%2C219&amp;ssl=1 768w, https:\/\/i2.wp.com\/test.cookdigital.net\/campoparatodos\/wp-content\/uploads\/2023\/02\/DURGAM.jpg?w=1033&amp;ssl=1 1033w\" sizes=\"(max-width: 1024px) 100vw, 1024px\" data-recalc-dims=\"1\" \/><br \/>\n<span style=\"color: #ff0000;\"><strong>Creo que los cultivos se van a cosechar, en mayor o en menor medida, dependiendo de tres o cuatro factores: la primera es la precipitaci\u00f3n, la segunda la temperatura, la tercera es la fecha de siembra y la cuarta es el ciclo de los cultivos. Esos factores van a definir el \u00e9xito de cosecha, no el \u00e9xito del negocio. Porque muchos cultivos se van a cosechar teniendo m\u00e1rgenes negativos<\/strong><\/span>\u00ab.<\/p>\n<figure id=\"attachment_2490\" aria-describedby=\"caption-attachment-2490\" style=\"width: 758px\" class=\"wp-caption aligncenter\"><img data-attachment-id=\"2490\" data-permalink=\"https:\/\/test.cookdigital.net\/campoparatodos\/2023\/04\/24\/en-santiago-del-estero-muchos-cultivos-se-van-a-cosechar-teniendo-margenes-negativos\/whatsapp-image-2023-04-07-at-12-28-46pipo\/#main\" data-orig-file=\"https:\/\/i0.wp.com\/test.cookdigital.net\/campoparatodos\/wp-content\/uploads\/2023\/04\/WhatsApp-Image-2023-04-07-at-12.28.46pipo.jpg?fit=768%2C1024&amp;ssl=1\" data-orig-size=\"768,1024\" data-comments-opened=\"1\" data-image-meta=\"{&quot;aperture&quot;:&quot;0&quot;,&quot;credit&quot;:&quot;&quot;,&quot;camera&quot;:&quot;&quot;,&quot;caption&quot;:&quot;&quot;,&quot;created_timestamp&quot;:&quot;0&quot;,&quot;copyright&quot;:&quot;&quot;,&quot;focal_length&quot;:&quot;0&quot;,&quot;iso&quot;:&quot;0&quot;,&quot;shutter_speed&quot;:&quot;0&quot;,&quot;title&quot;:&quot;&quot;,&quot;orientation&quot;:&quot;1&quot;}\" data-image-title=\"WhatsApp Image 2023-04-07 at 12.28.46pipo\" data-image-description=\"\" data-medium-file=\"https:\/\/i0.wp.com\/test.cookdigital.net\/campoparatodos\/wp-content\/uploads\/2023\/04\/WhatsApp-Image-2023-04-07-at-12.28.46pipo.jpg?fit=225%2C300&amp;ssl=1\" data-large-file=\"https:\/\/i0.wp.com\/test.cookdigital.net\/campoparatodos\/wp-content\/uploads\/2023\/04\/WhatsApp-Image-2023-04-07-at-12.28.46pipo.jpg?fit=768%2C1024&amp;ssl=1\" loading=\"lazy\" class=\"size-full wp-image-2490\" src=\"https:\/\/i0.wp.com\/www.campoparatodos.com.ar\/wp-content\/uploads\/2023\/04\/WhatsApp-Image-2023-04-07-at-12.28.46pipo.jpg?resize=768%2C1024&#038;ssl=1\" alt=\"\" width=\"768\" height=\"1024\" srcset=\"https:\/\/i0.wp.com\/test.cookdigital.net\/campoparatodos\/wp-content\/uploads\/2023\/04\/WhatsApp-Image-2023-04-07-at-12.28.46pipo.jpg?w=768&amp;ssl=1 768w, https:\/\/i0.wp.com\/test.cookdigital.net\/campoparatodos\/wp-content\/uploads\/2023\/04\/WhatsApp-Image-2023-04-07-at-12.28.46pipo.jpg?resize=225%2C300&amp;ssl=1 225w\" sizes=\"(max-width: 768px) 100vw, 768px\" data-recalc-dims=\"1\" \/><figcaption id=\"caption-attachment-2490\" class=\"wp-caption-text\">Ma\u00edz en Dpto. Choya.<\/figcaption><\/figure>\n<p><strong>\u00abEl rendimiento esperado en kilos, dependen del campo y lo anterior descripto, a lo sumo podemos llegar a lograr el rendimiento en el ma\u00edz calculo que 3.000 kilos, soja 1.200 kilos, poroto todav\u00eda falta por verse y girasol, aspiramos a 1.500 kilos\u00bb<\/strong>.<br \/>\n\u00abHasta ahora, lo m\u00e1s avanzado y lo m\u00e1s definido es la soja, la que sigue en carrera vamos a tener seguramente una calidad de grano muy inferior a la necesaria para lograr una comercializaci\u00f3n sin descuentos, ser\u00e1n granos chico, verde y da\u00f1ado por plagas como el picudo negro. No solamente el rinde va a ser bajo, sino la calidad va a ser baja. Los ma\u00edces depender\u00e1n de la lluvia de ahora en m\u00e1s, aquel que se coseche, calculamos que va a ser grano m\u00e1s liviano\u00bb.<\/p>\n<p><img data-attachment-id=\"2277\" data-permalink=\"https:\/\/test.cookdigital.net\/campoparatodos\/2022\/12\/26\/inauguracion-del-laboratorio-veterinario-quebrachales-tintina\/exa\/#main\" data-orig-file=\"https:\/\/i1.wp.com\/test.cookdigital.net\/campoparatodos\/wp-content\/uploads\/2022\/12\/EXA.jpeg?fit=1280%2C389&amp;ssl=1\" data-orig-size=\"1280,389\" data-comments-opened=\"1\" data-image-meta=\"{&quot;aperture&quot;:&quot;0&quot;,&quot;credit&quot;:&quot;&quot;,&quot;camera&quot;:&quot;&quot;,&quot;caption&quot;:&quot;&quot;,&quot;created_timestamp&quot;:&quot;0&quot;,&quot;copyright&quot;:&quot;&quot;,&quot;focal_length&quot;:&quot;0&quot;,&quot;iso&quot;:&quot;0&quot;,&quot;shutter_speed&quot;:&quot;0&quot;,&quot;title&quot;:&quot;&quot;,&quot;orientation&quot;:&quot;0&quot;}\" data-image-title=\"EXA\" data-image-description=\"\" data-medium-file=\"https:\/\/i1.wp.com\/test.cookdigital.net\/campoparatodos\/wp-content\/uploads\/2022\/12\/EXA.jpeg?fit=300%2C91&amp;ssl=1\" data-large-file=\"https:\/\/i1.wp.com\/test.cookdigital.net\/campoparatodos\/wp-content\/uploads\/2022\/12\/EXA.jpeg?fit=1024%2C311&amp;ssl=1\" loading=\"lazy\" class=\"aligncenter size-large wp-image-2277\" src=\"https:\/\/i1.wp.com\/www.campoparatodos.com.ar\/wp-content\/uploads\/2022\/12\/EXA-1024x311.jpeg?resize=1024%2C311&#038;ssl=1\" alt=\"\" width=\"1024\" height=\"311\" srcset=\"https:\/\/i1.wp.com\/test.cookdigital.net\/campoparatodos\/wp-content\/uploads\/2022\/12\/EXA.jpeg?resize=1024%2C311&amp;ssl=1 1024w, https:\/\/i1.wp.com\/test.cookdigital.net\/campoparatodos\/wp-content\/uploads\/2022\/12\/EXA.jpeg?resize=300%2C91&amp;ssl=1 300w, https:\/\/i1.wp.com\/test.cookdigital.net\/campoparatodos\/wp-content\/uploads\/2022\/12\/EXA.jpeg?resize=768%2C233&amp;ssl=1 768w, https:\/\/i1.wp.com\/test.cookdigital.net\/campoparatodos\/wp-content\/uploads\/2022\/12\/EXA.jpeg?w=1280&amp;ssl=1 1280w\" sizes=\"(max-width: 1024px) 100vw, 1024px\" data-recalc-dims=\"1\" \/><br \/>\n<strong>Con respecto a las perspectivas y expectativas para la pr\u00f3xima campa\u00f1a, el productor siempre tiene expectativa de que va a cosechar, si no, no estar\u00eda en esta actividad.<\/strong><\/p>\n<figure id=\"attachment_2488\" aria-describedby=\"caption-attachment-2488\" style=\"width: 293px\" class=\"wp-caption alignleft\"><img data-attachment-id=\"2488\" data-permalink=\"https:\/\/test.cookdigital.net\/campoparatodos\/2023\/04\/24\/en-santiago-del-estero-muchos-cultivos-se-van-a-cosechar-teniendo-margenes-negativos\/whatsapp-image-2023-03-27-at-10-46-47-1pipo\/#main\" data-orig-file=\"https:\/\/i0.wp.com\/test.cookdigital.net\/campoparatodos\/wp-content\/uploads\/2023\/04\/WhatsApp-Image-2023-03-27-at-10.46.47-1pipo.jpg?fit=303%2C442&amp;ssl=1\" data-orig-size=\"303,442\" data-comments-opened=\"1\" data-image-meta=\"{&quot;aperture&quot;:&quot;0&quot;,&quot;credit&quot;:&quot;&quot;,&quot;camera&quot;:&quot;&quot;,&quot;caption&quot;:&quot;&quot;,&quot;created_timestamp&quot;:&quot;0&quot;,&quot;copyright&quot;:&quot;&quot;,&quot;focal_length&quot;:&quot;0&quot;,&quot;iso&quot;:&quot;0&quot;,&quot;shutter_speed&quot;:&quot;0&quot;,&quot;title&quot;:&quot;&quot;,&quot;orientation&quot;:&quot;1&quot;}\" data-image-title=\"WhatsApp Image 2023-03-27 at 10.46.47 (1)pipo\" data-image-description=\"\" data-medium-file=\"https:\/\/i0.wp.com\/test.cookdigital.net\/campoparatodos\/wp-content\/uploads\/2023\/04\/WhatsApp-Image-2023-03-27-at-10.46.47-1pipo.jpg?fit=206%2C300&amp;ssl=1\" data-large-file=\"https:\/\/i0.wp.com\/test.cookdigital.net\/campoparatodos\/wp-content\/uploads\/2023\/04\/WhatsApp-Image-2023-03-27-at-10.46.47-1pipo.jpg?fit=303%2C442&amp;ssl=1\" loading=\"lazy\" class=\"size-full wp-image-2488\" src=\"https:\/\/i1.wp.com\/www.campoparatodos.com.ar\/wp-content\/uploads\/2023\/04\/WhatsApp-Image-2023-03-27-at-10.46.47-1pipo.jpg?resize=303%2C442&#038;ssl=1\" alt=\"\" width=\"303\" height=\"442\" srcset=\"https:\/\/i0.wp.com\/test.cookdigital.net\/campoparatodos\/wp-content\/uploads\/2023\/04\/WhatsApp-Image-2023-03-27-at-10.46.47-1pipo.jpg?w=303&amp;ssl=1 303w, https:\/\/i0.wp.com\/test.cookdigital.net\/campoparatodos\/wp-content\/uploads\/2023\/04\/WhatsApp-Image-2023-03-27-at-10.46.47-1pipo.jpg?resize=206%2C300&amp;ssl=1 206w\" sizes=\"(max-width: 303px) 100vw, 303px\" data-recalc-dims=\"1\" \/><figcaption id=\"caption-attachment-2488\" class=\"wp-caption-text\"><em>Daniel \u201cPipo\u201d Rossi<\/em><\/figcaption><\/figure>\n<p>La verdad que los productores regionales son excelentes productores y empresarios, por eso siguen en la actividad, a pesar de toda la presi\u00f3n impositiva y la falta total de acompa\u00f1amiento por parte de este gobierno.<br \/>\nLas empresas que han venido haciendo las cosas bien, tanto en lo t\u00e9cnico como en lo empresarial, van a continuar; las que vienen a los tumbos, como decimos habitualmente, es probable que algunas salgan del juego. Es importante que, en el caso de aquellas empresas que arriendan y los due\u00f1os de campos tomen conciencia de la situaci\u00f3n y consideren que este es un negocio donde se arriesga mucha plata y por ah\u00ed los arriendos que se cobran, a veces, no son acordes al riesgo de aquel que pone el capital. <strong>Habr\u00eda que rever un poco el tema de costo &#8211; pago de arriendo. Hay muchas formas y metodolog\u00edas de pago y de c\u00e1lculo, creo que ser\u00eda bueno que se logren acuerdos donde \u201cganar\u201d sea para ambas partes y por un largo tiempo. Eso obliga al que siembra a hacer las cosas bien y le asegura al due\u00f1o que van a cuidar su capital tierra. Es necesario que lo veamos con visi\u00f3n de cadena productiva.<\/strong><\/p>\n<p><span style=\"color: #ff0000;\"><strong>La regi\u00f3n NOA est\u00e1 lejos de los puertos y eso hace m\u00e1s dif\u00edcil el negocio todav\u00eda, as\u00ed que bueno, habr\u00e1 que arremangarse los pantalones y embarrarse como lo hacemos todos los a\u00f1os para seguir adelante.<\/strong><\/span><\/p>\n<p>Publicado en Revista Campo para Todos \u00a9 N\u00b0 181 de Abril del 2023.<\/p>\n<p>Por: Carlos F. Hamann<\/p>\n","protected":false},"excerpt":{"rendered":"<p>Para conocer c\u00f3mo est\u00e1 la situaci\u00f3n del sector agr\u00edcola en Santiago del Estero entrevistamos al Ingeniero Agr\u00f3nomo Daniel \u201cPipo\u201d Rossi, quien es un reconocido profesional que se desempe\u00f1a asesorando y produciendo en la zona de los departamentos, Guasayan, Choya y Banda y nos dijo lo siguiente.<\/p>\n","protected":false},"author":1,"featured_media":2493,"comment_status":"closed","ping_status":"open","sticky":false,"template":"","format":"standard","meta":{"spay_email":"","jetpack_publicize_message":"","jetpack_is_tweetstorm":false},"categories":[7,3,4],"tags":[81,390,37,385],"jetpack_featured_media_url":"https:\/\/i2.wp.com\/test.cookdigital.net\/campoparatodos\/wp-content\/uploads\/2023\/04\/WhatsApp-Image-2023-03-27-at-10.46.46pipo.jpg?fit=1152%2C864&ssl=1","jetpack_publicize_connections":[],"jetpack_sharing_enabled":true,"jetpack_shortlink":"https:\/\/wp.me\/p9m0DJ-E7","jetpack_likes_enabled":true,"jetpack-related-posts":[{"id":1337,"url":"https:\/\/test.cookdigital.net\/campoparatodos\/2021\/04\/23\/en-el-centro-oeste-de-santiago-del-estero-las-lluvias-nos-han-venido-acompanando-durante-el-desarrollo-de-todos-los-cultivos\/","url_meta":{"origin":2487,"position":0},"title":"En el centro oeste de Santiago del Estero las lluvias nos han venido acompa\u00f1ando durante el desarrollo de todos los cultivos","date":"abril 23, 2021","format":false,"excerpt":"Para conocer como es la producci\u00f3n agr\u00edcola en el centro oeste de Santiago del Estero, entrevistamos al Ingeniero Agr\u00f3nomo Daniel \u201cPipo\u201d Rossi que nos contest\u00f3, con detalles, cada pregunta. \u00bfQu\u00e9 cultivos sembraron y en qu\u00e9 zonas? La empresa siembra en campos que est\u00e1n cerca de Lavalle, departamento Guasay\u00e1n. La modalidad\u2026","rel":"","context":"En \u00abAgricultura\u00bb","img":{"alt_text":"","src":"https:\/\/i1.wp.com\/www.campoparatodos.com.ar\/wp-content\/uploads\/2021\/04\/WhatsApp-Image-2021-03-30-at-20.36.56_PerfectlyClear-1.jpg?resize=350%2C200&ssl=1","width":350,"height":200},"classes":[]},{"id":2462,"url":"https:\/\/test.cookdigital.net\/campoparatodos\/2023\/04\/14\/revista-campo-para-todos-n-181-abril-2023\/","url_meta":{"origin":2487,"position":1},"title":"Revista Campo para Todos N\u00b0 181 - Abril 2023","date":"abril 14, 2023","format":false,"excerpt":"T\u00cdTULOS DE TAPA DE LA EDICI\u00d3N 181 - ABRIL DE 2023 Se estiman 40 mil ha perdidas de cultivos de verano en Santiago del Estero. - Los cultivos han sufrido mucho en Pampa de los Guanacos. - En Santiago del Estero muchos cultivos se van a cosechar teniendo m\u00e1rgenes negativos.\u2026","rel":"","context":"En \u00abAgricultura\u00bb","img":{"alt_text":"","src":"https:\/\/i0.wp.com\/www.campoparatodos.com.ar\/wp-content\/uploads\/2023\/04\/TAPA-REVISTA-181-713x1024.jpg?resize=350%2C200&ssl=1","width":350,"height":200},"classes":[]},{"id":2497,"url":"https:\/\/test.cookdigital.net\/campoparatodos\/2023\/04\/24\/los-cultivos-han-sufrido-mucho-en-pampa-de-los-guanacos\/","url_meta":{"origin":2487,"position":2},"title":"Los cultivos han sufrido mucho en Pampa de los Guanacos","date":"abril 24, 2023","format":false,"excerpt":"Pampa de los Guanacos es una importante zona agr\u00edcola, ganadera y forestal ubicada en el departamento Copo, al norte de Santiago del Estero. En esa zona trabaja el ingeniero agr\u00f3nomo Martin Ledesma, quien se desempe\u00f1a como jefe de producci\u00f3n de la empresa Alfin SCA, Mart\u00edn adem\u00e1s es propietario de La\u2026","rel":"","context":"En \u00abAgricultura\u00bb","img":{"alt_text":"","src":"https:\/\/i0.wp.com\/test.cookdigital.net\/campoparatodos\/wp-content\/uploads\/2023\/04\/WhatsApp-Image-2023-03-31-at-20.39.58-2martin-ledesma.jpg?fit=1052%2C780&ssl=1&resize=350%2C200","width":350,"height":200},"classes":[]},{"id":2233,"url":"https:\/\/test.cookdigital.net\/campoparatodos\/2022\/11\/22\/revista-campo-para-todos-n-176\/","url_meta":{"origin":2487,"position":3},"title":"Revista Campo para Todos N\u00b0 176","date":"noviembre 22, 2022","format":false,"excerpt":"TITULOS DE TAPA: Riego en Algod\u00f3n: \u00bfEl agua en el momento justo?. - Caba\u00f1a La Legua realiz\u00f3 su primer remate. - Apicultura: Manejo de apiarios en \u00e9pocas de sequ\u00eda. - Asumieron los directores del INTA Santiago del Estero y Quimil\u00ed. REVISTA DIGITAL DISPONIBLE. PARA LEERLA GRATIS TOQUE LA FOTO TITULOS\u2026","rel":"","context":"En \u00abAgricultura\u00bb","img":{"alt_text":"","src":"https:\/\/i0.wp.com\/www.campoparatodos.com.ar\/wp-content\/uploads\/2022\/11\/TAPA-REVISTA-176-713x1024.jpg?resize=350%2C200&ssl=1","width":350,"height":200},"classes":[]},{"id":837,"url":"https:\/\/test.cookdigital.net\/campoparatodos\/2020\/05\/22\/avanza-la-cosecha-de-granos-y-algodon-en-el-este-de-santiago-del-estero\/","url_meta":{"origin":2487,"position":4},"title":"Avanza la cosecha de granos y algod\u00f3n en el Este de Santiago del Estero","date":"mayo 22, 2020","format":false,"excerpt":"En medio de la pandemia de COVID-19, la cosecha de granos gruesos avanza en el Este de Santiago del Estero. Los departamentos Copo, Alberdi, Moreno, Juan Felipe Ibarra, General Taboada, General Belgrano, Aguirre y Mitre, en diferentes proporciones, concentran gran parte de la producci\u00f3n agropecuaria de la provincia. Son diversas\u2026","rel":"","context":"En \u00abAgricultura\u00bb","img":{"alt_text":"","src":"https:\/\/i0.wp.com\/www.campoparatodos.com.ar\/wp-content\/uploads\/2020\/05\/WhatsApp-Image-2020-04-14-at-14.35.14-1_PerfectlyClear-1-1024x768.jpg?resize=350%2C200&ssl=1","width":350,"height":200},"classes":[]},{"id":1848,"url":"https:\/\/test.cookdigital.net\/campoparatodos\/2022\/03\/14\/basf-presento-en-expoagro-2022-innovaciones-que-conectan-proteccion-de-cultivos-semillas-y-soluciones-digitales\/","url_meta":{"origin":2487,"position":5},"title":"BASF present\u00f3 en Expoagro 2022 innovaciones que conectan protecci\u00f3n de cultivos, semillas y soluciones digitales","date":"marzo 14, 2022","format":false,"excerpt":"La divisi\u00f3n Soluciones para la Agricultura de BASF expuso, en Expoagro, lanzamientos que llegar\u00e1n al mercado local pr\u00f3ximamente y tambi\u00e9n novedades para el productor en las diferentes etapas del cultivo y su campa\u00f1a, desde la planificaci\u00f3n de la siembra hasta la cosecha. En la 14\u00aa edici\u00f3n de Expoagro, BASF present\u00f3\u2026","rel":"","context":"En \u00abCiencia y Tecnolog\u00eda\u00bb","img":{"alt_text":"","src":"https:\/\/i0.wp.com\/www.campoparatodos.com.ar\/wp-content\/uploads\/2022\/03\/BASEF.jpeg?resize=350%2C200&ssl=1","width":350,"height":200},"classes":[]}],"_links":{"self":[{"href":"https:\/\/test.cookdigital.net\/campoparatodos\/wp-json\/wp\/v2\/posts\/2487"}],"collection":[{"href":"https:\/\/test.cookdigital.net\/campoparatodos\/wp-json\/wp\/v2\/posts"}],"about":[{"href":"https:\/\/test.cookdigital.net\/campoparatodos\/wp-json\/wp\/v2\/types\/post"}],"author":[{"embeddable":true,"href":"https:\/\/test.cookdigital.net\/campoparatodos\/wp-json\/wp\/v2\/users\/1"}],"replies":[{"embeddable":true,"href":"https:\/\/test.cookdigital.net\/campoparatodos\/wp-json\/wp\/v2\/comments?post=2487"}],"version-history":[{"count":2,"href":"https:\/\/test.cookdigital.net\/campoparatodos\/wp-json\/wp\/v2\/posts\/2487\/revisions"}],"predecessor-version":[{"id":2509,"href":"https:\/\/test.cookdigital.net\/campoparatodos\/wp-json\/wp\/v2\/posts\/2487\/revisions\/2509"}],"wp:featuredmedia":[{"embeddable":true,"href":"https:\/\/test.cookdigital.net\/campoparatodos\/wp-json\/wp\/v2\/media\/2493"}],"wp:attachment":[{"href":"https:\/\/test.cookdigital.net\/campoparatodos\/wp-json\/wp\/v2\/media?parent=2487"}],"wp:term":[{"taxonomy":"category","embeddable":true,"href":"https:\/\/test.cookdigital.net\/campoparatodos\/wp-json\/wp\/v2\/categories?post=2487"},{"taxonomy":"post_tag","embeddable":true,"href":"https:\/\/test.cookdigital.net\/campoparatodos\/wp-json\/wp\/v2\/tags?post=2487"}],"curies":[{"name":"wp","href":"https:\/\/api.w.org\/{rel}","templated":true}]}}