{"id":2462,"date":"2023-04-14T22:05:41","date_gmt":"2023-04-14T22:05:41","guid":{"rendered":"https:\/\/www.campoparatodos.com.ar\/?p=2462"},"modified":"2023-04-14T22:13:13","modified_gmt":"2023-04-14T22:13:13","slug":"revista-campo-para-todos-n-181-abril-2023","status":"publish","type":"post","link":"https:\/\/test.cookdigital.net\/campoparatodos\/2023\/04\/14\/revista-campo-para-todos-n-181-abril-2023\/","title":{"rendered":"Revista Campo para Todos N\u00b0 181 &#8211; Abril 2023"},"content":{"rendered":"<p>T\u00cdTULOS DE TAPA DE LA EDICI\u00d3N 181 &#8211; ABRIL DE 2023<\/p>\n<p>Se estiman 40 mil ha perdidas de cultivos de verano en Santiago del Estero. &#8211; Los cultivos han sufrido mucho en Pampa de los Guanacos. &#8211; En Santiago del Estero muchos cultivos se van a cosechar teniendo m\u00e1rgenes negativos. &#8211; Cadena de pastoreo y planificaci\u00f3n. Dando de comer a la hacienda. &#8211; La primera variedad de algod\u00f3n con fibras extra largas da sus frutos.<\/p>\n<p style=\"text-align: center;\">PARA LEERLA GRATIS TOCAR LA FOTO DE TAPA<\/p>\n<p><a href=\"https:\/\/online.fliphtml5.com\/yuzt\/zrim\/#p=1\" target=\"_blank\" rel=\"noopener\"><img data-attachment-id=\"2463\" data-permalink=\"https:\/\/test.cookdigital.net\/campoparatodos\/2023\/04\/14\/revista-campo-para-todos-n-181-abril-2023\/cpt-template-188\/#main\" data-orig-file=\"https:\/\/i1.wp.com\/test.cookdigital.net\/campoparatodos\/wp-content\/uploads\/2023\/04\/TAPA-REVISTA-181.jpg?fit=768%2C1103&amp;ssl=1\" data-orig-size=\"768,1103\" data-comments-opened=\"1\" data-image-meta=\"{&quot;aperture&quot;:&quot;0&quot;,&quot;credit&quot;:&quot;carlos&quot;,&quot;camera&quot;:&quot;&quot;,&quot;caption&quot;:&quot;cpt-template&quot;,&quot;created_timestamp&quot;:&quot;1681498230&quot;,&quot;copyright&quot;:&quot;&quot;,&quot;focal_length&quot;:&quot;0&quot;,&quot;iso&quot;:&quot;0&quot;,&quot;shutter_speed&quot;:&quot;0&quot;,&quot;title&quot;:&quot;cpt-template&quot;,&quot;orientation&quot;:&quot;0&quot;}\" data-image-title=\"cpt-template\" data-image-description=\"\" data-medium-file=\"https:\/\/i1.wp.com\/test.cookdigital.net\/campoparatodos\/wp-content\/uploads\/2023\/04\/TAPA-REVISTA-181.jpg?fit=209%2C300&amp;ssl=1\" data-large-file=\"https:\/\/i1.wp.com\/test.cookdigital.net\/campoparatodos\/wp-content\/uploads\/2023\/04\/TAPA-REVISTA-181.jpg?fit=713%2C1024&amp;ssl=1\" loading=\"lazy\" class=\"aligncenter wp-image-2463 size-large\" src=\"https:\/\/i0.wp.com\/www.campoparatodos.com.ar\/wp-content\/uploads\/2023\/04\/TAPA-REVISTA-181-713x1024.jpg?resize=713%2C1024&#038;ssl=1\" alt=\"\" width=\"713\" height=\"1024\" srcset=\"https:\/\/i1.wp.com\/test.cookdigital.net\/campoparatodos\/wp-content\/uploads\/2023\/04\/TAPA-REVISTA-181.jpg?resize=713%2C1024&amp;ssl=1 713w, https:\/\/i1.wp.com\/test.cookdigital.net\/campoparatodos\/wp-content\/uploads\/2023\/04\/TAPA-REVISTA-181.jpg?resize=209%2C300&amp;ssl=1 209w, https:\/\/i1.wp.com\/test.cookdigital.net\/campoparatodos\/wp-content\/uploads\/2023\/04\/TAPA-REVISTA-181.jpg?w=768&amp;ssl=1 768w\" sizes=\"(max-width: 713px) 100vw, 713px\" data-recalc-dims=\"1\" \/><\/a><\/p>\n<p><!--more--><\/p>\n<p>T\u00cdTULOS DE LA EDICI\u00d3N 181 &#8211; ABRIL DE 2023<\/p>\n<p>5- Cadena de pastoreo y planificaci\u00f3n. Dando de comer a la hacienda.<br \/>\n8- La Brangus, ante los ojos del mundo.<br \/>\n11- La vicia mejora la dieta y aumenta la producci\u00f3n de carne.<br \/>\n13- Jorge Grimberg es el nuevo presidente del IPCVA.<br \/>\n14- Informe Bonsmara.<br \/>\n15- Nueva comisi\u00f3n directiva en la Asociaci\u00f3n Braford Argentina.<br \/>\n16- CaprinApp: una herramienta digital para el ganado caprino.<br \/>\n19- La primera variedad de algod\u00f3n con fibras extra largas da sus frutos.<br \/>\n21- Potasio, un macronutriente que hay que monitorear de cerca.<br \/>\n22- Se estiman 40 mil ha perdidas de cultivos de verano en Santiago del Estero.<br \/>\n23- Los cultivos han sufrido mucho en Pampa de los Guanacos.<br \/>\n25- En Santiago del Estero muchos cultivos se van a cosechar teniendo m\u00e1rgenes negativos.<br \/>\n28- El INTA present\u00f3 una nueva variedad de cebolla.<br \/>\n31- Conservaci\u00f3n de espacios naturales y menor huella de carbono en el Gran Chaco.<br \/>\n33- Producci\u00f3n con Biol\u00f3gicos.<br \/>\n35- Mortandad de caprinos por posible intoxicaci\u00f3n con \u201csiete de oro\u201d.<br \/>\n38- Primera cosecha experimental de C\u00e1\u00f1amo industrial en Argentina.<br \/>\n41- Plan Estrat\u00e9gico de Ciencia, Innovaci\u00f3n y Tecnolog\u00eda de Santiago del Estero.<br \/>\n43- ArgenCarne, la principal vidriera del potencial ganadero, se realizar\u00e1 en junio en Salta.<br \/>\n45- Cuenta regresiva para una nueva edici\u00f3n de TodoL\u00e1ctea.<br \/>\n47- D\u00f3lar Agro, el gobierno incluy\u00f3 al Algod\u00f3n, carb\u00f3n vegetal, miel y manufacturas de madera.<\/p>\n","protected":false},"excerpt":{"rendered":"<p>T\u00cdTULOS DE TAPA DE LA EDICI\u00d3N 181 &#8211; ABRIL DE 2023 Se estiman 40 mil ha perdidas de cultivos de verano en Santiago del Estero. &#8211; Los cultivos han sufrido mucho en Pampa de los Guanacos. &#8211; En Santiago del Estero muchos cultivos se van a cosechar teniendo m\u00e1rgenes negativos. &#8211; Cadena de pastoreo y &#8230; <a title=\"Revista Campo para Todos N\u00b0 181 &#8211; Abril 2023\" class=\"read-more\" href=\"https:\/\/test.cookdigital.net\/campoparatodos\/2023\/04\/14\/revista-campo-para-todos-n-181-abril-2023\/\" aria-label=\"M\u00e1s en Revista Campo para Todos N\u00b0 181 &#8211; Abril 2023\">Leer m\u00e1s<\/a><\/p>\n","protected":false},"author":1,"featured_media":0,"comment_status":"closed","ping_status":"open","sticky":false,"template":"","format":"standard","meta":{"spay_email":"","jetpack_publicize_message":"","jetpack_is_tweetstorm":false},"categories":[7,9,163,18,3,5,8,10,168,4],"tags":[387,293,384,388,82,383,81,386,199,17,389,37,385],"jetpack_featured_media_url":"","jetpack_publicize_connections":[],"jetpack_sharing_enabled":true,"jetpack_shortlink":"https:\/\/wp.me\/p9m0DJ-DI","jetpack_likes_enabled":true,"jetpack-related-posts":[{"id":2479,"url":"https:\/\/test.cookdigital.net\/campoparatodos\/2023\/04\/24\/dando-de-comer-a-la-hacienda-cadena-de-pastoreo-y-planificacion\/","url_meta":{"origin":2462,"position":0},"title":"Dando de comer a la hacienda: Cadena de pastoreo y planificaci\u00f3n","date":"abril 24, 2023","format":false,"excerpt":"En art\u00edculos anteriores hemos compartido informaci\u00f3n sobre la importancia de la alimentaci\u00f3n en la ganader\u00eda y que es un buen forraje. Hoy hablaremos de como planificar la comida de la hacienda a lo largo del a\u00f1o. Una 'cadena de pastoreo' es la secuencia de alimentaci\u00f3n que va a tener a\u2026","rel":"","context":"En \u00abGanader\u00eda\u00bb","img":{"alt_text":"","src":"https:\/\/i1.wp.com\/www.campoparatodos.com.ar\/wp-content\/uploads\/2023\/04\/foto-1-ganaderia.jpg?resize=350%2C200&ssl=1","width":350,"height":200},"classes":[]},{"id":2539,"url":"https:\/\/test.cookdigital.net\/campoparatodos\/2023\/05\/10\/revista-campo-para-todos-n-182-mayo-2023\/","url_meta":{"origin":2462,"position":1},"title":"Revista Campo para Todos N\u00b0 182 Mayo 2023","date":"mayo 10, 2023","format":false,"excerpt":"TITULOS DE TAPA EDICION N\u00b0 182 DE MAYO. - Todo el mundial Brangus. - Balance Forrajero - \u00bfEl Trigo les dar\u00e1 revancha a los productores Santiague\u00f1os? - Los cultivos estivales se encuentran finalizando sus ciclos. PARA LEERLA GRATIS TOCA LA FOTO DE TAPA INDICE REVISTA 182 DE MAYO 2023 5-\u2026","rel":"","context":"En \u00abAgricultura\u00bb","img":{"alt_text":"","src":"https:\/\/i0.wp.com\/www.campoparatodos.com.ar\/wp-content\/uploads\/2023\/05\/TAPA-REVISTA-182.jpg?resize=350%2C200&ssl=1","width":350,"height":200},"classes":[]},{"id":2233,"url":"https:\/\/test.cookdigital.net\/campoparatodos\/2022\/11\/22\/revista-campo-para-todos-n-176\/","url_meta":{"origin":2462,"position":2},"title":"Revista Campo para Todos N\u00b0 176","date":"noviembre 22, 2022","format":false,"excerpt":"TITULOS DE TAPA: Riego en Algod\u00f3n: \u00bfEl agua en el momento justo?. - Caba\u00f1a La Legua realiz\u00f3 su primer remate. - Apicultura: Manejo de apiarios en \u00e9pocas de sequ\u00eda. - Asumieron los directores del INTA Santiago del Estero y Quimil\u00ed. REVISTA DIGITAL DISPONIBLE. PARA LEERLA GRATIS TOQUE LA FOTO TITULOS\u2026","rel":"","context":"En \u00abAgricultura\u00bb","img":{"alt_text":"","src":"https:\/\/i0.wp.com\/www.campoparatodos.com.ar\/wp-content\/uploads\/2022\/11\/TAPA-REVISTA-176-713x1024.jpg?resize=350%2C200&ssl=1","width":350,"height":200},"classes":[]},{"id":1985,"url":"https:\/\/test.cookdigital.net\/campoparatodos\/2022\/07\/14\/revista-campo-para-todos-n-172\/","url_meta":{"origin":2462,"position":3},"title":"Revista Campo para Todos N\u00b0 172","date":"julio 14, 2022","format":false,"excerpt":"Ya est\u00e1 disponible la revista N\u00b0 172. T\u00edtulos de tapa: Nacionales Brahman y Brangus. Algod\u00f3n: Resumen de campa\u00f1a en el \u00e1rea de riego de Santiago del Estero. Donde y c\u00f3mo producen Brangus las Caba\u00f1as La Aguada de Almara, Don Pancho y San Gerardo. 100 a\u00f1os de la Asociaci\u00f3n Argentina de\u2026","rel":"","context":"En \u00abAgricultura\u00bb","img":{"alt_text":"","src":"https:\/\/i0.wp.com\/www.campoparatodos.com.ar\/wp-content\/uploads\/2022\/07\/TAPA-172-713x1024.jpg?resize=350%2C200&ssl=1","width":350,"height":200},"classes":[]},{"id":2368,"url":"https:\/\/test.cookdigital.net\/campoparatodos\/2023\/02\/17\/revista-campo-para-todos-n-179\/","url_meta":{"origin":2462,"position":4},"title":"Revista Campo para Todos N\u00b0 179","date":"febrero 17, 2023","format":false,"excerpt":"TITULOS DE TAPA: Tercer a\u00f1o de sequ\u00eda en Santiago del Estero. \u00bfPodr\u00e1 transformarse la ganader\u00eda santiague\u00f1a en el motor del desarrollo provincial? Situaci\u00f3n del cultivo de algod\u00f3n en la zona de riego de Santiago del Estero. TOCAR LA FOTO DE TAPA PARA LEERLA GRATIS T\u00edtulos de la edici\u00f3n N\u00b0 179\u2026","rel":"","context":"En \u00abAgricultura\u00bb","img":{"alt_text":"","src":"https:\/\/i0.wp.com\/www.campoparatodos.com.ar\/wp-content\/uploads\/2023\/02\/TAPA-REVISTA-179-713x1024.jpg?resize=350%2C200&ssl=1","width":350,"height":200},"classes":[]},{"id":1959,"url":"https:\/\/test.cookdigital.net\/campoparatodos\/2022\/06\/21\/revista-campo-para-todos-n-171\/","url_meta":{"origin":2462,"position":5},"title":"Revista Campo para Todos N\u00b0 171","date":"junio 21, 2022","format":false,"excerpt":"TITULOS DE TAPA DE ESTE NUMERO: Algod\u00f3n: Graves da\u00f1os por efecto de derivas de 2,4-D. \u2013\u00a0Las derivas de fitosanitarios: prevenirlas durante las aplicaciones. \u2013 Congreso Mundial Braford 2022. \u2013\u00a0Plan GanAr: Gerardo Zamora y Juli\u00e1n Dom\u00ednguez presentaron el Plan en Santiago del Estero.\u2013 Zanahoria: El taladrillo en Santiago del Estero. \u21d3\u2026","rel":"","context":"En \u00abAgricultura\u00bb","img":{"alt_text":"","src":"https:\/\/i0.wp.com\/www.campoparatodos.com.ar\/wp-content\/uploads\/2022\/06\/TAPA-171-713x1024.jpg?resize=350%2C200&ssl=1","width":350,"height":200},"classes":[]}],"_links":{"self":[{"href":"https:\/\/test.cookdigital.net\/campoparatodos\/wp-json\/wp\/v2\/posts\/2462"}],"collection":[{"href":"https:\/\/test.cookdigital.net\/campoparatodos\/wp-json\/wp\/v2\/posts"}],"about":[{"href":"https:\/\/test.cookdigital.net\/campoparatodos\/wp-json\/wp\/v2\/types\/post"}],"author":[{"embeddable":true,"href":"https:\/\/test.cookdigital.net\/campoparatodos\/wp-json\/wp\/v2\/users\/1"}],"replies":[{"embeddable":true,"href":"https:\/\/test.cookdigital.net\/campoparatodos\/wp-json\/wp\/v2\/comments?post=2462"}],"version-history":[{"count":3,"href":"https:\/\/test.cookdigital.net\/campoparatodos\/wp-json\/wp\/v2\/posts\/2462\/revisions"}],"predecessor-version":[{"id":2466,"href":"https:\/\/test.cookdigital.net\/campoparatodos\/wp-json\/wp\/v2\/posts\/2462\/revisions\/2466"}],"wp:attachment":[{"href":"https:\/\/test.cookdigital.net\/campoparatodos\/wp-json\/wp\/v2\/media?parent=2462"}],"wp:term":[{"taxonomy":"category","embeddable":true,"href":"https:\/\/test.cookdigital.net\/campoparatodos\/wp-json\/wp\/v2\/categories?post=2462"},{"taxonomy":"post_tag","embeddable":true,"href":"https:\/\/test.cookdigital.net\/campoparatodos\/wp-json\/wp\/v2\/tags?post=2462"}],"curies":[{"name":"wp","href":"https:\/\/api.w.org\/{rel}","templated":true}]}}