{"id":2452,"date":"2023-04-11T23:34:53","date_gmt":"2023-04-11T23:34:53","guid":{"rendered":"https:\/\/www.campoparatodos.com.ar\/?p=2452"},"modified":"2023-04-11T23:35:02","modified_gmt":"2023-04-11T23:35:02","slug":"argencarne-la-principal-vidriera-del-potencial-ganadero-se-realizara-en-junio-en-salta","status":"publish","type":"post","link":"https:\/\/test.cookdigital.net\/campoparatodos\/2023\/04\/11\/argencarne-la-principal-vidriera-del-potencial-ganadero-se-realizara-en-junio-en-salta\/","title":{"rendered":"ArgenCarne, la principal vidriera del potencial ganadero, se realizar\u00e1 en junio en Salta"},"content":{"rendered":"<p><em><strong>La exposici\u00f3n, que abarca desde el productor hasta el consumidor, se realizar\u00e1 el primer fin de semana de junio. Contendr\u00e1 diferentes aspectos de las producciones bovinas, ovinas y porcinas.<\/strong><\/em><\/p>\n<p><img data-attachment-id=\"2457\" data-permalink=\"https:\/\/test.cookdigital.net\/campoparatodos\/2023\/04\/11\/argencarne-la-principal-vidriera-del-potencial-ganadero-se-realizara-en-junio-en-salta\/dsc_0261\/#main\" data-orig-file=\"https:\/\/i2.wp.com\/test.cookdigital.net\/campoparatodos\/wp-content\/uploads\/2023\/04\/DSC_0261.jpg?fit=1224%2C816&amp;ssl=1\" data-orig-size=\"1224,816\" data-comments-opened=\"1\" data-image-meta=\"{&quot;aperture&quot;:&quot;5.6&quot;,&quot;credit&quot;:&quot;&quot;,&quot;camera&quot;:&quot;NIKON D5300&quot;,&quot;caption&quot;:&quot;&quot;,&quot;created_timestamp&quot;:&quot;1681119908&quot;,&quot;copyright&quot;:&quot;&quot;,&quot;focal_length&quot;:&quot;18&quot;,&quot;iso&quot;:&quot;800&quot;,&quot;shutter_speed&quot;:&quot;0.008&quot;,&quot;title&quot;:&quot;&quot;,&quot;orientation&quot;:&quot;1&quot;}\" data-image-title=\"DSC_0261\" data-image-description=\"\" data-medium-file=\"https:\/\/i2.wp.com\/test.cookdigital.net\/campoparatodos\/wp-content\/uploads\/2023\/04\/DSC_0261.jpg?fit=300%2C200&amp;ssl=1\" data-large-file=\"https:\/\/i2.wp.com\/test.cookdigital.net\/campoparatodos\/wp-content\/uploads\/2023\/04\/DSC_0261.jpg?fit=1024%2C683&amp;ssl=1\" loading=\"lazy\" class=\"aligncenter size-large wp-image-2457\" src=\"https:\/\/i2.wp.com\/www.campoparatodos.com.ar\/wp-content\/uploads\/2023\/04\/DSC_0261-1024x683.jpg?resize=1024%2C683&#038;ssl=1\" alt=\"\" width=\"1024\" height=\"683\" srcset=\"https:\/\/i2.wp.com\/test.cookdigital.net\/campoparatodos\/wp-content\/uploads\/2023\/04\/DSC_0261.jpg?resize=1024%2C683&amp;ssl=1 1024w, https:\/\/i2.wp.com\/test.cookdigital.net\/campoparatodos\/wp-content\/uploads\/2023\/04\/DSC_0261.jpg?resize=300%2C200&amp;ssl=1 300w, https:\/\/i2.wp.com\/test.cookdigital.net\/campoparatodos\/wp-content\/uploads\/2023\/04\/DSC_0261.jpg?resize=768%2C512&amp;ssl=1 768w, https:\/\/i2.wp.com\/test.cookdigital.net\/campoparatodos\/wp-content\/uploads\/2023\/04\/DSC_0261.jpg?resize=272%2C182&amp;ssl=1 272w, https:\/\/i2.wp.com\/test.cookdigital.net\/campoparatodos\/wp-content\/uploads\/2023\/04\/DSC_0261.jpg?w=1224&amp;ssl=1 1224w\" sizes=\"(max-width: 1024px) 100vw, 1024px\" data-recalc-dims=\"1\" \/><\/p>\n<p><!--more--><\/p>\n<p><strong>ArgenCarne es la m\u00e1s importante vidriera del potencial ganadero y se trata de un evento donde se exponen las carnes desde la generaci\u00f3n en el animal hasta la preparaci\u00f3n del producto en el plato.<\/strong><br \/>\nLa primera edici\u00f3n se hizo en San Justo, provincia de Santa Fe, y la segunda en Viedma, R\u00edo Negro. Ahora se prepara para llegar al noroeste del pa\u00eds, con la realizaci\u00f3n en Salta de su tercera edici\u00f3n, que se realizar\u00e1 el 2 al 4 de junio en la sede de la Sociedad Rural Salte\u00f1a.<\/p>\n<p><img data-attachment-id=\"2459\" data-permalink=\"https:\/\/test.cookdigital.net\/campoparatodos\/2023\/04\/11\/argencarne-la-principal-vidriera-del-potencial-ganadero-se-realizara-en-junio-en-salta\/dsc_0314\/#main\" data-orig-file=\"https:\/\/i2.wp.com\/test.cookdigital.net\/campoparatodos\/wp-content\/uploads\/2023\/04\/DSC_0314.jpg?fit=1224%2C816&amp;ssl=1\" data-orig-size=\"1224,816\" data-comments-opened=\"1\" data-image-meta=\"{&quot;aperture&quot;:&quot;5.6&quot;,&quot;credit&quot;:&quot;&quot;,&quot;camera&quot;:&quot;NIKON D5300&quot;,&quot;caption&quot;:&quot;&quot;,&quot;created_timestamp&quot;:&quot;1681120494&quot;,&quot;copyright&quot;:&quot;&quot;,&quot;focal_length&quot;:&quot;55&quot;,&quot;iso&quot;:&quot;800&quot;,&quot;shutter_speed&quot;:&quot;0.0125&quot;,&quot;title&quot;:&quot;&quot;,&quot;orientation&quot;:&quot;1&quot;}\" data-image-title=\"DSC_0314\" data-image-description=\"\" data-medium-file=\"https:\/\/i2.wp.com\/test.cookdigital.net\/campoparatodos\/wp-content\/uploads\/2023\/04\/DSC_0314.jpg?fit=300%2C200&amp;ssl=1\" data-large-file=\"https:\/\/i2.wp.com\/test.cookdigital.net\/campoparatodos\/wp-content\/uploads\/2023\/04\/DSC_0314.jpg?fit=1024%2C683&amp;ssl=1\" loading=\"lazy\" class=\"aligncenter size-large wp-image-2459\" src=\"https:\/\/i2.wp.com\/www.campoparatodos.com.ar\/wp-content\/uploads\/2023\/04\/DSC_0314-1024x683.jpg?resize=1024%2C683&#038;ssl=1\" alt=\"\" width=\"1024\" height=\"683\" srcset=\"https:\/\/i2.wp.com\/test.cookdigital.net\/campoparatodos\/wp-content\/uploads\/2023\/04\/DSC_0314.jpg?resize=1024%2C683&amp;ssl=1 1024w, https:\/\/i2.wp.com\/test.cookdigital.net\/campoparatodos\/wp-content\/uploads\/2023\/04\/DSC_0314.jpg?resize=300%2C200&amp;ssl=1 300w, https:\/\/i2.wp.com\/test.cookdigital.net\/campoparatodos\/wp-content\/uploads\/2023\/04\/DSC_0314.jpg?resize=768%2C512&amp;ssl=1 768w, https:\/\/i2.wp.com\/test.cookdigital.net\/campoparatodos\/wp-content\/uploads\/2023\/04\/DSC_0314.jpg?resize=272%2C182&amp;ssl=1 272w, https:\/\/i2.wp.com\/test.cookdigital.net\/campoparatodos\/wp-content\/uploads\/2023\/04\/DSC_0314.jpg?w=1224&amp;ssl=1 1224w\" sizes=\"(max-width: 1024px) 100vw, 1024px\" data-recalc-dims=\"1\" \/><br \/>\nEl lanzamiento realizado el lunes cont\u00f3 con la presencia del ministro de Producci\u00f3n y Desarrollo Sustentable, Mart\u00edn De Los R\u00edos, quien acompa\u00f1\u00f3 a la mesa integrada por el titular de la Sociedad Rural Salte\u00f1a, Carlos Seg\u00f3n; el presidente de Confederaciones Rurales Argentinas, Jorge Chemes; el presidente de la Sociedad Rural de Jujuy, Fernando Cazares; el coordinador del evento Dardo Chiesa, expresidente de CRA, y la responsable gastron\u00f3mica Magdalena Cholque Vilca.<\/p>\n<p><strong>Chemes<\/strong> expres\u00f3 que se trata del evento representativo de Confederaciones Rurales Argentinas, organizaci\u00f3n que <em>\u201ctiene un car\u00e1cter profundamente federal. Somos diecis\u00e9is confederaciones con 367 sociedades rurales y m\u00e1s de 100 mil productores asociados\u201d<\/em>.<br \/>\n<em>\u201cVimos necesario generar este tipo de actividad, que surgi\u00f3 en una idea inspirada en una exposici\u00f3n de Australia, y arrancamos queriendo mostrar lo que es la producci\u00f3n ganadera en los diferentes lugares del pa\u00eds. No hay una sola ganader\u00eda en la Argentina; hoy Dardo Chiesa lo dijo clarito: hay varias producciones ganaderas. Y en esas recorridas y en estos eventos es que queremos mostrar, lo que significa la carne para la Rep\u00fablica Argentina\u201d<\/em>, explic\u00f3 el presidente de CRA.<\/p>\n<p><img data-attachment-id=\"2456\" data-permalink=\"https:\/\/test.cookdigital.net\/campoparatodos\/2023\/04\/11\/argencarne-la-principal-vidriera-del-potencial-ganadero-se-realizara-en-junio-en-salta\/dsc_0270\/#main\" data-orig-file=\"https:\/\/i2.wp.com\/test.cookdigital.net\/campoparatodos\/wp-content\/uploads\/2023\/04\/DSC_0270.jpg?fit=1224%2C816&amp;ssl=1\" data-orig-size=\"1224,816\" data-comments-opened=\"1\" data-image-meta=\"{&quot;aperture&quot;:&quot;4.8&quot;,&quot;credit&quot;:&quot;&quot;,&quot;camera&quot;:&quot;NIKON D5300&quot;,&quot;caption&quot;:&quot;&quot;,&quot;created_timestamp&quot;:&quot;1681120068&quot;,&quot;copyright&quot;:&quot;&quot;,&quot;focal_length&quot;:&quot;36&quot;,&quot;iso&quot;:&quot;800&quot;,&quot;shutter_speed&quot;:&quot;0.01&quot;,&quot;title&quot;:&quot;&quot;,&quot;orientation&quot;:&quot;1&quot;}\" data-image-title=\"DSC_0270\" data-image-description=\"\" data-medium-file=\"https:\/\/i2.wp.com\/test.cookdigital.net\/campoparatodos\/wp-content\/uploads\/2023\/04\/DSC_0270.jpg?fit=300%2C200&amp;ssl=1\" data-large-file=\"https:\/\/i2.wp.com\/test.cookdigital.net\/campoparatodos\/wp-content\/uploads\/2023\/04\/DSC_0270.jpg?fit=1024%2C683&amp;ssl=1\" loading=\"lazy\" class=\"aligncenter size-large wp-image-2456\" src=\"https:\/\/i0.wp.com\/www.campoparatodos.com.ar\/wp-content\/uploads\/2023\/04\/DSC_0270-1024x683.jpg?resize=1024%2C683&#038;ssl=1\" alt=\"\" width=\"1024\" height=\"683\" srcset=\"https:\/\/i2.wp.com\/test.cookdigital.net\/campoparatodos\/wp-content\/uploads\/2023\/04\/DSC_0270.jpg?resize=1024%2C683&amp;ssl=1 1024w, https:\/\/i2.wp.com\/test.cookdigital.net\/campoparatodos\/wp-content\/uploads\/2023\/04\/DSC_0270.jpg?resize=300%2C200&amp;ssl=1 300w, https:\/\/i2.wp.com\/test.cookdigital.net\/campoparatodos\/wp-content\/uploads\/2023\/04\/DSC_0270.jpg?resize=768%2C512&amp;ssl=1 768w, https:\/\/i2.wp.com\/test.cookdigital.net\/campoparatodos\/wp-content\/uploads\/2023\/04\/DSC_0270.jpg?resize=272%2C182&amp;ssl=1 272w, https:\/\/i2.wp.com\/test.cookdigital.net\/campoparatodos\/wp-content\/uploads\/2023\/04\/DSC_0270.jpg?w=1224&amp;ssl=1 1224w\" sizes=\"(max-width: 1024px) 100vw, 1024px\" data-recalc-dims=\"1\" \/><br \/>\n<em>\u201cArgencarne es un escenario importante, es una exposici\u00f3n distinta. Nadie defiende lo que no conoce. La gente tiene que conocer qu\u00e9 hay atr\u00e1s de un bife; que hay atr\u00e1s de una oveja, que hay atr\u00e1s de un cerdo, tiene que saber que un corte de carne no sale de la heladera ni de la g\u00f3ndola de un supermercado. Este es un esfuerzo muy importante para que la gente nos empiece a conocer\u201d<\/em>, declar\u00f3 <strong>Dardo Chiesa<\/strong> <em>\u201cAl argentino no hay nada que lo lleve tanto a sus ra\u00edces, desde lo gastron\u00f3mico, como el producto carne. Es cierto que estamos en una crisis clim\u00e1tica muy fuerte, pero estos emprendimientos ayudan a superar las coyunturas m\u00e1s duras\u201d<\/em>, explic\u00f3 Chiesa.<br \/>\nPor su parte, el ministro <strong>De Los R\u00edos<\/strong> explic\u00f3 que, desde el Gobierno de Salta, por instrucci\u00f3n del gobernador <em>Gustavo S\u00e1enz<\/em>, se acompa\u00f1a continuamente a todos los productores, especialmente en el marco de la sequ\u00eda, la m\u00e1s feroz en cien a\u00f1os. Consider\u00f3 que este tipo de eventos ayudan a transitar este momento, y destac\u00f3 que <em>\u201clo hacemos con nuestros hermanos de Jujuy, con lo cual nos permitir\u00e1 incorporar tambi\u00e9n cam\u00e9lidos y la riqueza gastron\u00f3mica de esa provincia. Adem\u00e1s, tendr\u00e1 un gran impacto a nivel tur\u00edstico, ya que vendr\u00e1n dirigentes y estudiantes de Escuelas Agrot\u00e9cnicas de distintos puntos del pa\u00eds\u201d<\/em>.<br \/>\n<em>\u201cEstamos muy contentos de traer este evento a Salta, para generar un impacto positivo en todo el NOA. Trabajamos para incorporar carne de llamas y conejos. La participaci\u00f3n gastron\u00f3mica ser\u00e1 muy interesante y creo que ser\u00e1 una propuesta muy atractiva para las familias\u201d<\/em>, expres\u00f3 por su parte <strong>Seg\u00f3n<\/strong>.<\/p>\n<p><img data-attachment-id=\"2458\" data-permalink=\"https:\/\/test.cookdigital.net\/campoparatodos\/2023\/04\/11\/argencarne-la-principal-vidriera-del-potencial-ganadero-se-realizara-en-junio-en-salta\/dsc_0305\/#main\" data-orig-file=\"https:\/\/i2.wp.com\/test.cookdigital.net\/campoparatodos\/wp-content\/uploads\/2023\/04\/DSC_0305.jpg?fit=1224%2C816&amp;ssl=1\" data-orig-size=\"1224,816\" data-comments-opened=\"1\" data-image-meta=\"{&quot;aperture&quot;:&quot;5&quot;,&quot;credit&quot;:&quot;&quot;,&quot;camera&quot;:&quot;NIKON D5300&quot;,&quot;caption&quot;:&quot;&quot;,&quot;created_timestamp&quot;:&quot;1681120442&quot;,&quot;copyright&quot;:&quot;&quot;,&quot;focal_length&quot;:&quot;18&quot;,&quot;iso&quot;:&quot;800&quot;,&quot;shutter_speed&quot;:&quot;0.01&quot;,&quot;title&quot;:&quot;&quot;,&quot;orientation&quot;:&quot;1&quot;}\" data-image-title=\"DSC_0305\" data-image-description=\"\" data-medium-file=\"https:\/\/i2.wp.com\/test.cookdigital.net\/campoparatodos\/wp-content\/uploads\/2023\/04\/DSC_0305.jpg?fit=300%2C200&amp;ssl=1\" data-large-file=\"https:\/\/i2.wp.com\/test.cookdigital.net\/campoparatodos\/wp-content\/uploads\/2023\/04\/DSC_0305.jpg?fit=1024%2C683&amp;ssl=1\" loading=\"lazy\" class=\"aligncenter size-large wp-image-2458\" src=\"https:\/\/i2.wp.com\/www.campoparatodos.com.ar\/wp-content\/uploads\/2023\/04\/DSC_0305-1024x683.jpg?resize=1024%2C683&#038;ssl=1\" alt=\"\" width=\"1024\" height=\"683\" srcset=\"https:\/\/i2.wp.com\/test.cookdigital.net\/campoparatodos\/wp-content\/uploads\/2023\/04\/DSC_0305.jpg?resize=1024%2C683&amp;ssl=1 1024w, https:\/\/i2.wp.com\/test.cookdigital.net\/campoparatodos\/wp-content\/uploads\/2023\/04\/DSC_0305.jpg?resize=300%2C200&amp;ssl=1 300w, https:\/\/i2.wp.com\/test.cookdigital.net\/campoparatodos\/wp-content\/uploads\/2023\/04\/DSC_0305.jpg?resize=768%2C512&amp;ssl=1 768w, https:\/\/i2.wp.com\/test.cookdigital.net\/campoparatodos\/wp-content\/uploads\/2023\/04\/DSC_0305.jpg?resize=272%2C182&amp;ssl=1 272w, https:\/\/i2.wp.com\/test.cookdigital.net\/campoparatodos\/wp-content\/uploads\/2023\/04\/DSC_0305.jpg?w=1224&amp;ssl=1 1224w\" sizes=\"(max-width: 1024px) 100vw, 1024px\" data-recalc-dims=\"1\" \/><br \/>\nEn tanto que la provincia de Jujuy, a trav\u00e9s de <strong>F\u00e9lix P\u00e9rez<\/strong>, secretario de Agencia de Desarrollo Econ\u00f3mico,<em> solicit\u00f3 la incorporaci\u00f3n de las carnes de llama, que ser\u00e1 aprobado su tr\u00e1nsito federal por parte de SENASA<\/em>. Como una muestra del federalismo y regionalidad de Argencarne, tambi\u00e9n participar\u00e1n las sociedades rurales tucumanas que conforman CARTUC.<br \/>\nAl tratarse de una feria no convencional, la mirada gastron\u00f3mica es central. Por lo que <em>participar\u00e1n cocineros y revelar\u00e1n tips y secretos para preparar platos de todos los d\u00edas y t\u00e9cnicas f\u00e1ciles de cocina.<\/em><br \/>\n<strong>Cholque<\/strong>, responsable gastron\u00f3mica de la feria, adelant\u00f3 que se podr\u00e1n ver las formas de consumo de las culturas originarias, pasando por todas las influencias que han construido la identidad culinaria argentina.<br \/>\nAdem\u00e1s, habr\u00e1 degustaciones, campeonato de asadores y disertaciones de especialistas.<\/p>\n<p>Previo a la muestra se hace un <strong>block test<\/strong>, que es la metodolog\u00eda que eval\u00faa el rendimiento y la calidad de un grupo de m\u00fasculos en bloque, con relaci\u00f3n a huesos y grasa animal. Este evento cuenta con la participaci\u00f3n de estudiantes de las escuelas agrot\u00e9cnicas.<br \/>\nLa actividad, que es abierta para todo p\u00fablico, se transforma en cada lugar que visita en una gran oportunidad para probar las diferentes carnes, con variadas preparaciones y las influencias de las diferentes culturas que forman nuestra gastronom\u00eda.<\/p>\n","protected":false},"excerpt":{"rendered":"<p>La exposici\u00f3n, que abarca desde el productor hasta el consumidor, se realizar\u00e1 el primer fin de semana de junio. Contendr\u00e1 diferentes aspectos de las producciones bovinas, ovinas y porcinas.<\/p>\n","protected":false},"author":1,"featured_media":0,"comment_status":"closed","ping_status":"open","sticky":false,"template":"","format":"standard","meta":{"spay_email":"","jetpack_publicize_message":"","jetpack_is_tweetstorm":false},"categories":[5,8,10,168,4],"tags":[48,42,381,103,382],"jetpack_featured_media_url":"","jetpack_publicize_connections":[],"jetpack_sharing_enabled":true,"jetpack_shortlink":"https:\/\/wp.me\/p9m0DJ-Dy","jetpack_likes_enabled":true,"jetpack-related-posts":[{"id":2527,"url":"https:\/\/test.cookdigital.net\/campoparatodos\/2023\/05\/05\/argencarne-la-gran-vidriera-de-nuestras-carnes-y-su-industria-se-vera-en-junio-en-salta\/","url_meta":{"origin":2452,"position":0},"title":"ArgenCarne, la gran vidriera de nuestras carnes y su industria, se ver\u00e1 en junio en Salta","date":"mayo 5, 2023","format":false,"excerpt":"Con muchos atractivos tanto para el productor como para el consumidor de carne, se realizar\u00e1 el primer fin de semana de junio. Contendr\u00e1 diferentes aspectos de las producciones bovinas, ovinas, porcinas y aviares. ArgenCarne es la m\u00e1s importante vidriera de la potencia del alimento central de nuestra cocina. Si Italia\u2026","rel":"","context":"En \u00abEventos\u00bb","img":{"alt_text":"","src":"https:\/\/i2.wp.com\/www.campoparatodos.com.ar\/wp-content\/uploads\/2023\/05\/general-productores-1080-x-1080.png?resize=350%2C200&ssl=1","width":350,"height":200},"classes":[]},{"id":2462,"url":"https:\/\/test.cookdigital.net\/campoparatodos\/2023\/04\/14\/revista-campo-para-todos-n-181-abril-2023\/","url_meta":{"origin":2452,"position":1},"title":"Revista Campo para Todos N\u00b0 181 - Abril 2023","date":"abril 14, 2023","format":false,"excerpt":"T\u00cdTULOS DE TAPA DE LA EDICI\u00d3N 181 - ABRIL DE 2023 Se estiman 40 mil ha perdidas de cultivos de verano en Santiago del Estero. - Los cultivos han sufrido mucho en Pampa de los Guanacos. - En Santiago del Estero muchos cultivos se van a cosechar teniendo m\u00e1rgenes negativos.\u2026","rel":"","context":"En \u00abAgricultura\u00bb","img":{"alt_text":"","src":"https:\/\/i0.wp.com\/www.campoparatodos.com.ar\/wp-content\/uploads\/2023\/04\/TAPA-REVISTA-181-713x1024.jpg?resize=350%2C200&ssl=1","width":350,"height":200},"classes":[]},{"id":1971,"url":"https:\/\/test.cookdigital.net\/campoparatodos\/2022\/06\/24\/expobra-noa-2022-brangus-brahman-y-braford-juntas-en-el-noa\/","url_meta":{"origin":2452,"position":2},"title":"EXPOBRA NOA 2022. BRANGUS, BRAHMAN Y BRAFORD JUNTAS EN EL NOA","date":"junio 24, 2022","format":false,"excerpt":"ExpoBra es la \u00fanica muestra en el NOA, organizada en conjunto, por las Asociaciones de Criadores de Braford, Brahman y Brangus, que se realiza en las instalaciones del Predio Ferial Vivero San Carlos en la provincia de Santiago del Estero. Concentra la mejor gen\u00e9tica clase A de las tres razas\u2026","rel":"","context":"En \u00abEventos\u00bb","img":{"alt_text":"","src":"https:\/\/i0.wp.com\/www.campoparatodos.com.ar\/wp-content\/uploads\/2022\/06\/Expobra-2022-1.jpg?resize=350%2C200&ssl=1","width":350,"height":200},"classes":[]},{"id":2531,"url":"https:\/\/test.cookdigital.net\/campoparatodos\/2023\/05\/09\/las-nacionales-de-braford-brahman-y-dorper-conquistan-corrientes\/","url_meta":{"origin":2452,"position":3},"title":"Las Nacionales de Braford, Brahman y Dorper conquistan Corrientes","date":"mayo 9, 2023","format":false,"excerpt":"Del 15 al 18 de mayo se realizar\u00e1n las NACIONALES en la Sociedad Rural de Corrientes, Riachuelo. El evento ganadero es organizado por Expoagro y cuenta con el apoyo del Gobierno de la provincia de Corrientes. Nuevamente, la gen\u00e9tica y la innovaci\u00f3n se dar\u00e1n cita en Corrientes para impulsar el\u2026","rel":"","context":"En \u00abEventos\u00bb","img":{"alt_text":"","src":"https:\/\/i2.wp.com\/test.cookdigital.net\/campoparatodos\/wp-content\/uploads\/2023\/05\/Av-Pag-NACIONALES-195x280-002-scaled.jpg?fit=836%2C1200&ssl=1&resize=350%2C200","width":350,"height":200},"classes":[]},{"id":2539,"url":"https:\/\/test.cookdigital.net\/campoparatodos\/2023\/05\/10\/revista-campo-para-todos-n-182-mayo-2023\/","url_meta":{"origin":2452,"position":4},"title":"Revista Campo para Todos N\u00b0 182 Mayo 2023","date":"mayo 10, 2023","format":false,"excerpt":"TITULOS DE TAPA EDICION N\u00b0 182 DE MAYO. - Todo el mundial Brangus. - Balance Forrajero - \u00bfEl Trigo les dar\u00e1 revancha a los productores Santiague\u00f1os? - Los cultivos estivales se encuentran finalizando sus ciclos. PARA LEERLA GRATIS TOCA LA FOTO DE TAPA INDICE REVISTA 182 DE MAYO 2023 5-\u2026","rel":"","context":"En \u00abAgricultura\u00bb","img":{"alt_text":"","src":"https:\/\/i0.wp.com\/www.campoparatodos.com.ar\/wp-content\/uploads\/2023\/05\/TAPA-REVISTA-182.jpg?resize=350%2C200&ssl=1","width":350,"height":200},"classes":[]},{"id":1521,"url":"https:\/\/test.cookdigital.net\/campoparatodos\/2021\/08\/19\/se-viene-una-nueva-edicion-de-expobra-en-santiago-del-estero\/","url_meta":{"origin":2452,"position":5},"title":"Se viene una nueva edici\u00f3n de EXPOBRA en Santiago del Estero","date":"agosto 19, 2021","format":false,"excerpt":"Se realizar\u00e1 del 15 al 17 de septiembre, con la mejor gen\u00e9tica Brahman, Braford y Brangus. Este a\u00f1o ser\u00e1 la edici\u00f3n n\u00b0 14 de la muestra organizada por las Asociaciones de criadores de las razas Brahman, Braford y Brangus, patrocinada por el Gobierno de Santiago del Estero. Como siempre, se\u2026","rel":"","context":"En \u00abEventos\u00bb","img":{"alt_text":"","src":"https:\/\/i1.wp.com\/www.campoparatodos.com.ar\/wp-content\/uploads\/2021\/08\/flyer-1-734x1024.jpeg?resize=350%2C200&ssl=1","width":350,"height":200},"classes":[]}],"_links":{"self":[{"href":"https:\/\/test.cookdigital.net\/campoparatodos\/wp-json\/wp\/v2\/posts\/2452"}],"collection":[{"href":"https:\/\/test.cookdigital.net\/campoparatodos\/wp-json\/wp\/v2\/posts"}],"about":[{"href":"https:\/\/test.cookdigital.net\/campoparatodos\/wp-json\/wp\/v2\/types\/post"}],"author":[{"embeddable":true,"href":"https:\/\/test.cookdigital.net\/campoparatodos\/wp-json\/wp\/v2\/users\/1"}],"replies":[{"embeddable":true,"href":"https:\/\/test.cookdigital.net\/campoparatodos\/wp-json\/wp\/v2\/comments?post=2452"}],"version-history":[{"count":2,"href":"https:\/\/test.cookdigital.net\/campoparatodos\/wp-json\/wp\/v2\/posts\/2452\/revisions"}],"predecessor-version":[{"id":2461,"href":"https:\/\/test.cookdigital.net\/campoparatodos\/wp-json\/wp\/v2\/posts\/2452\/revisions\/2461"}],"wp:attachment":[{"href":"https:\/\/test.cookdigital.net\/campoparatodos\/wp-json\/wp\/v2\/media?parent=2452"}],"wp:term":[{"taxonomy":"category","embeddable":true,"href":"https:\/\/test.cookdigital.net\/campoparatodos\/wp-json\/wp\/v2\/categories?post=2452"},{"taxonomy":"post_tag","embeddable":true,"href":"https:\/\/test.cookdigital.net\/campoparatodos\/wp-json\/wp\/v2\/tags?post=2452"}],"curies":[{"name":"wp","href":"https:\/\/api.w.org\/{rel}","templated":true}]}}