{"id":2445,"date":"2023-04-05T14:16:22","date_gmt":"2023-04-05T14:16:22","guid":{"rendered":"https:\/\/www.campoparatodos.com.ar\/?p=2445"},"modified":"2023-04-05T14:16:22","modified_gmt":"2023-04-05T14:16:22","slug":"stihl-ingresa-en-el-mercado-de-los-motores-de-4-tiempos","status":"publish","type":"post","link":"https:\/\/test.cookdigital.net\/campoparatodos\/2023\/04\/05\/stihl-ingresa-en-el-mercado-de-los-motores-de-4-tiempos\/","title":{"rendered":"Stihl ingresa en el mercado de los motores de 4 tiempos"},"content":{"rendered":"<p><em><strong>Francisco Gasc\u00f3n, gerente comercial de Stihl, indic\u00f3 cuales son las novedades de la empresa, \u201ceste a\u00f1o lanzamos dos motobombas cuatro tiempos de tres pulgadas y de 4 pulgadas, va a venir una m\u00e1s de 5 pulgadas. <\/strong><\/em><\/p>\n<p><img data-attachment-id=\"2447\" data-permalink=\"https:\/\/test.cookdigital.net\/campoparatodos\/2023\/04\/05\/stihl-ingresa-en-el-mercado-de-los-motores-de-4-tiempos\/img_4456\/#main\" data-orig-file=\"https:\/\/i1.wp.com\/test.cookdigital.net\/campoparatodos\/wp-content\/uploads\/2023\/04\/IMG_4456-scaled.jpg?fit=2560%2C1707&amp;ssl=1\" data-orig-size=\"2560,1707\" data-comments-opened=\"1\" data-image-meta=\"{&quot;aperture&quot;:&quot;9&quot;,&quot;credit&quot;:&quot;&quot;,&quot;camera&quot;:&quot;Canon EOS REBEL T3i&quot;,&quot;caption&quot;:&quot;&quot;,&quot;created_timestamp&quot;:&quot;1678202679&quot;,&quot;copyright&quot;:&quot;&quot;,&quot;focal_length&quot;:&quot;21&quot;,&quot;iso&quot;:&quot;100&quot;,&quot;shutter_speed&quot;:&quot;0.005&quot;,&quot;title&quot;:&quot;&quot;,&quot;orientation&quot;:&quot;1&quot;}\" data-image-title=\"IMG_4456\" data-image-description=\"\" data-medium-file=\"https:\/\/i1.wp.com\/test.cookdigital.net\/campoparatodos\/wp-content\/uploads\/2023\/04\/IMG_4456-scaled.jpg?fit=300%2C200&amp;ssl=1\" data-large-file=\"https:\/\/i1.wp.com\/test.cookdigital.net\/campoparatodos\/wp-content\/uploads\/2023\/04\/IMG_4456-scaled.jpg?fit=1024%2C683&amp;ssl=1\" loading=\"lazy\" class=\"aligncenter size-large wp-image-2447\" src=\"https:\/\/i1.wp.com\/www.campoparatodos.com.ar\/wp-content\/uploads\/2023\/04\/IMG_4456-1024x683.jpg?resize=1024%2C683&#038;ssl=1\" alt=\"\" width=\"1024\" height=\"683\" srcset=\"https:\/\/i1.wp.com\/test.cookdigital.net\/campoparatodos\/wp-content\/uploads\/2023\/04\/IMG_4456-scaled.jpg?resize=1024%2C683&amp;ssl=1 1024w, https:\/\/i1.wp.com\/test.cookdigital.net\/campoparatodos\/wp-content\/uploads\/2023\/04\/IMG_4456-scaled.jpg?resize=300%2C200&amp;ssl=1 300w, https:\/\/i1.wp.com\/test.cookdigital.net\/campoparatodos\/wp-content\/uploads\/2023\/04\/IMG_4456-scaled.jpg?resize=768%2C512&amp;ssl=1 768w, https:\/\/i1.wp.com\/test.cookdigital.net\/campoparatodos\/wp-content\/uploads\/2023\/04\/IMG_4456-scaled.jpg?resize=1536%2C1024&amp;ssl=1 1536w, https:\/\/i1.wp.com\/test.cookdigital.net\/campoparatodos\/wp-content\/uploads\/2023\/04\/IMG_4456-scaled.jpg?resize=2048%2C1365&amp;ssl=1 2048w, https:\/\/i1.wp.com\/test.cookdigital.net\/campoparatodos\/wp-content\/uploads\/2023\/04\/IMG_4456-scaled.jpg?resize=272%2C182&amp;ssl=1 272w, https:\/\/i1.wp.com\/test.cookdigital.net\/campoparatodos\/wp-content\/uploads\/2023\/04\/IMG_4456-scaled.jpg?w=2400&amp;ssl=1 2400w\" sizes=\"(max-width: 1024px) 100vw, 1024px\" data-recalc-dims=\"1\" \/><\/p>\n<p><!--more--><\/p>\n<p>Tambi\u00e9n lanzaremos cerca de mitad de a\u00f1o tres modelos de grupos electr\u00f3genos. Esto es algo nuevo para Stihl porque nos estamos metiendo un poquito m\u00e1s de lleno en lo que es el mercado de cuatro tiempos. Para nosotros era algo que nunca incursionamos, siempre hicimos motores de dos tiempos y bater\u00eda el\u00e9ctrico.<\/p>\n<p><img data-attachment-id=\"2446\" data-permalink=\"https:\/\/test.cookdigital.net\/campoparatodos\/2023\/04\/05\/stihl-ingresa-en-el-mercado-de-los-motores-de-4-tiempos\/tinagro-oct-2021\/#main\" data-orig-file=\"https:\/\/i1.wp.com\/test.cookdigital.net\/campoparatodos\/wp-content\/uploads\/2023\/04\/Tinagro.-oct-2021.jpg?fit=1904%2C1407&amp;ssl=1\" data-orig-size=\"1904,1407\" data-comments-opened=\"1\" data-image-meta=\"{&quot;aperture&quot;:&quot;0&quot;,&quot;credit&quot;:&quot;carlos&quot;,&quot;camera&quot;:&quot;&quot;,&quot;caption&quot;:&quot;&quot;,&quot;created_timestamp&quot;:&quot;1591390060&quot;,&quot;copyright&quot;:&quot;&quot;,&quot;focal_length&quot;:&quot;0&quot;,&quot;iso&quot;:&quot;0&quot;,&quot;shutter_speed&quot;:&quot;0&quot;,&quot;title&quot;:&quot;&quot;,&quot;orientation&quot;:&quot;0&quot;}\" data-image-title=\"Tinagro. oct 2021\" data-image-description=\"\" data-medium-file=\"https:\/\/i1.wp.com\/test.cookdigital.net\/campoparatodos\/wp-content\/uploads\/2023\/04\/Tinagro.-oct-2021.jpg?fit=300%2C222&amp;ssl=1\" data-large-file=\"https:\/\/i1.wp.com\/test.cookdigital.net\/campoparatodos\/wp-content\/uploads\/2023\/04\/Tinagro.-oct-2021.jpg?fit=1024%2C757&amp;ssl=1\" loading=\"lazy\" class=\"aligncenter size-large wp-image-2446\" src=\"https:\/\/i1.wp.com\/www.campoparatodos.com.ar\/wp-content\/uploads\/2023\/04\/Tinagro.-oct-2021-1024x757.jpg?resize=1024%2C757&#038;ssl=1\" alt=\"\" width=\"1024\" height=\"757\" srcset=\"https:\/\/i1.wp.com\/test.cookdigital.net\/campoparatodos\/wp-content\/uploads\/2023\/04\/Tinagro.-oct-2021.jpg?resize=1024%2C757&amp;ssl=1 1024w, https:\/\/i1.wp.com\/test.cookdigital.net\/campoparatodos\/wp-content\/uploads\/2023\/04\/Tinagro.-oct-2021.jpg?resize=300%2C222&amp;ssl=1 300w, https:\/\/i1.wp.com\/test.cookdigital.net\/campoparatodos\/wp-content\/uploads\/2023\/04\/Tinagro.-oct-2021.jpg?resize=768%2C568&amp;ssl=1 768w, https:\/\/i1.wp.com\/test.cookdigital.net\/campoparatodos\/wp-content\/uploads\/2023\/04\/Tinagro.-oct-2021.jpg?resize=1536%2C1135&amp;ssl=1 1536w, https:\/\/i1.wp.com\/test.cookdigital.net\/campoparatodos\/wp-content\/uploads\/2023\/04\/Tinagro.-oct-2021.jpg?w=1904&amp;ssl=1 1904w\" sizes=\"(max-width: 1024px) 100vw, 1024px\" data-recalc-dims=\"1\" \/><\/p>\n<p>Creemos que es algo que est\u00e1 faltando en el campo y la ciudad. En este segmento hay mucho gen\u00e9rico, pero faltaba un producto de calidad como Stihl, si bien hay marcas de calidad, vemos que falta un poquito m\u00e1s de volumen. En un a\u00f1o complicado, nosotros seguimos invirtiendo y apostando en el sector\u201d expres\u00f3.<\/p>\n<figure id=\"attachment_2449\" aria-describedby=\"caption-attachment-2449\" style=\"width: 1014px\" class=\"wp-caption aligncenter\"><img data-attachment-id=\"2449\" data-permalink=\"https:\/\/test.cookdigital.net\/campoparatodos\/2023\/04\/05\/stihl-ingresa-en-el-mercado-de-los-motores-de-4-tiempos\/whatsapp-image-2023-03-11-at-14-03-35_perfectlyclear\/#main\" data-orig-file=\"https:\/\/i1.wp.com\/test.cookdigital.net\/campoparatodos\/wp-content\/uploads\/2023\/04\/WhatsApp-Image-2023-03-11-at-14.03.35_PerfectlyClear.jpg?fit=1024%2C768&amp;ssl=1\" data-orig-size=\"1024,768\" data-comments-opened=\"1\" data-image-meta=\"{&quot;aperture&quot;:&quot;0&quot;,&quot;credit&quot;:&quot;&quot;,&quot;camera&quot;:&quot;&quot;,&quot;caption&quot;:&quot;&quot;,&quot;created_timestamp&quot;:&quot;0&quot;,&quot;copyright&quot;:&quot;&quot;,&quot;focal_length&quot;:&quot;0&quot;,&quot;iso&quot;:&quot;0&quot;,&quot;shutter_speed&quot;:&quot;0&quot;,&quot;title&quot;:&quot;&quot;,&quot;orientation&quot;:&quot;1&quot;}\" data-image-title=\"WhatsApp Image 2023-03-11 at 14.03.35_PerfectlyClear\" data-image-description=\"\" data-medium-file=\"https:\/\/i1.wp.com\/test.cookdigital.net\/campoparatodos\/wp-content\/uploads\/2023\/04\/WhatsApp-Image-2023-03-11-at-14.03.35_PerfectlyClear.jpg?fit=300%2C225&amp;ssl=1\" data-large-file=\"https:\/\/i1.wp.com\/test.cookdigital.net\/campoparatodos\/wp-content\/uploads\/2023\/04\/WhatsApp-Image-2023-03-11-at-14.03.35_PerfectlyClear.jpg?fit=1024%2C768&amp;ssl=1\" loading=\"lazy\" class=\"size-full wp-image-2449\" src=\"https:\/\/i1.wp.com\/www.campoparatodos.com.ar\/wp-content\/uploads\/2023\/04\/WhatsApp-Image-2023-03-11-at-14.03.35_PerfectlyClear.jpg?resize=1024%2C768&#038;ssl=1\" alt=\"\" width=\"1024\" height=\"768\" srcset=\"https:\/\/i1.wp.com\/test.cookdigital.net\/campoparatodos\/wp-content\/uploads\/2023\/04\/WhatsApp-Image-2023-03-11-at-14.03.35_PerfectlyClear.jpg?w=1024&amp;ssl=1 1024w, https:\/\/i1.wp.com\/test.cookdigital.net\/campoparatodos\/wp-content\/uploads\/2023\/04\/WhatsApp-Image-2023-03-11-at-14.03.35_PerfectlyClear.jpg?resize=300%2C225&amp;ssl=1 300w, https:\/\/i1.wp.com\/test.cookdigital.net\/campoparatodos\/wp-content\/uploads\/2023\/04\/WhatsApp-Image-2023-03-11-at-14.03.35_PerfectlyClear.jpg?resize=768%2C576&amp;ssl=1 768w\" sizes=\"(max-width: 1024px) 100vw, 1024px\" data-recalc-dims=\"1\" \/><figcaption id=\"caption-attachment-2449\" class=\"wp-caption-text\">Luis Salom\u00f3n y Nicol\u00e1s Salom\u00f3n (centro), del Concesionario Stihl Tinagro, junto a Pablo Fijalkauskas (izq.) y Francisco Gasc\u00f3n (der.).<\/figcaption><\/figure>\n<p>Haciendo un resumen Francisco reflexion\u00f3, \u201ceste a\u00f1o vamos a incorporar en total 14 modelos, es mucho para nosotros, es un desaf\u00edo porque atr\u00e1s de esos 14 modelos viene toda una l\u00ednea de repuestos. As\u00ed que es una inversi\u00f3n grande, no es solamente lanzar un producto y que se venda, sino que es el servicio postventa que nosotros traemos atr\u00e1s. Nosotros vendemos en nuestra red de concesionarios oficiales con servicio, entonces, donde vos compr\u00e1s la m\u00e1quina te la reparan y te venden los repuestos. Creo que eso es algo que la gente busca. Somos un mercado, el argentino, donde siempre se busc\u00f3 un respaldo, atr\u00e1s de lo que se compr\u00f3, no somos un mercado descartable. Eso es lo que la gente busca en nuestra marca\u201d finaliz\u00f3.<\/p>\n","protected":false},"excerpt":{"rendered":"<p>Francisco Gasc\u00f3n, gerente comercial de Stihl, indic\u00f3 cuales son las novedades de la empresa, \u201ceste a\u00f1o lanzamos dos motobombas cuatro tiempos de tres pulgadas y de 4 pulgadas, va a venir una m\u00e1s de 5 pulgadas.<\/p>\n","protected":false},"author":1,"featured_media":0,"comment_status":"closed","ping_status":"open","sticky":false,"template":"","format":"standard","meta":{"spay_email":"","jetpack_publicize_message":"","jetpack_is_tweetstorm":false},"categories":[3,5,10],"tags":[379,380],"jetpack_featured_media_url":"","jetpack_publicize_connections":[],"jetpack_sharing_enabled":true,"jetpack_shortlink":"https:\/\/wp.me\/p9m0DJ-Dr","jetpack_likes_enabled":true,"jetpack-related-posts":[{"id":2388,"url":"https:\/\/test.cookdigital.net\/campoparatodos\/2023\/03\/16\/revista-campo-para-todos-n-180\/","url_meta":{"origin":2445,"position":0},"title":"Revista Campo para Todos N\u00b0 180","date":"marzo 16, 2023","format":false,"excerpt":"Edici\u00f3n Especial EXPOAGRO 2023. La lupa del NOA en uno de los eventos mas importantes del pa\u00eds. Las novedades de 23 empresas e instituciones m\u00e1s destacadas que participaron. \u2666 \u00bfQu\u00e9 es un buen forraje en Santiago del Estero? - \u2666 El Algod\u00f3n es el cultivo m\u00e1s afectado por la sequ\u00eda.\u2026","rel":"","context":"En \u00abAgricultura\u00bb","img":{"alt_text":"","src":"https:\/\/i1.wp.com\/www.campoparatodos.com.ar\/wp-content\/uploads\/2023\/03\/REVISTA-TAPA-180-713x1024.jpg?resize=350%2C200&ssl=1","width":350,"height":200},"classes":[]},{"id":1871,"url":"https:\/\/test.cookdigital.net\/campoparatodos\/2022\/04\/13\/revista-campo-para-todos-n-169\/","url_meta":{"origin":2445,"position":1},"title":"Revista Campo para Todos N\u00b0 169","date":"abril 13, 2022","format":false,"excerpt":"Edici\u00f3n especial EXPOAGRO 2022, todas las novedades y nuevos productos. Algod\u00f3n. Apicultura y Lecher\u00eda. \u21d3 PARA LEERLA TOCA LA IMAGEN \u21d3 T\u00cdTULOS DE LA EDICI\u00d3N 169 MARZO DE 2022 Expoagro 2022. Cosechando la siembra de dos a\u00f1os. Ford. Presentamos 3 nuevas versiones autom\u00e1ticas de pick ups. Pauny, present\u00f3 su nuevo\u2026","rel":"","context":"En \u00abAgricultura\u00bb","img":{"alt_text":"","src":"https:\/\/i2.wp.com\/www.campoparatodos.com.ar\/wp-content\/uploads\/2022\/04\/TAPA-169.jpg?resize=350%2C200&ssl=1","width":350,"height":200},"classes":[]},{"id":2113,"url":"https:\/\/test.cookdigital.net\/campoparatodos\/2022\/09\/29\/sociedad-rural-del-matara\/","url_meta":{"origin":2445,"position":2},"title":"Sociedad Rural del Matar\u00e1","date":"septiembre 29, 2022","format":false,"excerpt":"Inaugur\u00f3 su nueva sede Participar de una inauguraci\u00f3n en estos tiempos es raro, m\u00e1s a\u00fan si se trata de una Rural. Con entusiasmo fuimos a Matar\u00e1 donde nos encontramos con muchos amigos. Les compartimos nuestra visi\u00f3n de ese momento y un hermoso texto de la cronolog\u00eda fundacional que realizaron los\u2026","rel":"","context":"En \u00abEventos\u00bb","img":{"alt_text":"","src":"https:\/\/i2.wp.com\/www.campoparatodos.com.ar\/wp-content\/uploads\/2022\/09\/IMG_2809_PerfectlyClear-1024x682.jpg?resize=350%2C200&ssl=1","width":350,"height":200},"classes":[]},{"id":1765,"url":"https:\/\/test.cookdigital.net\/campoparatodos\/2022\/01\/25\/la-sandia-gigante-tiende-a-desaparecer\/","url_meta":{"origin":2445,"position":3},"title":"La sand\u00eda gigante tiende a desaparecer","date":"enero 25, 2022","format":false,"excerpt":"Entrevistamos al especialista en cucurbit\u00e1ceas, el Ing. Roberto Crino. El profesional de amplia trayectoria en el sector hort\u00edcola realiz\u00f3 una breve conferencia, la cual nos sirvi\u00f3 para plantearnos las preguntas que no pod\u00edamos dejar de hacerle. La empresaPara comenzar le pedimos que presente a su empresa y nos haga un\u2026","rel":"","context":"En \u00abAgricultura\u00bb","img":{"alt_text":"","src":"https:\/\/i1.wp.com\/www.campoparatodos.com.ar\/wp-content\/uploads\/2021\/12\/IMG_0007_PerfectlyClear-scaled.jpg?resize=350%2C200&ssl=1","width":350,"height":200},"classes":[]},{"id":2316,"url":"https:\/\/test.cookdigital.net\/campoparatodos\/2023\/02\/03\/dos-santos-un-vino-santiagueno-entre-algodones\/","url_meta":{"origin":2445,"position":4},"title":"Dos Santos. Un vino santiague\u00f1o entre algodones","date":"febrero 3, 2023","format":false,"excerpt":"El Vi\u00f1edo Dos Santos est\u00e1 ubicado a pocos kil\u00f3metros de la ciudad de Beltr\u00e1n, en el coraz\u00f3n del \u00e1rea de riego del R\u00edo Dulce en Santiago del Estero. Revista Campo para Todos recorri\u00f3 el campo acompa\u00f1ado por su propietario Jos\u00e9 Luis Dos Santos junto a sus hijos Leo, Jos\u00e9 Alfredo.\u2026","rel":"","context":"En \u00abAgricultura\u00bb","img":{"alt_text":"","src":"https:\/\/i2.wp.com\/www.campoparatodos.com.ar\/wp-content\/uploads\/2023\/02\/DSC_0011_PerfectlyClear-1024x683.jpg?resize=350%2C200&ssl=1","width":350,"height":200},"classes":[]},{"id":760,"url":"https:\/\/test.cookdigital.net\/campoparatodos\/2020\/05\/14\/10-entrevistas-a-ganaderos-10-situaciones-distintas\/","url_meta":{"origin":2445,"position":5},"title":"10 entrevistas a ganaderos. 10 situaciones distintas.","date":"mayo 14, 2020","format":false,"excerpt":"La ganader\u00eda santiague\u00f1a se prepara para el invierno La producci\u00f3n ganadera forma parte de una de las principales actividades productivas de Santiago del Estero, y en los \u00faltimos a\u00f1os, la de mayor crecimiento. En las siguientes p\u00e1ginas compartimos entrevistas realizadas a ganaderos ubicados en distintas zonas productivas de toda la\u2026","rel":"","context":"En \u00abEntrevistas\u00bb","img":{"alt_text":"Locaciones de los ganaderos entrevistados","src":"https:\/\/i0.wp.com\/www.campoparatodos.com.ar\/wp-content\/uploads\/2020\/05\/mapa-ganadero-santiague\u00c3\u00b1o.jpg?resize=350%2C200&ssl=1","width":350,"height":200},"classes":[]}],"_links":{"self":[{"href":"https:\/\/test.cookdigital.net\/campoparatodos\/wp-json\/wp\/v2\/posts\/2445"}],"collection":[{"href":"https:\/\/test.cookdigital.net\/campoparatodos\/wp-json\/wp\/v2\/posts"}],"about":[{"href":"https:\/\/test.cookdigital.net\/campoparatodos\/wp-json\/wp\/v2\/types\/post"}],"author":[{"embeddable":true,"href":"https:\/\/test.cookdigital.net\/campoparatodos\/wp-json\/wp\/v2\/users\/1"}],"replies":[{"embeddable":true,"href":"https:\/\/test.cookdigital.net\/campoparatodos\/wp-json\/wp\/v2\/comments?post=2445"}],"version-history":[{"count":1,"href":"https:\/\/test.cookdigital.net\/campoparatodos\/wp-json\/wp\/v2\/posts\/2445\/revisions"}],"predecessor-version":[{"id":2450,"href":"https:\/\/test.cookdigital.net\/campoparatodos\/wp-json\/wp\/v2\/posts\/2445\/revisions\/2450"}],"wp:attachment":[{"href":"https:\/\/test.cookdigital.net\/campoparatodos\/wp-json\/wp\/v2\/media?parent=2445"}],"wp:term":[{"taxonomy":"category","embeddable":true,"href":"https:\/\/test.cookdigital.net\/campoparatodos\/wp-json\/wp\/v2\/categories?post=2445"},{"taxonomy":"post_tag","embeddable":true,"href":"https:\/\/test.cookdigital.net\/campoparatodos\/wp-json\/wp\/v2\/tags?post=2445"}],"curies":[{"name":"wp","href":"https:\/\/api.w.org\/{rel}","templated":true}]}}