{"id":2439,"date":"2023-04-05T13:47:13","date_gmt":"2023-04-05T13:47:13","guid":{"rendered":"https:\/\/www.campoparatodos.com.ar\/?p=2439"},"modified":"2023-04-05T13:47:13","modified_gmt":"2023-04-05T13:47:13","slug":"pauny-fabricara-todos-sus-termosellados-en-la-planta-de-santiago-del-estero","status":"publish","type":"post","link":"https:\/\/test.cookdigital.net\/campoparatodos\/2023\/04\/05\/pauny-fabricara-todos-sus-termosellados-en-la-planta-de-santiago-del-estero\/","title":{"rendered":"Pauny fabricar\u00e1 todos sus termosellados en la planta de Santiago del Estero"},"content":{"rendered":"<p><strong><em>As\u00ed lo expres\u00f3 Ra\u00fal Gia Levra, presidente de Pauny S.A. a Revista Campo para Todos en Expoagro 2023.<\/em><\/strong><\/p>\n<figure id=\"attachment_2440\" aria-describedby=\"caption-attachment-2440\" style=\"width: 1014px\" class=\"wp-caption aligncenter\"><img data-attachment-id=\"2440\" data-permalink=\"https:\/\/test.cookdigital.net\/campoparatodos\/2023\/04\/05\/pauny-fabricara-todos-sus-termosellados-en-la-planta-de-santiago-del-estero\/img_4340\/#main\" data-orig-file=\"https:\/\/i1.wp.com\/test.cookdigital.net\/campoparatodos\/wp-content\/uploads\/2023\/04\/IMG_4340-scaled.jpg?fit=2560%2C1707&amp;ssl=1\" data-orig-size=\"2560,1707\" data-comments-opened=\"1\" data-image-meta=\"{&quot;aperture&quot;:&quot;10&quot;,&quot;credit&quot;:&quot;&quot;,&quot;camera&quot;:&quot;Canon EOS REBEL T3i&quot;,&quot;caption&quot;:&quot;&quot;,&quot;created_timestamp&quot;:&quot;1678188029&quot;,&quot;copyright&quot;:&quot;&quot;,&quot;focal_length&quot;:&quot;30&quot;,&quot;iso&quot;:&quot;100&quot;,&quot;shutter_speed&quot;:&quot;0.005&quot;,&quot;title&quot;:&quot;&quot;,&quot;orientation&quot;:&quot;1&quot;}\" data-image-title=\"IMG_4340\" data-image-description=\"\" data-medium-file=\"https:\/\/i1.wp.com\/test.cookdigital.net\/campoparatodos\/wp-content\/uploads\/2023\/04\/IMG_4340-scaled.jpg?fit=300%2C200&amp;ssl=1\" data-large-file=\"https:\/\/i1.wp.com\/test.cookdigital.net\/campoparatodos\/wp-content\/uploads\/2023\/04\/IMG_4340-scaled.jpg?fit=1024%2C683&amp;ssl=1\" loading=\"lazy\" class=\"size-large wp-image-2440\" src=\"https:\/\/i0.wp.com\/www.campoparatodos.com.ar\/wp-content\/uploads\/2023\/04\/IMG_4340-1024x683.jpg?resize=1024%2C683&#038;ssl=1\" alt=\"\" width=\"1024\" height=\"683\" srcset=\"https:\/\/i1.wp.com\/test.cookdigital.net\/campoparatodos\/wp-content\/uploads\/2023\/04\/IMG_4340-scaled.jpg?resize=1024%2C683&amp;ssl=1 1024w, https:\/\/i1.wp.com\/test.cookdigital.net\/campoparatodos\/wp-content\/uploads\/2023\/04\/IMG_4340-scaled.jpg?resize=300%2C200&amp;ssl=1 300w, https:\/\/i1.wp.com\/test.cookdigital.net\/campoparatodos\/wp-content\/uploads\/2023\/04\/IMG_4340-scaled.jpg?resize=768%2C512&amp;ssl=1 768w, https:\/\/i1.wp.com\/test.cookdigital.net\/campoparatodos\/wp-content\/uploads\/2023\/04\/IMG_4340-scaled.jpg?resize=1536%2C1024&amp;ssl=1 1536w, https:\/\/i1.wp.com\/test.cookdigital.net\/campoparatodos\/wp-content\/uploads\/2023\/04\/IMG_4340-scaled.jpg?resize=2048%2C1365&amp;ssl=1 2048w, https:\/\/i1.wp.com\/test.cookdigital.net\/campoparatodos\/wp-content\/uploads\/2023\/04\/IMG_4340-scaled.jpg?resize=272%2C182&amp;ssl=1 272w, https:\/\/i1.wp.com\/test.cookdigital.net\/campoparatodos\/wp-content\/uploads\/2023\/04\/IMG_4340-scaled.jpg?w=2400&amp;ssl=1 2400w\" sizes=\"(max-width: 1024px) 100vw, 1024px\" data-recalc-dims=\"1\" \/><figcaption id=\"caption-attachment-2440\" class=\"wp-caption-text\">Ra\u00fal Gia Levra<\/figcaption><\/figure>\n<p><!--more--><\/p>\n<p>El presidente de Pauny SA, Ra\u00fal Gia Levra, expres\u00f3, <strong>\u201cExpoagro es el evento m\u00e1s importante del pa\u00eds, donde hay que estar sin duda. En un a\u00f1o que se presenta dif\u00edcil, fundamentalmente por el tema de la sequ\u00eda que esta afectando diferente zonas del pa\u00eds y ha castigado al productor, pero siempre con el animo alto porque el productor va ha seguir invirtiendo\u201d<\/strong> dijo.<\/p>\n<p><img data-attachment-id=\"2441\" data-permalink=\"https:\/\/test.cookdigital.net\/campoparatodos\/2023\/04\/05\/pauny-fabricara-todos-sus-termosellados-en-la-planta-de-santiago-del-estero\/img_4335\/#main\" data-orig-file=\"https:\/\/i2.wp.com\/test.cookdigital.net\/campoparatodos\/wp-content\/uploads\/2023\/04\/IMG_4335-scaled.jpg?fit=2560%2C1707&amp;ssl=1\" data-orig-size=\"2560,1707\" data-comments-opened=\"1\" data-image-meta=\"{&quot;aperture&quot;:&quot;9&quot;,&quot;credit&quot;:&quot;&quot;,&quot;camera&quot;:&quot;Canon EOS REBEL T3i&quot;,&quot;caption&quot;:&quot;&quot;,&quot;created_timestamp&quot;:&quot;1678187027&quot;,&quot;copyright&quot;:&quot;&quot;,&quot;focal_length&quot;:&quot;18&quot;,&quot;iso&quot;:&quot;100&quot;,&quot;shutter_speed&quot;:&quot;0.005&quot;,&quot;title&quot;:&quot;&quot;,&quot;orientation&quot;:&quot;1&quot;}\" data-image-title=\"IMG_4335\" data-image-description=\"\" data-medium-file=\"https:\/\/i2.wp.com\/test.cookdigital.net\/campoparatodos\/wp-content\/uploads\/2023\/04\/IMG_4335-scaled.jpg?fit=300%2C200&amp;ssl=1\" data-large-file=\"https:\/\/i2.wp.com\/test.cookdigital.net\/campoparatodos\/wp-content\/uploads\/2023\/04\/IMG_4335-scaled.jpg?fit=1024%2C683&amp;ssl=1\" loading=\"lazy\" class=\"aligncenter size-large wp-image-2441\" src=\"https:\/\/i2.wp.com\/www.campoparatodos.com.ar\/wp-content\/uploads\/2023\/04\/IMG_4335-1024x683.jpg?resize=1024%2C683&#038;ssl=1\" alt=\"\" width=\"1024\" height=\"683\" srcset=\"https:\/\/i2.wp.com\/test.cookdigital.net\/campoparatodos\/wp-content\/uploads\/2023\/04\/IMG_4335-scaled.jpg?resize=1024%2C683&amp;ssl=1 1024w, https:\/\/i2.wp.com\/test.cookdigital.net\/campoparatodos\/wp-content\/uploads\/2023\/04\/IMG_4335-scaled.jpg?resize=300%2C200&amp;ssl=1 300w, https:\/\/i2.wp.com\/test.cookdigital.net\/campoparatodos\/wp-content\/uploads\/2023\/04\/IMG_4335-scaled.jpg?resize=768%2C512&amp;ssl=1 768w, https:\/\/i2.wp.com\/test.cookdigital.net\/campoparatodos\/wp-content\/uploads\/2023\/04\/IMG_4335-scaled.jpg?resize=1536%2C1024&amp;ssl=1 1536w, https:\/\/i2.wp.com\/test.cookdigital.net\/campoparatodos\/wp-content\/uploads\/2023\/04\/IMG_4335-scaled.jpg?resize=2048%2C1365&amp;ssl=1 2048w, https:\/\/i2.wp.com\/test.cookdigital.net\/campoparatodos\/wp-content\/uploads\/2023\/04\/IMG_4335-scaled.jpg?resize=272%2C182&amp;ssl=1 272w, https:\/\/i2.wp.com\/test.cookdigital.net\/campoparatodos\/wp-content\/uploads\/2023\/04\/IMG_4335-scaled.jpg?w=2400&amp;ssl=1 2400w\" sizes=\"(max-width: 1024px) 100vw, 1024px\" data-recalc-dims=\"1\" \/><br \/>\n\u201cEllos saben que siempre tiene desquite al a\u00f1o siguiente, continua Ra\u00fal. Cuando a veces un a\u00f1o es regular o malo, si ve que la perspectiva del que viene puede mejorar, el productor argentino vuelve a invertir, a tirar la semilla, porque siempre ha invertido en lo suyo y esta aferrado a su terru\u00f1o. Con esa expectativa venimos para tratar de demostrar lo que hacemos y tratar de tambi\u00e9n generar negocios\u201d.<\/p>\n<p><img data-attachment-id=\"2443\" data-permalink=\"https:\/\/test.cookdigital.net\/campoparatodos\/2023\/04\/05\/pauny-fabricara-todos-sus-termosellados-en-la-planta-de-santiago-del-estero\/pauny-cel-brioso\/#main\" data-orig-file=\"https:\/\/i0.wp.com\/test.cookdigital.net\/campoparatodos\/wp-content\/uploads\/2023\/04\/Pauny-CEL-brioso.jpg?fit=2304%2C1654&amp;ssl=1\" data-orig-size=\"2304,1654\" data-comments-opened=\"1\" data-image-meta=\"{&quot;aperture&quot;:&quot;0&quot;,&quot;credit&quot;:&quot;carlos&quot;,&quot;camera&quot;:&quot;&quot;,&quot;caption&quot;:&quot;&quot;,&quot;created_timestamp&quot;:&quot;1652704366&quot;,&quot;copyright&quot;:&quot;&quot;,&quot;focal_length&quot;:&quot;0&quot;,&quot;iso&quot;:&quot;0&quot;,&quot;shutter_speed&quot;:&quot;0&quot;,&quot;title&quot;:&quot;&quot;,&quot;orientation&quot;:&quot;0&quot;}\" data-image-title=\"Pauny CEL brioso\" data-image-description=\"\" data-medium-file=\"https:\/\/i0.wp.com\/test.cookdigital.net\/campoparatodos\/wp-content\/uploads\/2023\/04\/Pauny-CEL-brioso.jpg?fit=300%2C215&amp;ssl=1\" data-large-file=\"https:\/\/i0.wp.com\/test.cookdigital.net\/campoparatodos\/wp-content\/uploads\/2023\/04\/Pauny-CEL-brioso.jpg?fit=1024%2C735&amp;ssl=1\" loading=\"lazy\" class=\"aligncenter size-large wp-image-2443\" src=\"https:\/\/i2.wp.com\/www.campoparatodos.com.ar\/wp-content\/uploads\/2023\/04\/Pauny-CEL-brioso-1024x735.jpg?resize=1024%2C735&#038;ssl=1\" alt=\"\" width=\"1024\" height=\"735\" srcset=\"https:\/\/i0.wp.com\/test.cookdigital.net\/campoparatodos\/wp-content\/uploads\/2023\/04\/Pauny-CEL-brioso.jpg?resize=1024%2C735&amp;ssl=1 1024w, https:\/\/i0.wp.com\/test.cookdigital.net\/campoparatodos\/wp-content\/uploads\/2023\/04\/Pauny-CEL-brioso.jpg?resize=300%2C215&amp;ssl=1 300w, https:\/\/i0.wp.com\/test.cookdigital.net\/campoparatodos\/wp-content\/uploads\/2023\/04\/Pauny-CEL-brioso.jpg?resize=768%2C551&amp;ssl=1 768w, https:\/\/i0.wp.com\/test.cookdigital.net\/campoparatodos\/wp-content\/uploads\/2023\/04\/Pauny-CEL-brioso.jpg?resize=1536%2C1103&amp;ssl=1 1536w, https:\/\/i0.wp.com\/test.cookdigital.net\/campoparatodos\/wp-content\/uploads\/2023\/04\/Pauny-CEL-brioso.jpg?resize=2048%2C1470&amp;ssl=1 2048w\" sizes=\"(max-width: 1024px) 100vw, 1024px\" data-recalc-dims=\"1\" \/><\/p>\n<p>Al consultarle sobre las novedades para la provincia, dijo <strong>\u201cen la planta de Santiago este hemos incorporado una m\u00e1quina grande para hacer todo el termoformado de los tractores, generando m\u00e1s trabajo para Santiago, esa m\u00e1quina se est\u00e1 poniendo a punto. Las primeras piezas estar\u00e1n saliendo antes de fin de mes. Con esta m\u00e1quina vamos a cubrir toda una necesidad que hoy estamos tercerizando. Decidimos hacerlo en Santiago para darle m\u00e1s trabajo y continuidad a ese emprendimiento\u201d<\/strong>, finaliz\u00f3.<\/p>\n","protected":false},"excerpt":{"rendered":"<p>As\u00ed lo expres\u00f3 Ra\u00fal Gia Levra, presidente de Pauny S.A. a Revista Campo para Todos en Expoagro 2023.<\/p>\n","protected":false},"author":1,"featured_media":0,"comment_status":"closed","ping_status":"open","sticky":false,"template":"","format":"standard","meta":{"spay_email":"","jetpack_publicize_message":"","jetpack_is_tweetstorm":false},"categories":[3,5,10,168],"tags":[279],"jetpack_featured_media_url":"","jetpack_publicize_connections":[],"jetpack_sharing_enabled":true,"jetpack_shortlink":"https:\/\/wp.me\/p9m0DJ-Dl","jetpack_likes_enabled":true,"jetpack-related-posts":[{"id":2388,"url":"https:\/\/test.cookdigital.net\/campoparatodos\/2023\/03\/16\/revista-campo-para-todos-n-180\/","url_meta":{"origin":2439,"position":0},"title":"Revista Campo para Todos N\u00b0 180","date":"marzo 16, 2023","format":false,"excerpt":"Edici\u00f3n Especial EXPOAGRO 2023. La lupa del NOA en uno de los eventos mas importantes del pa\u00eds. Las novedades de 23 empresas e instituciones m\u00e1s destacadas que participaron. \u2666 \u00bfQu\u00e9 es un buen forraje en Santiago del Estero? - \u2666 El Algod\u00f3n es el cultivo m\u00e1s afectado por la sequ\u00eda.\u2026","rel":"","context":"En \u00abAgricultura\u00bb","img":{"alt_text":"","src":"https:\/\/i1.wp.com\/www.campoparatodos.com.ar\/wp-content\/uploads\/2023\/03\/REVISTA-TAPA-180-713x1024.jpg?resize=350%2C200&ssl=1","width":350,"height":200},"classes":[]},{"id":1871,"url":"https:\/\/test.cookdigital.net\/campoparatodos\/2022\/04\/13\/revista-campo-para-todos-n-169\/","url_meta":{"origin":2439,"position":1},"title":"Revista Campo para Todos N\u00b0 169","date":"abril 13, 2022","format":false,"excerpt":"Edici\u00f3n especial EXPOAGRO 2022, todas las novedades y nuevos productos. Algod\u00f3n. Apicultura y Lecher\u00eda. \u21d3 PARA LEERLA TOCA LA IMAGEN \u21d3 T\u00cdTULOS DE LA EDICI\u00d3N 169 MARZO DE 2022 Expoagro 2022. Cosechando la siembra de dos a\u00f1os. Ford. Presentamos 3 nuevas versiones autom\u00e1ticas de pick ups. Pauny, present\u00f3 su nuevo\u2026","rel":"","context":"En \u00abAgricultura\u00bb","img":{"alt_text":"","src":"https:\/\/i2.wp.com\/www.campoparatodos.com.ar\/wp-content\/uploads\/2022\/04\/TAPA-169.jpg?resize=350%2C200&ssl=1","width":350,"height":200},"classes":[]},{"id":1744,"url":"https:\/\/test.cookdigital.net\/campoparatodos\/2022\/01\/12\/revista-campo-para-todos-n-166\/","url_meta":{"origin":2439,"position":2},"title":"Revista Campo para Todos N\u00b0 166","date":"enero 12, 2022","format":false,"excerpt":"TITULOS DE TAPA: Salinidad y sustentabilidad del Este Santiague\u00f1o: ojos que lo ven, coraz\u00f3n que lo siente y cuerpo que acciona. 1\u00b0 Concurso \u201cLa mejor sand\u00eda\u201d. Jornada de actualizaci\u00f3n algodonera. Pauny cumpli\u00f3 20 a\u00f1os. \u21d3\u21d3\u21d3 PARA LEERLA TOCA LA FOTO DE TAPA \u21d3\u21d3\u21d3 T\u00cdTULOS DE LA EDICI\u00d3N 166 DICIEMBRE DE\u2026","rel":"","context":"En \u00abAgricultura\u00bb","img":{"alt_text":"","src":"https:\/\/i2.wp.com\/www.campoparatodos.com.ar\/wp-content\/uploads\/2022\/01\/TAPA-166.jpg?resize=350%2C200&ssl=1","width":350,"height":200},"classes":[]},{"id":1779,"url":"https:\/\/test.cookdigital.net\/campoparatodos\/2022\/02\/09\/expoagro-2022-edicion-ypf-agro-el-evento-mas-esperado\/","url_meta":{"origin":2439,"position":3},"title":"Expoagro 2022 edici\u00f3n YPF Agro: el evento m\u00e1s esperado","date":"febrero 9, 2022","format":false,"excerpt":"Palpitando el evento m\u00e1s esperado del agro, este mi\u00e9rcoles 9 de febrero se dieron a conocer las novedades de la nueva edici\u00f3n de la muestra agroindustrial a cielo abierto m\u00e1s importante de la regi\u00f3n: Expoagro 2022 edici\u00f3n YPF Agro, del 8 al 11 de marzo en el Predio Ferial y\u2026","rel":"","context":"En \u00abEventos\u00bb","img":{"alt_text":"","src":"https:\/\/i0.wp.com\/www.campoparatodos.com.ar\/wp-content\/uploads\/2022\/02\/Expoagro-2022-edicio\u00cc\u0081n-YPF-Agro..png?resize=350%2C200&ssl=1","width":350,"height":200},"classes":[]},{"id":2531,"url":"https:\/\/test.cookdigital.net\/campoparatodos\/2023\/05\/09\/las-nacionales-de-braford-brahman-y-dorper-conquistan-corrientes\/","url_meta":{"origin":2439,"position":4},"title":"Las Nacionales de Braford, Brahman y Dorper conquistan Corrientes","date":"mayo 9, 2023","format":false,"excerpt":"Del 15 al 18 de mayo se realizar\u00e1n las NACIONALES en la Sociedad Rural de Corrientes, Riachuelo. El evento ganadero es organizado por Expoagro y cuenta con el apoyo del Gobierno de la provincia de Corrientes. Nuevamente, la gen\u00e9tica y la innovaci\u00f3n se dar\u00e1n cita en Corrientes para impulsar el\u2026","rel":"","context":"En \u00abEventos\u00bb","img":{"alt_text":"","src":"https:\/\/i2.wp.com\/test.cookdigital.net\/campoparatodos\/wp-content\/uploads\/2023\/05\/Av-Pag-NACIONALES-195x280-002-scaled.jpg?fit=836%2C1200&ssl=1&resize=350%2C200","width":350,"height":200},"classes":[]},{"id":1833,"url":"https:\/\/test.cookdigital.net\/campoparatodos\/2022\/03\/02\/nidera-semillas-propone-un-recorrido-por-la-agricultura-moderna\/","url_meta":{"origin":2439,"position":5},"title":"Nidera Semillas propone un recorrido por la agricultura moderna","date":"marzo 2, 2022","format":false,"excerpt":"En Expoagro, el semillero oficial mostrar\u00e1 la expresi\u00f3n de las \u00faltimas tecnolog\u00edas y desmitificar\u00e1 el alcance de la siembra variable. Bajo el prop\u00f3sito de acompa\u00f1ar a los productores para que obtengan el mejor rendimiento en sus lotes, Nidera Semillas ofrece soluciones de manejo variable por ambientes, un sistema que al\u2026","rel":"","context":"En \u00abAgricultura\u00bb","img":{"alt_text":"","src":"https:\/\/i1.wp.com\/www.campoparatodos.com.ar\/wp-content\/uploads\/2022\/03\/nidera-DSC_0014.jpg?resize=350%2C200&ssl=1","width":350,"height":200},"classes":[]}],"_links":{"self":[{"href":"https:\/\/test.cookdigital.net\/campoparatodos\/wp-json\/wp\/v2\/posts\/2439"}],"collection":[{"href":"https:\/\/test.cookdigital.net\/campoparatodos\/wp-json\/wp\/v2\/posts"}],"about":[{"href":"https:\/\/test.cookdigital.net\/campoparatodos\/wp-json\/wp\/v2\/types\/post"}],"author":[{"embeddable":true,"href":"https:\/\/test.cookdigital.net\/campoparatodos\/wp-json\/wp\/v2\/users\/1"}],"replies":[{"embeddable":true,"href":"https:\/\/test.cookdigital.net\/campoparatodos\/wp-json\/wp\/v2\/comments?post=2439"}],"version-history":[{"count":1,"href":"https:\/\/test.cookdigital.net\/campoparatodos\/wp-json\/wp\/v2\/posts\/2439\/revisions"}],"predecessor-version":[{"id":2444,"href":"https:\/\/test.cookdigital.net\/campoparatodos\/wp-json\/wp\/v2\/posts\/2439\/revisions\/2444"}],"wp:attachment":[{"href":"https:\/\/test.cookdigital.net\/campoparatodos\/wp-json\/wp\/v2\/media?parent=2439"}],"wp:term":[{"taxonomy":"category","embeddable":true,"href":"https:\/\/test.cookdigital.net\/campoparatodos\/wp-json\/wp\/v2\/categories?post=2439"},{"taxonomy":"post_tag","embeddable":true,"href":"https:\/\/test.cookdigital.net\/campoparatodos\/wp-json\/wp\/v2\/tags?post=2439"}],"curies":[{"name":"wp","href":"https:\/\/api.w.org\/{rel}","templated":true}]}}