{"id":2419,"date":"2023-03-30T13:57:06","date_gmt":"2023-03-30T13:57:06","guid":{"rendered":"https:\/\/www.campoparatodos.com.ar\/?p=2419"},"modified":"2023-03-30T13:57:06","modified_gmt":"2023-03-30T13:57:06","slug":"jorge-grimberg-es-el-nuevo-presidente-del-ipcva","status":"publish","type":"post","link":"https:\/\/test.cookdigital.net\/campoparatodos\/2023\/03\/30\/jorge-grimberg-es-el-nuevo-presidente-del-ipcva\/","title":{"rendered":"Jorge Grimberg es el nuevo presidente del IPCVA"},"content":{"rendered":"<p><strong><em>Se decidi\u00f3 en la Asamblea Anual Ordinaria del Instituto de Promoci\u00f3n de la Carne Vacuna Argentina (IPCVA).<\/em><\/strong><\/p>\n<p><img data-attachment-id=\"2420\" data-permalink=\"https:\/\/test.cookdigital.net\/campoparatodos\/2023\/03\/30\/jorge-grimberg-es-el-nuevo-presidente-del-ipcva\/foto-5-2\/#main\" data-orig-file=\"https:\/\/i1.wp.com\/test.cookdigital.net\/campoparatodos\/wp-content\/uploads\/2023\/03\/Foto-5-scaled.jpg?fit=2560%2C1920&amp;ssl=1\" data-orig-size=\"2560,1920\" data-comments-opened=\"1\" data-image-meta=\"{&quot;aperture&quot;:&quot;1.9&quot;,&quot;credit&quot;:&quot;&quot;,&quot;camera&quot;:&quot;motorola edge 20 pro&quot;,&quot;caption&quot;:&quot;&quot;,&quot;created_timestamp&quot;:&quot;1680106517&quot;,&quot;copyright&quot;:&quot;&quot;,&quot;focal_length&quot;:&quot;5.88&quot;,&quot;iso&quot;:&quot;1359&quot;,&quot;shutter_speed&quot;:&quot;0.03030303030303&quot;,&quot;title&quot;:&quot;&quot;,&quot;orientation&quot;:&quot;1&quot;}\" data-image-title=\"Foto 5\" data-image-description=\"\" data-medium-file=\"https:\/\/i1.wp.com\/test.cookdigital.net\/campoparatodos\/wp-content\/uploads\/2023\/03\/Foto-5-scaled.jpg?fit=300%2C225&amp;ssl=1\" data-large-file=\"https:\/\/i1.wp.com\/test.cookdigital.net\/campoparatodos\/wp-content\/uploads\/2023\/03\/Foto-5-scaled.jpg?fit=1024%2C768&amp;ssl=1\" loading=\"lazy\" class=\"aligncenter size-large wp-image-2420\" src=\"https:\/\/i0.wp.com\/www.campoparatodos.com.ar\/wp-content\/uploads\/2023\/03\/Foto-5-1024x768.jpg?resize=1024%2C768&#038;ssl=1\" alt=\"\" width=\"1024\" height=\"768\" srcset=\"https:\/\/i1.wp.com\/test.cookdigital.net\/campoparatodos\/wp-content\/uploads\/2023\/03\/Foto-5-scaled.jpg?resize=1024%2C768&amp;ssl=1 1024w, https:\/\/i1.wp.com\/test.cookdigital.net\/campoparatodos\/wp-content\/uploads\/2023\/03\/Foto-5-scaled.jpg?resize=300%2C225&amp;ssl=1 300w, https:\/\/i1.wp.com\/test.cookdigital.net\/campoparatodos\/wp-content\/uploads\/2023\/03\/Foto-5-scaled.jpg?resize=768%2C576&amp;ssl=1 768w, https:\/\/i1.wp.com\/test.cookdigital.net\/campoparatodos\/wp-content\/uploads\/2023\/03\/Foto-5-scaled.jpg?resize=1536%2C1152&amp;ssl=1 1536w, https:\/\/i1.wp.com\/test.cookdigital.net\/campoparatodos\/wp-content\/uploads\/2023\/03\/Foto-5-scaled.jpg?resize=2048%2C1536&amp;ssl=1 2048w, https:\/\/i1.wp.com\/test.cookdigital.net\/campoparatodos\/wp-content\/uploads\/2023\/03\/Foto-5-scaled.jpg?w=2400&amp;ssl=1 2400w\" sizes=\"(max-width: 1024px) 100vw, 1024px\" data-recalc-dims=\"1\" \/><\/p>\n<p><!--more--><\/p>\n<p>En el marco de la Asamblea Anual Ordinaria del Instituto de Promoci\u00f3n de la Carne Vacuna Argentina (IPCVA) que se realiz\u00f3 este 29 de marzo de 2023, las entidades agropecuarias eligieron por unanimidad a Jorge Grimberg, representante de Confederaciones Rurales Argentinas (CRA), como nuevo Presidente del Instituto.<\/p>\n<p>La vicepresidencia seguir\u00e1 a cargo de Daniel Urc\u00eda (FIFRA).<\/p>\n<p>En la asamblea, presidida por Jos\u00e9 Mar\u00eda Romero, Subsecretario de Ganader\u00eda de la Naci\u00f3n, tambi\u00e9n se aprob\u00f3 memoria, balance y plan anual operativo.<\/p>\n<p><strong><em>\u201cTenemos muchos proyectos para llevar a cabo\u201d<\/em><\/strong>, asegur\u00f3 Grimberg, despu\u00e9s de agradecer a las entidades por su elecci\u00f3n.\u00a0<strong><em>\u201cVamos a fortalecer la presencia de la carne argentina en mercados estrat\u00e9gicos como China, Europa y Estados Unidos pero sin descuidar el mercado interno, que es nuestro principal cliente\u201d<\/em><\/strong>, agreg\u00f3. Al respecto, asegur\u00f3 que\u00a0<strong><em>\u201cpese a la crisis econ\u00f3mica vamos a trabajar fuertemente para posicionar la carne vacuna como un alimento indispensable para la salud, muy especialmente entre los m\u00e1s j\u00f3venes que son el segmento que presenta el principal desaf\u00edo para la cadena productiva\u201d<\/em>.<\/strong><\/p>\n<p><img data-attachment-id=\"2421\" data-permalink=\"https:\/\/test.cookdigital.net\/campoparatodos\/2023\/03\/30\/jorge-grimberg-es-el-nuevo-presidente-del-ipcva\/foto-4\/#main\" data-orig-file=\"https:\/\/i2.wp.com\/test.cookdigital.net\/campoparatodos\/wp-content\/uploads\/2023\/03\/Foto-4-scaled.jpg?fit=2560%2C1440&amp;ssl=1\" data-orig-size=\"2560,1440\" data-comments-opened=\"1\" data-image-meta=\"{&quot;aperture&quot;:&quot;1.9&quot;,&quot;credit&quot;:&quot;&quot;,&quot;camera&quot;:&quot;motorola edge 20 pro&quot;,&quot;caption&quot;:&quot;&quot;,&quot;created_timestamp&quot;:&quot;1680104610&quot;,&quot;copyright&quot;:&quot;&quot;,&quot;focal_length&quot;:&quot;5.88&quot;,&quot;iso&quot;:&quot;497&quot;,&quot;shutter_speed&quot;:&quot;0.02&quot;,&quot;title&quot;:&quot;&quot;,&quot;orientation&quot;:&quot;1&quot;}\" data-image-title=\"Foto 4\" data-image-description=\"\" data-medium-file=\"https:\/\/i2.wp.com\/test.cookdigital.net\/campoparatodos\/wp-content\/uploads\/2023\/03\/Foto-4-scaled.jpg?fit=300%2C169&amp;ssl=1\" data-large-file=\"https:\/\/i2.wp.com\/test.cookdigital.net\/campoparatodos\/wp-content\/uploads\/2023\/03\/Foto-4-scaled.jpg?fit=1024%2C576&amp;ssl=1\" loading=\"lazy\" class=\"aligncenter size-large wp-image-2421\" src=\"https:\/\/i0.wp.com\/www.campoparatodos.com.ar\/wp-content\/uploads\/2023\/03\/Foto-4-1024x576.jpg?resize=1024%2C576&#038;ssl=1\" alt=\"\" width=\"1024\" height=\"576\" srcset=\"https:\/\/i2.wp.com\/test.cookdigital.net\/campoparatodos\/wp-content\/uploads\/2023\/03\/Foto-4-scaled.jpg?resize=1024%2C576&amp;ssl=1 1024w, https:\/\/i2.wp.com\/test.cookdigital.net\/campoparatodos\/wp-content\/uploads\/2023\/03\/Foto-4-scaled.jpg?resize=300%2C169&amp;ssl=1 300w, https:\/\/i2.wp.com\/test.cookdigital.net\/campoparatodos\/wp-content\/uploads\/2023\/03\/Foto-4-scaled.jpg?resize=768%2C432&amp;ssl=1 768w, https:\/\/i2.wp.com\/test.cookdigital.net\/campoparatodos\/wp-content\/uploads\/2023\/03\/Foto-4-scaled.jpg?resize=1536%2C864&amp;ssl=1 1536w, https:\/\/i2.wp.com\/test.cookdigital.net\/campoparatodos\/wp-content\/uploads\/2023\/03\/Foto-4-scaled.jpg?resize=2048%2C1152&amp;ssl=1 2048w, https:\/\/i2.wp.com\/test.cookdigital.net\/campoparatodos\/wp-content\/uploads\/2023\/03\/Foto-4-scaled.jpg?w=2400&amp;ssl=1 2400w\" sizes=\"(max-width: 1024px) 100vw, 1024px\" data-recalc-dims=\"1\" \/><\/p>\n<p>Jorge Chemes (Presidente de CRA), Nicol\u00e1s Pino (Presidente de SRA, v\u00eda zoom), Elbio Laucirica (Coninagro) y Carlos Achetoni (Presidente de FAA) tambi\u00e9n estuvieron presentes en la reuni\u00f3n en las que se tambi\u00e9n se designaron nuevos representantes de la industria y de la producci\u00f3n. El nuevo Consejo de Representantes del IPCVA qued\u00f3 conformado de la siguiente forma:<\/p>\n<p>-Presidente: Jorge Grimberg (CRA).<\/p>\n<p>-Vicepresidente: Daniel Urc\u00eda (FIFRA).<\/p>\n<p>-Consejeros titulares: Ulises Forte (FAA), Felipe Tavernier (Coninagro), Carlos Odriozola (SRA), Mario Ravettino (Consorcio ABC) \u00c1ngel Vitale (CADIF), Jos\u00e9 Mar\u00eda Romero (Secretar\u00eda de Agricultura de la Naci\u00f3n).<\/p>\n<p>-Consejeros Suplentes: Mart\u00edn Rapetti (CRA), Mart\u00edn Spada (FAA), Georges Breitschmitt (Coninagro), Luis \u00c1ngel Rossi (SRA), Alberto Gorleri (Consorcio ABC), Antonio D\u2019Angelo (FIFRA), Germ\u00e1n Berardi (CADIF), Rodolfo Acerbi (Secretar\u00eda de Agricultura de la Naci\u00f3n).<\/p>\n<p><strong>Sobre Jorge Grimberg<\/strong><\/p>\n<p>Es M\u00e9dico Veterinario (UNLP), productor ganadero de Bah\u00eda Blanca, Provincia de Buenos Aires, con una extensa trayectoria dentro de las entidades del sector. Fue Presidente de la Asociaci\u00f3n de Ganaderos y Agricultores de Bah\u00eda Blanca (2006-2010), ocup\u00f3 distintos cargos en la Bolsa de Cereales de Bah\u00eda Blanca (1997-actualidad), fue vicepresidente de Carbap (2010-2016), Presidente de la Fundaci\u00f3n Bah\u00eda Blanca-Rosales para la Sanidad Animal (1990-actualidad) y Consejero del IPCVA desde 2015.<\/p>\n","protected":false},"excerpt":{"rendered":"<p>Se decidi\u00f3 en la Asamblea Anual Ordinaria del Instituto de Promoci\u00f3n de la Carne Vacuna Argentina (IPCVA).<\/p>\n","protected":false},"author":1,"featured_media":0,"comment_status":"closed","ping_status":"open","sticky":false,"template":"","format":"standard","meta":{"spay_email":"","jetpack_publicize_message":"","jetpack_is_tweetstorm":false},"categories":[10,168],"tags":[42,41,43],"jetpack_featured_media_url":"","jetpack_publicize_connections":[],"jetpack_sharing_enabled":true,"jetpack_shortlink":"https:\/\/wp.me\/p9m0DJ-D1","jetpack_likes_enabled":true,"jetpack-related-posts":[{"id":1183,"url":"https:\/\/test.cookdigital.net\/campoparatodos\/2020\/12\/17\/juan-jose-grigera-naon-es-el-nuevo-presidente-del-ipcva\/","url_meta":{"origin":2419,"position":0},"title":"JUAN JOS\u00c9 GRIGERA NA\u00d3N ES EL NUEVO PRESIDENTE DEL IPCVA","date":"diciembre 17, 2020","format":false,"excerpt":"Se decidi\u00f3 en la Asamblea Anual Ordinaria del Instituto de Promoci\u00f3n de la Carne Vacuna Argentina (IPCVA). El Vicepresidente ser\u00e1 Mario Ravettino. En el marco de la Asamblea Anual Ordinaria del Instituto de Promoci\u00f3n de la Carne Vacuna Argentina (IPCVA) en la que se aprob\u00f3 memoria, balance y plan anual\u2026","rel":"","context":"En \u00abSin categor\u00eda\u00bb","img":{"alt_text":"","src":"https:\/\/i0.wp.com\/www.campoparatodos.com.ar\/wp-content\/uploads\/2020\/12\/NUEVO-PTE-IPCVA-282x300.jpg?resize=350%2C200&ssl=1","width":350,"height":200},"classes":[]},{"id":1814,"url":"https:\/\/test.cookdigital.net\/campoparatodos\/2022\/02\/24\/el-ipcva-enmarcara-el-espacio-ganadero-de-expoagro\/","url_meta":{"origin":2419,"position":1},"title":"El IPCVA enmarcar\u00e1 el espacio ganadero de Expoagro","date":"febrero 24, 2022","format":false,"excerpt":"Fortaleciendo la actividad ganadera de los productores argentinos, el Instituto de Promoci\u00f3n de la Carne Vacuna Argentina (IPCVA) estar\u00e1 presente una vez m\u00e1s del 8 al 11 de marzo, en el predio y aut\u00f3dromo de San Nicol\u00e1s. \u201cPara nosotros es un placer estar presentes y acompa\u00f1ar a Expoagro\u201d, asegur\u00f3 el\u2026","rel":"","context":"En \u00abGanader\u00eda\u00bb","img":{"alt_text":"","src":"https:\/\/i0.wp.com\/www.campoparatodos.com.ar\/wp-content\/uploads\/2022\/02\/carnesustentableconsello.jpg?resize=350%2C200&ssl=1","width":350,"height":200},"classes":[]},{"id":1223,"url":"https:\/\/test.cookdigital.net\/campoparatodos\/2021\/01\/21\/8-de-cada-10-argentinos-creen-que-la-carne-vacuna-es-saludable\/","url_meta":{"origin":2419,"position":2},"title":"8 de cada 10 argentinos creen que la carne vacuna es saludable","date":"enero 21, 2021","format":false,"excerpt":"El dato se desprende de un estudio de mercado del Instituto de Promoci\u00f3n de la Carne Vacuna Argentina (IPCVA). Nota de an\u00e1lisis de Adrian Bifaretti* y Eugenia Brusca**. Es un mundo en el que avanzan nuevas conductas alimentarias que sostienen que dejando de comer carne se logra un mejor bienestar\u2026","rel":"","context":"En \u00abNoticias\u00bb","img":{"alt_text":"","src":"https:\/\/i1.wp.com\/www.campoparatodos.com.ar\/wp-content\/uploads\/2021\/01\/beef-623465_1920-1024x683.jpg?resize=350%2C200&ssl=1","width":350,"height":200},"classes":[]},{"id":1118,"url":"https:\/\/test.cookdigital.net\/campoparatodos\/2020\/11\/17\/la-hora-de-los-jovenes-en-la-carne-argentina\/","url_meta":{"origin":2419,"position":3},"title":"\u201cLa hora de los j\u00f3venes en la carne argentina\u201d","date":"noviembre 17, 2020","format":false,"excerpt":"Con un programa in\u00e9dito para el sector, se viene una doble jornada virtual del IPCVA, el 24 y 25 de noviembre. Las voces m\u00e1s j\u00f3venes de la cadena de ganados y carnes debatir\u00e1n perspectivas y nuevas tendencias. La conexi\u00f3n ser\u00e1 gratuita pero con cupos limitados. EL PROGRAMA ES EL SIGUIENTE:\u2026","rel":"","context":"En \u00abGanader\u00eda\u00bb","img":{"alt_text":"","src":"https:\/\/i2.wp.com\/www.campoparatodos.com.ar\/wp-content\/uploads\/2020\/11\/PROGRAMA-LA-HORA-DE-LOS-J\u00c3\u0093VENES-EN-LA-CARNE-ARGENTINA.jpg?resize=350%2C200&ssl=1","width":350,"height":200},"classes":[]},{"id":1206,"url":"https:\/\/test.cookdigital.net\/campoparatodos\/2021\/01\/13\/revista-campo-para-todos-n-154\/","url_meta":{"origin":2419,"position":4},"title":"Revista Campo para Todos N\u00b0 154","date":"enero 13, 2021","format":false,"excerpt":"T\u00edtulos: Sin carne vacuna no existe una alimentaci\u00f3n saludable. Nuevos productos, nuevos cortes y el \u201cboom\u201d de las hamburguesas gourmet. Balance de la industria veterinaria 2020. Juan Jos\u00e9 Grigera Na\u00f3n es el nuevo presidente del IPCVA. Condici\u00f3n corporal al parto en la salida del invierno 2020. Mapas de suelo: una\u2026","rel":"","context":"En \u00abAgricultura\u00bb","img":{"alt_text":"","src":"https:\/\/i0.wp.com\/www.campoparatodos.com.ar\/wp-content\/uploads\/2021\/01\/TAPA-R-154-713x1024.jpg?resize=350%2C200&ssl=1","width":350,"height":200},"classes":[]},{"id":1521,"url":"https:\/\/test.cookdigital.net\/campoparatodos\/2021\/08\/19\/se-viene-una-nueva-edicion-de-expobra-en-santiago-del-estero\/","url_meta":{"origin":2419,"position":5},"title":"Se viene una nueva edici\u00f3n de EXPOBRA en Santiago del Estero","date":"agosto 19, 2021","format":false,"excerpt":"Se realizar\u00e1 del 15 al 17 de septiembre, con la mejor gen\u00e9tica Brahman, Braford y Brangus. Este a\u00f1o ser\u00e1 la edici\u00f3n n\u00b0 14 de la muestra organizada por las Asociaciones de criadores de las razas Brahman, Braford y Brangus, patrocinada por el Gobierno de Santiago del Estero. Como siempre, se\u2026","rel":"","context":"En \u00abEventos\u00bb","img":{"alt_text":"","src":"https:\/\/i1.wp.com\/www.campoparatodos.com.ar\/wp-content\/uploads\/2021\/08\/flyer-1-734x1024.jpeg?resize=350%2C200&ssl=1","width":350,"height":200},"classes":[]}],"_links":{"self":[{"href":"https:\/\/test.cookdigital.net\/campoparatodos\/wp-json\/wp\/v2\/posts\/2419"}],"collection":[{"href":"https:\/\/test.cookdigital.net\/campoparatodos\/wp-json\/wp\/v2\/posts"}],"about":[{"href":"https:\/\/test.cookdigital.net\/campoparatodos\/wp-json\/wp\/v2\/types\/post"}],"author":[{"embeddable":true,"href":"https:\/\/test.cookdigital.net\/campoparatodos\/wp-json\/wp\/v2\/users\/1"}],"replies":[{"embeddable":true,"href":"https:\/\/test.cookdigital.net\/campoparatodos\/wp-json\/wp\/v2\/comments?post=2419"}],"version-history":[{"count":1,"href":"https:\/\/test.cookdigital.net\/campoparatodos\/wp-json\/wp\/v2\/posts\/2419\/revisions"}],"predecessor-version":[{"id":2422,"href":"https:\/\/test.cookdigital.net\/campoparatodos\/wp-json\/wp\/v2\/posts\/2419\/revisions\/2422"}],"wp:attachment":[{"href":"https:\/\/test.cookdigital.net\/campoparatodos\/wp-json\/wp\/v2\/media?parent=2419"}],"wp:term":[{"taxonomy":"category","embeddable":true,"href":"https:\/\/test.cookdigital.net\/campoparatodos\/wp-json\/wp\/v2\/categories?post=2419"},{"taxonomy":"post_tag","embeddable":true,"href":"https:\/\/test.cookdigital.net\/campoparatodos\/wp-json\/wp\/v2\/tags?post=2419"}],"curies":[{"name":"wp","href":"https:\/\/api.w.org\/{rel}","templated":true}]}}