{"id":2408,"date":"2023-03-29T23:44:13","date_gmt":"2023-03-29T23:44:13","guid":{"rendered":"https:\/\/www.campoparatodos.com.ar\/?p=2408"},"modified":"2023-03-29T23:44:13","modified_gmt":"2023-03-29T23:44:13","slug":"comunicado-de-prensa-por-situacion-algodonera","status":"publish","type":"post","link":"https:\/\/test.cookdigital.net\/campoparatodos\/2023\/03\/29\/comunicado-de-prensa-por-situacion-algodonera\/","title":{"rendered":"Comunicado de Prensa por situaci\u00f3n algodonera"},"content":{"rendered":"<p><strong><em>La Asociaci\u00f3n Argentina de Productores Algodoneros (AAPA) desea por este medio alertar sobre la situaci\u00f3n econ\u00f3mica que afectar\u00e1 a los pueblos y ciudades del interior de las provincias algodoneras debido a las condiciones de sequ\u00eda que atraviesa el cultivo. Nuestras estimaciones indican que el impacto econ\u00f3mico negativo para el \u00e1rea considerada ser\u00e1 de un total de unos 250 millones de d\u00f3lares debido a lo siguiente:<\/em><\/strong><\/p>\n<p><img data-attachment-id=\"2409\" data-permalink=\"https:\/\/test.cookdigital.net\/campoparatodos\/2023\/03\/29\/comunicado-de-prensa-por-situacion-algodonera\/whatsapp-image-2023-03-15-at-20-43-02\/#main\" data-orig-file=\"https:\/\/i2.wp.com\/test.cookdigital.net\/campoparatodos\/wp-content\/uploads\/2023\/03\/WhatsApp-Image-2023-03-15-at-20.43.02.jpeg?fit=780%2C1040&amp;ssl=1\" data-orig-size=\"780,1040\" data-comments-opened=\"1\" data-image-meta=\"{&quot;aperture&quot;:&quot;0&quot;,&quot;credit&quot;:&quot;&quot;,&quot;camera&quot;:&quot;&quot;,&quot;caption&quot;:&quot;&quot;,&quot;created_timestamp&quot;:&quot;0&quot;,&quot;copyright&quot;:&quot;&quot;,&quot;focal_length&quot;:&quot;0&quot;,&quot;iso&quot;:&quot;0&quot;,&quot;shutter_speed&quot;:&quot;0&quot;,&quot;title&quot;:&quot;&quot;,&quot;orientation&quot;:&quot;0&quot;}\" data-image-title=\"WhatsApp Image 2023-03-15 at 20.43.02\" data-image-description=\"\" data-medium-file=\"https:\/\/i2.wp.com\/test.cookdigital.net\/campoparatodos\/wp-content\/uploads\/2023\/03\/WhatsApp-Image-2023-03-15-at-20.43.02.jpeg?fit=225%2C300&amp;ssl=1\" data-large-file=\"https:\/\/i2.wp.com\/test.cookdigital.net\/campoparatodos\/wp-content\/uploads\/2023\/03\/WhatsApp-Image-2023-03-15-at-20.43.02.jpeg?fit=768%2C1024&amp;ssl=1\" loading=\"lazy\" class=\"aligncenter size-large wp-image-2409\" src=\"https:\/\/i1.wp.com\/www.campoparatodos.com.ar\/wp-content\/uploads\/2023\/03\/WhatsApp-Image-2023-03-15-at-20.43.02-768x1024.jpeg?resize=768%2C1024&#038;ssl=1\" alt=\"\" width=\"768\" height=\"1024\" srcset=\"https:\/\/i2.wp.com\/test.cookdigital.net\/campoparatodos\/wp-content\/uploads\/2023\/03\/WhatsApp-Image-2023-03-15-at-20.43.02.jpeg?resize=768%2C1024&amp;ssl=1 768w, https:\/\/i2.wp.com\/test.cookdigital.net\/campoparatodos\/wp-content\/uploads\/2023\/03\/WhatsApp-Image-2023-03-15-at-20.43.02.jpeg?resize=225%2C300&amp;ssl=1 225w, https:\/\/i2.wp.com\/test.cookdigital.net\/campoparatodos\/wp-content\/uploads\/2023\/03\/WhatsApp-Image-2023-03-15-at-20.43.02.jpeg?w=780&amp;ssl=1 780w\" sizes=\"(max-width: 768px) 100vw, 768px\" data-recalc-dims=\"1\" \/><\/p>\n<p><!--more--><\/p>\n<figure id=\"attachment_2416\" aria-describedby=\"caption-attachment-2416\" style=\"width: 1014px\" class=\"wp-caption aligncenter\"><img data-attachment-id=\"2416\" data-permalink=\"https:\/\/test.cookdigital.net\/campoparatodos\/2023\/03\/29\/comunicado-de-prensa-por-situacion-algodonera\/grafico-algodon\/#main\" data-orig-file=\"https:\/\/i0.wp.com\/test.cookdigital.net\/campoparatodos\/wp-content\/uploads\/2023\/03\/GRAFICO-ALGODON.jpg?fit=1819%2C464&amp;ssl=1\" data-orig-size=\"1819,464\" data-comments-opened=\"1\" data-image-meta=\"{&quot;aperture&quot;:&quot;0&quot;,&quot;credit&quot;:&quot;carlos&quot;,&quot;camera&quot;:&quot;&quot;,&quot;caption&quot;:&quot;&quot;,&quot;created_timestamp&quot;:&quot;1680121891&quot;,&quot;copyright&quot;:&quot;&quot;,&quot;focal_length&quot;:&quot;0&quot;,&quot;iso&quot;:&quot;0&quot;,&quot;shutter_speed&quot;:&quot;0&quot;,&quot;title&quot;:&quot;&quot;,&quot;orientation&quot;:&quot;0&quot;}\" data-image-title=\"GRAFICO ALGODON\" data-image-description=\"\" data-medium-file=\"https:\/\/i0.wp.com\/test.cookdigital.net\/campoparatodos\/wp-content\/uploads\/2023\/03\/GRAFICO-ALGODON.jpg?fit=300%2C77&amp;ssl=1\" data-large-file=\"https:\/\/i0.wp.com\/test.cookdigital.net\/campoparatodos\/wp-content\/uploads\/2023\/03\/GRAFICO-ALGODON.jpg?fit=1024%2C261&amp;ssl=1\" loading=\"lazy\" class=\"size-large wp-image-2416\" src=\"https:\/\/i0.wp.com\/www.campoparatodos.com.ar\/wp-content\/uploads\/2023\/03\/GRAFICO-ALGODON-1024x261.jpg?resize=1024%2C261&#038;ssl=1\" alt=\"\" width=\"1024\" height=\"261\" srcset=\"https:\/\/i0.wp.com\/test.cookdigital.net\/campoparatodos\/wp-content\/uploads\/2023\/03\/GRAFICO-ALGODON.jpg?resize=1024%2C261&amp;ssl=1 1024w, https:\/\/i0.wp.com\/test.cookdigital.net\/campoparatodos\/wp-content\/uploads\/2023\/03\/GRAFICO-ALGODON.jpg?resize=300%2C77&amp;ssl=1 300w, https:\/\/i0.wp.com\/test.cookdigital.net\/campoparatodos\/wp-content\/uploads\/2023\/03\/GRAFICO-ALGODON.jpg?resize=768%2C196&amp;ssl=1 768w, https:\/\/i0.wp.com\/test.cookdigital.net\/campoparatodos\/wp-content\/uploads\/2023\/03\/GRAFICO-ALGODON.jpg?resize=1536%2C392&amp;ssl=1 1536w, https:\/\/i0.wp.com\/test.cookdigital.net\/campoparatodos\/wp-content\/uploads\/2023\/03\/GRAFICO-ALGODON.jpg?w=1819&amp;ssl=1 1819w\" sizes=\"(max-width: 1024px) 100vw, 1024px\" data-recalc-dims=\"1\" \/><figcaption id=\"caption-attachment-2416\" class=\"wp-caption-text\">Comparativo campa\u00f1a actual versus 21\/22.<\/figcaption><\/figure>\n<p>La falta de este ingreso para los productores algodoneros, adem\u00e1s de afectar su rentabilidad que atenta con la posibilidad de seguir sembrando, se ver\u00e1 reflejado directamente en la econom\u00eda de las localidades afectando gravemente el comercio y los servicios de estas.<\/p>\n<p>De acuerdo con el comportamiento del clima durante el resto del mes de marzo y abril, esta situaci\u00f3n podr\u00e1 mejorarse o empeorar todav\u00eda a\u00fan m\u00e1s. El resto de la actividad agr\u00edcola y ganadera tambi\u00e9n sufre la misma situaci\u00f3n lo que profundiza la gravedad de la misma.<\/p>\n<p>Por todo lo expuesto instamos a los Gobiernos Provinciales y Nacionales a que arbitren las medidas necesarias para palear la profunda crisis que se avecina en el corto plazo.<\/p>\n<p><img data-attachment-id=\"2410\" data-permalink=\"https:\/\/test.cookdigital.net\/campoparatodos\/2023\/03\/29\/comunicado-de-prensa-por-situacion-algodonera\/whatsapp-image-2023-03-15-at-20-43-03-2\/#main\" data-orig-file=\"https:\/\/i2.wp.com\/test.cookdigital.net\/campoparatodos\/wp-content\/uploads\/2023\/03\/WhatsApp-Image-2023-03-15-at-20.43.03-2.jpeg?fit=780%2C1040&amp;ssl=1\" data-orig-size=\"780,1040\" data-comments-opened=\"1\" data-image-meta=\"{&quot;aperture&quot;:&quot;0&quot;,&quot;credit&quot;:&quot;&quot;,&quot;camera&quot;:&quot;&quot;,&quot;caption&quot;:&quot;&quot;,&quot;created_timestamp&quot;:&quot;0&quot;,&quot;copyright&quot;:&quot;&quot;,&quot;focal_length&quot;:&quot;0&quot;,&quot;iso&quot;:&quot;0&quot;,&quot;shutter_speed&quot;:&quot;0&quot;,&quot;title&quot;:&quot;&quot;,&quot;orientation&quot;:&quot;0&quot;}\" data-image-title=\"WhatsApp Image 2023-03-15 at 20.43.03 (2)\" data-image-description=\"\" data-medium-file=\"https:\/\/i2.wp.com\/test.cookdigital.net\/campoparatodos\/wp-content\/uploads\/2023\/03\/WhatsApp-Image-2023-03-15-at-20.43.03-2.jpeg?fit=225%2C300&amp;ssl=1\" data-large-file=\"https:\/\/i2.wp.com\/test.cookdigital.net\/campoparatodos\/wp-content\/uploads\/2023\/03\/WhatsApp-Image-2023-03-15-at-20.43.03-2.jpeg?fit=768%2C1024&amp;ssl=1\" loading=\"lazy\" class=\"aligncenter size-large wp-image-2410\" src=\"https:\/\/i1.wp.com\/www.campoparatodos.com.ar\/wp-content\/uploads\/2023\/03\/WhatsApp-Image-2023-03-15-at-20.43.03-2-768x1024.jpeg?resize=768%2C1024&#038;ssl=1\" alt=\"\" width=\"768\" height=\"1024\" srcset=\"https:\/\/i2.wp.com\/test.cookdigital.net\/campoparatodos\/wp-content\/uploads\/2023\/03\/WhatsApp-Image-2023-03-15-at-20.43.03-2.jpeg?resize=768%2C1024&amp;ssl=1 768w, https:\/\/i2.wp.com\/test.cookdigital.net\/campoparatodos\/wp-content\/uploads\/2023\/03\/WhatsApp-Image-2023-03-15-at-20.43.03-2.jpeg?resize=225%2C300&amp;ssl=1 225w, https:\/\/i2.wp.com\/test.cookdigital.net\/campoparatodos\/wp-content\/uploads\/2023\/03\/WhatsApp-Image-2023-03-15-at-20.43.03-2.jpeg?w=780&amp;ssl=1 780w\" sizes=\"(max-width: 768px) 100vw, 768px\" data-recalc-dims=\"1\" \/><\/p>\n<p><strong><u>Consideraciones<\/u><\/strong><\/p>\n<p>Hacemos llegar informaci\u00f3n directa del sector productivo algodonero y la cr\u00edtica situaci\u00f3n por la que est\u00e1 atravesando, la misma atenta directamente con la supervivencia de productores del sector y a su vez, perjudica en forma grav\u00edsima a la econom\u00eda de nuestros pueblos del interior.<\/p>\n<p>La campa\u00f1a algodonera 2022\/23 arranco con muy escasas precipitaciones y muy desparejas en las distintas zonas lo que hizo que se fuera sembrando muy justo de humedad para aprovechar la fecha de siembra normal del cultivo. De esta manera se fue completando la superficie total con un primer pulso de siembra a fines de octubre que atravesaron bajones fuertes de temperatura y hasta heladas tard\u00edas en algunas zonas al sur, luego se fueron dando peque\u00f1os golpes de siembra a mediados de noviembre y algo m\u00e1s a finales del mismo mes para finalizar avanzado diciembre y hasta enero con un porcentaje importante de la superficie total. Con algunas escasas excepciones podemos decir que toda la siembra temprana es la que peor llega al final del ciclo, lo de fin de noviembre tambi\u00e9n se encuentra muy por debajo de lo normal y la siembra m\u00e1s tard\u00eda, dependiendo de las zonas, todav\u00eda tiene algo m\u00e1s de potencial en caso de acompa\u00f1ar las lluvias el resto de marzo.<\/p>\n<p>En cuanto a la superficie total reportada en los distintos informes publicados, esta Asociaci\u00f3n opina que las hect\u00e1reas no solo son menos, sino que adem\u00e1s hay un porcentaje que se perdi\u00f3 por falta de lluvias y dependiendo de las zonas, algunas pasaron a resembrarse con otro cultivo.<\/p>\n<p><img data-attachment-id=\"2415\" data-permalink=\"https:\/\/test.cookdigital.net\/campoparatodos\/2023\/03\/29\/comunicado-de-prensa-por-situacion-algodonera\/whatsapp-image-2023-03-15-at-20-43-01\/#main\" data-orig-file=\"https:\/\/i2.wp.com\/test.cookdigital.net\/campoparatodos\/wp-content\/uploads\/2023\/03\/WhatsApp-Image-2023-03-15-at-20.43.01.jpeg?fit=780%2C1040&amp;ssl=1\" data-orig-size=\"780,1040\" data-comments-opened=\"1\" data-image-meta=\"{&quot;aperture&quot;:&quot;0&quot;,&quot;credit&quot;:&quot;&quot;,&quot;camera&quot;:&quot;&quot;,&quot;caption&quot;:&quot;&quot;,&quot;created_timestamp&quot;:&quot;0&quot;,&quot;copyright&quot;:&quot;&quot;,&quot;focal_length&quot;:&quot;0&quot;,&quot;iso&quot;:&quot;0&quot;,&quot;shutter_speed&quot;:&quot;0&quot;,&quot;title&quot;:&quot;&quot;,&quot;orientation&quot;:&quot;0&quot;}\" data-image-title=\"WhatsApp Image 2023-03-15 at 20.43.01\" data-image-description=\"\" data-medium-file=\"https:\/\/i2.wp.com\/test.cookdigital.net\/campoparatodos\/wp-content\/uploads\/2023\/03\/WhatsApp-Image-2023-03-15-at-20.43.01.jpeg?fit=225%2C300&amp;ssl=1\" data-large-file=\"https:\/\/i2.wp.com\/test.cookdigital.net\/campoparatodos\/wp-content\/uploads\/2023\/03\/WhatsApp-Image-2023-03-15-at-20.43.01.jpeg?fit=768%2C1024&amp;ssl=1\" loading=\"lazy\" class=\"aligncenter size-large wp-image-2415\" src=\"https:\/\/i1.wp.com\/www.campoparatodos.com.ar\/wp-content\/uploads\/2023\/03\/WhatsApp-Image-2023-03-15-at-20.43.01-768x1024.jpeg?resize=768%2C1024&#038;ssl=1\" alt=\"\" width=\"768\" height=\"1024\" srcset=\"https:\/\/i2.wp.com\/test.cookdigital.net\/campoparatodos\/wp-content\/uploads\/2023\/03\/WhatsApp-Image-2023-03-15-at-20.43.01.jpeg?resize=768%2C1024&amp;ssl=1 768w, https:\/\/i2.wp.com\/test.cookdigital.net\/campoparatodos\/wp-content\/uploads\/2023\/03\/WhatsApp-Image-2023-03-15-at-20.43.01.jpeg?resize=225%2C300&amp;ssl=1 225w, https:\/\/i2.wp.com\/test.cookdigital.net\/campoparatodos\/wp-content\/uploads\/2023\/03\/WhatsApp-Image-2023-03-15-at-20.43.01.jpeg?w=780&amp;ssl=1 780w\" sizes=\"(max-width: 768px) 100vw, 768px\" data-recalc-dims=\"1\" \/><\/p>\n<p>Los datos oficiales indican una superficie entre 430.000 y 460.000 has y de acuerdo con informaci\u00f3n propia, la misma no llegar\u00eda a las 400.000 has, lo que dar\u00eda una baja con respecto a la campa\u00f1a pasada de alrededor de un 20% menos aproximadamente y nuestras estimaciones en cuanto al rendimiento promedio de toda el \u00e1rea, si bien es clave lo que ocurra en lo que resta del mes de marzo, tambi\u00e9n caer\u00eda un 20% comparado a la \u00faltima campa\u00f1a. <strong>Esta estimaci\u00f3n realizada en base a informaci\u00f3n directa de productores y chequeada con algunos actores del resto de la cadena arrojar\u00eda, a hoy, una merma de un 33% de fibra producida, es decir un faltante de alrededor de 100.000 ton, lo que impactar\u00eda directamente en la situaci\u00f3n econ\u00f3mica de las localidades del interior de las provincias algodoneras, adem\u00e1s de poner en riesgo la continuidad de la actividad de muchos de nuestros productores que vienen sufriendo tres a\u00f1os consecutivos de sequ\u00eda sumados a otros problemas ya conocidos como son la presencia de picudo del algodonero y las derivas de productos herbicidas hormonales que limitan la producci\u00f3n cada a\u00f1o.<\/strong><\/p>\n<p>Poner esta informaci\u00f3n disponible p\u00fablicamente ayudara a que se pueda disponer de medidas r\u00e1pidas que atemperen esta situaci\u00f3n ca\u00f3tica para nuestra regi\u00f3n.<\/p>\n<p>Sin \u00a0otro \u00a0en \u00a0particular, \u00a0y \u00a0agradeciendo \u00a0su \u00a0difusi\u00f3n \u00a0y \u00a0la \u00a0buena \u00a0predisposici\u00f3n \u00a0hacia \u00a0nuestra instituci\u00f3n, saludamos atentamente.<\/p>\n<p><em><strong>Firman el comunicado:<\/strong><\/em><\/p>\n<p><strong>KI<\/strong><strong>SIEL, Ruben Nestor, <\/strong>Secretario y <strong>L<\/strong><strong>I<\/strong><strong>NKE, Hector Fabian, <\/strong>Presidente<\/p>\n<p><strong><em>Asociaci\u00f3n Argentina de Productores Algodoneros (AAPA)<\/em><\/strong><\/p>\n<p>&nbsp;<\/p>\n<p>Publicado en Revista Campo para Todos N\u00b0 180.<\/p>\n","protected":false},"excerpt":{"rendered":"<p>La Asociaci\u00f3n Argentina de Productores Algodoneros (AAPA) desea por este medio alertar sobre la situaci\u00f3n econ\u00f3mica que afectar\u00e1 a los pueblos y ciudades del interior de las provincias algodoneras debido a las condiciones de sequ\u00eda que atraviesa el cultivo. Nuestras estimaciones indican que el impacto econ\u00f3mico negativo para el \u00e1rea considerada ser\u00e1 de un total &#8230; <a title=\"Comunicado de Prensa por situaci\u00f3n algodonera\" class=\"read-more\" href=\"https:\/\/test.cookdigital.net\/campoparatodos\/2023\/03\/29\/comunicado-de-prensa-por-situacion-algodonera\/\" aria-label=\"M\u00e1s en Comunicado de Prensa por situaci\u00f3n algodonera\">Leer m\u00e1s<\/a><\/p>\n","protected":false},"author":1,"featured_media":0,"comment_status":"closed","ping_status":"open","sticky":false,"template":"","format":"standard","meta":{"spay_email":"","jetpack_publicize_message":"","jetpack_is_tweetstorm":false},"categories":[7,4],"tags":[350,349,376],"jetpack_featured_media_url":"","jetpack_publicize_connections":[],"jetpack_sharing_enabled":true,"jetpack_shortlink":"https:\/\/wp.me\/p9m0DJ-CQ","jetpack_likes_enabled":true,"jetpack-related-posts":[{"id":808,"url":"https:\/\/test.cookdigital.net\/campoparatodos\/2020\/05\/18\/la-produccion-algodonera-argentina-al-borde-del-colapso\/","url_meta":{"origin":2408,"position":0},"title":"La producci\u00f3n algodonera argentina al borde del colapso","date":"mayo 18, 2020","format":false,"excerpt":"En un comunicado enviado por la Asociaci\u00f3n Argentina de Productores Algodoneros (AAPA), se informa sobre las propuestas presentadas al Gobierno para que se concrete la generaci\u00f3n de cr\u00e9ditos con garant\u00eda de la fibra producida ya que se cuenta con buena producci\u00f3n pero que no se puede comercializar por no existir\u2026","rel":"","context":"En \u00abAgricultura\u00bb","img":{"alt_text":"","src":"https:\/\/i1.wp.com\/www.campoparatodos.com.ar\/wp-content\/uploads\/2020\/05\/DSCN7014-300x225.jpg?resize=350%2C200&ssl=1","width":350,"height":200},"classes":[]},{"id":2215,"url":"https:\/\/test.cookdigital.net\/campoparatodos\/2022\/11\/07\/necesitamos-que-se-cumpla-la-ley-de-agroquimicos-de-santiago-del-estero\/","url_meta":{"origin":2408,"position":1},"title":"ALGODONEROS: Necesitamos que se cumpla la Ley de Agroqu\u00edmicos de Santiago del Estero","date":"noviembre 7, 2022","format":false,"excerpt":"H\u00e9ctor Linke, Presidente de la Asociaci\u00f3n Argentina de Productores Algodoneros, as\u00ed lo expres\u00f3 en di\u00e1logo con Revista Campo para Todos. \u201cSomos una asociaci\u00f3n que estamos trabajando hace ya tres a\u00f1os por el sector algodonero. Nos juntamos un grupo de productores, de ah\u00ed se fue agrandando, actualmente entre los socios directos\u2026","rel":"","context":"En \u00abAgricultura\u00bb","img":{"alt_text":"","src":"https:\/\/i0.wp.com\/www.campoparatodos.com.ar\/wp-content\/uploads\/2022\/11\/IMG_3565_PerfectlyClear-e1667833391748-1024x776.jpg?resize=350%2C200&ssl=1","width":350,"height":200},"classes":[]},{"id":1268,"url":"https:\/\/test.cookdigital.net\/campoparatodos\/2021\/03\/25\/campana-algodonera-20-21-en-el-area-de-riego-del-rio-dulce\/","url_meta":{"origin":2408,"position":2},"title":"Campa\u00f1a algodonera 20\/21 en el \u00e1rea de riego del R\u00edo Dulce","date":"marzo 25, 2021","format":false,"excerpt":"El Ingeniero Agr\u00f3nomo Carlos Mitre nos cuenta sus experiencias en la presente campa\u00f1a algodonera del \u00e1rea de riego del R\u00edo Dulce. Antes del comienzo de esta campa\u00f1a, sab\u00edamos que ser\u00eda un desaf\u00edo importante, debido a la falta de agua en el Dique. Cont\u00e1bamos con la posibilidad de un solo turno\u2026","rel":"","context":"En \u00abAgricultura\u00bb","img":{"alt_text":"","src":"https:\/\/i0.wp.com\/www.campoparatodos.com.ar\/wp-content\/uploads\/2021\/03\/WhatsApp-Image-2021-03-08-at-14.13.40_PerfectlyClear-484x1024.jpg?resize=350%2C200&ssl=1","width":350,"height":200},"classes":[]},{"id":2207,"url":"https:\/\/test.cookdigital.net\/campoparatodos\/2022\/11\/04\/la-campana-algodonera-pinta-bien\/","url_meta":{"origin":2408,"position":3},"title":"La campa\u00f1a algodonera pinta bien","date":"noviembre 4, 2022","format":false,"excerpt":"Entrevista al especialista y referente en el cultivo de Algod\u00f3n, Ing. Mario Mondino, para que nos de su visi\u00f3n sobre la campa\u00f1a algodonera que se inicia. Lanzada ya la campa\u00f1a de algod\u00f3n, en el \u00e1rea de riego, con el riego largado. La campa\u00f1a, al menos en comentarios aparece como buena,\u2026","rel":"","context":"En \u00abAgricultura\u00bb","img":{"alt_text":"","src":"https:\/\/i0.wp.com\/www.campoparatodos.com.ar\/wp-content\/uploads\/2022\/11\/IMG_3517_PerfectlyClear-1024x682.jpg?resize=350%2C200&ssl=1","width":350,"height":200},"classes":[]},{"id":2298,"url":"https:\/\/test.cookdigital.net\/campoparatodos\/2023\/01\/23\/algodon-22-23-como-inicio-la-campana-en-el-area-de-riego-del-rio-dulce\/","url_meta":{"origin":2408,"position":4},"title":"Algod\u00f3n 22\/23. \u00bfC\u00f3mo inici\u00f3 la campa\u00f1a en el \u00e1rea de riego del R\u00edo Dulce?","date":"enero 23, 2023","format":false,"excerpt":"A pesar de todos los inconvenientes clim\u00e1ticos, la campa\u00f1a algodonera en el \u00e1rea de riego del R\u00edo Dulce est\u00e1 en marcha. Para conocer a fondo la situaci\u00f3n y mantener informada a toda la sociedad, Revista Campo para Todos solicit\u00f3 informaci\u00f3n a tres especialistas en el cultivo industrial m\u00e1s importante de\u2026","rel":"","context":"En \u00abAgricultura\u00bb","img":{"alt_text":"","src":"https:\/\/i1.wp.com\/www.campoparatodos.com.ar\/wp-content\/uploads\/2023\/01\/WhatsApp-Image-2022-12-30-at-12.40.38_PerfectlyClear-1024x484.jpg?resize=350%2C200&ssl=1","width":350,"height":200},"classes":[]},{"id":2388,"url":"https:\/\/test.cookdigital.net\/campoparatodos\/2023\/03\/16\/revista-campo-para-todos-n-180\/","url_meta":{"origin":2408,"position":5},"title":"Revista Campo para Todos N\u00b0 180","date":"marzo 16, 2023","format":false,"excerpt":"Edici\u00f3n Especial EXPOAGRO 2023. La lupa del NOA en uno de los eventos mas importantes del pa\u00eds. Las novedades de 23 empresas e instituciones m\u00e1s destacadas que participaron. \u2666 \u00bfQu\u00e9 es un buen forraje en Santiago del Estero? - \u2666 El Algod\u00f3n es el cultivo m\u00e1s afectado por la sequ\u00eda.\u2026","rel":"","context":"En \u00abAgricultura\u00bb","img":{"alt_text":"","src":"https:\/\/i1.wp.com\/www.campoparatodos.com.ar\/wp-content\/uploads\/2023\/03\/REVISTA-TAPA-180-713x1024.jpg?resize=350%2C200&ssl=1","width":350,"height":200},"classes":[]}],"_links":{"self":[{"href":"https:\/\/test.cookdigital.net\/campoparatodos\/wp-json\/wp\/v2\/posts\/2408"}],"collection":[{"href":"https:\/\/test.cookdigital.net\/campoparatodos\/wp-json\/wp\/v2\/posts"}],"about":[{"href":"https:\/\/test.cookdigital.net\/campoparatodos\/wp-json\/wp\/v2\/types\/post"}],"author":[{"embeddable":true,"href":"https:\/\/test.cookdigital.net\/campoparatodos\/wp-json\/wp\/v2\/users\/1"}],"replies":[{"embeddable":true,"href":"https:\/\/test.cookdigital.net\/campoparatodos\/wp-json\/wp\/v2\/comments?post=2408"}],"version-history":[{"count":2,"href":"https:\/\/test.cookdigital.net\/campoparatodos\/wp-json\/wp\/v2\/posts\/2408\/revisions"}],"predecessor-version":[{"id":2418,"href":"https:\/\/test.cookdigital.net\/campoparatodos\/wp-json\/wp\/v2\/posts\/2408\/revisions\/2418"}],"wp:attachment":[{"href":"https:\/\/test.cookdigital.net\/campoparatodos\/wp-json\/wp\/v2\/media?parent=2408"}],"wp:term":[{"taxonomy":"category","embeddable":true,"href":"https:\/\/test.cookdigital.net\/campoparatodos\/wp-json\/wp\/v2\/categories?post=2408"},{"taxonomy":"post_tag","embeddable":true,"href":"https:\/\/test.cookdigital.net\/campoparatodos\/wp-json\/wp\/v2\/tags?post=2408"}],"curies":[{"name":"wp","href":"https:\/\/api.w.org\/{rel}","templated":true}]}}