{"id":2377,"date":"2023-03-01T21:22:48","date_gmt":"2023-03-01T21:22:48","guid":{"rendered":"https:\/\/www.campoparatodos.com.ar\/?p=2377"},"modified":"2023-03-01T21:22:48","modified_gmt":"2023-03-01T21:22:48","slug":"la-ganaderia-santiaguena-pasado-presente-y-futuro","status":"publish","type":"post","link":"https:\/\/test.cookdigital.net\/campoparatodos\/2023\/03\/01\/la-ganaderia-santiaguena-pasado-presente-y-futuro\/","title":{"rendered":"La ganader\u00eda santiague\u00f1a: pasado, presente y futuro"},"content":{"rendered":"<h2><span style=\"color: #008000;\">\u00bfPodr\u00e1 transformarse la ganader\u00eda santiague\u00f1a en el motor del desarrollo provincial?<\/span><\/h2>\n<p>Por: Ing. Agr. Carlos Kunst PhD<\/p>\n<p><strong><em>Se posee informaci\u00f3n sobre la existencia de vacunos de origen europeo desde el siglo XVI para Santiago del Estero. A fines del siglo XIX, Gancedo (1885), en su \u2018Memoria descriptiva sobre la Provincia se Santiago del Estero\u2019 comenta: \u2018Nuestros sencillos sistemas de crianza son siempre los primitivos, los que se reducen a soltar las vacas en el campo, que all\u00ed aumentar\u00e1n\u2019. \u00bfEs posible todav\u00eda hoy aplicar ese enfoque productivo? <\/em><\/strong><\/p>\n<p><strong><em>Al iniciar esta serie de art\u00edculos en \u2018Campo para todos\u2019 sobre la ganader\u00eda santiague\u00f1a es bueno revisar algunos conceptos t\u00e9cnicos del pasado y presente y analizar su aplicaci\u00f3n para el futuro.<\/em><\/strong><\/p>\n<p><img data-attachment-id=\"2379\" data-permalink=\"https:\/\/test.cookdigital.net\/campoparatodos\/2023\/03\/01\/la-ganaderia-santiaguena-pasado-presente-y-futuro\/dscn8653_perfectlyclear\/#main\" data-orig-file=\"https:\/\/i2.wp.com\/test.cookdigital.net\/campoparatodos\/wp-content\/uploads\/2023\/03\/DSCN8653_PerfectlyClear-scaled.jpg?fit=2560%2C1920&amp;ssl=1\" data-orig-size=\"2560,1920\" data-comments-opened=\"1\" data-image-meta=\"{&quot;aperture&quot;:&quot;5.4&quot;,&quot;credit&quot;:&quot;&quot;,&quot;camera&quot;:&quot;COOLPIX L110&quot;,&quot;caption&quot;:&quot;&quot;,&quot;created_timestamp&quot;:&quot;1404400982&quot;,&quot;copyright&quot;:&quot;&quot;,&quot;focal_length&quot;:&quot;75&quot;,&quot;iso&quot;:&quot;80&quot;,&quot;shutter_speed&quot;:&quot;0.014880952380952&quot;,&quot;title&quot;:&quot;&quot;,&quot;orientation&quot;:&quot;1&quot;}\" data-image-title=\"DSCN8653_PerfectlyClear\" data-image-description=\"\" data-medium-file=\"https:\/\/i2.wp.com\/test.cookdigital.net\/campoparatodos\/wp-content\/uploads\/2023\/03\/DSCN8653_PerfectlyClear-scaled.jpg?fit=300%2C225&amp;ssl=1\" data-large-file=\"https:\/\/i2.wp.com\/test.cookdigital.net\/campoparatodos\/wp-content\/uploads\/2023\/03\/DSCN8653_PerfectlyClear-scaled.jpg?fit=1024%2C768&amp;ssl=1\" loading=\"lazy\" class=\"aligncenter size-large wp-image-2379\" src=\"https:\/\/i1.wp.com\/www.campoparatodos.com.ar\/wp-content\/uploads\/2023\/03\/DSCN8653_PerfectlyClear-1024x768.jpg?resize=1024%2C768&#038;ssl=1\" alt=\"\" width=\"1024\" height=\"768\" srcset=\"https:\/\/i2.wp.com\/test.cookdigital.net\/campoparatodos\/wp-content\/uploads\/2023\/03\/DSCN8653_PerfectlyClear-scaled.jpg?resize=1024%2C768&amp;ssl=1 1024w, https:\/\/i2.wp.com\/test.cookdigital.net\/campoparatodos\/wp-content\/uploads\/2023\/03\/DSCN8653_PerfectlyClear-scaled.jpg?resize=300%2C225&amp;ssl=1 300w, https:\/\/i2.wp.com\/test.cookdigital.net\/campoparatodos\/wp-content\/uploads\/2023\/03\/DSCN8653_PerfectlyClear-scaled.jpg?resize=768%2C576&amp;ssl=1 768w, https:\/\/i2.wp.com\/test.cookdigital.net\/campoparatodos\/wp-content\/uploads\/2023\/03\/DSCN8653_PerfectlyClear-scaled.jpg?resize=1536%2C1152&amp;ssl=1 1536w, https:\/\/i2.wp.com\/test.cookdigital.net\/campoparatodos\/wp-content\/uploads\/2023\/03\/DSCN8653_PerfectlyClear-scaled.jpg?resize=2048%2C1536&amp;ssl=1 2048w, https:\/\/i2.wp.com\/test.cookdigital.net\/campoparatodos\/wp-content\/uploads\/2023\/03\/DSCN8653_PerfectlyClear-scaled.jpg?w=2400&amp;ssl=1 2400w\" sizes=\"(max-width: 1024px) 100vw, 1024px\" data-recalc-dims=\"1\" \/><\/p>\n<p><!--more--><\/p>\n<p><strong>Semblanza de la ganader\u00eda santiague\u00f1a<\/strong><\/p>\n<p>Hist\u00f3ricamente, la actividad ganadera en la provincia se ha encarado con dos enfoques, <em>que conviven a\u00fan hoy: <\/em><\/p>\n<p><strong><em>\u2018Tradicional\u2019<\/em><\/strong>. La alimentaci\u00f3n (cadena de pastoreo) es lo que ofrece la vegetaci\u00f3n nativa (\u2018monte\u2019: pastos, latifoliadas, arbustos y \u00e1rboles). En la pr\u00e1ctica, consiste como se dijo, en \u2018largar\u2019 los animales a campo abierto, con preferencia en \u00e1reas \u2018pastosas\u2019, \u2018cosechando\u2019 la producci\u00f3n de carne una vez al a\u00f1o, cuando se desteta o se venden animales.<\/p>\n<p><img data-attachment-id=\"2383\" data-permalink=\"https:\/\/test.cookdigital.net\/campoparatodos\/2023\/03\/01\/la-ganaderia-santiaguena-pasado-presente-y-futuro\/el-garabato1\/#main\" data-orig-file=\"https:\/\/i0.wp.com\/test.cookdigital.net\/campoparatodos\/wp-content\/uploads\/2023\/03\/El-Garabato1.jpg?fit=2026%2C609&amp;ssl=1\" data-orig-size=\"2026,609\" data-comments-opened=\"1\" data-image-meta=\"{&quot;aperture&quot;:&quot;0&quot;,&quot;credit&quot;:&quot;carlos&quot;,&quot;camera&quot;:&quot;&quot;,&quot;caption&quot;:&quot;&quot;,&quot;created_timestamp&quot;:&quot;1675882950&quot;,&quot;copyright&quot;:&quot;&quot;,&quot;focal_length&quot;:&quot;0&quot;,&quot;iso&quot;:&quot;0&quot;,&quot;shutter_speed&quot;:&quot;0&quot;,&quot;title&quot;:&quot;&quot;,&quot;orientation&quot;:&quot;0&quot;}\" data-image-title=\"El Garabato1\" data-image-description=\"\" data-medium-file=\"https:\/\/i0.wp.com\/test.cookdigital.net\/campoparatodos\/wp-content\/uploads\/2023\/03\/El-Garabato1.jpg?fit=300%2C90&amp;ssl=1\" data-large-file=\"https:\/\/i0.wp.com\/test.cookdigital.net\/campoparatodos\/wp-content\/uploads\/2023\/03\/El-Garabato1.jpg?fit=1024%2C308&amp;ssl=1\" loading=\"lazy\" class=\"aligncenter size-large wp-image-2383\" src=\"https:\/\/i0.wp.com\/www.campoparatodos.com.ar\/wp-content\/uploads\/2023\/03\/El-Garabato1-1024x308.jpg?resize=1024%2C308&#038;ssl=1\" alt=\"\" width=\"1024\" height=\"308\" srcset=\"https:\/\/i0.wp.com\/test.cookdigital.net\/campoparatodos\/wp-content\/uploads\/2023\/03\/El-Garabato1.jpg?resize=1024%2C308&amp;ssl=1 1024w, https:\/\/i0.wp.com\/test.cookdigital.net\/campoparatodos\/wp-content\/uploads\/2023\/03\/El-Garabato1.jpg?resize=300%2C90&amp;ssl=1 300w, https:\/\/i0.wp.com\/test.cookdigital.net\/campoparatodos\/wp-content\/uploads\/2023\/03\/El-Garabato1.jpg?resize=768%2C231&amp;ssl=1 768w, https:\/\/i0.wp.com\/test.cookdigital.net\/campoparatodos\/wp-content\/uploads\/2023\/03\/El-Garabato1.jpg?resize=1536%2C462&amp;ssl=1 1536w, https:\/\/i0.wp.com\/test.cookdigital.net\/campoparatodos\/wp-content\/uploads\/2023\/03\/El-Garabato1.jpg?w=2026&amp;ssl=1 2026w\" sizes=\"(max-width: 1024px) 100vw, 1024px\" data-recalc-dims=\"1\" \/><\/p>\n<p>El manejo del rodeo est\u00e1 basado en aguadas naturales y el servicio de toros ocurre todo el a\u00f1o. El apotreramiento es poco o nulo. Este manejo no tiene en cuenta los descansos para las pasturas, y se hace un uso indiscriminado del fuego para lograr forraje verde durante el invierno y primavera, la \u00e9poca cr\u00edtica. La oferta de biomasa herb\u00e1cea est\u00e1 sujeta a los vaivenes del clima estacional y anual.<\/p>\n<figure id=\"attachment_2381\" aria-describedby=\"caption-attachment-2381\" style=\"width: 1014px\" class=\"wp-caption aligncenter\"><img data-attachment-id=\"2381\" data-permalink=\"https:\/\/test.cookdigital.net\/campoparatodos\/2023\/03\/01\/la-ganaderia-santiaguena-pasado-presente-y-futuro\/img_0314_perfectlyclear\/#main\" data-orig-file=\"https:\/\/i1.wp.com\/test.cookdigital.net\/campoparatodos\/wp-content\/uploads\/2023\/03\/IMG_0314_PerfectlyClear-scaled.jpg?fit=2560%2C1707&amp;ssl=1\" data-orig-size=\"2560,1707\" data-comments-opened=\"1\" data-image-meta=\"{&quot;aperture&quot;:&quot;6.3&quot;,&quot;credit&quot;:&quot;&quot;,&quot;camera&quot;:&quot;Canon EOS REBEL T3i&quot;,&quot;caption&quot;:&quot;&quot;,&quot;created_timestamp&quot;:&quot;1561986731&quot;,&quot;copyright&quot;:&quot;&quot;,&quot;focal_length&quot;:&quot;18&quot;,&quot;iso&quot;:&quot;100&quot;,&quot;shutter_speed&quot;:&quot;0.01&quot;,&quot;title&quot;:&quot;&quot;,&quot;orientation&quot;:&quot;1&quot;}\" data-image-title=\"IMG_0314_PerfectlyClear\" data-image-description=\"\" data-medium-file=\"https:\/\/i1.wp.com\/test.cookdigital.net\/campoparatodos\/wp-content\/uploads\/2023\/03\/IMG_0314_PerfectlyClear-scaled.jpg?fit=300%2C200&amp;ssl=1\" data-large-file=\"https:\/\/i1.wp.com\/test.cookdigital.net\/campoparatodos\/wp-content\/uploads\/2023\/03\/IMG_0314_PerfectlyClear-scaled.jpg?fit=1024%2C683&amp;ssl=1\" loading=\"lazy\" class=\"size-large wp-image-2381\" src=\"https:\/\/i1.wp.com\/www.campoparatodos.com.ar\/wp-content\/uploads\/2023\/03\/IMG_0314_PerfectlyClear-1024x683.jpg?resize=1024%2C683&#038;ssl=1\" alt=\"\" width=\"1024\" height=\"683\" srcset=\"https:\/\/i1.wp.com\/test.cookdigital.net\/campoparatodos\/wp-content\/uploads\/2023\/03\/IMG_0314_PerfectlyClear-scaled.jpg?resize=1024%2C683&amp;ssl=1 1024w, https:\/\/i1.wp.com\/test.cookdigital.net\/campoparatodos\/wp-content\/uploads\/2023\/03\/IMG_0314_PerfectlyClear-scaled.jpg?resize=300%2C200&amp;ssl=1 300w, https:\/\/i1.wp.com\/test.cookdigital.net\/campoparatodos\/wp-content\/uploads\/2023\/03\/IMG_0314_PerfectlyClear-scaled.jpg?resize=768%2C512&amp;ssl=1 768w, https:\/\/i1.wp.com\/test.cookdigital.net\/campoparatodos\/wp-content\/uploads\/2023\/03\/IMG_0314_PerfectlyClear-scaled.jpg?resize=1536%2C1024&amp;ssl=1 1536w, https:\/\/i1.wp.com\/test.cookdigital.net\/campoparatodos\/wp-content\/uploads\/2023\/03\/IMG_0314_PerfectlyClear-scaled.jpg?resize=2048%2C1365&amp;ssl=1 2048w, https:\/\/i1.wp.com\/test.cookdigital.net\/campoparatodos\/wp-content\/uploads\/2023\/03\/IMG_0314_PerfectlyClear-scaled.jpg?resize=272%2C182&amp;ssl=1 272w, https:\/\/i1.wp.com\/test.cookdigital.net\/campoparatodos\/wp-content\/uploads\/2023\/03\/IMG_0314_PerfectlyClear-scaled.jpg?w=2400&amp;ssl=1 2400w\" sizes=\"(max-width: 1024px) 100vw, 1024px\" data-recalc-dims=\"1\" \/><figcaption id=\"caption-attachment-2381\" class=\"wp-caption-text\">Vegetaci\u00f3n nativa actual de Santiago del Estero. Dominancia de le\u00f1osas, especialmente arbustos, que compiten por el espacio con pastos y otras le\u00f1osas deseables. Se observa el reducido tama\u00f1o de las matas de pastos (frente), as\u00ed como la dominancia de especies le\u00f1osas con espinas (atr\u00e1s).<\/figcaption><\/figure>\n<p><em>\u00a0<strong>\u2018Actual\u2019<\/strong><\/em>. Este enfoque utiliza herramientas como apotreramiento, aumento del n\u00famero de aguadas para pastorear de manera m\u00e1s eficiente, construcci\u00f3n de instalaciones (mangas), servicio estacionado, etc. La alimentaci\u00f3n se basa en la implantaci\u00f3n de pasturas anuales (sorgo, maiz) o de especies ex\u00f3ticas. Las mas difundidas son <em>Megathyrsus<\/em> <em>m\u00e1ximum<\/em> cv Gatton Panic, <em>Cenchrus ciliaris<\/em> (pasto b\u00fafel) y <em>Chloris gayana (Grama Rhodes)<\/em>. La existencia de esas especies en el mercado tiene como consecuencia que los anlmales destinado al destete puedan ser retenidos en los establecimientos y obtener as\u00ed mejor precio.<\/p>\n<p><img data-attachment-id=\"2271\" data-permalink=\"https:\/\/test.cookdigital.net\/campoparatodos\/2022\/12\/26\/inauguracion-del-laboratorio-veterinario-quebrachales-tintina\/cpt-template-174\/#main\" data-orig-file=\"https:\/\/i0.wp.com\/test.cookdigital.net\/campoparatodos\/wp-content\/uploads\/2022\/12\/Laboratorio-de-Analisis-Veterinario-Quebrachales-Tintina-web.jpg?fit=1152%2C1654&amp;ssl=1\" data-orig-size=\"1152,1654\" data-comments-opened=\"1\" data-image-meta=\"{&quot;aperture&quot;:&quot;0&quot;,&quot;credit&quot;:&quot;carlos&quot;,&quot;camera&quot;:&quot;&quot;,&quot;caption&quot;:&quot;cpt-template&quot;,&quot;created_timestamp&quot;:&quot;1671105565&quot;,&quot;copyright&quot;:&quot;&quot;,&quot;focal_length&quot;:&quot;0&quot;,&quot;iso&quot;:&quot;0&quot;,&quot;shutter_speed&quot;:&quot;0&quot;,&quot;title&quot;:&quot;cpt-template&quot;,&quot;orientation&quot;:&quot;0&quot;}\" data-image-title=\"cpt-template\" data-image-description=\"\" data-medium-file=\"https:\/\/i0.wp.com\/test.cookdigital.net\/campoparatodos\/wp-content\/uploads\/2022\/12\/Laboratorio-de-Analisis-Veterinario-Quebrachales-Tintina-web.jpg?fit=209%2C300&amp;ssl=1\" data-large-file=\"https:\/\/i0.wp.com\/test.cookdigital.net\/campoparatodos\/wp-content\/uploads\/2022\/12\/Laboratorio-de-Analisis-Veterinario-Quebrachales-Tintina-web.jpg?fit=713%2C1024&amp;ssl=1\" loading=\"lazy\" class=\"size-large wp-image-2271\" src=\"https:\/\/i0.wp.com\/www.campoparatodos.com.ar\/wp-content\/uploads\/2022\/12\/Laboratorio-de-Analisis-Veterinario-Quebrachales-Tintina-web-713x1024.jpg?resize=713%2C1024&#038;ssl=1\" alt=\"\" width=\"713\" height=\"1024\" srcset=\"https:\/\/i0.wp.com\/test.cookdigital.net\/campoparatodos\/wp-content\/uploads\/2022\/12\/Laboratorio-de-Analisis-Veterinario-Quebrachales-Tintina-web.jpg?resize=713%2C1024&amp;ssl=1 713w, https:\/\/i0.wp.com\/test.cookdigital.net\/campoparatodos\/wp-content\/uploads\/2022\/12\/Laboratorio-de-Analisis-Veterinario-Quebrachales-Tintina-web.jpg?resize=209%2C300&amp;ssl=1 209w, https:\/\/i0.wp.com\/test.cookdigital.net\/campoparatodos\/wp-content\/uploads\/2022\/12\/Laboratorio-de-Analisis-Veterinario-Quebrachales-Tintina-web.jpg?resize=768%2C1103&amp;ssl=1 768w, https:\/\/i0.wp.com\/test.cookdigital.net\/campoparatodos\/wp-content\/uploads\/2022\/12\/Laboratorio-de-Analisis-Veterinario-Quebrachales-Tintina-web.jpg?resize=1070%2C1536&amp;ssl=1 1070w, https:\/\/i0.wp.com\/test.cookdigital.net\/campoparatodos\/wp-content\/uploads\/2022\/12\/Laboratorio-de-Analisis-Veterinario-Quebrachales-Tintina-web.jpg?w=1152&amp;ssl=1 1152w\" sizes=\"(max-width: 713px) 100vw, 713px\" data-recalc-dims=\"1\" \/><\/p>\n<p><strong>\u00bfGen\u00e9tica o pasto?<\/strong><\/p>\n<p>Las circunstancias clim\u00e1ticas, las plagas y enfermedades (ej. garrapatas, babebiosis) hicieron que, durante muchos a\u00f1os, la \u2018mejora\u2019 de la ganader\u00eda local fuera a trav\u00e9s de la b\u00fasqueda del animal \u2018adaptado\u2019 a la regi\u00f3n chaque\u00f1a. Se tom\u00f3 como referencia las razas brit\u00e1nicas, descart\u00e1ndose as\u00ed la raza criolla, que hab\u00eda sido seleccionada para la regi\u00f3n por el azar durante casi 3 siglos.<\/p>\n<p><img data-attachment-id=\"2382\" data-permalink=\"https:\/\/test.cookdigital.net\/campoparatodos\/2023\/03\/01\/la-ganaderia-santiaguena-pasado-presente-y-futuro\/img_0387_perfectlyclear\/#main\" data-orig-file=\"https:\/\/i1.wp.com\/test.cookdigital.net\/campoparatodos\/wp-content\/uploads\/2023\/03\/IMG_0387_PerfectlyClear-scaled.jpg?fit=2560%2C1707&amp;ssl=1\" data-orig-size=\"2560,1707\" data-comments-opened=\"1\" data-image-meta=\"{&quot;aperture&quot;:&quot;5.6&quot;,&quot;credit&quot;:&quot;&quot;,&quot;camera&quot;:&quot;Canon EOS REBEL T3i&quot;,&quot;caption&quot;:&quot;&quot;,&quot;created_timestamp&quot;:&quot;1561998500&quot;,&quot;copyright&quot;:&quot;&quot;,&quot;focal_length&quot;:&quot;18&quot;,&quot;iso&quot;:&quot;100&quot;,&quot;shutter_speed&quot;:&quot;0.0125&quot;,&quot;title&quot;:&quot;&quot;,&quot;orientation&quot;:&quot;1&quot;}\" data-image-title=\"IMG_0387_PerfectlyClear\" data-image-description=\"\" data-medium-file=\"https:\/\/i1.wp.com\/test.cookdigital.net\/campoparatodos\/wp-content\/uploads\/2023\/03\/IMG_0387_PerfectlyClear-scaled.jpg?fit=300%2C200&amp;ssl=1\" data-large-file=\"https:\/\/i1.wp.com\/test.cookdigital.net\/campoparatodos\/wp-content\/uploads\/2023\/03\/IMG_0387_PerfectlyClear-scaled.jpg?fit=1024%2C683&amp;ssl=1\" loading=\"lazy\" class=\"aligncenter size-large wp-image-2382\" src=\"https:\/\/i1.wp.com\/www.campoparatodos.com.ar\/wp-content\/uploads\/2023\/03\/IMG_0387_PerfectlyClear-1024x683.jpg?resize=1024%2C683&#038;ssl=1\" alt=\"\" width=\"1024\" height=\"683\" srcset=\"https:\/\/i1.wp.com\/test.cookdigital.net\/campoparatodos\/wp-content\/uploads\/2023\/03\/IMG_0387_PerfectlyClear-scaled.jpg?resize=1024%2C683&amp;ssl=1 1024w, https:\/\/i1.wp.com\/test.cookdigital.net\/campoparatodos\/wp-content\/uploads\/2023\/03\/IMG_0387_PerfectlyClear-scaled.jpg?resize=300%2C200&amp;ssl=1 300w, https:\/\/i1.wp.com\/test.cookdigital.net\/campoparatodos\/wp-content\/uploads\/2023\/03\/IMG_0387_PerfectlyClear-scaled.jpg?resize=768%2C512&amp;ssl=1 768w, https:\/\/i1.wp.com\/test.cookdigital.net\/campoparatodos\/wp-content\/uploads\/2023\/03\/IMG_0387_PerfectlyClear-scaled.jpg?resize=1536%2C1024&amp;ssl=1 1536w, https:\/\/i1.wp.com\/test.cookdigital.net\/campoparatodos\/wp-content\/uploads\/2023\/03\/IMG_0387_PerfectlyClear-scaled.jpg?resize=2048%2C1365&amp;ssl=1 2048w, https:\/\/i1.wp.com\/test.cookdigital.net\/campoparatodos\/wp-content\/uploads\/2023\/03\/IMG_0387_PerfectlyClear-scaled.jpg?resize=272%2C182&amp;ssl=1 272w, https:\/\/i1.wp.com\/test.cookdigital.net\/campoparatodos\/wp-content\/uploads\/2023\/03\/IMG_0387_PerfectlyClear-scaled.jpg?w=2400&amp;ssl=1 2400w\" sizes=\"(max-width: 1024px) 100vw, 1024px\" data-recalc-dims=\"1\" \/><\/p>\n<p>Se han hecho avances significativos en la incorporaci\u00f3n de gen\u00e9tica animal para hacer frente al clima y a enfermedades. Pero. se debe tener en cuenta que el vacuno, sea de la raza que fuese, es una cosechadora de biomasa vegetal (el pasto). En ganader\u00eda de cr\u00eda (producci\u00f3n de carne en forma de terneros), el incremento del n\u00famero de cabezas (el rodeo) en una superficie constante, est\u00e1 asociado b\u00e1sicamente al rendimiento de la pastura y a la oferta de forraje (la receptividad), A m\u00e1s forraje, mas animales, y por lo tanto, potencialmente, m\u00e1s carne (= terneros) para la venta.<\/p>\n<p><img data-attachment-id=\"2274\" data-permalink=\"https:\/\/test.cookdigital.net\/campoparatodos\/2022\/12\/26\/inauguracion-del-laboratorio-veterinario-quebrachales-tintina\/cpt-template-175\/#main\" data-orig-file=\"https:\/\/i2.wp.com\/test.cookdigital.net\/campoparatodos\/wp-content\/uploads\/2022\/12\/EL-MANGRULLO.jpg?fit=1536%2C1103&amp;ssl=1\" data-orig-size=\"1536,1103\" data-comments-opened=\"1\" data-image-meta=\"{&quot;aperture&quot;:&quot;0&quot;,&quot;credit&quot;:&quot;carlos&quot;,&quot;camera&quot;:&quot;&quot;,&quot;caption&quot;:&quot;cpt-template&quot;,&quot;created_timestamp&quot;:&quot;1671105565&quot;,&quot;copyright&quot;:&quot;&quot;,&quot;focal_length&quot;:&quot;0&quot;,&quot;iso&quot;:&quot;0&quot;,&quot;shutter_speed&quot;:&quot;0&quot;,&quot;title&quot;:&quot;cpt-template&quot;,&quot;orientation&quot;:&quot;0&quot;}\" data-image-title=\"cpt-template\" data-image-description=\"\" data-medium-file=\"https:\/\/i2.wp.com\/test.cookdigital.net\/campoparatodos\/wp-content\/uploads\/2022\/12\/EL-MANGRULLO.jpg?fit=300%2C215&amp;ssl=1\" data-large-file=\"https:\/\/i2.wp.com\/test.cookdigital.net\/campoparatodos\/wp-content\/uploads\/2022\/12\/EL-MANGRULLO.jpg?fit=1024%2C735&amp;ssl=1\" loading=\"lazy\" class=\"size-large wp-image-2274\" src=\"https:\/\/i1.wp.com\/www.campoparatodos.com.ar\/wp-content\/uploads\/2022\/12\/EL-MANGRULLO-1024x735.jpg?resize=1024%2C735&#038;ssl=1\" alt=\"\" width=\"1024\" height=\"735\" srcset=\"https:\/\/i2.wp.com\/test.cookdigital.net\/campoparatodos\/wp-content\/uploads\/2022\/12\/EL-MANGRULLO.jpg?resize=1024%2C735&amp;ssl=1 1024w, https:\/\/i2.wp.com\/test.cookdigital.net\/campoparatodos\/wp-content\/uploads\/2022\/12\/EL-MANGRULLO.jpg?resize=300%2C215&amp;ssl=1 300w, https:\/\/i2.wp.com\/test.cookdigital.net\/campoparatodos\/wp-content\/uploads\/2022\/12\/EL-MANGRULLO.jpg?resize=768%2C552&amp;ssl=1 768w, https:\/\/i2.wp.com\/test.cookdigital.net\/campoparatodos\/wp-content\/uploads\/2022\/12\/EL-MANGRULLO.jpg?w=1536&amp;ssl=1 1536w\" sizes=\"(max-width: 1024px) 100vw, 1024px\" data-recalc-dims=\"1\" \/><\/p>\n<p>Al recorrer los campos santiague\u00f1os se observa que la oferta de forraje (= comida) es baja. \u00bfEsa falta de forraje es \u2018normal\u2019, intr\u00ednseca, resultado de la aptitud agroecol\u00f3gica (lluvias y suelos), o es producto de alguna otra raz\u00f3n que puede ser modificada por el hombre?<\/p>\n<p>Actualmente, la vegetaci\u00f3n nativa chaque\u00f1a est\u00e1 dominada por le\u00f1osas arb\u00f3reas y arbustivas. Estas formaciones vegetales presentan dos limitaciones severas para la actividad ganadera de cr\u00eda, que son:<\/p>\n<p><img data-attachment-id=\"2273\" data-permalink=\"https:\/\/test.cookdigital.net\/campoparatodos\/2022\/12\/26\/inauguracion-del-laboratorio-veterinario-quebrachales-tintina\/ipcva-recetas\/#main\" data-orig-file=\"https:\/\/i1.wp.com\/test.cookdigital.net\/campoparatodos\/wp-content\/uploads\/2022\/12\/IPCVA-RECETAS.jpg?fit=2301%2C1669&amp;ssl=1\" data-orig-size=\"2301,1669\" data-comments-opened=\"1\" data-image-meta=\"{&quot;aperture&quot;:&quot;0&quot;,&quot;credit&quot;:&quot;&quot;,&quot;camera&quot;:&quot;&quot;,&quot;caption&quot;:&quot;&quot;,&quot;created_timestamp&quot;:&quot;0&quot;,&quot;copyright&quot;:&quot;&quot;,&quot;focal_length&quot;:&quot;0&quot;,&quot;iso&quot;:&quot;0&quot;,&quot;shutter_speed&quot;:&quot;0&quot;,&quot;title&quot;:&quot;&quot;,&quot;orientation&quot;:&quot;0&quot;}\" data-image-title=\"IPCVA RECETAS\" data-image-description=\"\" data-medium-file=\"https:\/\/i1.wp.com\/test.cookdigital.net\/campoparatodos\/wp-content\/uploads\/2022\/12\/IPCVA-RECETAS.jpg?fit=300%2C218&amp;ssl=1\" data-large-file=\"https:\/\/i1.wp.com\/test.cookdigital.net\/campoparatodos\/wp-content\/uploads\/2022\/12\/IPCVA-RECETAS.jpg?fit=1024%2C743&amp;ssl=1\" loading=\"lazy\" class=\"aligncenter size-large wp-image-2273\" src=\"https:\/\/i1.wp.com\/www.campoparatodos.com.ar\/wp-content\/uploads\/2022\/12\/IPCVA-RECETAS-1024x743.jpg?resize=1024%2C743&#038;ssl=1\" alt=\"\" width=\"1024\" height=\"743\" srcset=\"https:\/\/i1.wp.com\/test.cookdigital.net\/campoparatodos\/wp-content\/uploads\/2022\/12\/IPCVA-RECETAS.jpg?resize=1024%2C743&amp;ssl=1 1024w, https:\/\/i1.wp.com\/test.cookdigital.net\/campoparatodos\/wp-content\/uploads\/2022\/12\/IPCVA-RECETAS.jpg?resize=300%2C218&amp;ssl=1 300w, https:\/\/i1.wp.com\/test.cookdigital.net\/campoparatodos\/wp-content\/uploads\/2022\/12\/IPCVA-RECETAS.jpg?resize=768%2C557&amp;ssl=1 768w, https:\/\/i1.wp.com\/test.cookdigital.net\/campoparatodos\/wp-content\/uploads\/2022\/12\/IPCVA-RECETAS.jpg?resize=1536%2C1114&amp;ssl=1 1536w, https:\/\/i1.wp.com\/test.cookdigital.net\/campoparatodos\/wp-content\/uploads\/2022\/12\/IPCVA-RECETAS.jpg?resize=2048%2C1485&amp;ssl=1 2048w\" sizes=\"(max-width: 1024px) 100vw, 1024px\" data-recalc-dims=\"1\" \/><\/p>\n<ul>\n<li>Oferta de forraje herb\u00e1ceo es casi nula, lo que resulta en una receptividad inferior a 30 ha\/Unidad Ganadera o menor, muy por debajo de la aptitud del ecosistema, otorgada esta por la precipitaci\u00f3n y la luz solar disponibles, y la fertilidad de los suelos.<\/li>\n<li>Problemas de acceso y tr\u00e1nsito para personal y hacienda debido a la alta densidad de le\u00f1osas. especialmente de arbustos, que puede superar las 5000 plantas\/ha. La estructura le\u00f1osa hace que la(s) planta(s) permanezca m\u00e1s o menos intactas mucho tiempo despu\u00e9s de muertas.<\/li>\n<\/ul>\n<p>Los tipos actuales de vegetaci\u00f3n nativa chaque\u00f1a (bosques, arbustales, sabanas invadidas, etc.) son sobre los que se debe implementarse la ganader\u00eda porque representan la mayor superficie.<\/p>\n<p><img data-attachment-id=\"2111\" data-permalink=\"https:\/\/test.cookdigital.net\/campoparatodos\/2022\/10\/06\/estancia-la-leonor-la-psicologa-ganadera\/agd-media-pag\/#main\" data-orig-file=\"https:\/\/i1.wp.com\/test.cookdigital.net\/campoparatodos\/wp-content\/uploads\/2022\/09\/AGD-media-pag.jpg?fit=767%2C551&amp;ssl=1\" data-orig-size=\"767,551\" data-comments-opened=\"1\" data-image-meta=\"{&quot;aperture&quot;:&quot;0&quot;,&quot;credit&quot;:&quot;carlos&quot;,&quot;camera&quot;:&quot;&quot;,&quot;caption&quot;:&quot;&quot;,&quot;created_timestamp&quot;:&quot;1498243347&quot;,&quot;copyright&quot;:&quot;&quot;,&quot;focal_length&quot;:&quot;0&quot;,&quot;iso&quot;:&quot;0&quot;,&quot;shutter_speed&quot;:&quot;0&quot;,&quot;title&quot;:&quot;&quot;,&quot;orientation&quot;:&quot;0&quot;}\" data-image-title=\"AGD media pag\" data-image-description=\"\" data-medium-file=\"https:\/\/i1.wp.com\/test.cookdigital.net\/campoparatodos\/wp-content\/uploads\/2022\/09\/AGD-media-pag.jpg?fit=300%2C216&amp;ssl=1\" data-large-file=\"https:\/\/i1.wp.com\/test.cookdigital.net\/campoparatodos\/wp-content\/uploads\/2022\/09\/AGD-media-pag.jpg?fit=767%2C551&amp;ssl=1\" loading=\"lazy\" class=\"aligncenter size-full wp-image-2111\" src=\"https:\/\/i1.wp.com\/www.campoparatodos.com.ar\/wp-content\/uploads\/2022\/09\/AGD-media-pag.jpg?resize=767%2C551&#038;ssl=1\" alt=\"\" width=\"767\" height=\"551\" srcset=\"https:\/\/i1.wp.com\/test.cookdigital.net\/campoparatodos\/wp-content\/uploads\/2022\/09\/AGD-media-pag.jpg?w=767&amp;ssl=1 767w, https:\/\/i1.wp.com\/test.cookdigital.net\/campoparatodos\/wp-content\/uploads\/2022\/09\/AGD-media-pag.jpg?resize=300%2C216&amp;ssl=1 300w\" sizes=\"(max-width: 767px) 100vw, 767px\" data-recalc-dims=\"1\" \/><\/p>\n<p><strong>\u00bfQu\u00e9 hacer entonces? <\/strong><\/p>\n<p>La presencia de le\u00f1osas nativas y su integraci\u00f3n a la actividad ganadera representan un desaf\u00edo por sus implicancias productivas y ecol\u00f3gicas. Las le\u00f1osas arb\u00f3reas y arbustivas forman parte de los ecosistemas nativos de la regi\u00f3n, cumplen diversas funciones y presentan ventajas (beneficios) y desventajas (perjuicios) para el ecosistema y el desarrollo de la ganader\u00eda. Mientras que el enfoque \u2018tradicional\u2019 utiliza algunos de los servicios que brindan las le\u00f1osas (principalmente el forraje), el \u2018<em>actual<\/em>\u2019 tiende a ignorarlas y las considera un obst\u00e1culo que debe ser removido, una \u2018maleza\u2019. El \u00b4problema\u2019 de las le\u00f1osas en el Chaco es compartido con otras \u00e1reas semi\u00e1ridas y subh\u00famedas del pa\u00eds y del mundo.<\/p>\n<p><img data-attachment-id=\"2380\" data-permalink=\"https:\/\/test.cookdigital.net\/campoparatodos\/2023\/03\/01\/la-ganaderia-santiaguena-pasado-presente-y-futuro\/img_0238\/#main\" data-orig-file=\"https:\/\/i1.wp.com\/test.cookdigital.net\/campoparatodos\/wp-content\/uploads\/2023\/03\/IMG_0238-scaled.jpg?fit=2560%2C1707&amp;ssl=1\" data-orig-size=\"2560,1707\" data-comments-opened=\"1\" data-image-meta=\"{&quot;aperture&quot;:&quot;7.1&quot;,&quot;credit&quot;:&quot;&quot;,&quot;camera&quot;:&quot;Canon EOS REBEL T3i&quot;,&quot;caption&quot;:&quot;&quot;,&quot;created_timestamp&quot;:&quot;1559999325&quot;,&quot;copyright&quot;:&quot;&quot;,&quot;focal_length&quot;:&quot;100&quot;,&quot;iso&quot;:&quot;100&quot;,&quot;shutter_speed&quot;:&quot;0.004&quot;,&quot;title&quot;:&quot;&quot;,&quot;orientation&quot;:&quot;1&quot;}\" data-image-title=\"IMG_0238\" data-image-description=\"\" data-medium-file=\"https:\/\/i1.wp.com\/test.cookdigital.net\/campoparatodos\/wp-content\/uploads\/2023\/03\/IMG_0238-scaled.jpg?fit=300%2C200&amp;ssl=1\" data-large-file=\"https:\/\/i1.wp.com\/test.cookdigital.net\/campoparatodos\/wp-content\/uploads\/2023\/03\/IMG_0238-scaled.jpg?fit=1024%2C683&amp;ssl=1\" loading=\"lazy\" class=\"aligncenter size-large wp-image-2380\" src=\"https:\/\/i1.wp.com\/www.campoparatodos.com.ar\/wp-content\/uploads\/2023\/03\/IMG_0238-1024x683.jpg?resize=1024%2C683&#038;ssl=1\" alt=\"\" width=\"1024\" height=\"683\" srcset=\"https:\/\/i1.wp.com\/test.cookdigital.net\/campoparatodos\/wp-content\/uploads\/2023\/03\/IMG_0238-scaled.jpg?resize=1024%2C683&amp;ssl=1 1024w, https:\/\/i1.wp.com\/test.cookdigital.net\/campoparatodos\/wp-content\/uploads\/2023\/03\/IMG_0238-scaled.jpg?resize=300%2C200&amp;ssl=1 300w, https:\/\/i1.wp.com\/test.cookdigital.net\/campoparatodos\/wp-content\/uploads\/2023\/03\/IMG_0238-scaled.jpg?resize=768%2C512&amp;ssl=1 768w, https:\/\/i1.wp.com\/test.cookdigital.net\/campoparatodos\/wp-content\/uploads\/2023\/03\/IMG_0238-scaled.jpg?resize=1536%2C1024&amp;ssl=1 1536w, https:\/\/i1.wp.com\/test.cookdigital.net\/campoparatodos\/wp-content\/uploads\/2023\/03\/IMG_0238-scaled.jpg?resize=2048%2C1365&amp;ssl=1 2048w, https:\/\/i1.wp.com\/test.cookdigital.net\/campoparatodos\/wp-content\/uploads\/2023\/03\/IMG_0238-scaled.jpg?resize=272%2C182&amp;ssl=1 272w, https:\/\/i1.wp.com\/test.cookdigital.net\/campoparatodos\/wp-content\/uploads\/2023\/03\/IMG_0238-scaled.jpg?w=2400&amp;ssl=1 2400w\" sizes=\"(max-width: 1024px) 100vw, 1024px\" data-recalc-dims=\"1\" \/><\/p>\n<p>Los productores m\u00e1s afectados por la brecha potencial-actual en la producci\u00f3n de forraje son los peque\u00f1os. Esta es la causa detr\u00e1s de la mayor\u00eda de los conflictos por \u2018tierras\u2019. El enfoque tradicional que no utiliza alambrados y solo aguadas para manejar la hacienda necesita de mucho \u2018espacio\u2019 como campo de pastoreo.<\/p>\n<p><img data-attachment-id=\"2109\" data-permalink=\"https:\/\/test.cookdigital.net\/campoparatodos\/2022\/10\/06\/estancia-la-leonor-la-psicologa-ganadera\/frigorifico-forres-beltran-sa-media-pag\/#main\" data-orig-file=\"https:\/\/i0.wp.com\/test.cookdigital.net\/campoparatodos\/wp-content\/uploads\/2022\/09\/FRIGORIFICO-FORRES-BELTRAN-SA-MEDIA-PAG.jpg?fit=1540%2C1144&amp;ssl=1\" data-orig-size=\"1540,1144\" data-comments-opened=\"1\" data-image-meta=\"{&quot;aperture&quot;:&quot;0&quot;,&quot;credit&quot;:&quot;Carlos&quot;,&quot;camera&quot;:&quot;&quot;,&quot;caption&quot;:&quot;&quot;,&quot;created_timestamp&quot;:&quot;1455700544&quot;,&quot;copyright&quot;:&quot;&quot;,&quot;focal_length&quot;:&quot;0&quot;,&quot;iso&quot;:&quot;0&quot;,&quot;shutter_speed&quot;:&quot;0&quot;,&quot;title&quot;:&quot;&quot;,&quot;orientation&quot;:&quot;0&quot;}\" data-image-title=\"FRIGORIFICO FORRES BELTRAN SA MEDIA PAG\" data-image-description=\"\" data-medium-file=\"https:\/\/i0.wp.com\/test.cookdigital.net\/campoparatodos\/wp-content\/uploads\/2022\/09\/FRIGORIFICO-FORRES-BELTRAN-SA-MEDIA-PAG.jpg?fit=300%2C223&amp;ssl=1\" data-large-file=\"https:\/\/i0.wp.com\/test.cookdigital.net\/campoparatodos\/wp-content\/uploads\/2022\/09\/FRIGORIFICO-FORRES-BELTRAN-SA-MEDIA-PAG.jpg?fit=1024%2C761&amp;ssl=1\" loading=\"lazy\" class=\"aligncenter size-large wp-image-2109\" src=\"https:\/\/i2.wp.com\/www.campoparatodos.com.ar\/wp-content\/uploads\/2022\/09\/FRIGORIFICO-FORRES-BELTRAN-SA-MEDIA-PAG-1024x761.jpg?resize=1024%2C761&#038;ssl=1\" alt=\"\" width=\"1024\" height=\"761\" srcset=\"https:\/\/i0.wp.com\/test.cookdigital.net\/campoparatodos\/wp-content\/uploads\/2022\/09\/FRIGORIFICO-FORRES-BELTRAN-SA-MEDIA-PAG.jpg?resize=1024%2C761&amp;ssl=1 1024w, https:\/\/i0.wp.com\/test.cookdigital.net\/campoparatodos\/wp-content\/uploads\/2022\/09\/FRIGORIFICO-FORRES-BELTRAN-SA-MEDIA-PAG.jpg?resize=300%2C223&amp;ssl=1 300w, https:\/\/i0.wp.com\/test.cookdigital.net\/campoparatodos\/wp-content\/uploads\/2022\/09\/FRIGORIFICO-FORRES-BELTRAN-SA-MEDIA-PAG.jpg?resize=768%2C571&amp;ssl=1 768w, https:\/\/i0.wp.com\/test.cookdigital.net\/campoparatodos\/wp-content\/uploads\/2022\/09\/FRIGORIFICO-FORRES-BELTRAN-SA-MEDIA-PAG.jpg?resize=1536%2C1141&amp;ssl=1 1536w, https:\/\/i0.wp.com\/test.cookdigital.net\/campoparatodos\/wp-content\/uploads\/2022\/09\/FRIGORIFICO-FORRES-BELTRAN-SA-MEDIA-PAG.jpg?w=1540&amp;ssl=1 1540w\" sizes=\"(max-width: 1024px) 100vw, 1024px\" data-recalc-dims=\"1\" \/><\/p>\n<p>La inversi\u00f3n requerida para la siembra de grandes superficies de pasturas perennes. a cielo abierto es muy grande y escapa a las posibilidades de la mayor\u00eda de los productores. Por otra parte, la perturbaci\u00f3n utilizada genera cambios no deseados en muchos componentes del ecosistema.<\/p>\n<p><img data-attachment-id=\"2244\" data-permalink=\"https:\/\/test.cookdigital.net\/campoparatodos\/2022\/12\/05\/riego-en-algodon\/ford-lo-bruno-nov-22\/#main\" data-orig-file=\"https:\/\/i2.wp.com\/test.cookdigital.net\/campoparatodos\/wp-content\/uploads\/2022\/12\/FORD-LO-BRUNO-NOV.-22.jpg?fit=1536%2C1103&amp;ssl=1\" data-orig-size=\"1536,1103\" data-comments-opened=\"1\" data-image-meta=\"{&quot;aperture&quot;:&quot;0&quot;,&quot;credit&quot;:&quot;Vicky Dominguez&quot;,&quot;camera&quot;:&quot;&quot;,&quot;caption&quot;:&quot;&quot;,&quot;created_timestamp&quot;:&quot;1668760968&quot;,&quot;copyright&quot;:&quot;&quot;,&quot;focal_length&quot;:&quot;0&quot;,&quot;iso&quot;:&quot;0&quot;,&quot;shutter_speed&quot;:&quot;0&quot;,&quot;title&quot;:&quot;&quot;,&quot;orientation&quot;:&quot;0&quot;}\" data-image-title=\"FORD LO BRUNO NOV. 22\" data-image-description=\"\" data-medium-file=\"https:\/\/i2.wp.com\/test.cookdigital.net\/campoparatodos\/wp-content\/uploads\/2022\/12\/FORD-LO-BRUNO-NOV.-22.jpg?fit=300%2C215&amp;ssl=1\" data-large-file=\"https:\/\/i2.wp.com\/test.cookdigital.net\/campoparatodos\/wp-content\/uploads\/2022\/12\/FORD-LO-BRUNO-NOV.-22.jpg?fit=1024%2C735&amp;ssl=1\" loading=\"lazy\" class=\"aligncenter size-large wp-image-2244\" src=\"https:\/\/i0.wp.com\/www.campoparatodos.com.ar\/wp-content\/uploads\/2022\/12\/FORD-LO-BRUNO-NOV.-22-1024x735.jpg?resize=1024%2C735&#038;ssl=1\" alt=\"\" width=\"1024\" height=\"735\" srcset=\"https:\/\/i2.wp.com\/test.cookdigital.net\/campoparatodos\/wp-content\/uploads\/2022\/12\/FORD-LO-BRUNO-NOV.-22.jpg?resize=1024%2C735&amp;ssl=1 1024w, https:\/\/i2.wp.com\/test.cookdigital.net\/campoparatodos\/wp-content\/uploads\/2022\/12\/FORD-LO-BRUNO-NOV.-22.jpg?resize=300%2C215&amp;ssl=1 300w, https:\/\/i2.wp.com\/test.cookdigital.net\/campoparatodos\/wp-content\/uploads\/2022\/12\/FORD-LO-BRUNO-NOV.-22.jpg?resize=768%2C552&amp;ssl=1 768w, https:\/\/i2.wp.com\/test.cookdigital.net\/campoparatodos\/wp-content\/uploads\/2022\/12\/FORD-LO-BRUNO-NOV.-22.jpg?w=1536&amp;ssl=1 1536w\" sizes=\"(max-width: 1024px) 100vw, 1024px\" data-recalc-dims=\"1\" \/><\/p>\n<p><strong>Integraci\u00f3n le\u00f1osas &#8211; ganader\u00eda<\/strong><\/p>\n<p>En forma reciente, el Ministerio de Medio Ambiente de la Naci\u00f3n autoriz\u00f3 el empleo de un nuevo sistema de siembra de pasturas, el Rola de Baja Intensidad (RBI), incluido en un sistema de producci\u00f3n denominado \u2018Manejo de bosque con Ganader\u00eda Integrada\u2019 (MBGI), basado en conceptos de sustentabilidad integral: ecol\u00f3gica, social y econ\u00f3mica. El RBI es una herramienta clave para el \u00e9xito del MBGI.<\/p>\n<p><img data-attachment-id=\"2384\" data-permalink=\"https:\/\/test.cookdigital.net\/campoparatodos\/2023\/03\/01\/la-ganaderia-santiaguena-pasado-presente-y-futuro\/cpt-template-185\/#main\" data-orig-file=\"https:\/\/i1.wp.com\/test.cookdigital.net\/campoparatodos\/wp-content\/uploads\/2023\/03\/monte-ganado.jpg?fit=1339%2C844&amp;ssl=1\" data-orig-size=\"1339,844\" data-comments-opened=\"1\" data-image-meta=\"{&quot;aperture&quot;:&quot;0&quot;,&quot;credit&quot;:&quot;carlos&quot;,&quot;camera&quot;:&quot;&quot;,&quot;caption&quot;:&quot;cpt-template&quot;,&quot;created_timestamp&quot;:&quot;0&quot;,&quot;copyright&quot;:&quot;&quot;,&quot;focal_length&quot;:&quot;0&quot;,&quot;iso&quot;:&quot;0&quot;,&quot;shutter_speed&quot;:&quot;0&quot;,&quot;title&quot;:&quot;cpt-template&quot;,&quot;orientation&quot;:&quot;0&quot;}\" data-image-title=\"cpt-template\" data-image-description=\"\" data-medium-file=\"https:\/\/i1.wp.com\/test.cookdigital.net\/campoparatodos\/wp-content\/uploads\/2023\/03\/monte-ganado.jpg?fit=300%2C189&amp;ssl=1\" data-large-file=\"https:\/\/i1.wp.com\/test.cookdigital.net\/campoparatodos\/wp-content\/uploads\/2023\/03\/monte-ganado.jpg?fit=1024%2C645&amp;ssl=1\" loading=\"lazy\" class=\"size-large wp-image-2384\" src=\"https:\/\/i2.wp.com\/www.campoparatodos.com.ar\/wp-content\/uploads\/2023\/03\/monte-ganado-1024x645.jpg?resize=1024%2C645&#038;ssl=1\" alt=\"\" width=\"1024\" height=\"645\" srcset=\"https:\/\/i1.wp.com\/test.cookdigital.net\/campoparatodos\/wp-content\/uploads\/2023\/03\/monte-ganado.jpg?resize=1024%2C645&amp;ssl=1 1024w, https:\/\/i1.wp.com\/test.cookdigital.net\/campoparatodos\/wp-content\/uploads\/2023\/03\/monte-ganado.jpg?resize=300%2C189&amp;ssl=1 300w, https:\/\/i1.wp.com\/test.cookdigital.net\/campoparatodos\/wp-content\/uploads\/2023\/03\/monte-ganado.jpg?resize=768%2C484&amp;ssl=1 768w, https:\/\/i1.wp.com\/test.cookdigital.net\/campoparatodos\/wp-content\/uploads\/2023\/03\/monte-ganado.jpg?w=1339&amp;ssl=1 1339w\" sizes=\"(max-width: 1024px) 100vw, 1024px\" data-recalc-dims=\"1\" \/><\/p>\n<p>La ganader\u00eda santiague\u00f1a necesita forraje. Los costos asociados a la implantaci\u00f3n de pasturas para ganader\u00eda hacen que el RBI sea una opci\u00f3n viable aceptada por distintos sectores, desde los productivos hasta los conservacionistas.<\/p>\n<p>El RBI necesita de un an\u00e1lisis profundo en sus aspectos te\u00f3ricos y pr\u00e1cticos para su \u00e9xito. En sucesivas notas en esta revista se ampliar\u00e1n con mas detalle esos aspectos para que la pr\u00e1ctica sea un \u00e9xito.<\/p>\n<p>Publicado en Revista Campo para Todos N\u00b0 179 \u00a9<\/p>\n","protected":false},"excerpt":{"rendered":"<p>\u00bfPodr\u00e1 transformarse la ganader\u00eda santiague\u00f1a en el motor del desarrollo provincial? Por: Ing. Agr. Carlos Kunst PhD Se posee informaci\u00f3n sobre la existencia de vacunos de origen europeo desde el siglo XVI para Santiago del Estero. A fines del siglo XIX, Gancedo (1885), en su \u2018Memoria descriptiva sobre la Provincia se Santiago del Estero\u2019 comenta: &#8230; <a title=\"La ganader\u00eda santiague\u00f1a: pasado, presente y futuro\" class=\"read-more\" href=\"https:\/\/test.cookdigital.net\/campoparatodos\/2023\/03\/01\/la-ganaderia-santiaguena-pasado-presente-y-futuro\/\" aria-label=\"M\u00e1s en La ganader\u00eda santiague\u00f1a: pasado, presente y futuro\">Leer m\u00e1s<\/a><\/p>\n","protected":false},"author":1,"featured_media":0,"comment_status":"closed","ping_status":"open","sticky":false,"template":"","format":"standard","meta":{"spay_email":"","jetpack_publicize_message":"","jetpack_is_tweetstorm":false},"categories":[163,8,4],"tags":[41,372,172],"jetpack_featured_media_url":"","jetpack_publicize_connections":[],"jetpack_sharing_enabled":true,"jetpack_shortlink":"https:\/\/wp.me\/p9m0DJ-Cl","jetpack_likes_enabled":true,"jetpack-related-posts":[{"id":2368,"url":"https:\/\/test.cookdigital.net\/campoparatodos\/2023\/02\/17\/revista-campo-para-todos-n-179\/","url_meta":{"origin":2377,"position":0},"title":"Revista Campo para Todos N\u00b0 179","date":"febrero 17, 2023","format":false,"excerpt":"TITULOS DE TAPA: Tercer a\u00f1o de sequ\u00eda en Santiago del Estero. \u00bfPodr\u00e1 transformarse la ganader\u00eda santiague\u00f1a en el motor del desarrollo provincial? Situaci\u00f3n del cultivo de algod\u00f3n en la zona de riego de Santiago del Estero. TOCAR LA FOTO DE TAPA PARA LEERLA GRATIS T\u00edtulos de la edici\u00f3n N\u00b0 179\u2026","rel":"","context":"En \u00abAgricultura\u00bb","img":{"alt_text":"","src":"https:\/\/i0.wp.com\/www.campoparatodos.com.ar\/wp-content\/uploads\/2023\/02\/TAPA-REVISTA-179-713x1024.jpg?resize=350%2C200&ssl=1","width":350,"height":200},"classes":[]},{"id":1364,"url":"https:\/\/test.cookdigital.net\/campoparatodos\/2021\/05\/14\/revista-campo-para-todos-n-158\/","url_meta":{"origin":2377,"position":1},"title":"Revista Campo para Todos N\u00b0 158","date":"mayo 14, 2021","format":false,"excerpt":"En esta edici\u00f3n: Biotecnolog\u00eda santiague\u00f1a. Comenz\u00f3 la campa\u00f1a cebollera. Comportamiento de variedades de algod\u00f3n. Y mucho m\u00e1s. PARA LEERLA SOLO TIENES QUE TOCAR LA IMAGEN \u21d3\u2193\u21d3 T\u00cdTULOS DE LA EDICI\u00d3N 158. ABRIL DE 2021 Chacra Sach\u00e1yoj: Innovaci\u00f3n y tecnolog\u00eda para producir cuidando el ambiente. Cosecha: el momento para eliminar las\u2026","rel":"","context":"En \u00abAgricultura\u00bb","img":{"alt_text":"","src":"https:\/\/i2.wp.com\/www.campoparatodos.com.ar\/wp-content\/uploads\/2021\/05\/R158WEB-714x1024.jpg?resize=350%2C200&ssl=1","width":350,"height":200},"classes":[]},{"id":1512,"url":"https:\/\/test.cookdigital.net\/campoparatodos\/2021\/07\/30\/el-sistema-silvopastoril-como-motor-del-desarrollo-de-la-ganaderia-santiaguena\/","url_meta":{"origin":2377,"position":2},"title":"El sistema silvopastoril como motor del desarrollo de la ganader\u00eda santiague\u00f1a","date":"julio 30, 2021","format":false,"excerpt":"El gobierno de Santiago del Estero ha propuesto incrementar el Producto Provincial en un 1 %, de acuerdo con lo enunciado en el Plan 2020-2030. A fines del 2019, el gobernador de la provincia Dr. Gerardo Zamora, sugiri\u00f3 que la ganader\u00eda vacuna puede ser una de las herramientas para lograrlo.\u2026","rel":"","context":"En \u00abBosques\u00bb","img":{"alt_text":"","src":"https:\/\/i1.wp.com\/www.campoparatodos.com.ar\/wp-content\/uploads\/2021\/07\/silvo.jpg?resize=350%2C200&ssl=1","width":350,"height":200},"classes":[]},{"id":1469,"url":"https:\/\/test.cookdigital.net\/campoparatodos\/2021\/07\/15\/revista-campo-para-todos-n-160\/","url_meta":{"origin":2377,"position":3},"title":"Revista Campo para Todos N\u00b0 160","date":"julio 15, 2021","format":false,"excerpt":"Ya est\u00e1 disponible la revista con importantes notas sobre ganader\u00eda. \u21d3\u21d3\u21d3\u21d3\u00a0 PARA LEERLA GRATIS, TOCA LA IMAGEN DE LA TAPA\u00a0 \u21d3\u21d3\u21d3\u21d3 TITULOS DE LA EDICI\u00d3N 160 Pautas de manejo del rodeo caprino. Recomendaciones para la prevenci\u00f3n de la triquinosis en las personas. La condici\u00f3n corporal, herramienta predictiva de la fertilidad\u2026","rel":"","context":"En \u00abAgricultura\u00bb","img":{"alt_text":"","src":"https:\/\/i1.wp.com\/www.campoparatodos.com.ar\/wp-content\/uploads\/2021\/07\/TAPA-R160-717x1024.jpg?resize=350%2C200&ssl=1","width":350,"height":200},"classes":[]},{"id":1260,"url":"https:\/\/test.cookdigital.net\/campoparatodos\/2021\/03\/12\/1260\/","url_meta":{"origin":2377,"position":4},"title":"Revista Campo para Todos N\u00b0 156","date":"marzo 12, 2021","format":false,"excerpt":"Campa\u00f1a algodonera santiague\u00f1a 20\/21 Completos informes sobre la marcha de la campa\u00f1a en las zonas de secano y de riego. Toque la imagen para leer la revista T\u00cdTULOS DE LA EDICI\u00d3N 156. FEBRERO DE 2021 Sembrando pasturas en Febrero: Recomendaciones para Santiago del Estero. Mortandad de pasturas de Gatton panic\u2026","rel":"","context":"En \u00abAgricultura\u00bb","img":{"alt_text":"","src":"https:\/\/i1.wp.com\/www.campoparatodos.com.ar\/wp-content\/uploads\/2021\/03\/Tapa-R-156-713x1024.jpg?resize=350%2C200&ssl=1","width":350,"height":200},"classes":[]},{"id":2143,"url":"https:\/\/test.cookdigital.net\/campoparatodos\/2022\/10\/04\/habilitan-el-primer-laboratorio-veterinario-en-santiago-del-estero\/","url_meta":{"origin":2377,"position":5},"title":"Habilitan el primer laboratorio veterinario en Santiago del Estero","date":"octubre 4, 2022","format":false,"excerpt":"El laboratorio integra la Red Nacional de Laboratorios del Senasa (RedLab), es \u00fanico en la provincia, fue gestionado y construido \u00edntegramente por la Sociedad Rural de Quebrachales Tintina. Las instalaciones cuentan con equipos tecnol\u00f3gicos de \u00faltima generaci\u00f3n y funcionar\u00e1 en el predio que tiene la rural en cercan\u00edas de la\u2026","rel":"","context":"En \u00abGanader\u00eda\u00bb","img":{"alt_text":"","src":"https:\/\/i1.wp.com\/www.campoparatodos.com.ar\/wp-content\/uploads\/2022\/10\/IMG_3328_PerfectlyClear-1024x682.jpg?resize=350%2C200&ssl=1","width":350,"height":200},"classes":[]}],"_links":{"self":[{"href":"https:\/\/test.cookdigital.net\/campoparatodos\/wp-json\/wp\/v2\/posts\/2377"}],"collection":[{"href":"https:\/\/test.cookdigital.net\/campoparatodos\/wp-json\/wp\/v2\/posts"}],"about":[{"href":"https:\/\/test.cookdigital.net\/campoparatodos\/wp-json\/wp\/v2\/types\/post"}],"author":[{"embeddable":true,"href":"https:\/\/test.cookdigital.net\/campoparatodos\/wp-json\/wp\/v2\/users\/1"}],"replies":[{"embeddable":true,"href":"https:\/\/test.cookdigital.net\/campoparatodos\/wp-json\/wp\/v2\/comments?post=2377"}],"version-history":[{"count":1,"href":"https:\/\/test.cookdigital.net\/campoparatodos\/wp-json\/wp\/v2\/posts\/2377\/revisions"}],"predecessor-version":[{"id":2385,"href":"https:\/\/test.cookdigital.net\/campoparatodos\/wp-json\/wp\/v2\/posts\/2377\/revisions\/2385"}],"wp:attachment":[{"href":"https:\/\/test.cookdigital.net\/campoparatodos\/wp-json\/wp\/v2\/media?parent=2377"}],"wp:term":[{"taxonomy":"category","embeddable":true,"href":"https:\/\/test.cookdigital.net\/campoparatodos\/wp-json\/wp\/v2\/categories?post=2377"},{"taxonomy":"post_tag","embeddable":true,"href":"https:\/\/test.cookdigital.net\/campoparatodos\/wp-json\/wp\/v2\/tags?post=2377"}],"curies":[{"name":"wp","href":"https:\/\/api.w.org\/{rel}","templated":true}]}}