{"id":2298,"date":"2023-01-23T15:38:34","date_gmt":"2023-01-23T15:38:34","guid":{"rendered":"https:\/\/www.campoparatodos.com.ar\/?p=2298"},"modified":"2023-01-23T15:38:34","modified_gmt":"2023-01-23T15:38:34","slug":"algodon-22-23-como-inicio-la-campana-en-el-area-de-riego-del-rio-dulce","status":"publish","type":"post","link":"https:\/\/test.cookdigital.net\/campoparatodos\/2023\/01\/23\/algodon-22-23-como-inicio-la-campana-en-el-area-de-riego-del-rio-dulce\/","title":{"rendered":"Algod\u00f3n 22\/23. \u00bfC\u00f3mo inici\u00f3 la campa\u00f1a en el \u00e1rea de riego del R\u00edo Dulce?"},"content":{"rendered":"<p><em><strong>A pesar de todos los inconvenientes clim\u00e1ticos, la campa\u00f1a algodonera en el \u00e1rea de riego del R\u00edo Dulce est\u00e1 en marcha. <\/strong><\/em><br \/>\n<em><strong>Para conocer a fondo la situaci\u00f3n y mantener informada a toda la sociedad, Revista Campo para Todos solicit\u00f3 informaci\u00f3n a tres especialistas en el cultivo industrial m\u00e1s importante de la provincia, la Ms. Sc. Ing. Agr. Anabell Lozano Coronel, el Dr. Ing. Agr. Ramiro Salgado del Grupo de Recursos Naturales EEA INTA Santiago del Estero y el Ing. Agr. Carlos Mitre, quienes elaboraron el siguiente informe. <\/strong><\/em><\/p>\n<figure id=\"attachment_2302\" aria-describedby=\"caption-attachment-2302\" style=\"width: 1014px\" class=\"wp-caption aligncenter\"><img data-attachment-id=\"2302\" data-permalink=\"https:\/\/test.cookdigital.net\/campoparatodos\/2023\/01\/23\/algodon-22-23-como-inicio-la-campana-en-el-area-de-riego-del-rio-dulce\/whatsapp-image-2022-12-30-at-12-40-38_perfectlyclear\/#main\" data-orig-file=\"https:\/\/i2.wp.com\/test.cookdigital.net\/campoparatodos\/wp-content\/uploads\/2023\/01\/WhatsApp-Image-2022-12-30-at-12.40.38_PerfectlyClear.jpg?fit=1600%2C756&amp;ssl=1\" data-orig-size=\"1600,756\" data-comments-opened=\"1\" data-image-meta=\"{&quot;aperture&quot;:&quot;0&quot;,&quot;credit&quot;:&quot;&quot;,&quot;camera&quot;:&quot;&quot;,&quot;caption&quot;:&quot;&quot;,&quot;created_timestamp&quot;:&quot;0&quot;,&quot;copyright&quot;:&quot;&quot;,&quot;focal_length&quot;:&quot;0&quot;,&quot;iso&quot;:&quot;0&quot;,&quot;shutter_speed&quot;:&quot;0&quot;,&quot;title&quot;:&quot;&quot;,&quot;orientation&quot;:&quot;1&quot;}\" data-image-title=\"WhatsApp Image 2022-12-30 at 12.40.38_PerfectlyClear\" data-image-description=\"\" data-medium-file=\"https:\/\/i2.wp.com\/test.cookdigital.net\/campoparatodos\/wp-content\/uploads\/2023\/01\/WhatsApp-Image-2022-12-30-at-12.40.38_PerfectlyClear.jpg?fit=300%2C142&amp;ssl=1\" data-large-file=\"https:\/\/i2.wp.com\/test.cookdigital.net\/campoparatodos\/wp-content\/uploads\/2023\/01\/WhatsApp-Image-2022-12-30-at-12.40.38_PerfectlyClear.jpg?fit=1024%2C484&amp;ssl=1\" loading=\"lazy\" class=\"size-large wp-image-2302\" src=\"https:\/\/i1.wp.com\/www.campoparatodos.com.ar\/wp-content\/uploads\/2023\/01\/WhatsApp-Image-2022-12-30-at-12.40.38_PerfectlyClear-1024x484.jpg?resize=1024%2C484&#038;ssl=1\" alt=\"\" width=\"1024\" height=\"484\" srcset=\"https:\/\/i2.wp.com\/test.cookdigital.net\/campoparatodos\/wp-content\/uploads\/2023\/01\/WhatsApp-Image-2022-12-30-at-12.40.38_PerfectlyClear.jpg?resize=1024%2C484&amp;ssl=1 1024w, https:\/\/i2.wp.com\/test.cookdigital.net\/campoparatodos\/wp-content\/uploads\/2023\/01\/WhatsApp-Image-2022-12-30-at-12.40.38_PerfectlyClear.jpg?resize=300%2C142&amp;ssl=1 300w, https:\/\/i2.wp.com\/test.cookdigital.net\/campoparatodos\/wp-content\/uploads\/2023\/01\/WhatsApp-Image-2022-12-30-at-12.40.38_PerfectlyClear.jpg?resize=768%2C363&amp;ssl=1 768w, https:\/\/i2.wp.com\/test.cookdigital.net\/campoparatodos\/wp-content\/uploads\/2023\/01\/WhatsApp-Image-2022-12-30-at-12.40.38_PerfectlyClear.jpg?resize=1536%2C726&amp;ssl=1 1536w, https:\/\/i2.wp.com\/test.cookdigital.net\/campoparatodos\/wp-content\/uploads\/2023\/01\/WhatsApp-Image-2022-12-30-at-12.40.38_PerfectlyClear.jpg?w=1600&amp;ssl=1 1600w\" sizes=\"(max-width: 1024px) 100vw, 1024px\" data-recalc-dims=\"1\" \/><figcaption id=\"caption-attachment-2302\" class=\"wp-caption-text\"><em>Imagen 1 &#8211; Ciclo largo de primer quincena de octubre<\/em><\/figcaption><\/figure>\n<p><!--more--><\/p>\n<p><span style=\"color: #0000ff;\"><strong>Fechas de siembra del cultivo de algod\u00f3n<\/strong><\/span><br \/>\nLa mayor\u00eda de los lotes en el \u00e1rea de riego del R\u00edo Dulce <strong>no se sembraron en fecha temprana\/\u00f3ptima (entre el 15 de octubre y el 15 de noviembre)<\/strong>. Esto se debi\u00f3 a varias razones. Una de ellas fue <strong>la imposibilidad de contar con el agua de riego del sistema en tiempo y forma<\/strong>. Otra, la de <strong>evitar la coincidencia del periodo cr\u00edtico de necesidades de agua por parte del cultivo (floraci\u00f3n) con el mes de diciembre, ya que el servicio de riego fue suspendido para este mes debido a la falta de agua en el embalse de R\u00edo Hondo que abastece al sistema.<\/strong><br \/>\nSumado a esto, hist\u00f3ricamente y con las perspectivas clim\u00e1ticas para el a\u00f1o (a\u00f1o Ni\u00f1a) coinciden en que este es el mes de menor precipitaciones de todo el ciclo de crecimiento del algod\u00f3n (Fig. 1) junto con las elevadas temperaturas. En el mes de diciembre para fechas de siembra de octubre las precipitaciones solo cubren alrededor del 40% del consumo de agua del cultivo para cultivares de ciclo largo, seg\u00fan Dr. Ramiro Salgado del INTA Santiago del Estero.<\/p>\n<figure id=\"attachment_2310\" aria-describedby=\"caption-attachment-2310\" style=\"width: 1014px\" class=\"wp-caption aligncenter\"><img data-attachment-id=\"2310\" data-permalink=\"https:\/\/test.cookdigital.net\/campoparatodos\/2023\/01\/23\/algodon-22-23-como-inicio-la-campana-en-el-area-de-riego-del-rio-dulce\/cpt-template-178\/#main\" data-orig-file=\"https:\/\/i2.wp.com\/test.cookdigital.net\/campoparatodos\/wp-content\/uploads\/2023\/01\/f1.jpg?fit=1311%2C751&amp;ssl=1\" data-orig-size=\"1311,751\" data-comments-opened=\"1\" data-image-meta=\"{&quot;aperture&quot;:&quot;0&quot;,&quot;credit&quot;:&quot;carlos&quot;,&quot;camera&quot;:&quot;&quot;,&quot;caption&quot;:&quot;cpt-template&quot;,&quot;created_timestamp&quot;:&quot;1673548873&quot;,&quot;copyright&quot;:&quot;&quot;,&quot;focal_length&quot;:&quot;0&quot;,&quot;iso&quot;:&quot;0&quot;,&quot;shutter_speed&quot;:&quot;0&quot;,&quot;title&quot;:&quot;cpt-template&quot;,&quot;orientation&quot;:&quot;0&quot;}\" data-image-title=\"cpt-template\" data-image-description=\"\" data-medium-file=\"https:\/\/i2.wp.com\/test.cookdigital.net\/campoparatodos\/wp-content\/uploads\/2023\/01\/f1.jpg?fit=300%2C172&amp;ssl=1\" data-large-file=\"https:\/\/i2.wp.com\/test.cookdigital.net\/campoparatodos\/wp-content\/uploads\/2023\/01\/f1.jpg?fit=1024%2C587&amp;ssl=1\" loading=\"lazy\" class=\"size-large wp-image-2310\" src=\"https:\/\/i2.wp.com\/www.campoparatodos.com.ar\/wp-content\/uploads\/2023\/01\/f1-1024x587.jpg?resize=1024%2C587&#038;ssl=1\" alt=\"\" width=\"1024\" height=\"587\" srcset=\"https:\/\/i2.wp.com\/test.cookdigital.net\/campoparatodos\/wp-content\/uploads\/2023\/01\/f1.jpg?resize=1024%2C587&amp;ssl=1 1024w, https:\/\/i2.wp.com\/test.cookdigital.net\/campoparatodos\/wp-content\/uploads\/2023\/01\/f1.jpg?resize=300%2C172&amp;ssl=1 300w, https:\/\/i2.wp.com\/test.cookdigital.net\/campoparatodos\/wp-content\/uploads\/2023\/01\/f1.jpg?resize=768%2C440&amp;ssl=1 768w, https:\/\/i2.wp.com\/test.cookdigital.net\/campoparatodos\/wp-content\/uploads\/2023\/01\/f1.jpg?w=1311&amp;ssl=1 1311w\" sizes=\"(max-width: 1024px) 100vw, 1024px\" data-recalc-dims=\"1\" \/><figcaption id=\"caption-attachment-2310\" class=\"wp-caption-text\"><em>Figura 1. La l\u00ednea azul representa la precipitaci\u00f3n promedio y las l\u00edneas celestes verticales su desviaci\u00f3n est\u00e1ndar mensual para los \u00faltimos 10 a\u00f1os (2011 al 2021) registrada en la estaci\u00f3n meteorol\u00f3gica del campo experimental del INTA en La Abrita, Sil\u00edpica. Las barras de colores representan la precipitaci\u00f3n acumulada mensual del a\u00f1o 2022 en las estaciones meteorol\u00f3gicas del campo experimental del INTA en La Abrita (Naranja) y de la AER en Fern\u00e1ndez, Robles (Verdes).<\/em><\/figcaption><\/figure>\n<p>&nbsp;<\/p>\n<p><img data-attachment-id=\"2209\" data-permalink=\"https:\/\/test.cookdigital.net\/campoparatodos\/2022\/11\/04\/la-campana-algodonera-pinta-bien\/viega-2022\/#main\" data-orig-file=\"https:\/\/i1.wp.com\/test.cookdigital.net\/campoparatodos\/wp-content\/uploads\/2022\/11\/VIEGA-2022.jpg?fit=1152%2C1654&amp;ssl=1\" data-orig-size=\"1152,1654\" data-comments-opened=\"1\" data-image-meta=\"{&quot;aperture&quot;:&quot;0&quot;,&quot;credit&quot;:&quot;carlos&quot;,&quot;camera&quot;:&quot;&quot;,&quot;caption&quot;:&quot;&quot;,&quot;created_timestamp&quot;:&quot;1641330703&quot;,&quot;copyright&quot;:&quot;&quot;,&quot;focal_length&quot;:&quot;0&quot;,&quot;iso&quot;:&quot;0&quot;,&quot;shutter_speed&quot;:&quot;0&quot;,&quot;title&quot;:&quot;&quot;,&quot;orientation&quot;:&quot;0&quot;}\" data-image-title=\"VIEGA 2022\" data-image-description=\"\" data-medium-file=\"https:\/\/i1.wp.com\/test.cookdigital.net\/campoparatodos\/wp-content\/uploads\/2022\/11\/VIEGA-2022.jpg?fit=209%2C300&amp;ssl=1\" data-large-file=\"https:\/\/i1.wp.com\/test.cookdigital.net\/campoparatodos\/wp-content\/uploads\/2022\/11\/VIEGA-2022.jpg?fit=713%2C1024&amp;ssl=1\" loading=\"lazy\" class=\"aligncenter size-large wp-image-2209\" src=\"https:\/\/i1.wp.com\/www.campoparatodos.com.ar\/wp-content\/uploads\/2022\/11\/VIEGA-2022-713x1024.jpg?resize=713%2C1024&#038;ssl=1\" alt=\"\" width=\"713\" height=\"1024\" srcset=\"https:\/\/i1.wp.com\/test.cookdigital.net\/campoparatodos\/wp-content\/uploads\/2022\/11\/VIEGA-2022.jpg?resize=713%2C1024&amp;ssl=1 713w, https:\/\/i1.wp.com\/test.cookdigital.net\/campoparatodos\/wp-content\/uploads\/2022\/11\/VIEGA-2022.jpg?resize=209%2C300&amp;ssl=1 209w, https:\/\/i1.wp.com\/test.cookdigital.net\/campoparatodos\/wp-content\/uploads\/2022\/11\/VIEGA-2022.jpg?resize=768%2C1103&amp;ssl=1 768w, https:\/\/i1.wp.com\/test.cookdigital.net\/campoparatodos\/wp-content\/uploads\/2022\/11\/VIEGA-2022.jpg?resize=1070%2C1536&amp;ssl=1 1070w, https:\/\/i1.wp.com\/test.cookdigital.net\/campoparatodos\/wp-content\/uploads\/2022\/11\/VIEGA-2022.jpg?w=1152&amp;ssl=1 1152w\" sizes=\"(max-width: 713px) 100vw, 713px\" data-recalc-dims=\"1\" \/><br \/>\nComo se mencion\u00f3 anteriormente, a mediados de noviembre el servicio de riego se suspendi\u00f3, por lo cual las siembras se realizaron de manera tard\u00eda. Al igual que la campa\u00f1a pasada, las siembras de noviembre fueron complicadas por las precipitaciones registradas durante ese mes lo que implic\u00f3 la resiembra de una cantidad importante de lotes debido a lo que se conoce com\u00fanmente como \u201cplanchado del suelo\u201d. Esta situaci\u00f3n se profundiz\u00f3 principalmente en lotes ubicados en la margen izquierda del R\u00edo Dulce y fue una raz\u00f3n m\u00e1s para retrasar la siembra en esta campa\u00f1a. En consecuencia, la siembra se llev\u00f3 a cabo con la humedad aportada por las precipitaciones de noviembre y no con el riego presiembra como habitualmente suced\u00eda en el \u00e1rea de riego del R\u00edo Dulce.<br \/>\nLa variedad m\u00e1s utilizada en esta campa\u00f1a fue la DP 1238, seguido de la NuOpal (ambos cultivares de ciclo de crecimiento largo) y en tercer lugar los ciclos de crecimiento corto Guaran\u00ed y Por\u00e1 3. La falta de difusi\u00f3n de estas \u00faltimas dos se dio principalmente por un desconocimiento de los productores ya que no est\u00e1n familiarizados con esta tecnolog\u00eda, su manejo y las ventajas de la utilizaci\u00f3n de cultivares de ciclo de crecimiento corto en fechas de siembra fuera de las \u00f3ptimas.<\/p>\n<p><img data-attachment-id=\"2211\" data-permalink=\"https:\/\/test.cookdigital.net\/campoparatodos\/2022\/11\/04\/la-campana-algodonera-pinta-bien\/cpt-template-169\/#main\" data-orig-file=\"https:\/\/i1.wp.com\/test.cookdigital.net\/campoparatodos\/wp-content\/uploads\/2022\/11\/HALGON-POWER-ALGODON.jpg?fit=2304%2C1654&amp;ssl=1\" data-orig-size=\"2304,1654\" data-comments-opened=\"1\" data-image-meta=\"{&quot;aperture&quot;:&quot;0&quot;,&quot;credit&quot;:&quot;carlos&quot;,&quot;camera&quot;:&quot;&quot;,&quot;caption&quot;:&quot;cpt-template&quot;,&quot;created_timestamp&quot;:&quot;1665575851&quot;,&quot;copyright&quot;:&quot;&quot;,&quot;focal_length&quot;:&quot;0&quot;,&quot;iso&quot;:&quot;0&quot;,&quot;shutter_speed&quot;:&quot;0&quot;,&quot;title&quot;:&quot;cpt-template&quot;,&quot;orientation&quot;:&quot;0&quot;}\" data-image-title=\"cpt-template\" data-image-description=\"\" data-medium-file=\"https:\/\/i1.wp.com\/test.cookdigital.net\/campoparatodos\/wp-content\/uploads\/2022\/11\/HALGON-POWER-ALGODON.jpg?fit=300%2C215&amp;ssl=1\" data-large-file=\"https:\/\/i1.wp.com\/test.cookdigital.net\/campoparatodos\/wp-content\/uploads\/2022\/11\/HALGON-POWER-ALGODON.jpg?fit=1024%2C735&amp;ssl=1\" loading=\"lazy\" class=\"size-large wp-image-2211\" src=\"https:\/\/i0.wp.com\/www.campoparatodos.com.ar\/wp-content\/uploads\/2022\/11\/HALGON-POWER-ALGODON-1024x735.jpg?resize=1024%2C735&#038;ssl=1\" alt=\"\" width=\"1024\" height=\"735\" srcset=\"https:\/\/i1.wp.com\/test.cookdigital.net\/campoparatodos\/wp-content\/uploads\/2022\/11\/HALGON-POWER-ALGODON.jpg?resize=1024%2C735&amp;ssl=1 1024w, https:\/\/i1.wp.com\/test.cookdigital.net\/campoparatodos\/wp-content\/uploads\/2022\/11\/HALGON-POWER-ALGODON.jpg?resize=300%2C215&amp;ssl=1 300w, https:\/\/i1.wp.com\/test.cookdigital.net\/campoparatodos\/wp-content\/uploads\/2022\/11\/HALGON-POWER-ALGODON.jpg?resize=768%2C551&amp;ssl=1 768w, https:\/\/i1.wp.com\/test.cookdigital.net\/campoparatodos\/wp-content\/uploads\/2022\/11\/HALGON-POWER-ALGODON.jpg?resize=1536%2C1103&amp;ssl=1 1536w, https:\/\/i1.wp.com\/test.cookdigital.net\/campoparatodos\/wp-content\/uploads\/2022\/11\/HALGON-POWER-ALGODON.jpg?resize=2048%2C1470&amp;ssl=1 2048w\" sizes=\"(max-width: 1024px) 100vw, 1024px\" data-recalc-dims=\"1\" \/><\/p>\n<p>Las recomendaciones t\u00e9cnicas derivadas de las experiencias del INTA y los semilleros productores de las diferentes variedades es que, en fechas de siembra tempranas y \u00f3ptimas para el \u00e1rea de riego, la utilizaci\u00f3n de ciclos largos como DP 1238, NuOpal y ciclos de crecimiento intermedios\/largos como Guazuncho 4 permiten obtener los mejores resultados de estas tecnolog\u00edas. Para obtener los mejores resultados en siembras optimas\/tard\u00edas, la recomendaci\u00f3n es la utilizaci\u00f3n de cultivares de ciclo intermedio\/corto como Guaran\u00ed y cortos como Por\u00e1 3.<\/p>\n<p><img data-attachment-id=\"2212\" data-permalink=\"https:\/\/test.cookdigital.net\/campoparatodos\/2022\/11\/04\/la-campana-algodonera-pinta-bien\/safico\/#main\" data-orig-file=\"https:\/\/i1.wp.com\/test.cookdigital.net\/campoparatodos\/wp-content\/uploads\/2022\/11\/Safico.jpg?fit=2305%2C1654&amp;ssl=1\" data-orig-size=\"2305,1654\" data-comments-opened=\"1\" data-image-meta=\"{&quot;aperture&quot;:&quot;0&quot;,&quot;credit&quot;:&quot;carlos&quot;,&quot;camera&quot;:&quot;&quot;,&quot;caption&quot;:&quot;&quot;,&quot;created_timestamp&quot;:&quot;1623093142&quot;,&quot;copyright&quot;:&quot;&quot;,&quot;focal_length&quot;:&quot;0&quot;,&quot;iso&quot;:&quot;0&quot;,&quot;shutter_speed&quot;:&quot;0&quot;,&quot;title&quot;:&quot;&quot;,&quot;orientation&quot;:&quot;0&quot;}\" data-image-title=\"Safico\" data-image-description=\"\" data-medium-file=\"https:\/\/i1.wp.com\/test.cookdigital.net\/campoparatodos\/wp-content\/uploads\/2022\/11\/Safico.jpg?fit=300%2C215&amp;ssl=1\" data-large-file=\"https:\/\/i1.wp.com\/test.cookdigital.net\/campoparatodos\/wp-content\/uploads\/2022\/11\/Safico.jpg?fit=1024%2C735&amp;ssl=1\" loading=\"lazy\" class=\"aligncenter size-large wp-image-2212\" src=\"https:\/\/i1.wp.com\/www.campoparatodos.com.ar\/wp-content\/uploads\/2022\/11\/Safico-1024x735.jpg?resize=1024%2C735&#038;ssl=1\" alt=\"\" width=\"1024\" height=\"735\" srcset=\"https:\/\/i1.wp.com\/test.cookdigital.net\/campoparatodos\/wp-content\/uploads\/2022\/11\/Safico.jpg?resize=1024%2C735&amp;ssl=1 1024w, https:\/\/i1.wp.com\/test.cookdigital.net\/campoparatodos\/wp-content\/uploads\/2022\/11\/Safico.jpg?resize=300%2C215&amp;ssl=1 300w, https:\/\/i1.wp.com\/test.cookdigital.net\/campoparatodos\/wp-content\/uploads\/2022\/11\/Safico.jpg?resize=768%2C551&amp;ssl=1 768w, https:\/\/i1.wp.com\/test.cookdigital.net\/campoparatodos\/wp-content\/uploads\/2022\/11\/Safico.jpg?resize=1536%2C1102&amp;ssl=1 1536w, https:\/\/i1.wp.com\/test.cookdigital.net\/campoparatodos\/wp-content\/uploads\/2022\/11\/Safico.jpg?resize=2048%2C1470&amp;ssl=1 2048w\" sizes=\"(max-width: 1024px) 100vw, 1024px\" data-recalc-dims=\"1\" \/><br \/>\n<span style=\"color: #0000ff;\"><strong>El estado actual de los cultivos<\/strong><\/span><br \/>\nLos cultivos sembrados durante octubre <strong>en general presentan s\u00edntomas de estr\u00e9s h\u00eddrico<\/strong>, debido a que el periodo de m\u00e1xima demanda de agua del cultivo no pudo ser cubierto por las escasas precipitaciones, la falta de acceso al riego y sumado a eso, las elevadas temperaturas registradas. Esto provoc\u00f3 una aceleraci\u00f3n de la etapa reproductiva y que se generen abortos de pimpollos y c\u00e1psulas reci\u00e9n cuajadas en un cultivo de escaso desarrollo de estructuras vegetativas (50\/60 cm de altura) y presentando un bajo \u00edndice de \u00e1rea foliar (Imagen 1).<\/p>\n<figure id=\"attachment_2299\" aria-describedby=\"caption-attachment-2299\" style=\"width: 474px\" class=\"wp-caption aligncenter\"><img data-attachment-id=\"2299\" data-permalink=\"https:\/\/test.cookdigital.net\/campoparatodos\/2023\/01\/23\/algodon-22-23-como-inicio-la-campana-en-el-area-de-riego-del-rio-dulce\/whatsapp-image-2023-01-04-at-19-17-35-1_perfectlyclear\/#main\" data-orig-file=\"https:\/\/i1.wp.com\/test.cookdigital.net\/campoparatodos\/wp-content\/uploads\/2023\/01\/WhatsApp-Image-2023-01-04-at-19.17.35-1_PerfectlyClear.jpg?fit=756%2C1600&amp;ssl=1\" data-orig-size=\"756,1600\" data-comments-opened=\"1\" data-image-meta=\"{&quot;aperture&quot;:&quot;0&quot;,&quot;credit&quot;:&quot;&quot;,&quot;camera&quot;:&quot;&quot;,&quot;caption&quot;:&quot;&quot;,&quot;created_timestamp&quot;:&quot;0&quot;,&quot;copyright&quot;:&quot;&quot;,&quot;focal_length&quot;:&quot;0&quot;,&quot;iso&quot;:&quot;0&quot;,&quot;shutter_speed&quot;:&quot;0&quot;,&quot;title&quot;:&quot;&quot;,&quot;orientation&quot;:&quot;1&quot;}\" data-image-title=\"WhatsApp Image 2023-01-04 at 19.17.35 (1)_PerfectlyClear\" data-image-description=\"\" data-medium-file=\"https:\/\/i1.wp.com\/test.cookdigital.net\/campoparatodos\/wp-content\/uploads\/2023\/01\/WhatsApp-Image-2023-01-04-at-19.17.35-1_PerfectlyClear.jpg?fit=142%2C300&amp;ssl=1\" data-large-file=\"https:\/\/i1.wp.com\/test.cookdigital.net\/campoparatodos\/wp-content\/uploads\/2023\/01\/WhatsApp-Image-2023-01-04-at-19.17.35-1_PerfectlyClear.jpg?fit=484%2C1024&amp;ssl=1\" loading=\"lazy\" class=\"size-large wp-image-2299\" src=\"https:\/\/i2.wp.com\/www.campoparatodos.com.ar\/wp-content\/uploads\/2023\/01\/WhatsApp-Image-2023-01-04-at-19.17.35-1_PerfectlyClear-484x1024.jpg?resize=484%2C1024&#038;ssl=1\" alt=\"\" width=\"484\" height=\"1024\" srcset=\"https:\/\/i1.wp.com\/test.cookdigital.net\/campoparatodos\/wp-content\/uploads\/2023\/01\/WhatsApp-Image-2023-01-04-at-19.17.35-1_PerfectlyClear.jpg?resize=484%2C1024&amp;ssl=1 484w, https:\/\/i1.wp.com\/test.cookdigital.net\/campoparatodos\/wp-content\/uploads\/2023\/01\/WhatsApp-Image-2023-01-04-at-19.17.35-1_PerfectlyClear.jpg?resize=142%2C300&amp;ssl=1 142w, https:\/\/i1.wp.com\/test.cookdigital.net\/campoparatodos\/wp-content\/uploads\/2023\/01\/WhatsApp-Image-2023-01-04-at-19.17.35-1_PerfectlyClear.jpg?resize=726%2C1536&amp;ssl=1 726w, https:\/\/i1.wp.com\/test.cookdigital.net\/campoparatodos\/wp-content\/uploads\/2023\/01\/WhatsApp-Image-2023-01-04-at-19.17.35-1_PerfectlyClear.jpg?w=756&amp;ssl=1 756w\" sizes=\"(max-width: 484px) 100vw, 484px\" data-recalc-dims=\"1\" \/><figcaption id=\"caption-attachment-2299\" class=\"wp-caption-text\"><em>Imagen 1. Detalle de la planta. Ciclo largo de primer quincena de octubre.<\/em><\/figcaption><\/figure>\n<p>Las siembras de noviembre no presentan aun s\u00edntomas marcados de estr\u00e9s h\u00eddrico, ya que disponen del agua almacenada en el suelo del riego presiembra. Se espera que el periodo cr\u00edtico de los mismos se presente durante el mes de enero, donde las probabilidades de precipitaciones son mayores de acuerdo a los registros hist\u00f3ricos de la zona (Fig. 1).<br \/>\nUna estrategia, imitando los manejos de la zona del secano del este santiague\u00f1o, fue sembrar los lotes que se encontraban con cultivos de servicio, como Vicia, Centeno, Melilotus, etc., dentro de un programa de rotaciones, tendiendo a mejorar las propiedades f\u00edsicas y qu\u00edmicas de suelo con el objetivo de implementar una mejor\u00eda en el sistema suelo\/planta. Otra alternativa utilizada que toma fuerza en la zona es la de realizar la siembra en directa sobre el rastrojo de los cultivos de producci\u00f3n invernal (trigo, avena, etc.) acopiando el agua dentro del perfil del suelo, para que posteriormente se encuentre disponible para el cultivo, utilizando la tecnolog\u00eda de los cultivares de ciclo corto, con la finalidad de lograr dos cosechas anuales.<\/p>\n<p><img data-attachment-id=\"2210\" data-permalink=\"https:\/\/test.cookdigital.net\/campoparatodos\/2022\/11\/04\/la-campana-algodonera-pinta-bien\/agroinsumos-ardisone\/#main\" data-orig-file=\"https:\/\/i1.wp.com\/test.cookdigital.net\/campoparatodos\/wp-content\/uploads\/2022\/11\/AGROINSUMOS-ARDISONE.jpg?fit=2305%2C1658&amp;ssl=1\" data-orig-size=\"2305,1658\" data-comments-opened=\"1\" data-image-meta=\"{&quot;aperture&quot;:&quot;0&quot;,&quot;credit&quot;:&quot;carlos&quot;,&quot;camera&quot;:&quot;&quot;,&quot;caption&quot;:&quot;&quot;,&quot;created_timestamp&quot;:&quot;1641566405&quot;,&quot;copyright&quot;:&quot;&quot;,&quot;focal_length&quot;:&quot;0&quot;,&quot;iso&quot;:&quot;0&quot;,&quot;shutter_speed&quot;:&quot;0&quot;,&quot;title&quot;:&quot;&quot;,&quot;orientation&quot;:&quot;0&quot;}\" data-image-title=\"AGROINSUMOS ARDISONE\" data-image-description=\"\" data-medium-file=\"https:\/\/i1.wp.com\/test.cookdigital.net\/campoparatodos\/wp-content\/uploads\/2022\/11\/AGROINSUMOS-ARDISONE.jpg?fit=300%2C216&amp;ssl=1\" data-large-file=\"https:\/\/i1.wp.com\/test.cookdigital.net\/campoparatodos\/wp-content\/uploads\/2022\/11\/AGROINSUMOS-ARDISONE.jpg?fit=1024%2C737&amp;ssl=1\" loading=\"lazy\" class=\"aligncenter size-large wp-image-2210\" src=\"https:\/\/i1.wp.com\/www.campoparatodos.com.ar\/wp-content\/uploads\/2022\/11\/AGROINSUMOS-ARDISONE-1024x737.jpg?resize=1024%2C737&#038;ssl=1\" alt=\"\" width=\"1024\" height=\"737\" srcset=\"https:\/\/i1.wp.com\/test.cookdigital.net\/campoparatodos\/wp-content\/uploads\/2022\/11\/AGROINSUMOS-ARDISONE.jpg?resize=1024%2C737&amp;ssl=1 1024w, https:\/\/i1.wp.com\/test.cookdigital.net\/campoparatodos\/wp-content\/uploads\/2022\/11\/AGROINSUMOS-ARDISONE.jpg?resize=300%2C216&amp;ssl=1 300w, https:\/\/i1.wp.com\/test.cookdigital.net\/campoparatodos\/wp-content\/uploads\/2022\/11\/AGROINSUMOS-ARDISONE.jpg?resize=768%2C552&amp;ssl=1 768w, https:\/\/i1.wp.com\/test.cookdigital.net\/campoparatodos\/wp-content\/uploads\/2022\/11\/AGROINSUMOS-ARDISONE.jpg?resize=1536%2C1105&amp;ssl=1 1536w, https:\/\/i1.wp.com\/test.cookdigital.net\/campoparatodos\/wp-content\/uploads\/2022\/11\/AGROINSUMOS-ARDISONE.jpg?resize=2048%2C1473&amp;ssl=1 2048w\" sizes=\"(max-width: 1024px) 100vw, 1024px\" data-recalc-dims=\"1\" \/><\/p>\n<p>&nbsp;<\/p>\n<p><strong>Uso de herbicidas preemergentes<\/strong><br \/>\nEl cultivo de algod\u00f3n tiene crecimiento vegetativo lento al inicio y, en consecuencia, no es un buen competidor frente a las malezas en este periodo. En el \u00e1rea de riego del R\u00edo Dulce, las malezas m\u00e1s complicadas son las que se desarrollan conjuntamente con el cultivo (competencia por recursos claves para el desarrollo) y las que crecen en el periodo donde el cultivo est\u00e1 pr\u00e1cticamente finalizando (interfieren con la defoliaci\u00f3n y cosecha, bajan el grado comercial de la fibra por manchado, humedad y cuerpos extra\u00f1os).<br \/>\nDesde el punto de vista econ\u00f3mico, las malezas presentan un costo sobre la producci\u00f3n de algod\u00f3n que se lo puede dividir en el costo de control (medidas tomadas para su eliminaci\u00f3n) y las p\u00e9rdidas directas de producci\u00f3n debido a la competencia. Las malezas constituyen uno de los factores bi\u00f3ticos adversos de mayor importancia en los cultivos, ya que compiten principalmente por agua, luz y nutrientes y son hospederas de pat\u00f3genos e insectos perjudiciales para los cultivos comerciales.<\/p>\n<figure id=\"attachment_2308\" aria-describedby=\"caption-attachment-2308\" style=\"width: 1014px\" class=\"wp-caption aligncenter\"><img data-attachment-id=\"2308\" data-permalink=\"https:\/\/test.cookdigital.net\/campoparatodos\/2023\/01\/23\/algodon-22-23-como-inicio-la-campana-en-el-area-de-riego-del-rio-dulce\/whatsapp-image-2022-12-30-at-12-45-46_perfectlyclear\/#main\" data-orig-file=\"https:\/\/i1.wp.com\/test.cookdigital.net\/campoparatodos\/wp-content\/uploads\/2023\/01\/WhatsApp-Image-2022-12-30-at-12.45.46_PerfectlyClear.jpg?fit=1600%2C756&amp;ssl=1\" data-orig-size=\"1600,756\" data-comments-opened=\"1\" data-image-meta=\"{&quot;aperture&quot;:&quot;0&quot;,&quot;credit&quot;:&quot;&quot;,&quot;camera&quot;:&quot;&quot;,&quot;caption&quot;:&quot;&quot;,&quot;created_timestamp&quot;:&quot;0&quot;,&quot;copyright&quot;:&quot;&quot;,&quot;focal_length&quot;:&quot;0&quot;,&quot;iso&quot;:&quot;0&quot;,&quot;shutter_speed&quot;:&quot;0&quot;,&quot;title&quot;:&quot;&quot;,&quot;orientation&quot;:&quot;1&quot;}\" data-image-title=\"WhatsApp Image 2022-12-30 at 12.45.46_PerfectlyClear\" data-image-description=\"\" data-medium-file=\"https:\/\/i1.wp.com\/test.cookdigital.net\/campoparatodos\/wp-content\/uploads\/2023\/01\/WhatsApp-Image-2022-12-30-at-12.45.46_PerfectlyClear.jpg?fit=300%2C142&amp;ssl=1\" data-large-file=\"https:\/\/i1.wp.com\/test.cookdigital.net\/campoparatodos\/wp-content\/uploads\/2023\/01\/WhatsApp-Image-2022-12-30-at-12.45.46_PerfectlyClear.jpg?fit=1024%2C484&amp;ssl=1\" loading=\"lazy\" class=\"size-large wp-image-2308\" src=\"https:\/\/i2.wp.com\/www.campoparatodos.com.ar\/wp-content\/uploads\/2023\/01\/WhatsApp-Image-2022-12-30-at-12.45.46_PerfectlyClear-1024x484.jpg?resize=1024%2C484&#038;ssl=1\" alt=\"\" width=\"1024\" height=\"484\" srcset=\"https:\/\/i1.wp.com\/test.cookdigital.net\/campoparatodos\/wp-content\/uploads\/2023\/01\/WhatsApp-Image-2022-12-30-at-12.45.46_PerfectlyClear.jpg?resize=1024%2C484&amp;ssl=1 1024w, https:\/\/i1.wp.com\/test.cookdigital.net\/campoparatodos\/wp-content\/uploads\/2023\/01\/WhatsApp-Image-2022-12-30-at-12.45.46_PerfectlyClear.jpg?resize=300%2C142&amp;ssl=1 300w, https:\/\/i1.wp.com\/test.cookdigital.net\/campoparatodos\/wp-content\/uploads\/2023\/01\/WhatsApp-Image-2022-12-30-at-12.45.46_PerfectlyClear.jpg?resize=768%2C363&amp;ssl=1 768w, https:\/\/i1.wp.com\/test.cookdigital.net\/campoparatodos\/wp-content\/uploads\/2023\/01\/WhatsApp-Image-2022-12-30-at-12.45.46_PerfectlyClear.jpg?resize=1536%2C726&amp;ssl=1 1536w, https:\/\/i1.wp.com\/test.cookdigital.net\/campoparatodos\/wp-content\/uploads\/2023\/01\/WhatsApp-Image-2022-12-30-at-12.45.46_PerfectlyClear.jpg?w=1600&amp;ssl=1 1600w\" sizes=\"(max-width: 1024px) 100vw, 1024px\" data-recalc-dims=\"1\" \/><figcaption id=\"caption-attachment-2308\" class=\"wp-caption-text\"><em>Ciclo corto en directa.<\/em><\/figcaption><\/figure>\n<figure id=\"attachment_2307\" aria-describedby=\"caption-attachment-2307\" style=\"width: 1014px\" class=\"wp-caption aligncenter\"><img data-attachment-id=\"2307\" data-permalink=\"https:\/\/test.cookdigital.net\/campoparatodos\/2023\/01\/23\/algodon-22-23-como-inicio-la-campana-en-el-area-de-riego-del-rio-dulce\/whatsapp-image-2022-12-30-at-12-45-06-1_perfectlyclear\/#main\" data-orig-file=\"https:\/\/i0.wp.com\/test.cookdigital.net\/campoparatodos\/wp-content\/uploads\/2023\/01\/WhatsApp-Image-2022-12-30-at-12.45.06-1_PerfectlyClear.jpg?fit=1600%2C756&amp;ssl=1\" data-orig-size=\"1600,756\" data-comments-opened=\"1\" data-image-meta=\"{&quot;aperture&quot;:&quot;0&quot;,&quot;credit&quot;:&quot;&quot;,&quot;camera&quot;:&quot;&quot;,&quot;caption&quot;:&quot;&quot;,&quot;created_timestamp&quot;:&quot;0&quot;,&quot;copyright&quot;:&quot;&quot;,&quot;focal_length&quot;:&quot;0&quot;,&quot;iso&quot;:&quot;0&quot;,&quot;shutter_speed&quot;:&quot;0&quot;,&quot;title&quot;:&quot;&quot;,&quot;orientation&quot;:&quot;1&quot;}\" data-image-title=\"WhatsApp Image 2022-12-30 at 12.45.06 (1)_PerfectlyClear\" data-image-description=\"\" data-medium-file=\"https:\/\/i0.wp.com\/test.cookdigital.net\/campoparatodos\/wp-content\/uploads\/2023\/01\/WhatsApp-Image-2022-12-30-at-12.45.06-1_PerfectlyClear.jpg?fit=300%2C142&amp;ssl=1\" data-large-file=\"https:\/\/i0.wp.com\/test.cookdigital.net\/campoparatodos\/wp-content\/uploads\/2023\/01\/WhatsApp-Image-2022-12-30-at-12.45.06-1_PerfectlyClear.jpg?fit=1024%2C484&amp;ssl=1\" loading=\"lazy\" class=\"size-large wp-image-2307\" src=\"https:\/\/i1.wp.com\/www.campoparatodos.com.ar\/wp-content\/uploads\/2023\/01\/WhatsApp-Image-2022-12-30-at-12.45.06-1_PerfectlyClear-1024x484.jpg?resize=1024%2C484&#038;ssl=1\" alt=\"\" width=\"1024\" height=\"484\" srcset=\"https:\/\/i0.wp.com\/test.cookdigital.net\/campoparatodos\/wp-content\/uploads\/2023\/01\/WhatsApp-Image-2022-12-30-at-12.45.06-1_PerfectlyClear.jpg?resize=1024%2C484&amp;ssl=1 1024w, https:\/\/i0.wp.com\/test.cookdigital.net\/campoparatodos\/wp-content\/uploads\/2023\/01\/WhatsApp-Image-2022-12-30-at-12.45.06-1_PerfectlyClear.jpg?resize=300%2C142&amp;ssl=1 300w, https:\/\/i0.wp.com\/test.cookdigital.net\/campoparatodos\/wp-content\/uploads\/2023\/01\/WhatsApp-Image-2022-12-30-at-12.45.06-1_PerfectlyClear.jpg?resize=768%2C363&amp;ssl=1 768w, https:\/\/i0.wp.com\/test.cookdigital.net\/campoparatodos\/wp-content\/uploads\/2023\/01\/WhatsApp-Image-2022-12-30-at-12.45.06-1_PerfectlyClear.jpg?resize=1536%2C726&amp;ssl=1 1536w, https:\/\/i0.wp.com\/test.cookdigital.net\/campoparatodos\/wp-content\/uploads\/2023\/01\/WhatsApp-Image-2022-12-30-at-12.45.06-1_PerfectlyClear.jpg?w=1600&amp;ssl=1 1600w\" sizes=\"(max-width: 1024px) 100vw, 1024px\" data-recalc-dims=\"1\" \/><figcaption id=\"caption-attachment-2307\" class=\"wp-caption-text\"><em>Ciclo corto en directa. Evoluci\u00f3n del mismo lote.<\/em><\/figcaption><\/figure>\n<p><strong>Las principales malezas con<\/strong> <strong>resistencia a Glifosato<\/strong> <strong>presentes en la zona de riego son:<\/strong> <strong>Yuyo colorado (Amaranthus quitensis), Malva (Sphaeralcea bonariensis), Rama Negra (Conyza bonariensis) y Sorgo de Alepo (Sorghum halepense)<\/strong>. Relevamientos realizados por INTA en las dos \u00faltimas campa\u00f1as arrojaron como resultado que al rededor del 50% de los productores utilizaron herbicidas con mecanismos de acci\u00f3n PPO (inhibici\u00f3n de la enzima cloropl\u00e1stica) e inhibidores de mitosis. Los productos qu\u00edmicos utilizados como preemergentes evaluados en ensayos de INTA con muy buen comportamiento fueron: Terbulazina, Metolaclor + Prometrina, Amicarbazone, Pyroxasulfone, Carfentrazone, Pendimentalin, Fomesafen, Metolaclor y MSMA. Contrariamente, Flumioxazin y Sulfentrazone generaron fitotoxicidad, perdida y muerte de plantas.<\/p>\n<figure id=\"attachment_2301\" aria-describedby=\"caption-attachment-2301\" style=\"width: 1014px\" class=\"wp-caption aligncenter\"><img data-attachment-id=\"2301\" data-permalink=\"https:\/\/test.cookdigital.net\/campoparatodos\/2023\/01\/23\/algodon-22-23-como-inicio-la-campana-en-el-area-de-riego-del-rio-dulce\/whatsapp-image-2022-12-30-at-12-37-36-1_perfectlyclear\/#main\" data-orig-file=\"https:\/\/i1.wp.com\/test.cookdigital.net\/campoparatodos\/wp-content\/uploads\/2023\/01\/WhatsApp-Image-2022-12-30-at-12.37.36-1_PerfectlyClear.jpg?fit=1536%2C864&amp;ssl=1\" data-orig-size=\"1536,864\" data-comments-opened=\"1\" data-image-meta=\"{&quot;aperture&quot;:&quot;0&quot;,&quot;credit&quot;:&quot;&quot;,&quot;camera&quot;:&quot;&quot;,&quot;caption&quot;:&quot;&quot;,&quot;created_timestamp&quot;:&quot;0&quot;,&quot;copyright&quot;:&quot;&quot;,&quot;focal_length&quot;:&quot;0&quot;,&quot;iso&quot;:&quot;0&quot;,&quot;shutter_speed&quot;:&quot;0&quot;,&quot;title&quot;:&quot;&quot;,&quot;orientation&quot;:&quot;1&quot;}\" data-image-title=\"WhatsApp Image 2022-12-30 at 12.37.36 (1)_PerfectlyClear\" data-image-description=\"\" data-medium-file=\"https:\/\/i1.wp.com\/test.cookdigital.net\/campoparatodos\/wp-content\/uploads\/2023\/01\/WhatsApp-Image-2022-12-30-at-12.37.36-1_PerfectlyClear.jpg?fit=300%2C169&amp;ssl=1\" data-large-file=\"https:\/\/i1.wp.com\/test.cookdigital.net\/campoparatodos\/wp-content\/uploads\/2023\/01\/WhatsApp-Image-2022-12-30-at-12.37.36-1_PerfectlyClear.jpg?fit=1024%2C576&amp;ssl=1\" loading=\"lazy\" class=\"size-large wp-image-2301\" src=\"https:\/\/i0.wp.com\/www.campoparatodos.com.ar\/wp-content\/uploads\/2023\/01\/WhatsApp-Image-2022-12-30-at-12.37.36-1_PerfectlyClear-1024x576.jpg?resize=1024%2C576&#038;ssl=1\" alt=\"\" width=\"1024\" height=\"576\" srcset=\"https:\/\/i1.wp.com\/test.cookdigital.net\/campoparatodos\/wp-content\/uploads\/2023\/01\/WhatsApp-Image-2022-12-30-at-12.37.36-1_PerfectlyClear.jpg?resize=1024%2C576&amp;ssl=1 1024w, https:\/\/i1.wp.com\/test.cookdigital.net\/campoparatodos\/wp-content\/uploads\/2023\/01\/WhatsApp-Image-2022-12-30-at-12.37.36-1_PerfectlyClear.jpg?resize=300%2C169&amp;ssl=1 300w, https:\/\/i1.wp.com\/test.cookdigital.net\/campoparatodos\/wp-content\/uploads\/2023\/01\/WhatsApp-Image-2022-12-30-at-12.37.36-1_PerfectlyClear.jpg?resize=768%2C432&amp;ssl=1 768w, https:\/\/i1.wp.com\/test.cookdigital.net\/campoparatodos\/wp-content\/uploads\/2023\/01\/WhatsApp-Image-2022-12-30-at-12.37.36-1_PerfectlyClear.jpg?w=1536&amp;ssl=1 1536w\" sizes=\"(max-width: 1024px) 100vw, 1024px\" data-recalc-dims=\"1\" \/><figcaption id=\"caption-attachment-2301\" class=\"wp-caption-text\"><em>Campa\u00f1a 21-22. Lote sin Pre-emergente.<\/em><\/figcaption><\/figure>\n<figure id=\"attachment_2300\" aria-describedby=\"caption-attachment-2300\" style=\"width: 1014px\" class=\"wp-caption aligncenter\"><img data-attachment-id=\"2300\" data-permalink=\"https:\/\/test.cookdigital.net\/campoparatodos\/2023\/01\/23\/algodon-22-23-como-inicio-la-campana-en-el-area-de-riego-del-rio-dulce\/whatsapp-image-2022-12-30-at-12-37-36_perfectlyclear\/#main\" data-orig-file=\"https:\/\/i2.wp.com\/test.cookdigital.net\/campoparatodos\/wp-content\/uploads\/2023\/01\/WhatsApp-Image-2022-12-30-at-12.37.36_PerfectlyClear.jpg?fit=1600%2C756&amp;ssl=1\" data-orig-size=\"1600,756\" data-comments-opened=\"1\" data-image-meta=\"{&quot;aperture&quot;:&quot;0&quot;,&quot;credit&quot;:&quot;&quot;,&quot;camera&quot;:&quot;&quot;,&quot;caption&quot;:&quot;&quot;,&quot;created_timestamp&quot;:&quot;0&quot;,&quot;copyright&quot;:&quot;&quot;,&quot;focal_length&quot;:&quot;0&quot;,&quot;iso&quot;:&quot;0&quot;,&quot;shutter_speed&quot;:&quot;0&quot;,&quot;title&quot;:&quot;&quot;,&quot;orientation&quot;:&quot;1&quot;}\" data-image-title=\"WhatsApp Image 2022-12-30 at 12.37.36_PerfectlyClear\" data-image-description=\"\" data-medium-file=\"https:\/\/i2.wp.com\/test.cookdigital.net\/campoparatodos\/wp-content\/uploads\/2023\/01\/WhatsApp-Image-2022-12-30-at-12.37.36_PerfectlyClear.jpg?fit=300%2C142&amp;ssl=1\" data-large-file=\"https:\/\/i2.wp.com\/test.cookdigital.net\/campoparatodos\/wp-content\/uploads\/2023\/01\/WhatsApp-Image-2022-12-30-at-12.37.36_PerfectlyClear.jpg?fit=1024%2C484&amp;ssl=1\" loading=\"lazy\" class=\"size-large wp-image-2300\" src=\"https:\/\/i2.wp.com\/www.campoparatodos.com.ar\/wp-content\/uploads\/2023\/01\/WhatsApp-Image-2022-12-30-at-12.37.36_PerfectlyClear-1024x484.jpg?resize=1024%2C484&#038;ssl=1\" alt=\"\" width=\"1024\" height=\"484\" srcset=\"https:\/\/i2.wp.com\/test.cookdigital.net\/campoparatodos\/wp-content\/uploads\/2023\/01\/WhatsApp-Image-2022-12-30-at-12.37.36_PerfectlyClear.jpg?resize=1024%2C484&amp;ssl=1 1024w, https:\/\/i2.wp.com\/test.cookdigital.net\/campoparatodos\/wp-content\/uploads\/2023\/01\/WhatsApp-Image-2022-12-30-at-12.37.36_PerfectlyClear.jpg?resize=300%2C142&amp;ssl=1 300w, https:\/\/i2.wp.com\/test.cookdigital.net\/campoparatodos\/wp-content\/uploads\/2023\/01\/WhatsApp-Image-2022-12-30-at-12.37.36_PerfectlyClear.jpg?resize=768%2C363&amp;ssl=1 768w, https:\/\/i2.wp.com\/test.cookdigital.net\/campoparatodos\/wp-content\/uploads\/2023\/01\/WhatsApp-Image-2022-12-30-at-12.37.36_PerfectlyClear.jpg?resize=1536%2C726&amp;ssl=1 1536w, https:\/\/i2.wp.com\/test.cookdigital.net\/campoparatodos\/wp-content\/uploads\/2023\/01\/WhatsApp-Image-2022-12-30-at-12.37.36_PerfectlyClear.jpg?w=1600&amp;ssl=1 1600w\" sizes=\"(max-width: 1024px) 100vw, 1024px\" data-recalc-dims=\"1\" \/><figcaption id=\"caption-attachment-2300\" class=\"wp-caption-text\"><em>Misma fecha de siembra y mismo lote de la foto de arriba, pero con aplicaci\u00f3n de Pre-emergente.<\/em><\/figcaption><\/figure>\n<p><img data-attachment-id=\"2277\" data-permalink=\"https:\/\/test.cookdigital.net\/campoparatodos\/2022\/12\/26\/inauguracion-del-laboratorio-veterinario-quebrachales-tintina\/exa\/#main\" data-orig-file=\"https:\/\/i1.wp.com\/test.cookdigital.net\/campoparatodos\/wp-content\/uploads\/2022\/12\/EXA.jpeg?fit=1280%2C389&amp;ssl=1\" data-orig-size=\"1280,389\" data-comments-opened=\"1\" data-image-meta=\"{&quot;aperture&quot;:&quot;0&quot;,&quot;credit&quot;:&quot;&quot;,&quot;camera&quot;:&quot;&quot;,&quot;caption&quot;:&quot;&quot;,&quot;created_timestamp&quot;:&quot;0&quot;,&quot;copyright&quot;:&quot;&quot;,&quot;focal_length&quot;:&quot;0&quot;,&quot;iso&quot;:&quot;0&quot;,&quot;shutter_speed&quot;:&quot;0&quot;,&quot;title&quot;:&quot;&quot;,&quot;orientation&quot;:&quot;0&quot;}\" data-image-title=\"EXA\" data-image-description=\"\" data-medium-file=\"https:\/\/i1.wp.com\/test.cookdigital.net\/campoparatodos\/wp-content\/uploads\/2022\/12\/EXA.jpeg?fit=300%2C91&amp;ssl=1\" data-large-file=\"https:\/\/i1.wp.com\/test.cookdigital.net\/campoparatodos\/wp-content\/uploads\/2022\/12\/EXA.jpeg?fit=1024%2C311&amp;ssl=1\" loading=\"lazy\" class=\"aligncenter size-large wp-image-2277\" src=\"https:\/\/i1.wp.com\/www.campoparatodos.com.ar\/wp-content\/uploads\/2022\/12\/EXA-1024x311.jpeg?resize=1024%2C311&#038;ssl=1\" alt=\"\" width=\"1024\" height=\"311\" srcset=\"https:\/\/i1.wp.com\/test.cookdigital.net\/campoparatodos\/wp-content\/uploads\/2022\/12\/EXA.jpeg?resize=1024%2C311&amp;ssl=1 1024w, https:\/\/i1.wp.com\/test.cookdigital.net\/campoparatodos\/wp-content\/uploads\/2022\/12\/EXA.jpeg?resize=300%2C91&amp;ssl=1 300w, https:\/\/i1.wp.com\/test.cookdigital.net\/campoparatodos\/wp-content\/uploads\/2022\/12\/EXA.jpeg?resize=768%2C233&amp;ssl=1 768w, https:\/\/i1.wp.com\/test.cookdigital.net\/campoparatodos\/wp-content\/uploads\/2022\/12\/EXA.jpeg?w=1280&amp;ssl=1 1280w\" sizes=\"(max-width: 1024px) 100vw, 1024px\" data-recalc-dims=\"1\" \/><\/p>\n<p><strong><span style=\"color: #0000ff;\">Plagas y enfermedades del cultivo<\/span><\/strong><br \/>\nEn fechas de siembra tempranas, normalmente se registran da\u00f1os causados por el complejo \u201cDamping off o mal del tallito\u201d como consecuencia de las bajas temperaturas. Esta situaci\u00f3n impacta principalmente en el establecimiento del stand de plantas (disminuci\u00f3n del n\u00famero de plantas logradas).<br \/>\nPara fechas de siembra tard\u00edas, los insectos plaga de la etapa inicial (trips, ara\u00f1uela roja, pulgones, etc.) suelen presentarse con mayor agresividad, debido a las altas temperaturas y a la baja humedad relativa del ambiente.<br \/>\nEn etapas reproductivas para cualquier fecha de siembra el principal problema suele ser el complejo de chinches. Para su control, se recomienda intensificar el monitoreo a partir del estadio de pimpollado. Con respecto al Picudo del algodonero, hoy se encuentra en muy baja densidad poblacional debido a las condiciones ambientales poco favorables para el desarrollo de esta plaga. La recomendaci\u00f3n es el monitoreo de pimpollos y trampas (principalmente en siembras tard\u00edas), ya que es un insecto con una tasa reproductiva exponencial bajo condiciones favorables del ambiente.<\/p>\n<p><img data-attachment-id=\"2276\" data-permalink=\"https:\/\/test.cookdigital.net\/campoparatodos\/2022\/12\/26\/inauguracion-del-laboratorio-veterinario-quebrachales-tintina\/norlit\/#main\" data-orig-file=\"https:\/\/i0.wp.com\/test.cookdigital.net\/campoparatodos\/wp-content\/uploads\/2022\/12\/NORLIT.jpg?fit=2008%2C591&amp;ssl=1\" data-orig-size=\"2008,591\" data-comments-opened=\"1\" data-image-meta=\"{&quot;aperture&quot;:&quot;0&quot;,&quot;credit&quot;:&quot;&quot;,&quot;camera&quot;:&quot;&quot;,&quot;caption&quot;:&quot;&quot;,&quot;created_timestamp&quot;:&quot;0&quot;,&quot;copyright&quot;:&quot;&quot;,&quot;focal_length&quot;:&quot;0&quot;,&quot;iso&quot;:&quot;0&quot;,&quot;shutter_speed&quot;:&quot;0&quot;,&quot;title&quot;:&quot;&quot;,&quot;orientation&quot;:&quot;0&quot;}\" data-image-title=\"NORLIT\" data-image-description=\"\" data-medium-file=\"https:\/\/i0.wp.com\/test.cookdigital.net\/campoparatodos\/wp-content\/uploads\/2022\/12\/NORLIT.jpg?fit=300%2C88&amp;ssl=1\" data-large-file=\"https:\/\/i0.wp.com\/test.cookdigital.net\/campoparatodos\/wp-content\/uploads\/2022\/12\/NORLIT.jpg?fit=1024%2C301&amp;ssl=1\" loading=\"lazy\" class=\"aligncenter size-large wp-image-2276\" src=\"https:\/\/i2.wp.com\/www.campoparatodos.com.ar\/wp-content\/uploads\/2022\/12\/NORLIT-1024x301.jpg?resize=1024%2C301&#038;ssl=1\" alt=\"\" width=\"1024\" height=\"301\" srcset=\"https:\/\/i0.wp.com\/test.cookdigital.net\/campoparatodos\/wp-content\/uploads\/2022\/12\/NORLIT.jpg?resize=1024%2C301&amp;ssl=1 1024w, https:\/\/i0.wp.com\/test.cookdigital.net\/campoparatodos\/wp-content\/uploads\/2022\/12\/NORLIT.jpg?resize=300%2C88&amp;ssl=1 300w, https:\/\/i0.wp.com\/test.cookdigital.net\/campoparatodos\/wp-content\/uploads\/2022\/12\/NORLIT.jpg?resize=768%2C226&amp;ssl=1 768w, https:\/\/i0.wp.com\/test.cookdigital.net\/campoparatodos\/wp-content\/uploads\/2022\/12\/NORLIT.jpg?resize=1536%2C452&amp;ssl=1 1536w, https:\/\/i0.wp.com\/test.cookdigital.net\/campoparatodos\/wp-content\/uploads\/2022\/12\/NORLIT.jpg?w=2008&amp;ssl=1 2008w\" sizes=\"(max-width: 1024px) 100vw, 1024px\" data-recalc-dims=\"1\" \/><\/p>\n<p><span style=\"color: #0000ff;\"><strong>Necesidades de agua del cultivo hasta cosecha<\/strong><\/span><br \/>\nUna de las claves para lograr alcanzar rendimientos cercanos a los potenciales es la de cubrir las necesidades h\u00eddricas del cultivo durante todo el ciclo. Esto se logra con la lluvia, con el riego o con la combinaci\u00f3n de ambas.<br \/>\nEn el \u00e1rea de riego del R\u00edo Dulce el algod\u00f3n se produce en la temporada de lluvias, pero no suelen distribuirse de manera correcta y ser suficientes para cubrir las necesidades potenciales del cultivo. Por lo tanto, el riego es clave para suplir estos baches de oferta de agua. Para ello, si se depende de un sistema de riego como el del R\u00edo Dulce, se debe adecuar el manejo a la disponibilidad de turnados de riego para poder hacer un aprovechamiento lo m\u00e1s eficiente posible del agua.<\/p>\n<figure id=\"attachment_2311\" aria-describedby=\"caption-attachment-2311\" style=\"width: 1014px\" class=\"wp-caption aligncenter\"><img data-attachment-id=\"2311\" data-permalink=\"https:\/\/test.cookdigital.net\/campoparatodos\/2023\/01\/23\/algodon-22-23-como-inicio-la-campana-en-el-area-de-riego-del-rio-dulce\/cpt-template-179\/#main\" data-orig-file=\"https:\/\/i1.wp.com\/test.cookdigital.net\/campoparatodos\/wp-content\/uploads\/2023\/01\/f2.jpg?fit=1311%2C751&amp;ssl=1\" data-orig-size=\"1311,751\" data-comments-opened=\"1\" data-image-meta=\"{&quot;aperture&quot;:&quot;0&quot;,&quot;credit&quot;:&quot;carlos&quot;,&quot;camera&quot;:&quot;&quot;,&quot;caption&quot;:&quot;cpt-template&quot;,&quot;created_timestamp&quot;:&quot;1673548873&quot;,&quot;copyright&quot;:&quot;&quot;,&quot;focal_length&quot;:&quot;0&quot;,&quot;iso&quot;:&quot;0&quot;,&quot;shutter_speed&quot;:&quot;0&quot;,&quot;title&quot;:&quot;cpt-template&quot;,&quot;orientation&quot;:&quot;0&quot;}\" data-image-title=\"cpt-template\" data-image-description=\"\" data-medium-file=\"https:\/\/i1.wp.com\/test.cookdigital.net\/campoparatodos\/wp-content\/uploads\/2023\/01\/f2.jpg?fit=300%2C172&amp;ssl=1\" data-large-file=\"https:\/\/i1.wp.com\/test.cookdigital.net\/campoparatodos\/wp-content\/uploads\/2023\/01\/f2.jpg?fit=1024%2C587&amp;ssl=1\" loading=\"lazy\" class=\"size-large wp-image-2311\" src=\"https:\/\/i0.wp.com\/www.campoparatodos.com.ar\/wp-content\/uploads\/2023\/01\/f2-1024x587.jpg?resize=1024%2C587&#038;ssl=1\" alt=\"\" width=\"1024\" height=\"587\" srcset=\"https:\/\/i1.wp.com\/test.cookdigital.net\/campoparatodos\/wp-content\/uploads\/2023\/01\/f2.jpg?resize=1024%2C587&amp;ssl=1 1024w, https:\/\/i1.wp.com\/test.cookdigital.net\/campoparatodos\/wp-content\/uploads\/2023\/01\/f2.jpg?resize=300%2C172&amp;ssl=1 300w, https:\/\/i1.wp.com\/test.cookdigital.net\/campoparatodos\/wp-content\/uploads\/2023\/01\/f2.jpg?resize=768%2C440&amp;ssl=1 768w, https:\/\/i1.wp.com\/test.cookdigital.net\/campoparatodos\/wp-content\/uploads\/2023\/01\/f2.jpg?w=1311&amp;ssl=1 1311w\" sizes=\"(max-width: 1024px) 100vw, 1024px\" data-recalc-dims=\"1\" \/><figcaption id=\"caption-attachment-2311\" class=\"wp-caption-text\"><em>Figura 2. Tres fechas de siembra del cultivo de algod\u00f3n (15 de octubre -l\u00ednea roja-, 15 de noviembre -l\u00ednea verde- y 5 de diciembre -l\u00ednea amarilla-) en tres lotes comerciales en el \u00e1rea de riego del R\u00edo Dulce, la cantidad de riego aplicado (barras apiladas grises) y la precipitaci\u00f3n acumulada mensual (barras apiladas celestes) y la temperatura media mensual registrada en la estaci\u00f3n meteorol\u00f3gica del campo experimental del INTA Santiago del Estero en la campa\u00f1a 2021-2022.<\/em><\/figcaption><\/figure>\n<p><img data-attachment-id=\"2244\" data-permalink=\"https:\/\/test.cookdigital.net\/campoparatodos\/2022\/12\/05\/riego-en-algodon\/ford-lo-bruno-nov-22\/#main\" data-orig-file=\"https:\/\/i2.wp.com\/test.cookdigital.net\/campoparatodos\/wp-content\/uploads\/2022\/12\/FORD-LO-BRUNO-NOV.-22.jpg?fit=1536%2C1103&amp;ssl=1\" data-orig-size=\"1536,1103\" data-comments-opened=\"1\" data-image-meta=\"{&quot;aperture&quot;:&quot;0&quot;,&quot;credit&quot;:&quot;Vicky Dominguez&quot;,&quot;camera&quot;:&quot;&quot;,&quot;caption&quot;:&quot;&quot;,&quot;created_timestamp&quot;:&quot;1668760968&quot;,&quot;copyright&quot;:&quot;&quot;,&quot;focal_length&quot;:&quot;0&quot;,&quot;iso&quot;:&quot;0&quot;,&quot;shutter_speed&quot;:&quot;0&quot;,&quot;title&quot;:&quot;&quot;,&quot;orientation&quot;:&quot;0&quot;}\" data-image-title=\"FORD LO BRUNO NOV. 22\" data-image-description=\"\" data-medium-file=\"https:\/\/i2.wp.com\/test.cookdigital.net\/campoparatodos\/wp-content\/uploads\/2022\/12\/FORD-LO-BRUNO-NOV.-22.jpg?fit=300%2C215&amp;ssl=1\" data-large-file=\"https:\/\/i2.wp.com\/test.cookdigital.net\/campoparatodos\/wp-content\/uploads\/2022\/12\/FORD-LO-BRUNO-NOV.-22.jpg?fit=1024%2C735&amp;ssl=1\" loading=\"lazy\" class=\"aligncenter size-large wp-image-2244\" src=\"https:\/\/i0.wp.com\/www.campoparatodos.com.ar\/wp-content\/uploads\/2022\/12\/FORD-LO-BRUNO-NOV.-22-1024x735.jpg?resize=1024%2C735&#038;ssl=1\" alt=\"\" width=\"1024\" height=\"735\" srcset=\"https:\/\/i2.wp.com\/test.cookdigital.net\/campoparatodos\/wp-content\/uploads\/2022\/12\/FORD-LO-BRUNO-NOV.-22.jpg?resize=1024%2C735&amp;ssl=1 1024w, https:\/\/i2.wp.com\/test.cookdigital.net\/campoparatodos\/wp-content\/uploads\/2022\/12\/FORD-LO-BRUNO-NOV.-22.jpg?resize=300%2C215&amp;ssl=1 300w, https:\/\/i2.wp.com\/test.cookdigital.net\/campoparatodos\/wp-content\/uploads\/2022\/12\/FORD-LO-BRUNO-NOV.-22.jpg?resize=768%2C552&amp;ssl=1 768w, https:\/\/i2.wp.com\/test.cookdigital.net\/campoparatodos\/wp-content\/uploads\/2022\/12\/FORD-LO-BRUNO-NOV.-22.jpg?w=1536&amp;ssl=1 1536w\" sizes=\"(max-width: 1024px) 100vw, 1024px\" data-recalc-dims=\"1\" \/><br \/>\nLamentablemente, en estos \u00faltimos a\u00f1os la situaci\u00f3n hidrol\u00f3gica de la cuenca Sal\u00ed-Dulce, que provee agua al sistema de riego del R\u00edo Dulce, no ha sido \u00f3ptima. Las limitaciones del recurso en los meses de mayor necesidad h\u00eddrica por parte del cultivo de algod\u00f3n parecen ser algo normal. En este sentido, el INTA, los asesores privados y los productores han comenzado a estudiar e implementar diferentes estrategias para mitigar los efectos de la escases de agua, y uno de ellos es el retraso de la fecha de siembra.<br \/>\nComo ejemplo, se puede observar lo sucedido en la campa\u00f1a anterior 2021-2022 (hasta la fecha con un desarrollo muy similar a la actual). En este caso, se llev\u00f3 a cabo el seguimiento de tres lotes comerciales en tres fechas de siembra.<br \/>\nLa Figura 2 muestra las necesidades de agua de los cultivos de algod\u00f3n (ETc) para las tres fechas de siembra (15 de octubre-l\u00ednea roja-, 15 de noviembre-l\u00ednea verde- y 5 de diciembre-l\u00ednea amarilla-) que crecen en \u00f3ptimas condiciones, las temperaturas medias mensuales (Tmed) y las precipitaciones mensuales (PP) registradas durante la campa\u00f1a 2021-2022.<\/p>\n<figure id=\"attachment_2304\" aria-describedby=\"caption-attachment-2304\" style=\"width: 1014px\" class=\"wp-caption aligncenter\"><img data-attachment-id=\"2304\" data-permalink=\"https:\/\/test.cookdigital.net\/campoparatodos\/2023\/01\/23\/algodon-22-23-como-inicio-la-campana-en-el-area-de-riego-del-rio-dulce\/whatsapp-image-2022-12-30-at-12-43-37_perfectlyclear\/#main\" data-orig-file=\"https:\/\/i0.wp.com\/test.cookdigital.net\/campoparatodos\/wp-content\/uploads\/2023\/01\/WhatsApp-Image-2022-12-30-at-12.43.37_PerfectlyClear.jpg?fit=1600%2C756&amp;ssl=1\" data-orig-size=\"1600,756\" data-comments-opened=\"1\" data-image-meta=\"{&quot;aperture&quot;:&quot;0&quot;,&quot;credit&quot;:&quot;&quot;,&quot;camera&quot;:&quot;&quot;,&quot;caption&quot;:&quot;&quot;,&quot;created_timestamp&quot;:&quot;0&quot;,&quot;copyright&quot;:&quot;&quot;,&quot;focal_length&quot;:&quot;0&quot;,&quot;iso&quot;:&quot;0&quot;,&quot;shutter_speed&quot;:&quot;0&quot;,&quot;title&quot;:&quot;&quot;,&quot;orientation&quot;:&quot;1&quot;}\" data-image-title=\"WhatsApp Image 2022-12-30 at 12.43.37_PerfectlyClear\" data-image-description=\"\" data-medium-file=\"https:\/\/i0.wp.com\/test.cookdigital.net\/campoparatodos\/wp-content\/uploads\/2023\/01\/WhatsApp-Image-2022-12-30-at-12.43.37_PerfectlyClear.jpg?fit=300%2C142&amp;ssl=1\" data-large-file=\"https:\/\/i0.wp.com\/test.cookdigital.net\/campoparatodos\/wp-content\/uploads\/2023\/01\/WhatsApp-Image-2022-12-30-at-12.43.37_PerfectlyClear.jpg?fit=1024%2C484&amp;ssl=1\" loading=\"lazy\" class=\"size-large wp-image-2304\" src=\"https:\/\/i0.wp.com\/www.campoparatodos.com.ar\/wp-content\/uploads\/2023\/01\/WhatsApp-Image-2022-12-30-at-12.43.37_PerfectlyClear-1024x484.jpg?resize=1024%2C484&#038;ssl=1\" alt=\"\" width=\"1024\" height=\"484\" srcset=\"https:\/\/i0.wp.com\/test.cookdigital.net\/campoparatodos\/wp-content\/uploads\/2023\/01\/WhatsApp-Image-2022-12-30-at-12.43.37_PerfectlyClear.jpg?resize=1024%2C484&amp;ssl=1 1024w, https:\/\/i0.wp.com\/test.cookdigital.net\/campoparatodos\/wp-content\/uploads\/2023\/01\/WhatsApp-Image-2022-12-30-at-12.43.37_PerfectlyClear.jpg?resize=300%2C142&amp;ssl=1 300w, https:\/\/i0.wp.com\/test.cookdigital.net\/campoparatodos\/wp-content\/uploads\/2023\/01\/WhatsApp-Image-2022-12-30-at-12.43.37_PerfectlyClear.jpg?resize=768%2C363&amp;ssl=1 768w, https:\/\/i0.wp.com\/test.cookdigital.net\/campoparatodos\/wp-content\/uploads\/2023\/01\/WhatsApp-Image-2022-12-30-at-12.43.37_PerfectlyClear.jpg?resize=1536%2C726&amp;ssl=1 1536w, https:\/\/i0.wp.com\/test.cookdigital.net\/campoparatodos\/wp-content\/uploads\/2023\/01\/WhatsApp-Image-2022-12-30-at-12.43.37_PerfectlyClear.jpg?w=1600&amp;ssl=1 1600w\" sizes=\"(max-width: 1024px) 100vw, 1024px\" data-recalc-dims=\"1\" \/><figcaption id=\"caption-attachment-2304\" class=\"wp-caption-text\"><em>Ciclo largo primer quincena de noviembre.<\/em><\/figcaption><\/figure>\n<p>Los algodones sembrados alrededor del 15 de octubre (l\u00ednea roja) recibieron escasas precipitaciones durante el pico de necesidades de agua (diciembre y enero) con altas temperaturas. Los algodones sembrados en noviembre y diciembre durante el pico de necesidades de agua en febrero (l\u00ednea verde y amarilla, respectivamente) presentaron el mismo patr\u00f3n que la anterior fecha de siembra, con menores temperaturas y se beneficiaron del riego que permiti\u00f3 pr\u00e1cticamente cubrir las necesidades de agua en ese periodo (barra gris).<\/p>\n<figure id=\"attachment_2305\" aria-describedby=\"caption-attachment-2305\" style=\"width: 474px\" class=\"wp-caption aligncenter\"><img data-attachment-id=\"2305\" data-permalink=\"https:\/\/test.cookdigital.net\/campoparatodos\/2023\/01\/23\/algodon-22-23-como-inicio-la-campana-en-el-area-de-riego-del-rio-dulce\/whatsapp-image-2022-12-30-at-12-43-37-1_perfectlyclear\/#main\" data-orig-file=\"https:\/\/i1.wp.com\/test.cookdigital.net\/campoparatodos\/wp-content\/uploads\/2023\/01\/WhatsApp-Image-2022-12-30-at-12.43.37-1_PerfectlyClear.jpg?fit=756%2C1600&amp;ssl=1\" data-orig-size=\"756,1600\" data-comments-opened=\"1\" data-image-meta=\"{&quot;aperture&quot;:&quot;0&quot;,&quot;credit&quot;:&quot;&quot;,&quot;camera&quot;:&quot;&quot;,&quot;caption&quot;:&quot;&quot;,&quot;created_timestamp&quot;:&quot;0&quot;,&quot;copyright&quot;:&quot;&quot;,&quot;focal_length&quot;:&quot;0&quot;,&quot;iso&quot;:&quot;0&quot;,&quot;shutter_speed&quot;:&quot;0&quot;,&quot;title&quot;:&quot;&quot;,&quot;orientation&quot;:&quot;1&quot;}\" data-image-title=\"WhatsApp Image 2022-12-30 at 12.43.37 (1)_PerfectlyClear\" data-image-description=\"\" data-medium-file=\"https:\/\/i1.wp.com\/test.cookdigital.net\/campoparatodos\/wp-content\/uploads\/2023\/01\/WhatsApp-Image-2022-12-30-at-12.43.37-1_PerfectlyClear.jpg?fit=142%2C300&amp;ssl=1\" data-large-file=\"https:\/\/i1.wp.com\/test.cookdigital.net\/campoparatodos\/wp-content\/uploads\/2023\/01\/WhatsApp-Image-2022-12-30-at-12.43.37-1_PerfectlyClear.jpg?fit=484%2C1024&amp;ssl=1\" loading=\"lazy\" class=\"size-large wp-image-2305\" src=\"https:\/\/i0.wp.com\/www.campoparatodos.com.ar\/wp-content\/uploads\/2023\/01\/WhatsApp-Image-2022-12-30-at-12.43.37-1_PerfectlyClear-484x1024.jpg?resize=484%2C1024&#038;ssl=1\" alt=\"\" width=\"484\" height=\"1024\" srcset=\"https:\/\/i1.wp.com\/test.cookdigital.net\/campoparatodos\/wp-content\/uploads\/2023\/01\/WhatsApp-Image-2022-12-30-at-12.43.37-1_PerfectlyClear.jpg?resize=484%2C1024&amp;ssl=1 484w, https:\/\/i1.wp.com\/test.cookdigital.net\/campoparatodos\/wp-content\/uploads\/2023\/01\/WhatsApp-Image-2022-12-30-at-12.43.37-1_PerfectlyClear.jpg?resize=142%2C300&amp;ssl=1 142w, https:\/\/i1.wp.com\/test.cookdigital.net\/campoparatodos\/wp-content\/uploads\/2023\/01\/WhatsApp-Image-2022-12-30-at-12.43.37-1_PerfectlyClear.jpg?resize=726%2C1536&amp;ssl=1 726w, https:\/\/i1.wp.com\/test.cookdigital.net\/campoparatodos\/wp-content\/uploads\/2023\/01\/WhatsApp-Image-2022-12-30-at-12.43.37-1_PerfectlyClear.jpg?w=756&amp;ssl=1 756w\" sizes=\"(max-width: 484px) 100vw, 484px\" data-recalc-dims=\"1\" \/><figcaption id=\"caption-attachment-2305\" class=\"wp-caption-text\"><em>Ciclo largo primer quincena de noviembre, detalle de la planta.<\/em><\/figcaption><\/figure>\n<p><img data-attachment-id=\"2312\" data-permalink=\"https:\/\/test.cookdigital.net\/campoparatodos\/2023\/01\/23\/algodon-22-23-como-inicio-la-campana-en-el-area-de-riego-del-rio-dulce\/copsat-color\/#main\" data-orig-file=\"https:\/\/i2.wp.com\/test.cookdigital.net\/campoparatodos\/wp-content\/uploads\/2023\/01\/Copsat-color.jpeg?fit=1280%2C376&amp;ssl=1\" data-orig-size=\"1280,376\" data-comments-opened=\"1\" data-image-meta=\"{&quot;aperture&quot;:&quot;0&quot;,&quot;credit&quot;:&quot;&quot;,&quot;camera&quot;:&quot;&quot;,&quot;caption&quot;:&quot;&quot;,&quot;created_timestamp&quot;:&quot;0&quot;,&quot;copyright&quot;:&quot;&quot;,&quot;focal_length&quot;:&quot;0&quot;,&quot;iso&quot;:&quot;0&quot;,&quot;shutter_speed&quot;:&quot;0&quot;,&quot;title&quot;:&quot;&quot;,&quot;orientation&quot;:&quot;0&quot;}\" data-image-title=\"Copsat color\" data-image-description=\"\" data-medium-file=\"https:\/\/i2.wp.com\/test.cookdigital.net\/campoparatodos\/wp-content\/uploads\/2023\/01\/Copsat-color.jpeg?fit=300%2C88&amp;ssl=1\" data-large-file=\"https:\/\/i2.wp.com\/test.cookdigital.net\/campoparatodos\/wp-content\/uploads\/2023\/01\/Copsat-color.jpeg?fit=1024%2C301&amp;ssl=1\" loading=\"lazy\" class=\"aligncenter size-large wp-image-2312\" src=\"https:\/\/i1.wp.com\/www.campoparatodos.com.ar\/wp-content\/uploads\/2023\/01\/Copsat-color-1024x301.jpeg?resize=1024%2C301&#038;ssl=1\" alt=\"\" width=\"1024\" height=\"301\" srcset=\"https:\/\/i2.wp.com\/test.cookdigital.net\/campoparatodos\/wp-content\/uploads\/2023\/01\/Copsat-color.jpeg?resize=1024%2C301&amp;ssl=1 1024w, https:\/\/i2.wp.com\/test.cookdigital.net\/campoparatodos\/wp-content\/uploads\/2023\/01\/Copsat-color.jpeg?resize=300%2C88&amp;ssl=1 300w, https:\/\/i2.wp.com\/test.cookdigital.net\/campoparatodos\/wp-content\/uploads\/2023\/01\/Copsat-color.jpeg?resize=768%2C226&amp;ssl=1 768w, https:\/\/i2.wp.com\/test.cookdigital.net\/campoparatodos\/wp-content\/uploads\/2023\/01\/Copsat-color.jpeg?w=1280&amp;ssl=1 1280w\" sizes=\"(max-width: 1024px) 100vw, 1024px\" data-recalc-dims=\"1\" \/><br \/>\nExtrapolando los resultados de la campa\u00f1a 2021-2022 a las condiciones actuales de la campa\u00f1a 2022-2023, para las fechas de siembra de octubre, las cuales atravesar\u00edan el periodo cr\u00edtico de floraci\u00f3n en diciembre, desde enero a abril restar\u00edan cubrir el 66% (350 mm) de las necesidades totales de agua. Para las fechas de siembra de noviembre faltar\u00edan cubrir el 89% (440 mm) de las necesidades totales de agua y para las fechas de siembra de diciembre el 95% (430 mm), en ambos casos desde enero hasta finalizar el ciclo de crecimiento del cultivo. Recuerde el lector, que estas \u00faltimas dos fechas no han atravesado aun el periodo cr\u00edtico de floraci\u00f3n.<\/p>\n<h3 style=\"text-align: center;\"><span style=\"color: #0000ff;\"><strong>Conclusi\u00f3n<\/strong><\/span><\/h3>\n<p style=\"text-align: center;\"><span style=\"color: #800000;\"><strong><em>A modo de conclusi\u00f3n, se puede destacar que la estrategia adoptada de atrasar las fechas de siembras en el \u00e1rea de riego del R\u00edo Dulce, ante condiciones de restricci\u00f3n del sistema de riego y un eventual a\u00f1o clim\u00e1tico tipo Ni\u00f1a ser\u00eda la m\u00e1s favorable para lograr rendimientos del cultivo de algod\u00f3n cercanos a los potenciales.<\/em><\/strong><\/span><\/p>\n<p style=\"text-align: center;\"><span style=\"color: #800000;\"><strong><em>Por el contrario, ante estas mismas situaciones las fechas de siembra tempranas (octubre) se ver\u00edan perjudicadas y no estar\u00edan en condiciones de alcanzar rendimientos superiores a las otras fechas de siembra antes mencionadas.<\/em><\/strong><\/span><\/p>\n<figure id=\"attachment_2309\" aria-describedby=\"caption-attachment-2309\" style=\"width: 1014px\" class=\"wp-caption aligncenter\"><img data-attachment-id=\"2309\" data-permalink=\"https:\/\/test.cookdigital.net\/campoparatodos\/2023\/01\/23\/algodon-22-23-como-inicio-la-campana-en-el-area-de-riego-del-rio-dulce\/cpt-template-177\/#main\" data-orig-file=\"https:\/\/i2.wp.com\/test.cookdigital.net\/campoparatodos\/wp-content\/uploads\/2023\/01\/autores.jpg?fit=1311%2C727&amp;ssl=1\" data-orig-size=\"1311,727\" data-comments-opened=\"1\" data-image-meta=\"{&quot;aperture&quot;:&quot;0&quot;,&quot;credit&quot;:&quot;carlos&quot;,&quot;camera&quot;:&quot;&quot;,&quot;caption&quot;:&quot;cpt-template&quot;,&quot;created_timestamp&quot;:&quot;1673548873&quot;,&quot;copyright&quot;:&quot;&quot;,&quot;focal_length&quot;:&quot;0&quot;,&quot;iso&quot;:&quot;0&quot;,&quot;shutter_speed&quot;:&quot;0&quot;,&quot;title&quot;:&quot;cpt-template&quot;,&quot;orientation&quot;:&quot;0&quot;}\" data-image-title=\"cpt-template\" data-image-description=\"\" data-medium-file=\"https:\/\/i2.wp.com\/test.cookdigital.net\/campoparatodos\/wp-content\/uploads\/2023\/01\/autores.jpg?fit=300%2C166&amp;ssl=1\" data-large-file=\"https:\/\/i2.wp.com\/test.cookdigital.net\/campoparatodos\/wp-content\/uploads\/2023\/01\/autores.jpg?fit=1024%2C568&amp;ssl=1\" loading=\"lazy\" class=\"size-large wp-image-2309\" src=\"https:\/\/i2.wp.com\/www.campoparatodos.com.ar\/wp-content\/uploads\/2023\/01\/autores-1024x568.jpg?resize=1024%2C568&#038;ssl=1\" alt=\"\" width=\"1024\" height=\"568\" srcset=\"https:\/\/i2.wp.com\/test.cookdigital.net\/campoparatodos\/wp-content\/uploads\/2023\/01\/autores.jpg?resize=1024%2C568&amp;ssl=1 1024w, https:\/\/i2.wp.com\/test.cookdigital.net\/campoparatodos\/wp-content\/uploads\/2023\/01\/autores.jpg?resize=300%2C166&amp;ssl=1 300w, https:\/\/i2.wp.com\/test.cookdigital.net\/campoparatodos\/wp-content\/uploads\/2023\/01\/autores.jpg?resize=768%2C426&amp;ssl=1 768w, https:\/\/i2.wp.com\/test.cookdigital.net\/campoparatodos\/wp-content\/uploads\/2023\/01\/autores.jpg?w=1311&amp;ssl=1 1311w\" sizes=\"(max-width: 1024px) 100vw, 1024px\" data-recalc-dims=\"1\" \/><figcaption id=\"caption-attachment-2309\" class=\"wp-caption-text\">Autores: Ms. Sc. Ing. Agr. Anabell Lozano Coronel; Dr. Ing. Agr. Ramiro Salgado; Ing. Agr. Carlos Mitre<\/figcaption><\/figure>\n<p>Publicado en Revista Campo para Todos N\u00b0 178.<\/p>\n","protected":false},"excerpt":{"rendered":"<p>A pesar de todos los inconvenientes clim\u00e1ticos, la campa\u00f1a algodonera en el \u00e1rea de riego del R\u00edo Dulce est\u00e1 en marcha. Para conocer a fondo la situaci\u00f3n y mantener informada a toda la sociedad, Revista Campo para Todos solicit\u00f3 informaci\u00f3n a tres especialistas en el cultivo industrial m\u00e1s importante de la provincia, la Ms. Sc. &#8230; <a title=\"Algod\u00f3n 22\/23. \u00bfC\u00f3mo inici\u00f3 la campa\u00f1a en el \u00e1rea de riego del R\u00edo Dulce?\" class=\"read-more\" href=\"https:\/\/test.cookdigital.net\/campoparatodos\/2023\/01\/23\/algodon-22-23-como-inicio-la-campana-en-el-area-de-riego-del-rio-dulce\/\" aria-label=\"M\u00e1s en Algod\u00f3n 22\/23. \u00bfC\u00f3mo inici\u00f3 la campa\u00f1a en el \u00e1rea de riego del R\u00edo Dulce?\">Leer m\u00e1s<\/a><\/p>\n","protected":false},"author":1,"featured_media":0,"comment_status":"closed","ping_status":"open","sticky":false,"template":"","format":"standard","meta":{"spay_email":"","jetpack_publicize_message":"","jetpack_is_tweetstorm":false},"categories":[7,163,4],"tags":[52,54,349],"jetpack_featured_media_url":"","jetpack_publicize_connections":[],"jetpack_sharing_enabled":true,"jetpack_shortlink":"https:\/\/wp.me\/p9m0DJ-B4","jetpack_likes_enabled":true,"jetpack-related-posts":[{"id":1438,"url":"https:\/\/test.cookdigital.net\/campoparatodos\/2021\/06\/28\/cierre-de-campana-algodonera-en-el-area-de-riego-del-rio-dulce\/","url_meta":{"origin":2298,"position":0},"title":"Cierre de campa\u00f1a algodonera en el \u00e1rea de riego del R\u00edo Dulce","date":"junio 28, 2021","format":false,"excerpt":"En estos \u00faltimos a\u00f1os la provincia de Santiago del Estero, se ha convertido en la principal productora de algod\u00f3n de Argentina. Desde revista Campo para Todos acompa\u00f1amos el desarrollo de la presente campa\u00f1a. Para cerrar el a\u00f1o le pedimos al Ing. Agr. Carlos Mitre que nos conteste el cuestionario que\u2026","rel":"","context":"En \u00abAgricultura\u00bb","img":{"alt_text":"","src":"https:\/\/i0.wp.com\/www.campoparatodos.com.ar\/wp-content\/uploads\/2021\/06\/algodon-mitre1_PerfectlyClear-1024x484.jpg?resize=350%2C200&ssl=1","width":350,"height":200},"classes":[]},{"id":1260,"url":"https:\/\/test.cookdigital.net\/campoparatodos\/2021\/03\/12\/1260\/","url_meta":{"origin":2298,"position":1},"title":"Revista Campo para Todos N\u00b0 156","date":"marzo 12, 2021","format":false,"excerpt":"Campa\u00f1a algodonera santiague\u00f1a 20\/21 Completos informes sobre la marcha de la campa\u00f1a en las zonas de secano y de riego. Toque la imagen para leer la revista T\u00cdTULOS DE LA EDICI\u00d3N 156. FEBRERO DE 2021 Sembrando pasturas en Febrero: Recomendaciones para Santiago del Estero. Mortandad de pasturas de Gatton panic\u2026","rel":"","context":"En \u00abAgricultura\u00bb","img":{"alt_text":"","src":"https:\/\/i1.wp.com\/www.campoparatodos.com.ar\/wp-content\/uploads\/2021\/03\/Tapa-R-156-713x1024.jpg?resize=350%2C200&ssl=1","width":350,"height":200},"classes":[]},{"id":897,"url":"https:\/\/test.cookdigital.net\/campoparatodos\/2020\/07\/27\/resumen-de-la-campana-algodonera-en-el-area-de-riego-del-rio-dulce\/","url_meta":{"origin":2298,"position":2},"title":"Resumen de la campa\u00f1a algodonera en el \u00e1rea de Riego del R\u00edo Dulce","date":"julio 27, 2020","format":false,"excerpt":"A\u00f1o tras a\u00f1o el picudo hace presencia firme en la zona de riego, por lo que productivamente buscamos concentrar la fecha de siembra para evitar ataques en los momentos donde la curva de presencia del insecto en el cultivo es m\u00e1s alta. Se pens\u00f3 mucho en la presencia de picudo\u2026","rel":"","context":"En \u00abAgricultura\u00bb","img":{"alt_text":"","src":"https:\/\/i1.wp.com\/www.campoparatodos.com.ar\/wp-content\/uploads\/2020\/07\/picudi.jpg?resize=350%2C200&ssl=1","width":350,"height":200},"classes":[]},{"id":2207,"url":"https:\/\/test.cookdigital.net\/campoparatodos\/2022\/11\/04\/la-campana-algodonera-pinta-bien\/","url_meta":{"origin":2298,"position":3},"title":"La campa\u00f1a algodonera pinta bien","date":"noviembre 4, 2022","format":false,"excerpt":"Entrevista al especialista y referente en el cultivo de Algod\u00f3n, Ing. Mario Mondino, para que nos de su visi\u00f3n sobre la campa\u00f1a algodonera que se inicia. Lanzada ya la campa\u00f1a de algod\u00f3n, en el \u00e1rea de riego, con el riego largado. La campa\u00f1a, al menos en comentarios aparece como buena,\u2026","rel":"","context":"En \u00abAgricultura\u00bb","img":{"alt_text":"","src":"https:\/\/i0.wp.com\/www.campoparatodos.com.ar\/wp-content\/uploads\/2022\/11\/IMG_3517_PerfectlyClear-1024x682.jpg?resize=350%2C200&ssl=1","width":350,"height":200},"classes":[]},{"id":1268,"url":"https:\/\/test.cookdigital.net\/campoparatodos\/2021\/03\/25\/campana-algodonera-20-21-en-el-area-de-riego-del-rio-dulce\/","url_meta":{"origin":2298,"position":4},"title":"Campa\u00f1a algodonera 20\/21 en el \u00e1rea de riego del R\u00edo Dulce","date":"marzo 25, 2021","format":false,"excerpt":"El Ingeniero Agr\u00f3nomo Carlos Mitre nos cuenta sus experiencias en la presente campa\u00f1a algodonera del \u00e1rea de riego del R\u00edo Dulce. Antes del comienzo de esta campa\u00f1a, sab\u00edamos que ser\u00eda un desaf\u00edo importante, debido a la falta de agua en el Dique. Cont\u00e1bamos con la posibilidad de un solo turno\u2026","rel":"","context":"En \u00abAgricultura\u00bb","img":{"alt_text":"","src":"https:\/\/i0.wp.com\/www.campoparatodos.com.ar\/wp-content\/uploads\/2021\/03\/WhatsApp-Image-2021-03-08-at-14.13.40_PerfectlyClear-484x1024.jpg?resize=350%2C200&ssl=1","width":350,"height":200},"classes":[]},{"id":2028,"url":"https:\/\/test.cookdigital.net\/campoparatodos\/2022\/08\/06\/algodon\/","url_meta":{"origin":2298,"position":5},"title":"Algod\u00f3n","date":"agosto 6, 2022","format":false,"excerpt":"Finaliza una dura campa\u00f1a 21\/22 en el \u00e1rea de riego Finaliza la campa\u00f1a algodonera 2021-2022 en el \u00e1rea de riego del R\u00edo Dulce, con grandes inconvenientes clim\u00e1ticos y errores humanos que se deber\u00e1n corregir. Conversamos con el Ing. Agr. Carlos Mitre para que nos cuente sus apreciaciones sobre la misma.\u2026","rel":"","context":"En \u00abAgricultura\u00bb","img":{"alt_text":"","src":"https:\/\/i1.wp.com\/www.campoparatodos.com.ar\/wp-content\/uploads\/2022\/08\/el-ator_PerfectlyClear-1024x485.jpg?resize=350%2C200&ssl=1","width":350,"height":200},"classes":[]}],"_links":{"self":[{"href":"https:\/\/test.cookdigital.net\/campoparatodos\/wp-json\/wp\/v2\/posts\/2298"}],"collection":[{"href":"https:\/\/test.cookdigital.net\/campoparatodos\/wp-json\/wp\/v2\/posts"}],"about":[{"href":"https:\/\/test.cookdigital.net\/campoparatodos\/wp-json\/wp\/v2\/types\/post"}],"author":[{"embeddable":true,"href":"https:\/\/test.cookdigital.net\/campoparatodos\/wp-json\/wp\/v2\/users\/1"}],"replies":[{"embeddable":true,"href":"https:\/\/test.cookdigital.net\/campoparatodos\/wp-json\/wp\/v2\/comments?post=2298"}],"version-history":[{"count":1,"href":"https:\/\/test.cookdigital.net\/campoparatodos\/wp-json\/wp\/v2\/posts\/2298\/revisions"}],"predecessor-version":[{"id":2313,"href":"https:\/\/test.cookdigital.net\/campoparatodos\/wp-json\/wp\/v2\/posts\/2298\/revisions\/2313"}],"wp:attachment":[{"href":"https:\/\/test.cookdigital.net\/campoparatodos\/wp-json\/wp\/v2\/media?parent=2298"}],"wp:term":[{"taxonomy":"category","embeddable":true,"href":"https:\/\/test.cookdigital.net\/campoparatodos\/wp-json\/wp\/v2\/categories?post=2298"},{"taxonomy":"post_tag","embeddable":true,"href":"https:\/\/test.cookdigital.net\/campoparatodos\/wp-json\/wp\/v2\/tags?post=2298"}],"curies":[{"name":"wp","href":"https:\/\/api.w.org\/{rel}","templated":true}]}}