{"id":2291,"date":"2023-01-12T22:27:10","date_gmt":"2023-01-12T22:27:10","guid":{"rendered":"https:\/\/www.campoparatodos.com.ar\/?p=2291"},"modified":"2023-01-13T14:36:47","modified_gmt":"2023-01-13T14:36:47","slug":"revista-campo-para-todos-n-178","status":"publish","type":"post","link":"https:\/\/test.cookdigital.net\/campoparatodos\/2023\/01\/12\/revista-campo-para-todos-n-178\/","title":{"rendered":"Revista Campo para Todos N\u00b0 178"},"content":{"rendered":"<p><span style=\"color: #ff0000;\"><strong>En \u00e9ste n\u00famero:<\/strong><\/span> <span style=\"color: #0000ff;\"><strong>Algod\u00f3n 22\/23<\/strong><\/span>. <span style=\"color: #0000ff;\">\u00bfC\u00f3mo inici\u00f3 la campa\u00f1a en el \u00e1rea de riego del R\u00edo Dulce?<\/span> \/<span style=\"color: #800080;\"> Dos Santos. <strong>Un vino santiague\u00f1o entre algodones<\/strong>.<\/span> \/ <span style=\"color: #008000;\"><strong>Sand\u00edas.<\/strong> Se realiz\u00f3 el 2\u00b0 Concurso de la Mejor Sand\u00eda. Tenemos que cambiar la forma de cultivarlas y hacer primicia.<\/span><\/p>\n<p><span style=\"color: #ff0000;\"><strong>Ya est\u00e1 disponible, para leer gratis tocar la imagen de tapa\u00a0<\/strong><\/span><\/p>\n<p><a href=\"https:\/\/online.fliphtml5.com\/yuzt\/hnph\/#p=1\" target=\"_blank\" rel=\"noopener\"><img data-attachment-id=\"2292\" data-permalink=\"https:\/\/test.cookdigital.net\/campoparatodos\/2023\/01\/12\/revista-campo-para-todos-n-178\/cpt-template-176\/#main\" data-orig-file=\"https:\/\/i0.wp.com\/test.cookdigital.net\/campoparatodos\/wp-content\/uploads\/2023\/01\/TAPA-REVISTA-178.jpg?fit=772%2C1103&amp;ssl=1\" data-orig-size=\"772,1103\" data-comments-opened=\"1\" data-image-meta=\"{&quot;aperture&quot;:&quot;0&quot;,&quot;credit&quot;:&quot;carlos&quot;,&quot;camera&quot;:&quot;&quot;,&quot;caption&quot;:&quot;cpt-template&quot;,&quot;created_timestamp&quot;:&quot;1673548873&quot;,&quot;copyright&quot;:&quot;&quot;,&quot;focal_length&quot;:&quot;0&quot;,&quot;iso&quot;:&quot;0&quot;,&quot;shutter_speed&quot;:&quot;0&quot;,&quot;title&quot;:&quot;cpt-template&quot;,&quot;orientation&quot;:&quot;0&quot;}\" data-image-title=\"REVISTA 178\" data-image-description=\"\" data-medium-file=\"https:\/\/i0.wp.com\/test.cookdigital.net\/campoparatodos\/wp-content\/uploads\/2023\/01\/TAPA-REVISTA-178.jpg?fit=210%2C300&amp;ssl=1\" data-large-file=\"https:\/\/i0.wp.com\/test.cookdigital.net\/campoparatodos\/wp-content\/uploads\/2023\/01\/TAPA-REVISTA-178.jpg?fit=717%2C1024&amp;ssl=1\" loading=\"lazy\" class=\"aligncenter wp-image-2292 size-large\" src=\"https:\/\/i0.wp.com\/www.campoparatodos.com.ar\/wp-content\/uploads\/2023\/01\/TAPA-REVISTA-178-717x1024.jpg?resize=717%2C1024&#038;ssl=1\" alt=\"\" width=\"717\" height=\"1024\" srcset=\"https:\/\/i0.wp.com\/test.cookdigital.net\/campoparatodos\/wp-content\/uploads\/2023\/01\/TAPA-REVISTA-178.jpg?resize=717%2C1024&amp;ssl=1 717w, https:\/\/i0.wp.com\/test.cookdigital.net\/campoparatodos\/wp-content\/uploads\/2023\/01\/TAPA-REVISTA-178.jpg?resize=210%2C300&amp;ssl=1 210w, https:\/\/i0.wp.com\/test.cookdigital.net\/campoparatodos\/wp-content\/uploads\/2023\/01\/TAPA-REVISTA-178.jpg?resize=768%2C1097&amp;ssl=1 768w, https:\/\/i0.wp.com\/test.cookdigital.net\/campoparatodos\/wp-content\/uploads\/2023\/01\/TAPA-REVISTA-178.jpg?w=772&amp;ssl=1 772w\" sizes=\"(max-width: 717px) 100vw, 717px\" data-recalc-dims=\"1\" \/><\/a><\/p>\n<p><!--more-->TITULOS DE LA EDICI\u00d3N 178<\/p>\n<ul>\n<li>Rumiantes menores. Herramientas de biotecnolog\u00eda de reproducci\u00f3n.<\/li>\n<li>Congreso Mundial Brangus. La pasi\u00f3n mundialista contin\u00faa en 2023 con Brangus.<\/li>\n<li>Emergencia Agropecuaria. El Gobierno entreg\u00f3 subsidios de fondos nacionales.<\/li>\n<li>Comercio internacional. Laboratorio CDV export\u00f3 6.000.000 de dosis de vacunas contra fiebre aftosa.<\/li>\n<li>Commelina erecta. Una santa \u201cno tan santa\u201d.<\/li>\n<li>Las plagas que coparon los lotes en 2022 y las estrategias m\u00e1s elegidas para su manejo.<\/li>\n<li>C\u00f3mo controlar los insectos en soja.<\/li>\n<li>John Deere Argentina. Firma una alianza estrat\u00e9gica con EXPOAGRO.<\/li>\n<li>Algod\u00f3n 22\/23. \u00bfC\u00f3mo inici\u00f3 la campa\u00f1a en el \u00e1rea de riego del R\u00edo Dulce?<\/li>\n<li>Dos Santos. Un vino santiague\u00f1o entre algodones.<\/li>\n<li>Sand\u00edas. Se realiz\u00f3 el 2\u00b0 Concurso de la Mejor Sand\u00eda.<\/li>\n<li>Sand\u00edas. Tenemos que cambiar la forma de cultivarlas y hacer primicia.<\/li>\n<li>Pitaya. Una valiosa fruta para tener en cuenta.<\/li>\n<\/ul>\n","protected":false},"excerpt":{"rendered":"<p>En \u00e9ste n\u00famero: Algod\u00f3n 22\/23. \u00bfC\u00f3mo inici\u00f3 la campa\u00f1a en el \u00e1rea de riego del R\u00edo Dulce? \/ Dos Santos. Un vino santiague\u00f1o entre algodones. \/ Sand\u00edas. Se realiz\u00f3 el 2\u00b0 Concurso de la Mejor Sand\u00eda. Tenemos que cambiar la forma de cultivarlas y hacer primicia. Ya est\u00e1 disponible, para leer gratis tocar la imagen &#8230; <a title=\"Revista Campo para Todos N\u00b0 178\" class=\"read-more\" href=\"https:\/\/test.cookdigital.net\/campoparatodos\/2023\/01\/12\/revista-campo-para-todos-n-178\/\" aria-label=\"M\u00e1s en Revista Campo para Todos N\u00b0 178\">Leer m\u00e1s<\/a><\/p>\n","protected":false},"author":1,"featured_media":0,"comment_status":"closed","ping_status":"open","sticky":false,"template":"","format":"standard","meta":{"spay_email":"","jetpack_publicize_message":"","jetpack_is_tweetstorm":false},"categories":[7,9,163,3,5,8,10,168,4],"tags":[349,362,364,213,361,360,363,365],"jetpack_featured_media_url":"","jetpack_publicize_connections":[],"jetpack_sharing_enabled":true,"jetpack_shortlink":"https:\/\/wp.me\/p9m0DJ-AX","jetpack_likes_enabled":true,"jetpack-related-posts":[{"id":2539,"url":"https:\/\/test.cookdigital.net\/campoparatodos\/2023\/05\/10\/revista-campo-para-todos-n-182-mayo-2023\/","url_meta":{"origin":2291,"position":0},"title":"Revista Campo para Todos N\u00b0 182 Mayo 2023","date":"mayo 10, 2023","format":false,"excerpt":"TITULOS DE TAPA EDICION N\u00b0 182 DE MAYO. - Todo el mundial Brangus. - Balance Forrajero - \u00bfEl Trigo les dar\u00e1 revancha a los productores Santiague\u00f1os? - Los cultivos estivales se encuentran finalizando sus ciclos. PARA LEERLA GRATIS TOCA LA FOTO DE TAPA INDICE REVISTA 182 DE MAYO 2023 5-\u2026","rel":"","context":"En \u00abAgricultura\u00bb","img":{"alt_text":"","src":"https:\/\/i0.wp.com\/www.campoparatodos.com.ar\/wp-content\/uploads\/2023\/05\/TAPA-REVISTA-182.jpg?resize=350%2C200&ssl=1","width":350,"height":200},"classes":[]},{"id":2397,"url":"https:\/\/test.cookdigital.net\/campoparatodos\/2023\/03\/22\/argentina-se-prepara-para-mostrar-el-avance-de-su-genetica-brangus\/","url_meta":{"origin":2291,"position":1},"title":"Argentina se prepara para mostrar el avance de su gen\u00e9tica Brangus","date":"marzo 22, 2023","format":false,"excerpt":"Se present\u00f3 en Corrientes el Congreso Mundial Brangus con la fuerza de Expoagro, que se realizar\u00e1 del 19 al 27 de abril y que incluir\u00e1 recorridas por seis caba\u00f1as y una gran exposici\u00f3n de reproductores en la Sociedad Rural de Corrientes. Con grandes expectativas de lo que pretende ser uno\u2026","rel":"","context":"En \u00abEventos\u00bb","img":{"alt_text":"","src":"https:\/\/i2.wp.com\/www.campoparatodos.com.ar\/wp-content\/uploads\/2023\/03\/Descargar-foto-principal-1024x507.jpg?resize=350%2C200&ssl=1","width":350,"height":200},"classes":[]},{"id":1656,"url":"https:\/\/test.cookdigital.net\/campoparatodos\/2021\/11\/18\/revista-campo-para-todos-n-164\/","url_meta":{"origin":2291,"position":2},"title":"Revista Campo para Todos N\u00b0 164","date":"noviembre 18, 2021","format":false,"excerpt":"YA EST\u00c1 DIPONIBLE LA REVISTA 164 para que veas: Todo lo ocurrido en la EXPOSICI\u00d3N NACIONAL DE RAZAS. + TRIPS en algod\u00f3n: Un problema que llega temprano al cultivo. \u2207 PARA LEERLA TOCA LA FOTO DE TAPA \u2207 T\u00cdTULOS DE LA EDICI\u00d3N 164. OCTUBRE DE 2021 La 1\u00b0 Exposici\u00f3n Nacional\u2026","rel":"","context":"En \u00abAgricultura\u00bb","img":{"alt_text":"","src":"https:\/\/i0.wp.com\/www.campoparatodos.com.ar\/wp-content\/uploads\/2021\/11\/tapa-REVISTA-164-713x1024.jpg?resize=350%2C200&ssl=1","width":350,"height":200},"classes":[]},{"id":1985,"url":"https:\/\/test.cookdigital.net\/campoparatodos\/2022\/07\/14\/revista-campo-para-todos-n-172\/","url_meta":{"origin":2291,"position":3},"title":"Revista Campo para Todos N\u00b0 172","date":"julio 14, 2022","format":false,"excerpt":"Ya est\u00e1 disponible la revista N\u00b0 172. T\u00edtulos de tapa: Nacionales Brahman y Brangus. Algod\u00f3n: Resumen de campa\u00f1a en el \u00e1rea de riego de Santiago del Estero. Donde y c\u00f3mo producen Brangus las Caba\u00f1as La Aguada de Almara, Don Pancho y San Gerardo. 100 a\u00f1os de la Asociaci\u00f3n Argentina de\u2026","rel":"","context":"En \u00abAgricultura\u00bb","img":{"alt_text":"","src":"https:\/\/i0.wp.com\/www.campoparatodos.com.ar\/wp-content\/uploads\/2022\/07\/TAPA-172-713x1024.jpg?resize=350%2C200&ssl=1","width":350,"height":200},"classes":[]},{"id":1478,"url":"https:\/\/test.cookdigital.net\/campoparatodos\/2021\/07\/26\/cabana-el-dino-los-brangus-colorados-del-oeste-santiagueno\/","url_meta":{"origin":2291,"position":4},"title":"Caba\u00f1a El Dino. Los Brangus colorados del oeste santiague\u00f1o","date":"julio 26, 2021","format":false,"excerpt":"Visitamos en Estaci\u00f3n La Punta, Choya, Santiago del Estero el Establecimiento La Guardia donde tambi\u00e9n funciona la Caba\u00f1a El Dino, cuyos propietarios son los miembros de la familia Audano Fern\u00e1ndez. Ana Mar\u00eda Fern\u00e1ndez, Norberto y Leo Audano. El campo es de 5000 has, tiene 5 perforaciones de agua, todas entre\u2026","rel":"","context":"En \u00abGanader\u00eda\u00bb","img":{"alt_text":"","src":"https:\/\/i2.wp.com\/www.campoparatodos.com.ar\/wp-content\/uploads\/2021\/07\/IMG_9990_PerfectlyClear-1024x683.jpg?resize=350%2C200&ssl=1","width":350,"height":200},"classes":[]},{"id":2184,"url":"https:\/\/test.cookdigital.net\/campoparatodos\/2022\/10\/22\/revista-campo-para-todos-n-175\/","url_meta":{"origin":2291,"position":5},"title":"Revista Campo para Todos N\u00b0 175","date":"octubre 22, 2022","format":false,"excerpt":"TITULOS DE TAPA DE LA REVISTA 175 EXPOBRA 2022: Reviva la mejor expo ganadera del NOA. - ALGOD\u00d3N: 1\u00b0 Jornada por el D\u00eda Mundial del algod\u00f3n en Santiago del Estero. - CEBOLLA: \u00bfQu\u00e9 pasa con la cebolla primicia de Santiago del Estero? \u21d3PARA LEERLA TOCA LA FOTO DE TAPA\u21d3 TITULOS\u2026","rel":"","context":"En \u00abAgricultura\u00bb","img":{"alt_text":"","src":"https:\/\/i0.wp.com\/www.campoparatodos.com.ar\/wp-content\/uploads\/2022\/10\/TAPA-REVISTA-175-713x1024.jpg?resize=350%2C200&ssl=1","width":350,"height":200},"classes":[]}],"_links":{"self":[{"href":"https:\/\/test.cookdigital.net\/campoparatodos\/wp-json\/wp\/v2\/posts\/2291"}],"collection":[{"href":"https:\/\/test.cookdigital.net\/campoparatodos\/wp-json\/wp\/v2\/posts"}],"about":[{"href":"https:\/\/test.cookdigital.net\/campoparatodos\/wp-json\/wp\/v2\/types\/post"}],"author":[{"embeddable":true,"href":"https:\/\/test.cookdigital.net\/campoparatodos\/wp-json\/wp\/v2\/users\/1"}],"replies":[{"embeddable":true,"href":"https:\/\/test.cookdigital.net\/campoparatodos\/wp-json\/wp\/v2\/comments?post=2291"}],"version-history":[{"count":2,"href":"https:\/\/test.cookdigital.net\/campoparatodos\/wp-json\/wp\/v2\/posts\/2291\/revisions"}],"predecessor-version":[{"id":2295,"href":"https:\/\/test.cookdigital.net\/campoparatodos\/wp-json\/wp\/v2\/posts\/2291\/revisions\/2295"}],"wp:attachment":[{"href":"https:\/\/test.cookdigital.net\/campoparatodos\/wp-json\/wp\/v2\/media?parent=2291"}],"wp:term":[{"taxonomy":"category","embeddable":true,"href":"https:\/\/test.cookdigital.net\/campoparatodos\/wp-json\/wp\/v2\/categories?post=2291"},{"taxonomy":"post_tag","embeddable":true,"href":"https:\/\/test.cookdigital.net\/campoparatodos\/wp-json\/wp\/v2\/tags?post=2291"}],"curies":[{"name":"wp","href":"https:\/\/api.w.org\/{rel}","templated":true}]}}