{"id":2247,"date":"2022-12-19T23:01:15","date_gmt":"2022-12-19T23:01:15","guid":{"rendered":"https:\/\/www.campoparatodos.com.ar\/?p=2247"},"modified":"2022-12-19T23:01:15","modified_gmt":"2022-12-19T23:01:15","slug":"revista-campo-para-todos-n-177","status":"publish","type":"post","link":"https:\/\/test.cookdigital.net\/campoparatodos\/2022\/12\/19\/revista-campo-para-todos-n-177\/","title":{"rendered":"Revista Campo para Todos N\u00b0 177"},"content":{"rendered":"<p>Ya est\u00e1 disponible la Revista digital<\/p>\n<p style=\"text-align: center;\"><span style=\"color: #ff0000;\"><strong>Para leerla gratis ingresa tocando la foto de la tapa<\/strong><\/span><\/p>\n<p><a href=\"https:\/\/online.fliphtml5.com\/yuzt\/cyav\/#p=1\"><img data-attachment-id=\"2248\" data-permalink=\"https:\/\/test.cookdigital.net\/campoparatodos\/2022\/12\/19\/revista-campo-para-todos-n-177\/cpt-template-173\/#main\" data-orig-file=\"https:\/\/i2.wp.com\/test.cookdigital.net\/campoparatodos\/wp-content\/uploads\/2022\/12\/Tapa-Revista-177.jpg?fit=768%2C1103&amp;ssl=1\" data-orig-size=\"768,1103\" data-comments-opened=\"1\" data-image-meta=\"{&quot;aperture&quot;:&quot;0&quot;,&quot;credit&quot;:&quot;carlos&quot;,&quot;camera&quot;:&quot;&quot;,&quot;caption&quot;:&quot;cpt-template&quot;,&quot;created_timestamp&quot;:&quot;1671105565&quot;,&quot;copyright&quot;:&quot;&quot;,&quot;focal_length&quot;:&quot;0&quot;,&quot;iso&quot;:&quot;0&quot;,&quot;shutter_speed&quot;:&quot;0&quot;,&quot;title&quot;:&quot;cpt-template&quot;,&quot;orientation&quot;:&quot;0&quot;}\" data-image-title=\"cpt-template\" data-image-description=\"\" data-medium-file=\"https:\/\/i2.wp.com\/test.cookdigital.net\/campoparatodos\/wp-content\/uploads\/2022\/12\/Tapa-Revista-177.jpg?fit=209%2C300&amp;ssl=1\" data-large-file=\"https:\/\/i2.wp.com\/test.cookdigital.net\/campoparatodos\/wp-content\/uploads\/2022\/12\/Tapa-Revista-177.jpg?fit=713%2C1024&amp;ssl=1\" loading=\"lazy\" class=\"aligncenter size-large wp-image-2248\" src=\"https:\/\/i1.wp.com\/www.campoparatodos.com.ar\/wp-content\/uploads\/2022\/12\/Tapa-Revista-177-713x1024.jpg?resize=713%2C1024&#038;ssl=1\" alt=\"\" width=\"713\" height=\"1024\" srcset=\"https:\/\/i2.wp.com\/test.cookdigital.net\/campoparatodos\/wp-content\/uploads\/2022\/12\/Tapa-Revista-177.jpg?resize=713%2C1024&amp;ssl=1 713w, https:\/\/i2.wp.com\/test.cookdigital.net\/campoparatodos\/wp-content\/uploads\/2022\/12\/Tapa-Revista-177.jpg?resize=209%2C300&amp;ssl=1 209w, https:\/\/i2.wp.com\/test.cookdigital.net\/campoparatodos\/wp-content\/uploads\/2022\/12\/Tapa-Revista-177.jpg?w=768&amp;ssl=1 768w\" sizes=\"(max-width: 713px) 100vw, 713px\" data-recalc-dims=\"1\" \/><\/a><\/p>\n<p><!--more--><\/p>\n<p>&nbsp;<\/p>\n<p>TITULOS DE ESTA EDICION<\/p>\n<ul>\n<li>Apicultura. Recomendaciones para evitar derretimiento de colmenas.<\/li>\n<li>Algod\u00f3n. Recomendaciones para el manejo de \u201cenfermedades tempranas o de pl\u00e1ntulas\u201d.<\/li>\n<li>Trips en algod\u00f3n. T\u00e9cnicas de control<\/li>\n<li>Carta de suelos del Departamento Belgrano, Santiago del Estero.<\/li>\n<li>Sequ\u00eda en Santiago del Estero. Productores de la FAAS solicitan ayuda del gobierno.<\/li>\n<li>Ceva Sant\u00e9 Animale adquiere dos empresas Argentinas Zoovet y Biotecnofe.<\/li>\n<li>En Argentina se pierden $260.000 millones por a\u00f1o en terneros por problemas sanitarios.<\/li>\n<li>Inauguraci\u00f3n del Laboratorio Veterinario Quebrachales Tintina.<\/li>\n<li>Brangus. En 2023, el mundial se juega en Argentina.<\/li>\n<li>Ranger Cosecha. Ford lanza un plan pensado para el campo.<\/li>\n<li>Primera certificaci\u00f3n de exportaci\u00f3n de carne bovina desde Santiago del Estero a la UE.<\/li>\n<li>El destructor de semillas de malezas esta entre nosotros.<\/li>\n<li>Producimos el 60% de ma\u00edz del potencial total que podr\u00edamos producir.<\/li>\n<\/ul>\n","protected":false},"excerpt":{"rendered":"<p>Ya est\u00e1 disponible la Revista digital Para leerla gratis ingresa tocando la foto de la tapa<\/p>\n","protected":false},"author":1,"featured_media":0,"comment_status":"closed","ping_status":"open","sticky":false,"template":"","format":"standard","meta":{"spay_email":"","jetpack_publicize_message":"","jetpack_is_tweetstorm":false},"categories":[7,9,281,163,3,5,8,10,168,4],"tags":[52,41,340,81,142],"jetpack_featured_media_url":"","jetpack_publicize_connections":[],"jetpack_sharing_enabled":true,"jetpack_shortlink":"https:\/\/wp.me\/p9m0DJ-Af","jetpack_likes_enabled":true,"jetpack-related-posts":[{"id":2233,"url":"https:\/\/test.cookdigital.net\/campoparatodos\/2022\/11\/22\/revista-campo-para-todos-n-176\/","url_meta":{"origin":2247,"position":0},"title":"Revista Campo para Todos N\u00b0 176","date":"noviembre 22, 2022","format":false,"excerpt":"TITULOS DE TAPA: Riego en Algod\u00f3n: \u00bfEl agua en el momento justo?. - Caba\u00f1a La Legua realiz\u00f3 su primer remate. - Apicultura: Manejo de apiarios en \u00e9pocas de sequ\u00eda. - Asumieron los directores del INTA Santiago del Estero y Quimil\u00ed. REVISTA DIGITAL DISPONIBLE. PARA LEERLA GRATIS TOQUE LA FOTO TITULOS\u2026","rel":"","context":"En \u00abAgricultura\u00bb","img":{"alt_text":"","src":"https:\/\/i0.wp.com\/www.campoparatodos.com.ar\/wp-content\/uploads\/2022\/11\/TAPA-REVISTA-176-713x1024.jpg?resize=350%2C200&ssl=1","width":350,"height":200},"classes":[]},{"id":2368,"url":"https:\/\/test.cookdigital.net\/campoparatodos\/2023\/02\/17\/revista-campo-para-todos-n-179\/","url_meta":{"origin":2247,"position":1},"title":"Revista Campo para Todos N\u00b0 179","date":"febrero 17, 2023","format":false,"excerpt":"TITULOS DE TAPA: Tercer a\u00f1o de sequ\u00eda en Santiago del Estero. \u00bfPodr\u00e1 transformarse la ganader\u00eda santiague\u00f1a en el motor del desarrollo provincial? Situaci\u00f3n del cultivo de algod\u00f3n en la zona de riego de Santiago del Estero. TOCAR LA FOTO DE TAPA PARA LEERLA GRATIS T\u00edtulos de la edici\u00f3n N\u00b0 179\u2026","rel":"","context":"En \u00abAgricultura\u00bb","img":{"alt_text":"","src":"https:\/\/i0.wp.com\/www.campoparatodos.com.ar\/wp-content\/uploads\/2023\/02\/TAPA-REVISTA-179-713x1024.jpg?resize=350%2C200&ssl=1","width":350,"height":200},"classes":[]},{"id":1782,"url":"https:\/\/test.cookdigital.net\/campoparatodos\/2022\/02\/12\/revista-campo-para-todos-n-167\/","url_meta":{"origin":2247,"position":2},"title":"Revista Campo para Todos N\u00b0 167","date":"febrero 12, 2022","format":false,"excerpt":"YA EST\u00c1 DISPONIBLE LA REVISTA. T\u00edtulos de tapa: Proh\u00edben el uso del Herbicida 2,4-D en Santiago del Estero. - Malezas en soja: c\u00f3mo controlarlas de manera efectiva. - Zanahorias en Santiago del Estero. Cambiar cantidad por calidad. Y mucho m\u00e1s.... PARA LEERLA TOCA LA FOTO DE TAPA T\u00cdTULOS DE LA\u2026","rel":"","context":"En \u00abAgricultura\u00bb","img":{"alt_text":"","src":"https:\/\/i0.wp.com\/www.campoparatodos.com.ar\/wp-content\/uploads\/2022\/02\/TAPA-REVISTA-167.jpg?resize=350%2C200&ssl=1","width":350,"height":200},"classes":[]},{"id":1260,"url":"https:\/\/test.cookdigital.net\/campoparatodos\/2021\/03\/12\/1260\/","url_meta":{"origin":2247,"position":3},"title":"Revista Campo para Todos N\u00b0 156","date":"marzo 12, 2021","format":false,"excerpt":"Campa\u00f1a algodonera santiague\u00f1a 20\/21 Completos informes sobre la marcha de la campa\u00f1a en las zonas de secano y de riego. Toque la imagen para leer la revista T\u00cdTULOS DE LA EDICI\u00d3N 156. FEBRERO DE 2021 Sembrando pasturas en Febrero: Recomendaciones para Santiago del Estero. Mortandad de pasturas de Gatton panic\u2026","rel":"","context":"En \u00abAgricultura\u00bb","img":{"alt_text":"","src":"https:\/\/i1.wp.com\/www.campoparatodos.com.ar\/wp-content\/uploads\/2021\/03\/Tapa-R-156-713x1024.jpg?resize=350%2C200&ssl=1","width":350,"height":200},"classes":[]},{"id":1121,"url":"https:\/\/test.cookdigital.net\/campoparatodos\/2020\/11\/18\/revista-campo-para-todos-n-152\/","url_meta":{"origin":2247,"position":4},"title":"REVISTA CAMPO PARA TODOS N\u00b0 152","date":"noviembre 18, 2020","format":false,"excerpt":"PARA LEER LA REVISTA TOC\u00c1 LA IMAGEN \u21d3 Aapresid y AAPA lanzan el sello \"Algod\u00f3n Responsable Argentino\" Producci\u00f3n de semilla de alfalfa certificada en Santiago del Estero. El manejo actual de la nutrici\u00f3n de la soja limita su producci\u00f3n. En plena era digital, Bayer trabaja para que los productores tomen\u2026","rel":"","context":"En \u00abAgricultura\u00bb","img":{"alt_text":"","src":"https:\/\/i1.wp.com\/www.campoparatodos.com.ar\/wp-content\/uploads\/2020\/11\/R152-713x1024.jpg?resize=350%2C200&ssl=1","width":350,"height":200},"classes":[]},{"id":1959,"url":"https:\/\/test.cookdigital.net\/campoparatodos\/2022\/06\/21\/revista-campo-para-todos-n-171\/","url_meta":{"origin":2247,"position":5},"title":"Revista Campo para Todos N\u00b0 171","date":"junio 21, 2022","format":false,"excerpt":"TITULOS DE TAPA DE ESTE NUMERO: Algod\u00f3n: Graves da\u00f1os por efecto de derivas de 2,4-D. \u2013\u00a0Las derivas de fitosanitarios: prevenirlas durante las aplicaciones. \u2013 Congreso Mundial Braford 2022. \u2013\u00a0Plan GanAr: Gerardo Zamora y Juli\u00e1n Dom\u00ednguez presentaron el Plan en Santiago del Estero.\u2013 Zanahoria: El taladrillo en Santiago del Estero. \u21d3\u2026","rel":"","context":"En \u00abAgricultura\u00bb","img":{"alt_text":"","src":"https:\/\/i0.wp.com\/www.campoparatodos.com.ar\/wp-content\/uploads\/2022\/06\/TAPA-171-713x1024.jpg?resize=350%2C200&ssl=1","width":350,"height":200},"classes":[]}],"_links":{"self":[{"href":"https:\/\/test.cookdigital.net\/campoparatodos\/wp-json\/wp\/v2\/posts\/2247"}],"collection":[{"href":"https:\/\/test.cookdigital.net\/campoparatodos\/wp-json\/wp\/v2\/posts"}],"about":[{"href":"https:\/\/test.cookdigital.net\/campoparatodos\/wp-json\/wp\/v2\/types\/post"}],"author":[{"embeddable":true,"href":"https:\/\/test.cookdigital.net\/campoparatodos\/wp-json\/wp\/v2\/users\/1"}],"replies":[{"embeddable":true,"href":"https:\/\/test.cookdigital.net\/campoparatodos\/wp-json\/wp\/v2\/comments?post=2247"}],"version-history":[{"count":1,"href":"https:\/\/test.cookdigital.net\/campoparatodos\/wp-json\/wp\/v2\/posts\/2247\/revisions"}],"predecessor-version":[{"id":2249,"href":"https:\/\/test.cookdigital.net\/campoparatodos\/wp-json\/wp\/v2\/posts\/2247\/revisions\/2249"}],"wp:attachment":[{"href":"https:\/\/test.cookdigital.net\/campoparatodos\/wp-json\/wp\/v2\/media?parent=2247"}],"wp:term":[{"taxonomy":"category","embeddable":true,"href":"https:\/\/test.cookdigital.net\/campoparatodos\/wp-json\/wp\/v2\/categories?post=2247"},{"taxonomy":"post_tag","embeddable":true,"href":"https:\/\/test.cookdigital.net\/campoparatodos\/wp-json\/wp\/v2\/tags?post=2247"}],"curies":[{"name":"wp","href":"https:\/\/api.w.org\/{rel}","templated":true}]}}