{"id":2233,"date":"2022-11-22T15:55:41","date_gmt":"2022-11-22T15:55:41","guid":{"rendered":"https:\/\/www.campoparatodos.com.ar\/?p=2233"},"modified":"2022-11-22T15:55:41","modified_gmt":"2022-11-22T15:55:41","slug":"revista-campo-para-todos-n-176","status":"publish","type":"post","link":"https:\/\/test.cookdigital.net\/campoparatodos\/2022\/11\/22\/revista-campo-para-todos-n-176\/","title":{"rendered":"Revista Campo para Todos N\u00b0 176"},"content":{"rendered":"<p>TITULOS DE TAPA: Riego en Algod\u00f3n: \u00bfEl agua en el momento justo?. &#8211; Caba\u00f1a La Legua realiz\u00f3 su primer remate. &#8211; Apicultura: Manejo de apiarios en \u00e9pocas de sequ\u00eda. &#8211; Asumieron los directores del INTA Santiago del Estero y Quimil\u00ed.<\/p>\n<p style=\"text-align: center;\"><span style=\"color: #800080;\"><strong>REVISTA DIGITAL DISPONIBLE. PARA LEERLA GRATIS TOQUE LA FOTO<\/strong><\/span><\/p>\n<p><a href=\"https:\/\/online.fliphtml5.com\/yuzt\/aner\/#p=1\"><img data-attachment-id=\"2234\" data-permalink=\"https:\/\/test.cookdigital.net\/campoparatodos\/2022\/11\/22\/revista-campo-para-todos-n-176\/cpt-template-171\/#main\" data-orig-file=\"https:\/\/i1.wp.com\/test.cookdigital.net\/campoparatodos\/wp-content\/uploads\/2022\/11\/TAPA-REVISTA-176.jpg?fit=768%2C1103&amp;ssl=1\" data-orig-size=\"768,1103\" data-comments-opened=\"1\" data-image-meta=\"{&quot;aperture&quot;:&quot;0&quot;,&quot;credit&quot;:&quot;carlos&quot;,&quot;camera&quot;:&quot;&quot;,&quot;caption&quot;:&quot;cpt-template&quot;,&quot;created_timestamp&quot;:&quot;1668766145&quot;,&quot;copyright&quot;:&quot;&quot;,&quot;focal_length&quot;:&quot;0&quot;,&quot;iso&quot;:&quot;0&quot;,&quot;shutter_speed&quot;:&quot;0&quot;,&quot;title&quot;:&quot;cpt-template&quot;,&quot;orientation&quot;:&quot;0&quot;}\" data-image-title=\"cpt-template\" data-image-description=\"\" data-medium-file=\"https:\/\/i1.wp.com\/test.cookdigital.net\/campoparatodos\/wp-content\/uploads\/2022\/11\/TAPA-REVISTA-176.jpg?fit=209%2C300&amp;ssl=1\" data-large-file=\"https:\/\/i1.wp.com\/test.cookdigital.net\/campoparatodos\/wp-content\/uploads\/2022\/11\/TAPA-REVISTA-176.jpg?fit=713%2C1024&amp;ssl=1\" loading=\"lazy\" class=\"aligncenter wp-image-2234 size-large\" src=\"https:\/\/i0.wp.com\/www.campoparatodos.com.ar\/wp-content\/uploads\/2022\/11\/TAPA-REVISTA-176-713x1024.jpg?resize=713%2C1024&#038;ssl=1\" alt=\"\" width=\"713\" height=\"1024\" srcset=\"https:\/\/i1.wp.com\/test.cookdigital.net\/campoparatodos\/wp-content\/uploads\/2022\/11\/TAPA-REVISTA-176.jpg?resize=713%2C1024&amp;ssl=1 713w, https:\/\/i1.wp.com\/test.cookdigital.net\/campoparatodos\/wp-content\/uploads\/2022\/11\/TAPA-REVISTA-176.jpg?resize=209%2C300&amp;ssl=1 209w, https:\/\/i1.wp.com\/test.cookdigital.net\/campoparatodos\/wp-content\/uploads\/2022\/11\/TAPA-REVISTA-176.jpg?w=768&amp;ssl=1 768w\" sizes=\"(max-width: 713px) 100vw, 713px\" data-recalc-dims=\"1\" \/><\/a><\/p>\n<p><!--more--><\/p>\n<p>TITULOS DE LA EDICI\u00d3N 176<\/p>\n<ul>\n<li>Apicultura: Manejo de apiarios en \u00e9pocas de sequ\u00eda.<\/li>\n<li>Fertilizaci\u00f3n: \u00bfPor qu\u00e9 fertilizar el ma\u00edz en un a\u00f1o ni\u00f1a?.<\/li>\n<li>INTA: Asumieron los directores del INTA Santiago del Estero y Quimil\u00ed.<\/li>\n<li>Curso Sistema Bonsmara.<\/li>\n<li>Caba\u00f1a La Legua realiz\u00f3 su primer remate.<\/li>\n<li>Carne Argentina en la Sial Par\u00eds. Calidad + Sustentabilidad.<\/li>\n<li>Establecimiento El Carancho: Desde Suncho Corral a la Sial de Par\u00eds.<\/li>\n<li>Fertirriego y Agua: 13\u00b0 Jornada Internacional de Fertirriego y Uso Eficiente del Agua.<\/li>\n<li>Riego en Algod\u00f3n. Nuestro sistema de riego no permite acompa\u00f1ar la necesidad de agua en el cultivo de algod\u00f3n.<\/li>\n<li>Riego Automatizado. Lo m\u00e1s importante es que los cultivos puedan tener agua en el momento justo.<\/li>\n<li>Fiesta Nacional del Algod\u00f3n 2022. M\u00e1s de cien mil personas asistieron al evento durante tres noches.<\/li>\n<li>Oportunidades para el algod\u00f3n pero siendo competentes.<\/li>\n<li>Sequ\u00eda: Manejo de malezas y herbicidas en escenarios de sequ\u00eda.<\/li>\n<li>Bayer. Fortalecer la sustentabilidad social: 22 proyectos de salud y alimentaci\u00f3n elegidos en el programa Legado by Bayer.<\/li>\n<li>II\u00b0 Encuentro Nacional sobre producci\u00f3n de cultivos extensivos con biol\u00f3gicos y estrategias sustentables 2023.<\/li>\n<li>La ciencia de lo extremo: Microorganismos de la Puna ayudan a tolerar el str\u00e9s en los cultivos.<\/li>\n<li>Cielorrasos del Norte. Present\u00f3 sus m\u00f3dulos de usos m\u00faltiples.<\/li>\n<li>Soja: Se realiz\u00f3 el Primer Taller para productores del Proyecto de CREA y ACSOJA sobre sostenibilidad del cultivo de soja en el Gran Chaco Argentino.<\/li>\n<\/ul>\n","protected":false},"excerpt":{"rendered":"<p>TITULOS DE TAPA: Riego en Algod\u00f3n: \u00bfEl agua en el momento justo?. &#8211; Caba\u00f1a La Legua realiz\u00f3 su primer remate. &#8211; Apicultura: Manejo de apiarios en \u00e9pocas de sequ\u00eda. &#8211; Asumieron los directores del INTA Santiago del Estero y Quimil\u00ed. REVISTA DIGITAL DISPONIBLE. PARA LEERLA GRATIS TOQUE LA FOTO<\/p>\n","protected":false},"author":1,"featured_media":0,"comment_status":"closed","ping_status":"open","sticky":false,"template":"","format":"standard","meta":{"spay_email":"","jetpack_publicize_message":"","jetpack_is_tweetstorm":false},"categories":[7,9,281,163,18,3,5,8,10,168,4],"tags":[52,41,36],"jetpack_featured_media_url":"","jetpack_publicize_connections":[],"jetpack_sharing_enabled":true,"jetpack_shortlink":"https:\/\/wp.me\/p9m0DJ-A1","jetpack_likes_enabled":true,"jetpack-related-posts":[{"id":1121,"url":"https:\/\/test.cookdigital.net\/campoparatodos\/2020\/11\/18\/revista-campo-para-todos-n-152\/","url_meta":{"origin":2233,"position":0},"title":"REVISTA CAMPO PARA TODOS N\u00b0 152","date":"noviembre 18, 2020","format":false,"excerpt":"PARA LEER LA REVISTA TOC\u00c1 LA IMAGEN \u21d3 Aapresid y AAPA lanzan el sello \"Algod\u00f3n Responsable Argentino\" Producci\u00f3n de semilla de alfalfa certificada en Santiago del Estero. El manejo actual de la nutrici\u00f3n de la soja limita su producci\u00f3n. En plena era digital, Bayer trabaja para que los productores tomen\u2026","rel":"","context":"En \u00abAgricultura\u00bb","img":{"alt_text":"","src":"https:\/\/i1.wp.com\/www.campoparatodos.com.ar\/wp-content\/uploads\/2020\/11\/R152-713x1024.jpg?resize=350%2C200&ssl=1","width":350,"height":200},"classes":[]},{"id":2184,"url":"https:\/\/test.cookdigital.net\/campoparatodos\/2022\/10\/22\/revista-campo-para-todos-n-175\/","url_meta":{"origin":2233,"position":1},"title":"Revista Campo para Todos N\u00b0 175","date":"octubre 22, 2022","format":false,"excerpt":"TITULOS DE TAPA DE LA REVISTA 175 EXPOBRA 2022: Reviva la mejor expo ganadera del NOA. - ALGOD\u00d3N: 1\u00b0 Jornada por el D\u00eda Mundial del algod\u00f3n en Santiago del Estero. - CEBOLLA: \u00bfQu\u00e9 pasa con la cebolla primicia de Santiago del Estero? \u21d3PARA LEERLA TOCA LA FOTO DE TAPA\u21d3 TITULOS\u2026","rel":"","context":"En \u00abAgricultura\u00bb","img":{"alt_text":"","src":"https:\/\/i0.wp.com\/www.campoparatodos.com.ar\/wp-content\/uploads\/2022\/10\/TAPA-REVISTA-175-713x1024.jpg?resize=350%2C200&ssl=1","width":350,"height":200},"classes":[]},{"id":2247,"url":"https:\/\/test.cookdigital.net\/campoparatodos\/2022\/12\/19\/revista-campo-para-todos-n-177\/","url_meta":{"origin":2233,"position":2},"title":"Revista Campo para Todos N\u00b0 177","date":"diciembre 19, 2022","format":false,"excerpt":"Ya est\u00e1 disponible la Revista digital Para leerla gratis ingresa tocando la foto de la tapa \u00a0 TITULOS DE ESTA EDICION Apicultura. Recomendaciones para evitar derretimiento de colmenas. Algod\u00f3n. Recomendaciones para el manejo de \u201cenfermedades tempranas o de pl\u00e1ntulas\u201d. Trips en algod\u00f3n. T\u00e9cnicas de control Carta de suelos del Departamento\u2026","rel":"","context":"En \u00abAgricultura\u00bb","img":{"alt_text":"","src":"https:\/\/i1.wp.com\/www.campoparatodos.com.ar\/wp-content\/uploads\/2022\/12\/Tapa-Revista-177-713x1024.jpg?resize=350%2C200&ssl=1","width":350,"height":200},"classes":[]},{"id":2368,"url":"https:\/\/test.cookdigital.net\/campoparatodos\/2023\/02\/17\/revista-campo-para-todos-n-179\/","url_meta":{"origin":2233,"position":3},"title":"Revista Campo para Todos N\u00b0 179","date":"febrero 17, 2023","format":false,"excerpt":"TITULOS DE TAPA: Tercer a\u00f1o de sequ\u00eda en Santiago del Estero. \u00bfPodr\u00e1 transformarse la ganader\u00eda santiague\u00f1a en el motor del desarrollo provincial? Situaci\u00f3n del cultivo de algod\u00f3n en la zona de riego de Santiago del Estero. TOCAR LA FOTO DE TAPA PARA LEERLA GRATIS T\u00edtulos de la edici\u00f3n N\u00b0 179\u2026","rel":"","context":"En \u00abAgricultura\u00bb","img":{"alt_text":"","src":"https:\/\/i0.wp.com\/www.campoparatodos.com.ar\/wp-content\/uploads\/2023\/02\/TAPA-REVISTA-179-713x1024.jpg?resize=350%2C200&ssl=1","width":350,"height":200},"classes":[]},{"id":1782,"url":"https:\/\/test.cookdigital.net\/campoparatodos\/2022\/02\/12\/revista-campo-para-todos-n-167\/","url_meta":{"origin":2233,"position":4},"title":"Revista Campo para Todos N\u00b0 167","date":"febrero 12, 2022","format":false,"excerpt":"YA EST\u00c1 DISPONIBLE LA REVISTA. T\u00edtulos de tapa: Proh\u00edben el uso del Herbicida 2,4-D en Santiago del Estero. - Malezas en soja: c\u00f3mo controlarlas de manera efectiva. - Zanahorias en Santiago del Estero. Cambiar cantidad por calidad. Y mucho m\u00e1s.... PARA LEERLA TOCA LA FOTO DE TAPA T\u00cdTULOS DE LA\u2026","rel":"","context":"En \u00abAgricultura\u00bb","img":{"alt_text":"","src":"https:\/\/i0.wp.com\/www.campoparatodos.com.ar\/wp-content\/uploads\/2022\/02\/TAPA-REVISTA-167.jpg?resize=350%2C200&ssl=1","width":350,"height":200},"classes":[]},{"id":1311,"url":"https:\/\/test.cookdigital.net\/campoparatodos\/2021\/04\/12\/revista-campo-para-todos-n-157\/","url_meta":{"origin":2233,"position":5},"title":"Revista Campo para Todos N\u00b0 157","date":"abril 12, 2021","format":false,"excerpt":"En este n\u00famero podr\u00e1 leer como va la campa\u00f1a agr\u00edcola de Santiago del Estero, con entrevistas, informes y notas t\u00e9cnicas para todos. Para leerla solo tienen que tocar la imagen TITULOS DE LA EDICI\u00d3N N\u00b0 157 Mujeres rurales recuperan saberes ancestrales y los transforman en oportunidades para ellas y sus\u2026","rel":"","context":"En \u00abAgricultura\u00bb","img":{"alt_text":"","src":"https:\/\/i1.wp.com\/www.campoparatodos.com.ar\/wp-content\/uploads\/2021\/04\/TAPA-R157-714x1024.jpg?resize=350%2C200&ssl=1","width":350,"height":200},"classes":[]}],"_links":{"self":[{"href":"https:\/\/test.cookdigital.net\/campoparatodos\/wp-json\/wp\/v2\/posts\/2233"}],"collection":[{"href":"https:\/\/test.cookdigital.net\/campoparatodos\/wp-json\/wp\/v2\/posts"}],"about":[{"href":"https:\/\/test.cookdigital.net\/campoparatodos\/wp-json\/wp\/v2\/types\/post"}],"author":[{"embeddable":true,"href":"https:\/\/test.cookdigital.net\/campoparatodos\/wp-json\/wp\/v2\/users\/1"}],"replies":[{"embeddable":true,"href":"https:\/\/test.cookdigital.net\/campoparatodos\/wp-json\/wp\/v2\/comments?post=2233"}],"version-history":[{"count":1,"href":"https:\/\/test.cookdigital.net\/campoparatodos\/wp-json\/wp\/v2\/posts\/2233\/revisions"}],"predecessor-version":[{"id":2235,"href":"https:\/\/test.cookdigital.net\/campoparatodos\/wp-json\/wp\/v2\/posts\/2233\/revisions\/2235"}],"wp:attachment":[{"href":"https:\/\/test.cookdigital.net\/campoparatodos\/wp-json\/wp\/v2\/media?parent=2233"}],"wp:term":[{"taxonomy":"category","embeddable":true,"href":"https:\/\/test.cookdigital.net\/campoparatodos\/wp-json\/wp\/v2\/categories?post=2233"},{"taxonomy":"post_tag","embeddable":true,"href":"https:\/\/test.cookdigital.net\/campoparatodos\/wp-json\/wp\/v2\/tags?post=2233"}],"curies":[{"name":"wp","href":"https:\/\/api.w.org\/{rel}","templated":true}]}}