{"id":2188,"date":"2022-10-28T16:20:24","date_gmt":"2022-10-28T16:20:24","guid":{"rendered":"https:\/\/www.campoparatodos.com.ar\/?p=2188"},"modified":"2022-10-28T16:20:55","modified_gmt":"2022-10-28T16:20:55","slug":"por-que-fertilizar-el-maiz-en-un-ano-nina","status":"publish","type":"post","link":"https:\/\/test.cookdigital.net\/campoparatodos\/2022\/10\/28\/por-que-fertilizar-el-maiz-en-un-ano-nina\/","title":{"rendered":"\u00bfPor qu\u00e9 fertilizar el ma\u00edz en un a\u00f1o ni\u00f1a?"},"content":{"rendered":"<p><em>En la conferencia organizada por Profertil, la mayor empresa de fertilizantes del pa\u00eds, el especialista Nahuel I. Reussi Calvo explic\u00f3 que l<\/em><em>os rendimientos del cultivo de ma\u00edz en las regiones pampeana y <strong>extrapampeana<\/strong> est\u00e1n limitados en gran parte por la deficiencia de diferentes nutrientes. A nivel nacional se estima que entre un 30-40% del rendimiento del cultivo se le escapa de las manos al productor por una combinaci\u00f3n de malas decisiones en diferentes pr\u00e1cticas de manejo, entre ellas se encuentran las relacionadas a la fertilizaci\u00f3n. En este contexto, para un a\u00f1o con severas limitaciones h\u00eddricas e incertidumbre econ\u00f3mica surge la pregunta de: <strong>\u00bfPor qu\u00e9 fertilizar el ma\u00edz&nbsp;en&nbsp;un&nbsp;a\u00f1o&nbsp;Ni\u00f1a?<\/strong><\/em><\/p>\n<p>&nbsp;<\/p>\n<figure id=\"attachment_2189\" aria-describedby=\"caption-attachment-2189\" style=\"width: 1014px\" class=\"wp-caption aligncenter\"><img data-attachment-id=\"2189\" data-permalink=\"https:\/\/test.cookdigital.net\/campoparatodos\/2022\/10\/28\/por-que-fertilizar-el-maiz-en-un-ano-nina\/whatsapp-image-2022-10-19-at-12-14-50\/#main\" data-orig-file=\"https:\/\/i2.wp.com\/test.cookdigital.net\/campoparatodos\/wp-content\/uploads\/2022\/10\/WhatsApp-Image-2022-10-19-at-12.14.50.jpeg?fit=1024%2C768&amp;ssl=1\" data-orig-size=\"1024,768\" data-comments-opened=\"1\" data-image-meta=\"{&quot;aperture&quot;:&quot;0&quot;,&quot;credit&quot;:&quot;&quot;,&quot;camera&quot;:&quot;&quot;,&quot;caption&quot;:&quot;&quot;,&quot;created_timestamp&quot;:&quot;0&quot;,&quot;copyright&quot;:&quot;&quot;,&quot;focal_length&quot;:&quot;0&quot;,&quot;iso&quot;:&quot;0&quot;,&quot;shutter_speed&quot;:&quot;0&quot;,&quot;title&quot;:&quot;&quot;,&quot;orientation&quot;:&quot;0&quot;}\" data-image-title=\"WhatsApp Image 2022-10-19 at 12.14.50\" data-image-description=\"\" data-medium-file=\"https:\/\/i2.wp.com\/test.cookdigital.net\/campoparatodos\/wp-content\/uploads\/2022\/10\/WhatsApp-Image-2022-10-19-at-12.14.50.jpeg?fit=300%2C225&amp;ssl=1\" data-large-file=\"https:\/\/i2.wp.com\/test.cookdigital.net\/campoparatodos\/wp-content\/uploads\/2022\/10\/WhatsApp-Image-2022-10-19-at-12.14.50.jpeg?fit=1024%2C768&amp;ssl=1\" loading=\"lazy\" class=\"wp-image-2189 size-full\" src=\"https:\/\/i0.wp.com\/www.campoparatodos.com.ar\/wp-content\/uploads\/2022\/10\/WhatsApp-Image-2022-10-19-at-12.14.50.jpeg?resize=1024%2C768&#038;ssl=1\" alt=\"\" width=\"1024\" height=\"768\" srcset=\"https:\/\/i2.wp.com\/test.cookdigital.net\/campoparatodos\/wp-content\/uploads\/2022\/10\/WhatsApp-Image-2022-10-19-at-12.14.50.jpeg?w=1024&amp;ssl=1 1024w, https:\/\/i2.wp.com\/test.cookdigital.net\/campoparatodos\/wp-content\/uploads\/2022\/10\/WhatsApp-Image-2022-10-19-at-12.14.50.jpeg?resize=300%2C225&amp;ssl=1 300w, https:\/\/i2.wp.com\/test.cookdigital.net\/campoparatodos\/wp-content\/uploads\/2022\/10\/WhatsApp-Image-2022-10-19-at-12.14.50.jpeg?resize=768%2C576&amp;ssl=1 768w\" sizes=\"(max-width: 1024px) 100vw, 1024px\" data-recalc-dims=\"1\" \/><figcaption id=\"caption-attachment-2189\" class=\"wp-caption-text\">Dr. Nahuel I. Reussi Calvo<\/figcaption><\/figure>\n<p><!--more--><\/p>\n<p>\u201cLos rendimientos del cultivo de ma\u00edz se han incrementado en los \u00faltimos 60 a\u00f1os (107 kg\/ha\/a\u00f1o) -indic\u00f3 el Dr. Nahuel I. Reussi Calvo, investigador del CONICET y profesor de la Facultad de Ciencias Agrarias de la Universidad Nacional de Mar del Plata-. Sin embargo, agreg\u00f3, a\u00fan existe una brecha entre los rendimientos actuales y los alcanzables en condiciones de secano. Estas brechas, del 30 al 40%, se deber\u00edan a m\u00faltiples causas, desde la salud del suelo hasta las pr\u00e1cticas de manejo del cultivo como la fertilizaci\u00f3n\u201d. Los balances de nutrientes en ma\u00edz han sido hist\u00f3ricamente negativos en Argentina, es decir que la remoci\u00f3n en granos supera a la aplicaci\u00f3n. Asimismo, numerosas investigaciones en distintas zonas del pa\u00eds han demostrado que la aplicaci\u00f3n de nutrientes deficientes en los sistemas de producci\u00f3n permite incrementar los rendimientos hasta un 69% por sobre los actuales. Por este motivo, se considera que parte de la brecha de rendimientos est\u00e1 relacionada con la \u201cbrecha de nutrientes\u201d, definida como la diferencia entre los nutrientes actualmente aplicados y aquellos necesarios para lograr los rendimientos alcanzables.<\/p>\n<figure id=\"attachment_2191\" aria-describedby=\"caption-attachment-2191\" style=\"width: 2550px\" class=\"wp-caption aligncenter\"><img data-attachment-id=\"2191\" data-permalink=\"https:\/\/test.cookdigital.net\/campoparatodos\/2022\/10\/28\/por-que-fertilizar-el-maiz-en-un-ano-nina\/profertil_amel_7147\/#main\" data-orig-file=\"https:\/\/i1.wp.com\/test.cookdigital.net\/campoparatodos\/wp-content\/uploads\/2022\/10\/PROFERTIL_aMEL_7147-scaled.jpg?fit=2560%2C1707&amp;ssl=1\" data-orig-size=\"2560,1707\" data-comments-opened=\"1\" data-image-meta=\"{&quot;aperture&quot;:&quot;3.5&quot;,&quot;credit&quot;:&quot;NORBERTO MELONE&quot;,&quot;camera&quot;:&quot;NIKON D500&quot;,&quot;caption&quot;:&quot;&quot;,&quot;created_timestamp&quot;:&quot;1666178559&quot;,&quot;copyright&quot;:&quot;NORBERTO MELONE&quot;,&quot;focal_length&quot;:&quot;17&quot;,&quot;iso&quot;:&quot;1600&quot;,&quot;shutter_speed&quot;:&quot;0.005&quot;,&quot;title&quot;:&quot;&quot;,&quot;orientation&quot;:&quot;1&quot;}\" data-image-title=\"PROFERTIL_aMEL_7147\" data-image-description=\"\" data-medium-file=\"https:\/\/i1.wp.com\/test.cookdigital.net\/campoparatodos\/wp-content\/uploads\/2022\/10\/PROFERTIL_aMEL_7147-scaled.jpg?fit=300%2C200&amp;ssl=1\" data-large-file=\"https:\/\/i1.wp.com\/test.cookdigital.net\/campoparatodos\/wp-content\/uploads\/2022\/10\/PROFERTIL_aMEL_7147-scaled.jpg?fit=1024%2C683&amp;ssl=1\" loading=\"lazy\" class=\"size-full wp-image-2191\" src=\"https:\/\/i0.wp.com\/www.campoparatodos.com.ar\/wp-content\/uploads\/2022\/10\/PROFERTIL_aMEL_7147-scaled.jpg?resize=1200%2C800&#038;ssl=1\" alt=\"\" width=\"1200\" height=\"800\" srcset=\"https:\/\/i1.wp.com\/test.cookdigital.net\/campoparatodos\/wp-content\/uploads\/2022\/10\/PROFERTIL_aMEL_7147-scaled.jpg?w=2560&amp;ssl=1 2560w, https:\/\/i1.wp.com\/test.cookdigital.net\/campoparatodos\/wp-content\/uploads\/2022\/10\/PROFERTIL_aMEL_7147-scaled.jpg?resize=300%2C200&amp;ssl=1 300w, https:\/\/i1.wp.com\/test.cookdigital.net\/campoparatodos\/wp-content\/uploads\/2022\/10\/PROFERTIL_aMEL_7147-scaled.jpg?resize=1024%2C683&amp;ssl=1 1024w, https:\/\/i1.wp.com\/test.cookdigital.net\/campoparatodos\/wp-content\/uploads\/2022\/10\/PROFERTIL_aMEL_7147-scaled.jpg?resize=768%2C512&amp;ssl=1 768w, https:\/\/i1.wp.com\/test.cookdigital.net\/campoparatodos\/wp-content\/uploads\/2022\/10\/PROFERTIL_aMEL_7147-scaled.jpg?resize=1536%2C1024&amp;ssl=1 1536w, https:\/\/i1.wp.com\/test.cookdigital.net\/campoparatodos\/wp-content\/uploads\/2022\/10\/PROFERTIL_aMEL_7147-scaled.jpg?resize=2048%2C1365&amp;ssl=1 2048w, https:\/\/i1.wp.com\/test.cookdigital.net\/campoparatodos\/wp-content\/uploads\/2022\/10\/PROFERTIL_aMEL_7147-scaled.jpg?resize=272%2C182&amp;ssl=1 272w, https:\/\/i1.wp.com\/test.cookdigital.net\/campoparatodos\/wp-content\/uploads\/2022\/10\/PROFERTIL_aMEL_7147-scaled.jpg?w=2400&amp;ssl=1 2400w\" sizes=\"(max-width: 1200px) 100vw, 1200px\" data-recalc-dims=\"1\" \/><figcaption id=\"caption-attachment-2191\" class=\"wp-caption-text\">Visita de Periodistas Agropecuarios organizada por POOL de Periodistas.<\/figcaption><\/figure>\n<p>La campa\u00f1a agr\u00edcola 2022\/23 se caracteriza por una probabilidad del 80% de que se presente una fase Ni\u00f1a, lo cual limitar\u00eda la disponibilidad de agua para el cultivo de ma\u00edz en las principales zonas productores del pa\u00eds. A este panorama se suma la muy baja disponibilidad de agua \u00fatil en el perfil (&lt;30%) previo a la siembra del cultivo. Frente a este panorama, surge la pregunta de <strong><em>\u00bfPor qu\u00e9 fertilizar el ma\u00edz en un a\u00f1o Ni\u00f1a?<\/em><\/strong>. Si bien en a\u00f1os con baja disponibilidad h\u00eddrica la respuesta a la aplicaci\u00f3n de nutrientes deficientes como el nitr\u00f3geno (N) y azufre (S) pueden ser m\u00e1s bajas, aumentos en la disponibilidad de agua durante el per\u00edodo cr\u00edtico pueden incrementar la respuesta debido al menor aporte por mineralizaci\u00f3n hasta dicho momento. Respecto a f\u00f3sforo (P), cuando la disponibilidad es baja, la respuesta al agregado del mismo es mayor en un a\u00f1o seco que en un a\u00f1o h\u00famedo. Trabajos realizados en la regi\u00f3n pampeana n\u00facleo han observado mejoras de hasta un 72% en la eficiencia de uso del agua por efecto de la nutrici\u00f3n balanceada. Por lo tanto, la fertilizaci\u00f3n basada en un diagn\u00f3stico correcto permitir\u00eda maximizar el aprovechamiento del agua, un recurso escaso en un escenario de gran incertidumbre.<\/p>\n<figure id=\"attachment_2192\" aria-describedby=\"caption-attachment-2192\" style=\"width: 2550px\" class=\"wp-caption aligncenter\"><img data-attachment-id=\"2192\" data-permalink=\"https:\/\/test.cookdigital.net\/campoparatodos\/2022\/10\/28\/por-que-fertilizar-el-maiz-en-un-ano-nina\/profertil_amel_7154\/#main\" data-orig-file=\"https:\/\/i0.wp.com\/test.cookdigital.net\/campoparatodos\/wp-content\/uploads\/2022\/10\/PROFERTIL_aMEL_7154-scaled.jpg?fit=2560%2C1585&amp;ssl=1\" data-orig-size=\"2560,1585\" data-comments-opened=\"1\" data-image-meta=\"{&quot;aperture&quot;:&quot;4.5&quot;,&quot;credit&quot;:&quot;NORBERTO MELONE&quot;,&quot;camera&quot;:&quot;NIKON D500&quot;,&quot;caption&quot;:&quot;&quot;,&quot;created_timestamp&quot;:&quot;1666180300&quot;,&quot;copyright&quot;:&quot;NORBERTO MELONE&quot;,&quot;focal_length&quot;:&quot;55&quot;,&quot;iso&quot;:&quot;1600&quot;,&quot;shutter_speed&quot;:&quot;0.01&quot;,&quot;title&quot;:&quot;&quot;,&quot;orientation&quot;:&quot;1&quot;}\" data-image-title=\"PROFERTIL_aMEL_7154\" data-image-description=\"\" data-medium-file=\"https:\/\/i0.wp.com\/test.cookdigital.net\/campoparatodos\/wp-content\/uploads\/2022\/10\/PROFERTIL_aMEL_7154-scaled.jpg?fit=300%2C186&amp;ssl=1\" data-large-file=\"https:\/\/i0.wp.com\/test.cookdigital.net\/campoparatodos\/wp-content\/uploads\/2022\/10\/PROFERTIL_aMEL_7154-scaled.jpg?fit=1024%2C634&amp;ssl=1\" loading=\"lazy\" class=\"size-full wp-image-2192\" src=\"https:\/\/i2.wp.com\/www.campoparatodos.com.ar\/wp-content\/uploads\/2022\/10\/PROFERTIL_aMEL_7154-scaled.jpg?resize=1200%2C743&#038;ssl=1\" alt=\"\" width=\"1200\" height=\"743\" srcset=\"https:\/\/i0.wp.com\/test.cookdigital.net\/campoparatodos\/wp-content\/uploads\/2022\/10\/PROFERTIL_aMEL_7154-scaled.jpg?w=2560&amp;ssl=1 2560w, https:\/\/i0.wp.com\/test.cookdigital.net\/campoparatodos\/wp-content\/uploads\/2022\/10\/PROFERTIL_aMEL_7154-scaled.jpg?resize=300%2C186&amp;ssl=1 300w, https:\/\/i0.wp.com\/test.cookdigital.net\/campoparatodos\/wp-content\/uploads\/2022\/10\/PROFERTIL_aMEL_7154-scaled.jpg?resize=1024%2C634&amp;ssl=1 1024w, https:\/\/i0.wp.com\/test.cookdigital.net\/campoparatodos\/wp-content\/uploads\/2022\/10\/PROFERTIL_aMEL_7154-scaled.jpg?resize=768%2C475&amp;ssl=1 768w, https:\/\/i0.wp.com\/test.cookdigital.net\/campoparatodos\/wp-content\/uploads\/2022\/10\/PROFERTIL_aMEL_7154-scaled.jpg?resize=1536%2C951&amp;ssl=1 1536w, https:\/\/i0.wp.com\/test.cookdigital.net\/campoparatodos\/wp-content\/uploads\/2022\/10\/PROFERTIL_aMEL_7154-scaled.jpg?resize=2048%2C1268&amp;ssl=1 2048w, https:\/\/i0.wp.com\/test.cookdigital.net\/campoparatodos\/wp-content\/uploads\/2022\/10\/PROFERTIL_aMEL_7154-scaled.jpg?w=2400&amp;ssl=1 2400w\" sizes=\"(max-width: 1200px) 100vw, 1200px\" data-recalc-dims=\"1\" \/><figcaption id=\"caption-attachment-2192\" class=\"wp-caption-text\">La cobertura realizada por Pool de Periodistas a la empresa Profertil, tambi\u00e9n se realiz\u00f3 mediante una conferencia virtual.<\/figcaption><\/figure>\n<p>De todos los nutrientes, <strong>el N es el principal nutriente que limita la producci\u00f3n del ma\u00edz<\/strong>. Las investigaciones en Argentina han permitido generar calibraciones basadas en la disponibilidad de N (0-60 cm). Se han propuesto distintos umbrales de disponibilidad de N (N del suelo 0-60cm + N del fertilizante), los cuales var\u00edan desde 125 kg N\/ha para alcanzar 7 t\/ha de rendimiento hasta 250 kg N\/ha para 14 t\/ha. Adem\u00e1s, el uso de estimadores de la oferta de N mineralizable durante el ciclo del cultivo (ejemplo: medir el nitr\u00f3geno anaerobico (Nan) en pre-siembra 0-20 cm), puede mejorar la recomendaci\u00f3n inicial de fertilizaci\u00f3n. Por otra parte, dada la din\u00e1mica del N, el uso de sensores de vegetaci\u00f3n (de refractancia o transmitancia) o incluso im\u00e1genes satelitales de alta resoluci\u00f3n son de utilidad para el monitoreo de N.<\/p>\n<p><img data-attachment-id=\"2190\" data-permalink=\"https:\/\/test.cookdigital.net\/campoparatodos\/2022\/10\/28\/por-que-fertilizar-el-maiz-en-un-ano-nina\/profertil_amel_7138\/#main\" data-orig-file=\"https:\/\/i1.wp.com\/test.cookdigital.net\/campoparatodos\/wp-content\/uploads\/2022\/10\/PROFERTIL_aMEL_7138-scaled.jpg?fit=2560%2C1707&amp;ssl=1\" data-orig-size=\"2560,1707\" data-comments-opened=\"1\" data-image-meta=\"{&quot;aperture&quot;:&quot;2.8&quot;,&quot;credit&quot;:&quot;NORBERTO MELONE&quot;,&quot;camera&quot;:&quot;NIKON D500&quot;,&quot;caption&quot;:&quot;&quot;,&quot;created_timestamp&quot;:&quot;1666176980&quot;,&quot;copyright&quot;:&quot;NORBERTO MELONE&quot;,&quot;focal_length&quot;:&quot;18&quot;,&quot;iso&quot;:&quot;1600&quot;,&quot;shutter_speed&quot;:&quot;0.005&quot;,&quot;title&quot;:&quot;&quot;,&quot;orientation&quot;:&quot;1&quot;}\" data-image-title=\"PROFERTIL_aMEL_7138\" data-image-description=\"\" data-medium-file=\"https:\/\/i1.wp.com\/test.cookdigital.net\/campoparatodos\/wp-content\/uploads\/2022\/10\/PROFERTIL_aMEL_7138-scaled.jpg?fit=300%2C200&amp;ssl=1\" data-large-file=\"https:\/\/i1.wp.com\/test.cookdigital.net\/campoparatodos\/wp-content\/uploads\/2022\/10\/PROFERTIL_aMEL_7138-scaled.jpg?fit=1024%2C683&amp;ssl=1\" loading=\"lazy\" class=\"aligncenter size-full wp-image-2190\" src=\"https:\/\/i1.wp.com\/www.campoparatodos.com.ar\/wp-content\/uploads\/2022\/10\/PROFERTIL_aMEL_7138-scaled.jpg?resize=1200%2C800&#038;ssl=1\" alt=\"\" width=\"1200\" height=\"800\" srcset=\"https:\/\/i1.wp.com\/test.cookdigital.net\/campoparatodos\/wp-content\/uploads\/2022\/10\/PROFERTIL_aMEL_7138-scaled.jpg?w=2560&amp;ssl=1 2560w, https:\/\/i1.wp.com\/test.cookdigital.net\/campoparatodos\/wp-content\/uploads\/2022\/10\/PROFERTIL_aMEL_7138-scaled.jpg?resize=300%2C200&amp;ssl=1 300w, https:\/\/i1.wp.com\/test.cookdigital.net\/campoparatodos\/wp-content\/uploads\/2022\/10\/PROFERTIL_aMEL_7138-scaled.jpg?resize=1024%2C683&amp;ssl=1 1024w, https:\/\/i1.wp.com\/test.cookdigital.net\/campoparatodos\/wp-content\/uploads\/2022\/10\/PROFERTIL_aMEL_7138-scaled.jpg?resize=768%2C512&amp;ssl=1 768w, https:\/\/i1.wp.com\/test.cookdigital.net\/campoparatodos\/wp-content\/uploads\/2022\/10\/PROFERTIL_aMEL_7138-scaled.jpg?resize=1536%2C1024&amp;ssl=1 1536w, https:\/\/i1.wp.com\/test.cookdigital.net\/campoparatodos\/wp-content\/uploads\/2022\/10\/PROFERTIL_aMEL_7138-scaled.jpg?resize=2048%2C1365&amp;ssl=1 2048w, https:\/\/i1.wp.com\/test.cookdigital.net\/campoparatodos\/wp-content\/uploads\/2022\/10\/PROFERTIL_aMEL_7138-scaled.jpg?resize=272%2C182&amp;ssl=1 272w, https:\/\/i1.wp.com\/test.cookdigital.net\/campoparatodos\/wp-content\/uploads\/2022\/10\/PROFERTIL_aMEL_7138-scaled.jpg?w=2400&amp;ssl=1 2400w\" sizes=\"(max-width: 1200px) 100vw, 1200px\" data-recalc-dims=\"1\" \/><\/p>\n<p>El P es, luego del N, el nutriente m\u00e1s relevante en la nutrici\u00f3n del cultivo. El diagn\u00f3stico de la fertilidad fosfatada se basa en el an\u00e1lisis de suelo en pre-siembra (0-20 cm) que determina el nivel de P Bray. Calibraciones recientes para la regi\u00f3n pampeana indican un rango cr\u00edtico entre 9 y 12 mg\/kg, seg\u00fan textura del suelo, por debajo del cual la probabilidad de respuesta al agregado de P es alta. Una vez conocido el nivel de P Bray del suelo, el criterio de fertilizaci\u00f3n puede definirse como de \u201csuficiencia\u201d, priorizando el cultivo inmediato, o de \u201cconstrucci\u00f3n y mantenimiento\u201d, priorizando el recurso suelo. La fertilizaci\u00f3n fosfatada de los cultivos de grano en Argentina se ha realizado hist\u00f3ricamente siguiendo el criterio de suficiencia, lo cual ha resultado en balances negativos de P (dosis inferiores a la extracci\u00f3n de P en grano), con la consiguiente disminuci\u00f3n de los niveles de P Bray del suelo.<\/p>\n<p>Para S, se han propuesto como umbrales cr\u00edticos tentativos concentraciones de 7-10 mg\/kg de azufre bajo la forma de sulfato (en pre-siembra 0-20 cm), por debajo de los cuales la respuesta es altamente probable. Sin embargo, la caracterizaci\u00f3n del ambiente resulta fundamental para identificar los sitios con deficiencias: a) suelos degradados, con prolongada historia agr\u00edcola y cultivos de alta producci\u00f3n; b) suelos arenosos de bajo contenido de materia org\u00e1nica; y\/o c) suelos sin aporte de sulfato por presencia de napas fre\u00e1ticas superficiales. Adem\u00e1s, es com\u00fan observar una relaci\u00f3n positiva con la respuesta a N, frecuentemente de car\u00e1cter sin\u00e9rgico.<\/p>\n<p><img data-attachment-id=\"2193\" data-permalink=\"https:\/\/test.cookdigital.net\/campoparatodos\/2022\/10\/28\/por-que-fertilizar-el-maiz-en-un-ano-nina\/profertil_amel_7134\/#main\" data-orig-file=\"https:\/\/i2.wp.com\/test.cookdigital.net\/campoparatodos\/wp-content\/uploads\/2022\/10\/PROFERTIL_aMEL_7134-scaled.jpg?fit=2560%2C1707&amp;ssl=1\" data-orig-size=\"2560,1707\" data-comments-opened=\"1\" data-image-meta=\"{&quot;aperture&quot;:&quot;2.8&quot;,&quot;credit&quot;:&quot;NORBERTO MELONE&quot;,&quot;camera&quot;:&quot;NIKON D500&quot;,&quot;caption&quot;:&quot;&quot;,&quot;created_timestamp&quot;:&quot;1666176946&quot;,&quot;copyright&quot;:&quot;NORBERTO MELONE&quot;,&quot;focal_length&quot;:&quot;17&quot;,&quot;iso&quot;:&quot;1600&quot;,&quot;shutter_speed&quot;:&quot;0.008&quot;,&quot;title&quot;:&quot;&quot;,&quot;orientation&quot;:&quot;1&quot;}\" data-image-title=\"PROFERTIL_aMEL_7134\" data-image-description=\"\" data-medium-file=\"https:\/\/i2.wp.com\/test.cookdigital.net\/campoparatodos\/wp-content\/uploads\/2022\/10\/PROFERTIL_aMEL_7134-scaled.jpg?fit=300%2C200&amp;ssl=1\" data-large-file=\"https:\/\/i2.wp.com\/test.cookdigital.net\/campoparatodos\/wp-content\/uploads\/2022\/10\/PROFERTIL_aMEL_7134-scaled.jpg?fit=1024%2C683&amp;ssl=1\" loading=\"lazy\" class=\"aligncenter size-full wp-image-2193\" src=\"https:\/\/i1.wp.com\/www.campoparatodos.com.ar\/wp-content\/uploads\/2022\/10\/PROFERTIL_aMEL_7134-scaled.jpg?resize=1200%2C800&#038;ssl=1\" alt=\"\" width=\"1200\" height=\"800\" srcset=\"https:\/\/i2.wp.com\/test.cookdigital.net\/campoparatodos\/wp-content\/uploads\/2022\/10\/PROFERTIL_aMEL_7134-scaled.jpg?w=2560&amp;ssl=1 2560w, https:\/\/i2.wp.com\/test.cookdigital.net\/campoparatodos\/wp-content\/uploads\/2022\/10\/PROFERTIL_aMEL_7134-scaled.jpg?resize=300%2C200&amp;ssl=1 300w, https:\/\/i2.wp.com\/test.cookdigital.net\/campoparatodos\/wp-content\/uploads\/2022\/10\/PROFERTIL_aMEL_7134-scaled.jpg?resize=1024%2C683&amp;ssl=1 1024w, https:\/\/i2.wp.com\/test.cookdigital.net\/campoparatodos\/wp-content\/uploads\/2022\/10\/PROFERTIL_aMEL_7134-scaled.jpg?resize=768%2C512&amp;ssl=1 768w, https:\/\/i2.wp.com\/test.cookdigital.net\/campoparatodos\/wp-content\/uploads\/2022\/10\/PROFERTIL_aMEL_7134-scaled.jpg?resize=1536%2C1024&amp;ssl=1 1536w, https:\/\/i2.wp.com\/test.cookdigital.net\/campoparatodos\/wp-content\/uploads\/2022\/10\/PROFERTIL_aMEL_7134-scaled.jpg?resize=2048%2C1365&amp;ssl=1 2048w, https:\/\/i2.wp.com\/test.cookdigital.net\/campoparatodos\/wp-content\/uploads\/2022\/10\/PROFERTIL_aMEL_7134-scaled.jpg?resize=272%2C182&amp;ssl=1 272w, https:\/\/i2.wp.com\/test.cookdigital.net\/campoparatodos\/wp-content\/uploads\/2022\/10\/PROFERTIL_aMEL_7134-scaled.jpg?w=2400&amp;ssl=1 2400w\" sizes=\"(max-width: 1200px) 100vw, 1200px\" data-recalc-dims=\"1\" \/><\/p>\n<p>En los \u00faltimos a\u00f1os, en toda la regi\u00f3n pampeana, se han incrementado los casos de deficiencias de Zn en ma\u00edz, con respuestas de rendimiento que oscilan entre 5% y 10%. Se ha calibrado el an\u00e1lisis de suelo en pre-siembra de Zn por el m\u00e9todo DTPA (en pre-siembra 0-20 cm), con alta frecuencia de respuesta a la aplicaci\u00f3n con valores menores de 1 mg\/kg.<\/p>\n<p>En s\u00edntesis, la campa\u00f1a 2022\/23 se presenta con un escenario h\u00eddrico complejo para el cultivo de ma\u00edz, por lo tanto, resulta clave realizar una adecuada evaluaci\u00f3n h\u00eddrica y un correcto diagn\u00f3stico de la fertilidad para la recomendaci\u00f3n de fertilizaci\u00f3n de cada lote y ambiente dentro del lote, con el objetivo de aumentar la productividad y rentabilidad siendo eficientes y efectivos no solo en el uso de los nutrientes sino tambi\u00e9n del agua.<\/p>\n<figure id=\"attachment_2198\" aria-describedby=\"caption-attachment-2198\" style=\"width: 2550px\" class=\"wp-caption aligncenter\"><img data-attachment-id=\"2198\" data-permalink=\"https:\/\/test.cookdigital.net\/campoparatodos\/2022\/10\/28\/por-que-fertilizar-el-maiz-en-un-ano-nina\/df9ea289-80cb-4ab5-abea-77c23deb8514\/#main\" data-orig-file=\"https:\/\/i1.wp.com\/test.cookdigital.net\/campoparatodos\/wp-content\/uploads\/2022\/10\/DF9EA289-80CB-4AB5-ABEA-77C23DEB8514-scaled.jpeg?fit=2560%2C1920&amp;ssl=1\" data-orig-size=\"2560,1920\" data-comments-opened=\"1\" data-image-meta=\"{&quot;aperture&quot;:&quot;1.8&quot;,&quot;credit&quot;:&quot;&quot;,&quot;camera&quot;:&quot;iPhone SE (2nd generation)&quot;,&quot;caption&quot;:&quot;&quot;,&quot;created_timestamp&quot;:&quot;1666174956&quot;,&quot;copyright&quot;:&quot;&quot;,&quot;focal_length&quot;:&quot;3.99&quot;,&quot;iso&quot;:&quot;160&quot;,&quot;shutter_speed&quot;:&quot;0.02&quot;,&quot;title&quot;:&quot;&quot;,&quot;orientation&quot;:&quot;1&quot;}\" data-image-title=\"DF9EA289-80CB-4AB5-ABEA-77C23DEB8514\" data-image-description=\"\" data-medium-file=\"https:\/\/i1.wp.com\/test.cookdigital.net\/campoparatodos\/wp-content\/uploads\/2022\/10\/DF9EA289-80CB-4AB5-ABEA-77C23DEB8514-scaled.jpeg?fit=300%2C225&amp;ssl=1\" data-large-file=\"https:\/\/i1.wp.com\/test.cookdigital.net\/campoparatodos\/wp-content\/uploads\/2022\/10\/DF9EA289-80CB-4AB5-ABEA-77C23DEB8514-scaled.jpeg?fit=1024%2C768&amp;ssl=1\" loading=\"lazy\" class=\"wp-image-2198 size-full\" src=\"https:\/\/i0.wp.com\/www.campoparatodos.com.ar\/wp-content\/uploads\/2022\/10\/DF9EA289-80CB-4AB5-ABEA-77C23DEB8514-scaled.jpeg?resize=1200%2C900&#038;ssl=1\" alt=\"\" width=\"1200\" height=\"900\" srcset=\"https:\/\/i1.wp.com\/test.cookdigital.net\/campoparatodos\/wp-content\/uploads\/2022\/10\/DF9EA289-80CB-4AB5-ABEA-77C23DEB8514-scaled.jpeg?w=2560&amp;ssl=1 2560w, https:\/\/i1.wp.com\/test.cookdigital.net\/campoparatodos\/wp-content\/uploads\/2022\/10\/DF9EA289-80CB-4AB5-ABEA-77C23DEB8514-scaled.jpeg?resize=300%2C225&amp;ssl=1 300w, https:\/\/i1.wp.com\/test.cookdigital.net\/campoparatodos\/wp-content\/uploads\/2022\/10\/DF9EA289-80CB-4AB5-ABEA-77C23DEB8514-scaled.jpeg?resize=1024%2C768&amp;ssl=1 1024w, https:\/\/i1.wp.com\/test.cookdigital.net\/campoparatodos\/wp-content\/uploads\/2022\/10\/DF9EA289-80CB-4AB5-ABEA-77C23DEB8514-scaled.jpeg?resize=768%2C576&amp;ssl=1 768w, https:\/\/i1.wp.com\/test.cookdigital.net\/campoparatodos\/wp-content\/uploads\/2022\/10\/DF9EA289-80CB-4AB5-ABEA-77C23DEB8514-scaled.jpeg?resize=1536%2C1152&amp;ssl=1 1536w, https:\/\/i1.wp.com\/test.cookdigital.net\/campoparatodos\/wp-content\/uploads\/2022\/10\/DF9EA289-80CB-4AB5-ABEA-77C23DEB8514-scaled.jpeg?resize=2048%2C1536&amp;ssl=1 2048w, https:\/\/i1.wp.com\/test.cookdigital.net\/campoparatodos\/wp-content\/uploads\/2022\/10\/DF9EA289-80CB-4AB5-ABEA-77C23DEB8514-scaled.jpeg?w=2400&amp;ssl=1 2400w\" sizes=\"(max-width: 1200px) 100vw, 1200px\" data-recalc-dims=\"1\" \/><figcaption id=\"caption-attachment-2198\" class=\"wp-caption-text\">El grupo de periodistas agropecuarios reunidos por Pool de Periodistas durante la visita a la planta de Profertil.<\/figcaption><\/figure>\n<p>Fotos: Norberto Melone<\/p>\n<p>&nbsp;<\/p>\n","protected":false},"excerpt":{"rendered":"<p>En la conferencia organizada por Profertil, la mayor empresa de fertilizantes del pa\u00eds, el especialista Nahuel I. Reussi Calvo explic\u00f3 que los rendimientos del cultivo de ma\u00edz en las regiones pampeana y extrapampeana est\u00e1n limitados en gran parte por la deficiencia de diferentes nutrientes. A nivel nacional se estima que entre un 30-40% del rendimiento &#8230; <a title=\"\u00bfPor qu\u00e9 fertilizar el ma\u00edz en un a\u00f1o ni\u00f1a?\" class=\"read-more\" href=\"https:\/\/test.cookdigital.net\/campoparatodos\/2022\/10\/28\/por-que-fertilizar-el-maiz-en-un-ano-nina\/\" aria-label=\"M\u00e1s en \u00bfPor qu\u00e9 fertilizar el ma\u00edz en un a\u00f1o ni\u00f1a?\">Leer m\u00e1s<\/a><\/p>\n","protected":false},"author":2,"featured_media":0,"comment_status":"closed","ping_status":"open","sticky":false,"template":"","format":"standard","meta":{"spay_email":"","jetpack_publicize_message":"","jetpack_is_tweetstorm":false},"categories":[163,10],"tags":[269,81,348],"jetpack_featured_media_url":"","jetpack_publicize_connections":[],"jetpack_sharing_enabled":true,"jetpack_shortlink":"https:\/\/wp.me\/p9m0DJ-zi","jetpack_likes_enabled":true,"jetpack-related-posts":[{"id":2233,"url":"https:\/\/test.cookdigital.net\/campoparatodos\/2022\/11\/22\/revista-campo-para-todos-n-176\/","url_meta":{"origin":2188,"position":0},"title":"Revista Campo para Todos N\u00b0 176","date":"noviembre 22, 2022","format":false,"excerpt":"TITULOS DE TAPA: Riego en Algod\u00f3n: \u00bfEl agua en el momento justo?. - Caba\u00f1a La Legua realiz\u00f3 su primer remate. - Apicultura: Manejo de apiarios en \u00e9pocas de sequ\u00eda. - Asumieron los directores del INTA Santiago del Estero y Quimil\u00ed. REVISTA DIGITAL DISPONIBLE. PARA LEERLA GRATIS TOQUE LA FOTO TITULOS\u2026","rel":"","context":"En \u00abAgricultura\u00bb","img":{"alt_text":"","src":"https:\/\/i0.wp.com\/www.campoparatodos.com.ar\/wp-content\/uploads\/2022\/11\/TAPA-REVISTA-176-713x1024.jpg?resize=350%2C200&ssl=1","width":350,"height":200},"classes":[]},{"id":2497,"url":"https:\/\/test.cookdigital.net\/campoparatodos\/2023\/04\/24\/los-cultivos-han-sufrido-mucho-en-pampa-de-los-guanacos\/","url_meta":{"origin":2188,"position":1},"title":"Los cultivos han sufrido mucho en Pampa de los Guanacos","date":"abril 24, 2023","format":false,"excerpt":"Pampa de los Guanacos es una importante zona agr\u00edcola, ganadera y forestal ubicada en el departamento Copo, al norte de Santiago del Estero. En esa zona trabaja el ingeniero agr\u00f3nomo Martin Ledesma, quien se desempe\u00f1a como jefe de producci\u00f3n de la empresa Alfin SCA, Mart\u00edn adem\u00e1s es propietario de La\u2026","rel":"","context":"En \u00abAgricultura\u00bb","img":{"alt_text":"","src":"https:\/\/i0.wp.com\/test.cookdigital.net\/campoparatodos\/wp-content\/uploads\/2023\/04\/WhatsApp-Image-2023-03-31-at-20.39.58-2martin-ledesma.jpg?fit=1052%2C780&ssl=1&resize=350%2C200","width":350,"height":200},"classes":[]},{"id":1337,"url":"https:\/\/test.cookdigital.net\/campoparatodos\/2021\/04\/23\/en-el-centro-oeste-de-santiago-del-estero-las-lluvias-nos-han-venido-acompanando-durante-el-desarrollo-de-todos-los-cultivos\/","url_meta":{"origin":2188,"position":2},"title":"En el centro oeste de Santiago del Estero las lluvias nos han venido acompa\u00f1ando durante el desarrollo de todos los cultivos","date":"abril 23, 2021","format":false,"excerpt":"Para conocer como es la producci\u00f3n agr\u00edcola en el centro oeste de Santiago del Estero, entrevistamos al Ingeniero Agr\u00f3nomo Daniel \u201cPipo\u201d Rossi que nos contest\u00f3, con detalles, cada pregunta. \u00bfQu\u00e9 cultivos sembraron y en qu\u00e9 zonas? La empresa siembra en campos que est\u00e1n cerca de Lavalle, departamento Guasay\u00e1n. La modalidad\u2026","rel":"","context":"En \u00abAgricultura\u00bb","img":{"alt_text":"","src":"https:\/\/i1.wp.com\/www.campoparatodos.com.ar\/wp-content\/uploads\/2021\/04\/WhatsApp-Image-2021-03-30-at-20.36.56_PerfectlyClear-1.jpg?resize=350%2C200&ssl=1","width":350,"height":200},"classes":[]},{"id":1287,"url":"https:\/\/test.cookdigital.net\/campoparatodos\/2021\/03\/29\/algodon-en-la-zona-de-secano-de-santiago-del-estero\/","url_meta":{"origin":2188,"position":3},"title":"Algod\u00f3n en la zona de secano de Santiago del Estero","date":"marzo 29, 2021","format":false,"excerpt":"Resumen de campa\u00f1a 2020 hasta febrero 2021. Compartimos el informe sobre la marcha de la presente campa\u00f1a algodonera en la zona de secano que nos envi\u00f3 el Ing. Agr. Jaime H. Coronel quien se desempe\u00f1a como asesor privado en muchos campos de Santiago del Estero. El fen\u00f3meno de la ni\u00f1a\u2026","rel":"","context":"En \u00abAgricultura\u00bb","img":{"alt_text":"","src":"https:\/\/i2.wp.com\/www.campoparatodos.com.ar\/wp-content\/uploads\/2021\/03\/coronel-300x237.jpg?resize=350%2C200&ssl=1","width":350,"height":200},"classes":[]},{"id":2487,"url":"https:\/\/test.cookdigital.net\/campoparatodos\/2023\/04\/24\/en-santiago-del-estero-muchos-cultivos-se-van-a-cosechar-teniendo-margenes-negativos\/","url_meta":{"origin":2188,"position":4},"title":"En Santiago del Estero muchos cultivos se van a cosechar teniendo m\u00e1rgenes negativos","date":"abril 24, 2023","format":false,"excerpt":"Para conocer c\u00f3mo est\u00e1 la situaci\u00f3n del sector agr\u00edcola en Santiago del Estero entrevistamos al Ingeniero Agr\u00f3nomo Daniel \u201cPipo\u201d Rossi, quien es un reconocido profesional que se desempe\u00f1a asesorando y produciendo en la zona de los departamentos, Guasayan, Choya y Banda y nos dijo lo siguiente. \"Con respecto al estado\u2026","rel":"","context":"En \u00abAgricultura\u00bb","img":{"alt_text":"","src":"https:\/\/i2.wp.com\/test.cookdigital.net\/campoparatodos\/wp-content\/uploads\/2023\/04\/WhatsApp-Image-2023-03-27-at-10.46.46pipo.jpg?fit=1152%2C864&ssl=1&resize=350%2C200","width":350,"height":200},"classes":[]},{"id":1885,"url":"https:\/\/test.cookdigital.net\/campoparatodos\/2022\/04\/22\/delegados-agricolas-y-economicos-de-asia-oceania-union-europea-y-america-visitaron-la-planta-de-semillas-de-bayer-en-rojas-la-mas-grande-a-nivel-mundial\/","url_meta":{"origin":2188,"position":5},"title":"Delegados agr\u00edcolas y econ\u00f3micos de Asia, Ocean\u00eda, Uni\u00f3n Europea y Am\u00e9rica, visitaron la planta de semillas de Bayer en Rojas, la m\u00e1s grande a nivel mundial","date":"abril 22, 2022","format":false,"excerpt":"Funcionarios de las \u00e1reas de agricultura, econom\u00eda y comercio de las embajadas de Europa, Asia y Am\u00e9rica, recorrieron Mar\u00eda Eugenia, la planta procesadora de semillas de ma\u00edz m\u00e1s grande del mundo, que tiene la empresa Bayer en la localidad de Rojas, provincia de Buenos Aires. Durante la visita, organizada por\u2026","rel":"","context":"En \u00abAgroindustria\u00bb","img":{"alt_text":"","src":"https:\/\/i0.wp.com\/www.campoparatodos.com.ar\/wp-content\/uploads\/2022\/04\/WhatsApp-Image-2022-04-20-at-2.43.16-PM.jpeg?resize=350%2C200&ssl=1","width":350,"height":200},"classes":[]}],"_links":{"self":[{"href":"https:\/\/test.cookdigital.net\/campoparatodos\/wp-json\/wp\/v2\/posts\/2188"}],"collection":[{"href":"https:\/\/test.cookdigital.net\/campoparatodos\/wp-json\/wp\/v2\/posts"}],"about":[{"href":"https:\/\/test.cookdigital.net\/campoparatodos\/wp-json\/wp\/v2\/types\/post"}],"author":[{"embeddable":true,"href":"https:\/\/test.cookdigital.net\/campoparatodos\/wp-json\/wp\/v2\/users\/2"}],"replies":[{"embeddable":true,"href":"https:\/\/test.cookdigital.net\/campoparatodos\/wp-json\/wp\/v2\/comments?post=2188"}],"version-history":[{"count":3,"href":"https:\/\/test.cookdigital.net\/campoparatodos\/wp-json\/wp\/v2\/posts\/2188\/revisions"}],"predecessor-version":[{"id":2201,"href":"https:\/\/test.cookdigital.net\/campoparatodos\/wp-json\/wp\/v2\/posts\/2188\/revisions\/2201"}],"wp:attachment":[{"href":"https:\/\/test.cookdigital.net\/campoparatodos\/wp-json\/wp\/v2\/media?parent=2188"}],"wp:term":[{"taxonomy":"category","embeddable":true,"href":"https:\/\/test.cookdigital.net\/campoparatodos\/wp-json\/wp\/v2\/categories?post=2188"},{"taxonomy":"post_tag","embeddable":true,"href":"https:\/\/test.cookdigital.net\/campoparatodos\/wp-json\/wp\/v2\/tags?post=2188"}],"curies":[{"name":"wp","href":"https:\/\/api.w.org\/{rel}","templated":true}]}}