{"id":2028,"date":"2022-08-06T13:25:58","date_gmt":"2022-08-06T13:25:58","guid":{"rendered":"https:\/\/www.campoparatodos.com.ar\/?p=2028"},"modified":"2022-08-06T13:56:16","modified_gmt":"2022-08-06T13:56:16","slug":"algodon","status":"publish","type":"post","link":"https:\/\/test.cookdigital.net\/campoparatodos\/2022\/08\/06\/algodon\/","title":{"rendered":"Algod\u00f3n"},"content":{"rendered":"<h2><em>Finaliza una dura campa\u00f1a 21\/22 en el \u00e1rea de riego<\/em><\/h2>\n<p><em>Finaliza la campa\u00f1a algodonera 2021-2022 en el \u00e1rea de riego del R\u00edo Dulce, con grandes inconvenientes clim\u00e1ticos y errores humanos que se deber\u00e1n corregir. Conversamos con el Ing. Agr. Carlos Mitre para que nos cuente sus apreciaciones sobre la misma.<\/em><\/p>\n<figure id=\"attachment_2029\" aria-describedby=\"caption-attachment-2029\" style=\"width: 1014px\" class=\"wp-caption aligncenter\"><img data-attachment-id=\"2029\" data-permalink=\"https:\/\/test.cookdigital.net\/campoparatodos\/2022\/08\/06\/algodon\/el-ator_perfectlyclear\/#main\" data-orig-file=\"https:\/\/i0.wp.com\/test.cookdigital.net\/campoparatodos\/wp-content\/uploads\/2022\/08\/el-ator_PerfectlyClear.jpg?fit=1280%2C606&amp;ssl=1\" data-orig-size=\"1280,606\" data-comments-opened=\"1\" data-image-meta=\"{&quot;aperture&quot;:&quot;0&quot;,&quot;credit&quot;:&quot;&quot;,&quot;camera&quot;:&quot;&quot;,&quot;caption&quot;:&quot;&quot;,&quot;created_timestamp&quot;:&quot;0&quot;,&quot;copyright&quot;:&quot;&quot;,&quot;focal_length&quot;:&quot;0&quot;,&quot;iso&quot;:&quot;0&quot;,&quot;shutter_speed&quot;:&quot;0&quot;,&quot;title&quot;:&quot;&quot;,&quot;orientation&quot;:&quot;1&quot;}\" data-image-title=\"el ator_PerfectlyClear\" data-image-description=\"\" data-medium-file=\"https:\/\/i0.wp.com\/test.cookdigital.net\/campoparatodos\/wp-content\/uploads\/2022\/08\/el-ator_PerfectlyClear.jpg?fit=300%2C142&amp;ssl=1\" data-large-file=\"https:\/\/i0.wp.com\/test.cookdigital.net\/campoparatodos\/wp-content\/uploads\/2022\/08\/el-ator_PerfectlyClear.jpg?fit=1024%2C485&amp;ssl=1\" loading=\"lazy\" class=\"size-large wp-image-2029\" src=\"https:\/\/i1.wp.com\/www.campoparatodos.com.ar\/wp-content\/uploads\/2022\/08\/el-ator_PerfectlyClear-1024x485.jpg?resize=1024%2C485&#038;ssl=1\" alt=\"\" width=\"1024\" height=\"485\" srcset=\"https:\/\/i0.wp.com\/test.cookdigital.net\/campoparatodos\/wp-content\/uploads\/2022\/08\/el-ator_PerfectlyClear.jpg?resize=1024%2C485&amp;ssl=1 1024w, https:\/\/i0.wp.com\/test.cookdigital.net\/campoparatodos\/wp-content\/uploads\/2022\/08\/el-ator_PerfectlyClear.jpg?resize=300%2C142&amp;ssl=1 300w, https:\/\/i0.wp.com\/test.cookdigital.net\/campoparatodos\/wp-content\/uploads\/2022\/08\/el-ator_PerfectlyClear.jpg?resize=768%2C364&amp;ssl=1 768w, https:\/\/i0.wp.com\/test.cookdigital.net\/campoparatodos\/wp-content\/uploads\/2022\/08\/el-ator_PerfectlyClear.jpg?w=1280&amp;ssl=1 1280w\" sizes=\"(max-width: 1024px) 100vw, 1024px\" data-recalc-dims=\"1\" \/><figcaption id=\"caption-attachment-2029\" class=\"wp-caption-text\">Carlos Mitre<\/figcaption><\/figure>\n<p><!--more--><\/p>\n<p>\u201cEn octubre se dio un muy buen arranque de campa\u00f1a, con buenas temperaturas y perfiles de suelo cargados, por la aplicaci\u00f3n de los riegos pre-siembra.<br \/>\nNoviembre se complic\u00f3 un poco, al principio por la suspensi\u00f3n del servicio de riego y luego por tener una frecuencia m\u00e1s corta entre las precipitaciones, generando el efecto planchado de suelos, da\u00f1os ocasionales por granizo y dificultades para poder realizar las aplicaciones de control tanto de malezas como de insectos en los cultivos implantados en octubre. Estas situaciones produjeron el retraso de las siembras, traslad\u00e1ndolas hacia fines de este mes y los primeros d\u00edas de diciembre.<br \/>\nDespu\u00e9s, a finales de diciembre y enero se produjeron temperaturas m\u00e1ximas r\u00e9cords asociadas con escasas precipitaciones que da\u00f1aron seriamente, aquellos cultivos sembrados en octubre que se encontraban en plena floraci\u00f3n. En consecuencia, se observ\u00f3 aborto de fructificaciones (c\u00e1psulas insoladas) y plantas transitando s\u00edntomas severos de estr\u00e9s h\u00eddrico.<\/p>\n<p><img data-attachment-id=\"2030\" data-permalink=\"https:\/\/test.cookdigital.net\/campoparatodos\/2022\/08\/06\/algodon\/dano-calor_perfectlyclear\/#main\" data-orig-file=\"https:\/\/i0.wp.com\/test.cookdigital.net\/campoparatodos\/wp-content\/uploads\/2022\/08\/dano-calor_PerfectlyClear.jpg?fit=1200%2C1600&amp;ssl=1\" data-orig-size=\"1200,1600\" data-comments-opened=\"1\" data-image-meta=\"{&quot;aperture&quot;:&quot;0&quot;,&quot;credit&quot;:&quot;&quot;,&quot;camera&quot;:&quot;&quot;,&quot;caption&quot;:&quot;&quot;,&quot;created_timestamp&quot;:&quot;0&quot;,&quot;copyright&quot;:&quot;&quot;,&quot;focal_length&quot;:&quot;0&quot;,&quot;iso&quot;:&quot;0&quot;,&quot;shutter_speed&quot;:&quot;0&quot;,&quot;title&quot;:&quot;&quot;,&quot;orientation&quot;:&quot;1&quot;}\" data-image-title=\"da\u00f1o calor_PerfectlyClear\" data-image-description=\"\" data-medium-file=\"https:\/\/i0.wp.com\/test.cookdigital.net\/campoparatodos\/wp-content\/uploads\/2022\/08\/dano-calor_PerfectlyClear.jpg?fit=225%2C300&amp;ssl=1\" data-large-file=\"https:\/\/i0.wp.com\/test.cookdigital.net\/campoparatodos\/wp-content\/uploads\/2022\/08\/dano-calor_PerfectlyClear.jpg?fit=768%2C1024&amp;ssl=1\" loading=\"lazy\" class=\"aligncenter size-large wp-image-2030\" src=\"https:\/\/i0.wp.com\/www.campoparatodos.com.ar\/wp-content\/uploads\/2022\/08\/dano-calor_PerfectlyClear-768x1024.jpg?resize=768%2C1024&#038;ssl=1\" alt=\"Da\u00f1o por calor\" width=\"768\" height=\"1024\" srcset=\"https:\/\/i0.wp.com\/test.cookdigital.net\/campoparatodos\/wp-content\/uploads\/2022\/08\/dano-calor_PerfectlyClear.jpg?resize=768%2C1024&amp;ssl=1 768w, https:\/\/i0.wp.com\/test.cookdigital.net\/campoparatodos\/wp-content\/uploads\/2022\/08\/dano-calor_PerfectlyClear.jpg?resize=225%2C300&amp;ssl=1 225w, https:\/\/i0.wp.com\/test.cookdigital.net\/campoparatodos\/wp-content\/uploads\/2022\/08\/dano-calor_PerfectlyClear.jpg?resize=1152%2C1536&amp;ssl=1 1152w, https:\/\/i0.wp.com\/test.cookdigital.net\/campoparatodos\/wp-content\/uploads\/2022\/08\/dano-calor_PerfectlyClear.jpg?w=1200&amp;ssl=1 1200w\" sizes=\"(max-width: 768px) 100vw, 768px\" data-recalc-dims=\"1\" \/><br \/>\nLos cultivos sembrados a fines de noviembre y principios de diciembre pudieron sortear de mejor manera el estr\u00e9s h\u00eddrico, ya que se vieron favorecidos por los riegos aplicados durante febrero debido a que el sistema restituy\u00f3 el servicio durante la primera semana de ese mes. A pesar de ello, las altas temperaturas continuaron prolong\u00e1ndose hasta fines de febrero.<br \/>\nLuego, en marzo se present\u00f3 un periodo de lluvias que se prolong\u00f3 por una semana y trajeron aparejado el problema de los rebrotes en aquellos algodones finalizados o listos para cosechar. Para ello, se recurri\u00f3 a la estrategia de aumentar las dosis de defoliantes, hacer doble golpe, pre-sensibilizar, etc., (tema abordado en la nota publicada en la Revista N\u00b0 169 de marzo de este a\u00f1o).<br \/>\nTranscurrida las diferentes etapas fenol\u00f3gicas y cargados de adversidades, se pudo iniciar la cosecha en abril. Las condiciones ambientales fueron favorables y permitiendo tener muy buenos rendimientos en calidad de fibra (C a C1\/2), pero no as\u00ed en volumen, ya que la mayor\u00eda de los cultivos sufrieron da\u00f1os en algunos de sus estratos perdiendo cargas. El rendimiento al desmote lleg\u00f3 a alcanzar los 39 puntos, con vol\u00famenes que rondaron en promedio entre 2 y 2,5 tn por hect\u00e1rea, pero con extremos que van desde los 1,2 tn a 3,5 tn.<br \/>\nA mediados de mayo se sucedieron heladas que afectaron los cultivos de siembras tard\u00edas (fines de noviembre y principios de diciembre), vi\u00e9ndose este efecto m\u00e1s acentuado en aquellas variedades de ciclo largo como el NuOpal y el DP1238 debido a que presentan un alto \u00edndice de \u00e1rea foliar. El follaje, se sec\u00f3 de manera abrupta por las bajas temperaturas, imposibilitando que las mismas se desprendan con facilidad del tallo de la planta, afectando directamente la calidad de la fibra, reflejado en los desmotes con valores que no superaron los 33 puntos y calidades que tienden de C 3\/4 a D.<\/p>\n<figure id=\"attachment_2032\" aria-describedby=\"caption-attachment-2032\" style=\"width: 1014px\" class=\"wp-caption aligncenter\"><img data-attachment-id=\"2032\" data-permalink=\"https:\/\/test.cookdigital.net\/campoparatodos\/2022\/08\/06\/algodon\/foto-del-21-5_perfectlyclear\/#main\" data-orig-file=\"https:\/\/i2.wp.com\/test.cookdigital.net\/campoparatodos\/wp-content\/uploads\/2022\/08\/Foto-del-21-5_PerfectlyClear.jpg?fit=1536%2C864&amp;ssl=1\" data-orig-size=\"1536,864\" data-comments-opened=\"1\" data-image-meta=\"{&quot;aperture&quot;:&quot;0&quot;,&quot;credit&quot;:&quot;&quot;,&quot;camera&quot;:&quot;&quot;,&quot;caption&quot;:&quot;&quot;,&quot;created_timestamp&quot;:&quot;0&quot;,&quot;copyright&quot;:&quot;&quot;,&quot;focal_length&quot;:&quot;0&quot;,&quot;iso&quot;:&quot;0&quot;,&quot;shutter_speed&quot;:&quot;0&quot;,&quot;title&quot;:&quot;&quot;,&quot;orientation&quot;:&quot;1&quot;}\" data-image-title=\"Foto del 21-5_PerfectlyClear\" data-image-description=\"\" data-medium-file=\"https:\/\/i2.wp.com\/test.cookdigital.net\/campoparatodos\/wp-content\/uploads\/2022\/08\/Foto-del-21-5_PerfectlyClear.jpg?fit=300%2C169&amp;ssl=1\" data-large-file=\"https:\/\/i2.wp.com\/test.cookdigital.net\/campoparatodos\/wp-content\/uploads\/2022\/08\/Foto-del-21-5_PerfectlyClear.jpg?fit=1024%2C576&amp;ssl=1\" loading=\"lazy\" class=\"size-large wp-image-2032\" src=\"https:\/\/i0.wp.com\/www.campoparatodos.com.ar\/wp-content\/uploads\/2022\/08\/Foto-del-21-5_PerfectlyClear-1024x576.jpg?resize=1024%2C576&#038;ssl=1\" alt=\"\" width=\"1024\" height=\"576\" srcset=\"https:\/\/i2.wp.com\/test.cookdigital.net\/campoparatodos\/wp-content\/uploads\/2022\/08\/Foto-del-21-5_PerfectlyClear.jpg?resize=1024%2C576&amp;ssl=1 1024w, https:\/\/i2.wp.com\/test.cookdigital.net\/campoparatodos\/wp-content\/uploads\/2022\/08\/Foto-del-21-5_PerfectlyClear.jpg?resize=300%2C169&amp;ssl=1 300w, https:\/\/i2.wp.com\/test.cookdigital.net\/campoparatodos\/wp-content\/uploads\/2022\/08\/Foto-del-21-5_PerfectlyClear.jpg?resize=768%2C432&amp;ssl=1 768w, https:\/\/i2.wp.com\/test.cookdigital.net\/campoparatodos\/wp-content\/uploads\/2022\/08\/Foto-del-21-5_PerfectlyClear.jpg?w=1536&amp;ssl=1 1536w\" sizes=\"(max-width: 1024px) 100vw, 1024px\" data-recalc-dims=\"1\" \/><figcaption id=\"caption-attachment-2032\" class=\"wp-caption-text\">Da\u00f1o por heladas. Foto tomada el 21\/05\/2022<\/figcaption><\/figure>\n<p>En esta campa\u00f1a el precio fue fundamental ya que compens\u00f3 la baja productividad debido a todas las adversidades mencionadas anteriormente. Si se tiene en cuenta que en 2021 para la misma fecha el precio de una tonelada de fibra rondaba los 175 mil pesos, la mejora para este a\u00f1o fue el doble a ese valor alcanzando los 370 mil pesos por tonelada de fibra de algod\u00f3n.<\/p>\n<p>Algo para destacar fueron el comportamiento de las variedades de ciclo corto desarrolladas por INTA. Sembradas en fechas tard\u00edas demostraron una gran plasticidad con respecto a las condiciones ambientales adversas y los diferentes tipos de suelo en los cuales se implantaron. Un ejemplo de ello fue la variedad Por\u00e1. A diferencia de aquellos cultivos que rindieron alrededor de 3 tn\/ha, que se desarrollaron con perfiles de suelo cargados por los riegos, buenas condiciones sanitarias, aplicaciones de fertilizantes, etc. probamos en sembrar la variedad Por\u00e1 el 15 de diciembre, tratado como si fuese un cultivo de secano, sin aplicaci\u00f3n de riegos, sin ning\u00fan tipo de fertilizante y con solo 3 aplicaciones de insecticida, el mismo ha presentado un rendimiento de 1800 kg\/ha. Esto permite recalcar, que estos tipos de materiales en mejores condiciones agron\u00f3micas y ambientales podr\u00edan producir grandes vol\u00famenes de producci\u00f3n de algod\u00f3n en bruto con buena calidad en sus fibras. Permiti\u00e9ndonos poder realizar un doble cultivo en el a\u00f1o y escapar al problema de las heladas tempranas que afectaron a aquellos materiales con ciclos de crecimiento largos.<\/p>\n<figure id=\"attachment_2038\" aria-describedby=\"caption-attachment-2038\" style=\"width: 1014px\" class=\"wp-caption aligncenter\"><img data-attachment-id=\"2038\" data-permalink=\"https:\/\/test.cookdigital.net\/campoparatodos\/2022\/08\/06\/algodon\/pora_perfectlyclear\/#main\" data-orig-file=\"https:\/\/i1.wp.com\/test.cookdigital.net\/campoparatodos\/wp-content\/uploads\/2022\/08\/Pora_PerfectlyClear.jpg?fit=1536%2C864&amp;ssl=1\" data-orig-size=\"1536,864\" data-comments-opened=\"1\" data-image-meta=\"{&quot;aperture&quot;:&quot;0&quot;,&quot;credit&quot;:&quot;&quot;,&quot;camera&quot;:&quot;&quot;,&quot;caption&quot;:&quot;&quot;,&quot;created_timestamp&quot;:&quot;0&quot;,&quot;copyright&quot;:&quot;&quot;,&quot;focal_length&quot;:&quot;0&quot;,&quot;iso&quot;:&quot;0&quot;,&quot;shutter_speed&quot;:&quot;0&quot;,&quot;title&quot;:&quot;&quot;,&quot;orientation&quot;:&quot;1&quot;}\" data-image-title=\"Por\u00e1_PerfectlyClear\" data-image-description=\"\" data-medium-file=\"https:\/\/i1.wp.com\/test.cookdigital.net\/campoparatodos\/wp-content\/uploads\/2022\/08\/Pora_PerfectlyClear.jpg?fit=300%2C169&amp;ssl=1\" data-large-file=\"https:\/\/i1.wp.com\/test.cookdigital.net\/campoparatodos\/wp-content\/uploads\/2022\/08\/Pora_PerfectlyClear.jpg?fit=1024%2C576&amp;ssl=1\" loading=\"lazy\" class=\"size-large wp-image-2038\" src=\"https:\/\/i1.wp.com\/www.campoparatodos.com.ar\/wp-content\/uploads\/2022\/08\/Pora_PerfectlyClear-1024x576.jpg?resize=1024%2C576&#038;ssl=1\" alt=\"\" width=\"1024\" height=\"576\" srcset=\"https:\/\/i1.wp.com\/test.cookdigital.net\/campoparatodos\/wp-content\/uploads\/2022\/08\/Pora_PerfectlyClear.jpg?resize=1024%2C576&amp;ssl=1 1024w, https:\/\/i1.wp.com\/test.cookdigital.net\/campoparatodos\/wp-content\/uploads\/2022\/08\/Pora_PerfectlyClear.jpg?resize=300%2C169&amp;ssl=1 300w, https:\/\/i1.wp.com\/test.cookdigital.net\/campoparatodos\/wp-content\/uploads\/2022\/08\/Pora_PerfectlyClear.jpg?resize=768%2C432&amp;ssl=1 768w, https:\/\/i1.wp.com\/test.cookdigital.net\/campoparatodos\/wp-content\/uploads\/2022\/08\/Pora_PerfectlyClear.jpg?w=1536&amp;ssl=1 1536w\" sizes=\"(max-width: 1024px) 100vw, 1024px\" data-recalc-dims=\"1\" \/><figcaption id=\"caption-attachment-2038\" class=\"wp-caption-text\">Variedad Por\u00e1.<\/figcaption><\/figure>\n<figure id=\"attachment_2036\" aria-describedby=\"caption-attachment-2036\" style=\"width: 1014px\" class=\"wp-caption aligncenter\"><img data-attachment-id=\"2036\" data-permalink=\"https:\/\/test.cookdigital.net\/campoparatodos\/2022\/08\/06\/algodon\/guazuncho-4_perfectlyclear\/#main\" data-orig-file=\"https:\/\/i0.wp.com\/test.cookdigital.net\/campoparatodos\/wp-content\/uploads\/2022\/08\/Guazuncho-4_PerfectlyClear.jpg?fit=1600%2C756&amp;ssl=1\" data-orig-size=\"1600,756\" data-comments-opened=\"1\" data-image-meta=\"{&quot;aperture&quot;:&quot;0&quot;,&quot;credit&quot;:&quot;&quot;,&quot;camera&quot;:&quot;&quot;,&quot;caption&quot;:&quot;&quot;,&quot;created_timestamp&quot;:&quot;0&quot;,&quot;copyright&quot;:&quot;&quot;,&quot;focal_length&quot;:&quot;0&quot;,&quot;iso&quot;:&quot;0&quot;,&quot;shutter_speed&quot;:&quot;0&quot;,&quot;title&quot;:&quot;&quot;,&quot;orientation&quot;:&quot;1&quot;}\" data-image-title=\"Guazuncho 4_PerfectlyClear\" data-image-description=\"\" data-medium-file=\"https:\/\/i0.wp.com\/test.cookdigital.net\/campoparatodos\/wp-content\/uploads\/2022\/08\/Guazuncho-4_PerfectlyClear.jpg?fit=300%2C142&amp;ssl=1\" data-large-file=\"https:\/\/i0.wp.com\/test.cookdigital.net\/campoparatodos\/wp-content\/uploads\/2022\/08\/Guazuncho-4_PerfectlyClear.jpg?fit=1024%2C484&amp;ssl=1\" loading=\"lazy\" class=\"size-large wp-image-2036\" src=\"https:\/\/i0.wp.com\/www.campoparatodos.com.ar\/wp-content\/uploads\/2022\/08\/Guazuncho-4_PerfectlyClear-1024x484.jpg?resize=1024%2C484&#038;ssl=1\" alt=\"\" width=\"1024\" height=\"484\" srcset=\"https:\/\/i0.wp.com\/test.cookdigital.net\/campoparatodos\/wp-content\/uploads\/2022\/08\/Guazuncho-4_PerfectlyClear.jpg?resize=1024%2C484&amp;ssl=1 1024w, https:\/\/i0.wp.com\/test.cookdigital.net\/campoparatodos\/wp-content\/uploads\/2022\/08\/Guazuncho-4_PerfectlyClear.jpg?resize=300%2C142&amp;ssl=1 300w, https:\/\/i0.wp.com\/test.cookdigital.net\/campoparatodos\/wp-content\/uploads\/2022\/08\/Guazuncho-4_PerfectlyClear.jpg?resize=768%2C363&amp;ssl=1 768w, https:\/\/i0.wp.com\/test.cookdigital.net\/campoparatodos\/wp-content\/uploads\/2022\/08\/Guazuncho-4_PerfectlyClear.jpg?resize=1536%2C726&amp;ssl=1 1536w, https:\/\/i0.wp.com\/test.cookdigital.net\/campoparatodos\/wp-content\/uploads\/2022\/08\/Guazuncho-4_PerfectlyClear.jpg?w=1600&amp;ssl=1 1600w\" sizes=\"(max-width: 1024px) 100vw, 1024px\" data-recalc-dims=\"1\" \/><figcaption id=\"caption-attachment-2036\" class=\"wp-caption-text\">Guazuncho 4.<\/figcaption><\/figure>\n<figure id=\"attachment_2034\" aria-describedby=\"caption-attachment-2034\" style=\"width: 1014px\" class=\"wp-caption aligncenter\"><img data-attachment-id=\"2034\" data-permalink=\"https:\/\/test.cookdigital.net\/campoparatodos\/2022\/08\/06\/algodon\/guara_perfectlyclear\/#main\" data-orig-file=\"https:\/\/i2.wp.com\/test.cookdigital.net\/campoparatodos\/wp-content\/uploads\/2022\/08\/Guara_PerfectlyClear.jpg?fit=1040%2C492&amp;ssl=1\" data-orig-size=\"1040,492\" data-comments-opened=\"1\" data-image-meta=\"{&quot;aperture&quot;:&quot;0&quot;,&quot;credit&quot;:&quot;&quot;,&quot;camera&quot;:&quot;&quot;,&quot;caption&quot;:&quot;&quot;,&quot;created_timestamp&quot;:&quot;0&quot;,&quot;copyright&quot;:&quot;&quot;,&quot;focal_length&quot;:&quot;0&quot;,&quot;iso&quot;:&quot;0&quot;,&quot;shutter_speed&quot;:&quot;0&quot;,&quot;title&quot;:&quot;&quot;,&quot;orientation&quot;:&quot;1&quot;}\" data-image-title=\"Guara_PerfectlyClear\" data-image-description=\"\" data-medium-file=\"https:\/\/i2.wp.com\/test.cookdigital.net\/campoparatodos\/wp-content\/uploads\/2022\/08\/Guara_PerfectlyClear.jpg?fit=300%2C142&amp;ssl=1\" data-large-file=\"https:\/\/i2.wp.com\/test.cookdigital.net\/campoparatodos\/wp-content\/uploads\/2022\/08\/Guara_PerfectlyClear.jpg?fit=1024%2C484&amp;ssl=1\" loading=\"lazy\" class=\"size-large wp-image-2034\" src=\"https:\/\/i0.wp.com\/www.campoparatodos.com.ar\/wp-content\/uploads\/2022\/08\/Guara_PerfectlyClear-1024x484.jpg?resize=1024%2C484&#038;ssl=1\" alt=\"\" width=\"1024\" height=\"484\" srcset=\"https:\/\/i2.wp.com\/test.cookdigital.net\/campoparatodos\/wp-content\/uploads\/2022\/08\/Guara_PerfectlyClear.jpg?resize=1024%2C484&amp;ssl=1 1024w, https:\/\/i2.wp.com\/test.cookdigital.net\/campoparatodos\/wp-content\/uploads\/2022\/08\/Guara_PerfectlyClear.jpg?resize=300%2C142&amp;ssl=1 300w, https:\/\/i2.wp.com\/test.cookdigital.net\/campoparatodos\/wp-content\/uploads\/2022\/08\/Guara_PerfectlyClear.jpg?resize=768%2C363&amp;ssl=1 768w, https:\/\/i2.wp.com\/test.cookdigital.net\/campoparatodos\/wp-content\/uploads\/2022\/08\/Guara_PerfectlyClear.jpg?w=1040&amp;ssl=1 1040w\" sizes=\"(max-width: 1024px) 100vw, 1024px\" data-recalc-dims=\"1\" \/><figcaption id=\"caption-attachment-2034\" class=\"wp-caption-text\">Variedad Guaran\u00ed.<\/figcaption><\/figure>\n<figure id=\"attachment_2037\" aria-describedby=\"caption-attachment-2037\" style=\"width: 411px\" class=\"wp-caption aligncenter\"><img data-attachment-id=\"2037\" data-permalink=\"https:\/\/test.cookdigital.net\/campoparatodos\/2022\/08\/06\/algodon\/los-mm-acumuladas-y-las-precipitaciones-posteriores-a-la-siembra-del-pora\/#main\" data-orig-file=\"https:\/\/i0.wp.com\/test.cookdigital.net\/campoparatodos\/wp-content\/uploads\/2022\/08\/Los-mm-acumuladas-y-las-precipitaciones-posteriores-a-la-siembra-del-Pora.jpeg?fit=421%2C181&amp;ssl=1\" data-orig-size=\"421,181\" data-comments-opened=\"1\" data-image-meta=\"{&quot;aperture&quot;:&quot;0&quot;,&quot;credit&quot;:&quot;&quot;,&quot;camera&quot;:&quot;&quot;,&quot;caption&quot;:&quot;&quot;,&quot;created_timestamp&quot;:&quot;0&quot;,&quot;copyright&quot;:&quot;&quot;,&quot;focal_length&quot;:&quot;0&quot;,&quot;iso&quot;:&quot;0&quot;,&quot;shutter_speed&quot;:&quot;0&quot;,&quot;title&quot;:&quot;&quot;,&quot;orientation&quot;:&quot;0&quot;}\" data-image-title=\"Los mm acumuladas y las precipitaciones posteriores a la siembra del Por\u00e1\" data-image-description=\"\" data-medium-file=\"https:\/\/i0.wp.com\/test.cookdigital.net\/campoparatodos\/wp-content\/uploads\/2022\/08\/Los-mm-acumuladas-y-las-precipitaciones-posteriores-a-la-siembra-del-Pora.jpeg?fit=300%2C129&amp;ssl=1\" data-large-file=\"https:\/\/i0.wp.com\/test.cookdigital.net\/campoparatodos\/wp-content\/uploads\/2022\/08\/Los-mm-acumuladas-y-las-precipitaciones-posteriores-a-la-siembra-del-Pora.jpeg?fit=421%2C181&amp;ssl=1\" loading=\"lazy\" class=\"wp-image-2037 size-full\" src=\"https:\/\/i0.wp.com\/www.campoparatodos.com.ar\/wp-content\/uploads\/2022\/08\/Los-mm-acumuladas-y-las-precipitaciones-posteriores-a-la-siembra-del-Pora.jpeg?resize=421%2C181&#038;ssl=1\" alt=\"\" width=\"421\" height=\"181\" srcset=\"https:\/\/i0.wp.com\/test.cookdigital.net\/campoparatodos\/wp-content\/uploads\/2022\/08\/Los-mm-acumuladas-y-las-precipitaciones-posteriores-a-la-siembra-del-Pora.jpeg?w=421&amp;ssl=1 421w, https:\/\/i0.wp.com\/test.cookdigital.net\/campoparatodos\/wp-content\/uploads\/2022\/08\/Los-mm-acumuladas-y-las-precipitaciones-posteriores-a-la-siembra-del-Pora.jpeg?resize=300%2C129&amp;ssl=1 300w\" sizes=\"(max-width: 421px) 100vw, 421px\" data-recalc-dims=\"1\" \/><figcaption id=\"caption-attachment-2037\" class=\"wp-caption-text\">Los mm acumuladas y las precipitaciones posteriores a la siembra del Por\u00e1.<\/figcaption><\/figure>\n<p>En cuanto a plagas, al igual que el a\u00f1o pasado, no hubo grandes problemas. Los cultivos finalizaron con 3 a 4 aplicaciones en promedio. El picudo algodonero se present\u00f3 en un n\u00famero muy reducido en relaci\u00f3n con otras campa\u00f1as y sin impacto en cuanto al da\u00f1o econ\u00f3mico. Evidentemente, las condiciones de altas temperaturas extendidas hasta fines de febrero y las bajas precipitaciones registradas (humedades relativas por debajo de lo normal) tambi\u00e9n lo afectaron. El ingreso del picudo se present\u00f3 a partir de abril y en estos momentos comienza a migrar hacia los refugios. Este ingreso tard\u00edo favoreci\u00f3 a las siembras tard\u00edas, porque de haberse presentado en febrero hubiese sido muy complicado sostener el cultivo y minimizar su impacto econ\u00f3mico en la producci\u00f3n debido a las m\u00faltiples aplicaciones para combatirlo. Por este motivo, es fundamental que los productores destruyan los rastrojos y esto se transforme en una pr\u00e1ctica habitual y rutinaria para lograr evitar multiplicaciones tempranas de su poblaci\u00f3n\u201d.<\/p>\n<figure id=\"attachment_2033\" aria-describedby=\"caption-attachment-2033\" style=\"width: 744px\" class=\"wp-caption aligncenter\"><img data-attachment-id=\"2033\" data-permalink=\"https:\/\/test.cookdigital.net\/campoparatodos\/2022\/08\/06\/algodon\/grafica-de-picudo\/#main\" data-orig-file=\"https:\/\/i2.wp.com\/test.cookdigital.net\/campoparatodos\/wp-content\/uploads\/2022\/08\/grafica-de-picudo.jpeg?fit=754%2C486&amp;ssl=1\" data-orig-size=\"754,486\" data-comments-opened=\"1\" data-image-meta=\"{&quot;aperture&quot;:&quot;0&quot;,&quot;credit&quot;:&quot;&quot;,&quot;camera&quot;:&quot;&quot;,&quot;caption&quot;:&quot;&quot;,&quot;created_timestamp&quot;:&quot;0&quot;,&quot;copyright&quot;:&quot;&quot;,&quot;focal_length&quot;:&quot;0&quot;,&quot;iso&quot;:&quot;0&quot;,&quot;shutter_speed&quot;:&quot;0&quot;,&quot;title&quot;:&quot;&quot;,&quot;orientation&quot;:&quot;0&quot;}\" data-image-title=\"grafica de picudo\" data-image-description=\"\" data-medium-file=\"https:\/\/i2.wp.com\/test.cookdigital.net\/campoparatodos\/wp-content\/uploads\/2022\/08\/grafica-de-picudo.jpeg?fit=300%2C193&amp;ssl=1\" data-large-file=\"https:\/\/i2.wp.com\/test.cookdigital.net\/campoparatodos\/wp-content\/uploads\/2022\/08\/grafica-de-picudo.jpeg?fit=754%2C486&amp;ssl=1\" loading=\"lazy\" class=\"size-full wp-image-2033\" src=\"https:\/\/i2.wp.com\/www.campoparatodos.com.ar\/wp-content\/uploads\/2022\/08\/grafica-de-picudo.jpeg?resize=754%2C486&#038;ssl=1\" alt=\"\" width=\"754\" height=\"486\" srcset=\"https:\/\/i2.wp.com\/test.cookdigital.net\/campoparatodos\/wp-content\/uploads\/2022\/08\/grafica-de-picudo.jpeg?w=754&amp;ssl=1 754w, https:\/\/i2.wp.com\/test.cookdigital.net\/campoparatodos\/wp-content\/uploads\/2022\/08\/grafica-de-picudo.jpeg?resize=300%2C193&amp;ssl=1 300w\" sizes=\"(max-width: 754px) 100vw, 754px\" data-recalc-dims=\"1\" \/><figcaption id=\"caption-attachment-2033\" class=\"wp-caption-text\">Presencia de picudo en la Zona IV.<\/figcaption><\/figure>\n<p><em><strong>Uso del agua de riego y suelos<\/strong><\/em><\/p>\n<p>\u201cEl agua es un recurso fundamental para desarrollar el cultivo de algod\u00f3n en nuestra zona y lograr rendimientos estables y cercanos a los potenciales. Las precipitaciones normalmente alcanzan los 550 mm anuales y no logran satisfacer las necesidades del cultivo debido a que se presentan de manera dispersa. Por ello, es clave contar con el agua de riego del sistema del R\u00edo Dulce en el momento adecuado y en la cantidad necesaria. El dialogo entre los productores, los gestores administradores del sistema y el gobierno es fundamental. A su vez cada productor deber\u00eda apuntar a mejorar sus lotes aplicando mejores pr\u00e1cticas como la nivelaci\u00f3n de sus tierras, controlar las l\u00e1minas aplicadas para evitar los desperdicios de agua y cuidar el suelo de la salinizaci\u00f3n y el encharcamiento excesivo, poniendo as\u00ed en valor el recurso limitante que es el agua de riego. Tambi\u00e9n, tender a realizar rotaciones de cultivos, aplicaci\u00f3n de fertilizantes, cultivos de servicios para mejorar la salud de los suelos y elevar as\u00ed su productividad. Es de suma importancia dejar atr\u00e1s el monocultivo de algod\u00f3n para poder empezar a adoptar nuevas t\u00e9cnicas de manejo, como las antes mencionadas\u201d.<\/p>\n<p><img data-attachment-id=\"922\" data-permalink=\"https:\/\/test.cookdigital.net\/campoparatodos\/2020\/07\/29\/aplicando-nuestro-protocolo-tuvimos-50-menos-picudo-que-la-campana-anterior\/cpt-template-37\/#main\" data-orig-file=\"https:\/\/i0.wp.com\/test.cookdigital.net\/campoparatodos\/wp-content\/uploads\/2020\/07\/algo2.jpg?fit=656%2C492&amp;ssl=1\" data-orig-size=\"656,492\" data-comments-opened=\"1\" data-image-meta=\"{&quot;aperture&quot;:&quot;0&quot;,&quot;credit&quot;:&quot;carlos&quot;,&quot;camera&quot;:&quot;&quot;,&quot;caption&quot;:&quot;cpt-template&quot;,&quot;created_timestamp&quot;:&quot;1595880560&quot;,&quot;copyright&quot;:&quot;&quot;,&quot;focal_length&quot;:&quot;0&quot;,&quot;iso&quot;:&quot;0&quot;,&quot;shutter_speed&quot;:&quot;0&quot;,&quot;title&quot;:&quot;cpt-template&quot;,&quot;orientation&quot;:&quot;0&quot;}\" data-image-title=\"cpt-template\" data-image-description=\"\" data-medium-file=\"https:\/\/i0.wp.com\/test.cookdigital.net\/campoparatodos\/wp-content\/uploads\/2020\/07\/algo2.jpg?fit=300%2C225&amp;ssl=1\" data-large-file=\"https:\/\/i0.wp.com\/test.cookdigital.net\/campoparatodos\/wp-content\/uploads\/2020\/07\/algo2.jpg?fit=656%2C492&amp;ssl=1\" loading=\"lazy\" class=\"size-full wp-image-922\" src=\"https:\/\/i2.wp.com\/www.campoparatodos.com.ar\/wp-content\/uploads\/2020\/07\/algo2.jpg?resize=656%2C492&#038;ssl=1\" alt=\"\" width=\"656\" height=\"492\" srcset=\"https:\/\/i0.wp.com\/test.cookdigital.net\/campoparatodos\/wp-content\/uploads\/2020\/07\/algo2.jpg?w=656&amp;ssl=1 656w, https:\/\/i0.wp.com\/test.cookdigital.net\/campoparatodos\/wp-content\/uploads\/2020\/07\/algo2.jpg?resize=300%2C225&amp;ssl=1 300w\" sizes=\"(max-width: 656px) 100vw, 656px\" data-recalc-dims=\"1\" \/><\/p>\n<h2><strong>Requerimientos de agua del cultivo de algod\u00f3n<\/strong><\/h2>\n<figure id=\"attachment_2039\" aria-describedby=\"caption-attachment-2039\" style=\"width: 672px\" class=\"wp-caption aligncenter\"><img data-attachment-id=\"2039\" data-permalink=\"https:\/\/test.cookdigital.net\/campoparatodos\/2022\/08\/06\/algodon\/riego\/#main\" data-orig-file=\"https:\/\/i1.wp.com\/test.cookdigital.net\/campoparatodos\/wp-content\/uploads\/2022\/08\/riego.jpeg?fit=682%2C469&amp;ssl=1\" data-orig-size=\"682,469\" data-comments-opened=\"1\" data-image-meta=\"{&quot;aperture&quot;:&quot;0&quot;,&quot;credit&quot;:&quot;&quot;,&quot;camera&quot;:&quot;&quot;,&quot;caption&quot;:&quot;&quot;,&quot;created_timestamp&quot;:&quot;0&quot;,&quot;copyright&quot;:&quot;&quot;,&quot;focal_length&quot;:&quot;0&quot;,&quot;iso&quot;:&quot;0&quot;,&quot;shutter_speed&quot;:&quot;0&quot;,&quot;title&quot;:&quot;&quot;,&quot;orientation&quot;:&quot;0&quot;}\" data-image-title=\"riego\" data-image-description=\"\" data-medium-file=\"https:\/\/i1.wp.com\/test.cookdigital.net\/campoparatodos\/wp-content\/uploads\/2022\/08\/riego.jpeg?fit=300%2C206&amp;ssl=1\" data-large-file=\"https:\/\/i1.wp.com\/test.cookdigital.net\/campoparatodos\/wp-content\/uploads\/2022\/08\/riego.jpeg?fit=682%2C469&amp;ssl=1\" loading=\"lazy\" class=\"wp-image-2039 size-full\" src=\"https:\/\/i2.wp.com\/www.campoparatodos.com.ar\/wp-content\/uploads\/2022\/08\/riego.jpeg?resize=682%2C469&#038;ssl=1\" alt=\"\" width=\"682\" height=\"469\" srcset=\"https:\/\/i1.wp.com\/test.cookdigital.net\/campoparatodos\/wp-content\/uploads\/2022\/08\/riego.jpeg?w=682&amp;ssl=1 682w, https:\/\/i1.wp.com\/test.cookdigital.net\/campoparatodos\/wp-content\/uploads\/2022\/08\/riego.jpeg?resize=300%2C206&amp;ssl=1 300w\" sizes=\"(max-width: 682px) 100vw, 682px\" data-recalc-dims=\"1\" \/><figcaption id=\"caption-attachment-2039\" class=\"wp-caption-text\">Fuente: Ing. Ramiro Salgado. INTA SE<\/figcaption><\/figure>\n<p>En el gr\u00e1fico se aprecian en las barras rojas las precipitaciones de los meses del ciclo del cultivo. Mientras que en la l\u00ednea celeste las lluvias acumuladas de los \u00faltimos 20 a\u00f1os. Las l\u00edneas amarilla y verde son los consumos que tiene el cultivo.<\/p>\n<p><img data-attachment-id=\"2043\" data-permalink=\"https:\/\/test.cookdigital.net\/campoparatodos\/2022\/08\/06\/algodon\/sequeira1_perfectlyclear\/#main\" data-orig-file=\"https:\/\/i2.wp.com\/test.cookdigital.net\/campoparatodos\/wp-content\/uploads\/2022\/08\/sequeira1_PerfectlyClear.jpg?fit=774%2C1032&amp;ssl=1\" data-orig-size=\"774,1032\" data-comments-opened=\"1\" data-image-meta=\"{&quot;aperture&quot;:&quot;0&quot;,&quot;credit&quot;:&quot;&quot;,&quot;camera&quot;:&quot;&quot;,&quot;caption&quot;:&quot;&quot;,&quot;created_timestamp&quot;:&quot;0&quot;,&quot;copyright&quot;:&quot;&quot;,&quot;focal_length&quot;:&quot;0&quot;,&quot;iso&quot;:&quot;0&quot;,&quot;shutter_speed&quot;:&quot;0&quot;,&quot;title&quot;:&quot;&quot;,&quot;orientation&quot;:&quot;1&quot;}\" data-image-title=\"sequeira1_PerfectlyClear\" data-image-description=\"\" data-medium-file=\"https:\/\/i2.wp.com\/test.cookdigital.net\/campoparatodos\/wp-content\/uploads\/2022\/08\/sequeira1_PerfectlyClear.jpg?fit=225%2C300&amp;ssl=1\" data-large-file=\"https:\/\/i2.wp.com\/test.cookdigital.net\/campoparatodos\/wp-content\/uploads\/2022\/08\/sequeira1_PerfectlyClear.jpg?fit=768%2C1024&amp;ssl=1\" loading=\"lazy\" class=\"aligncenter size-large wp-image-2043\" src=\"https:\/\/i1.wp.com\/www.campoparatodos.com.ar\/wp-content\/uploads\/2022\/08\/sequeira1_PerfectlyClear-768x1024.jpg?resize=768%2C1024&#038;ssl=1\" alt=\"\" width=\"768\" height=\"1024\" srcset=\"https:\/\/i2.wp.com\/test.cookdigital.net\/campoparatodos\/wp-content\/uploads\/2022\/08\/sequeira1_PerfectlyClear.jpg?resize=768%2C1024&amp;ssl=1 768w, https:\/\/i2.wp.com\/test.cookdigital.net\/campoparatodos\/wp-content\/uploads\/2022\/08\/sequeira1_PerfectlyClear.jpg?resize=225%2C300&amp;ssl=1 225w, https:\/\/i2.wp.com\/test.cookdigital.net\/campoparatodos\/wp-content\/uploads\/2022\/08\/sequeira1_PerfectlyClear.jpg?w=774&amp;ssl=1 774w\" sizes=\"(max-width: 768px) 100vw, 768px\" data-recalc-dims=\"1\" \/><br \/>\nSi analizamos, el promedio de los 20 a\u00f1os las precipitaciones acompa\u00f1an a la mitad del agua que consume el algod\u00f3n, por lo cual se demuestra que es muy necesario que tengamos la intervenci\u00f3n del servicio del agua de riego, para poder cubrir las necesidades de la planta.<br \/>\nSi vemos que la siembra de octubre tiene su pico de consumo en diciembre y la de noviembre es en enero. Por eso en las siembras tempranas dependemos solo del riego por los picos de consumo que tiene.<\/p>\n<p><img data-attachment-id=\"1993\" data-permalink=\"https:\/\/test.cookdigital.net\/campoparatodos\/2022\/07\/20\/graves-danos-en-el-algodon-por-efecto-de-derivas-de-24-d\/auspiciantes-algodon\/#main\" data-orig-file=\"https:\/\/i1.wp.com\/test.cookdigital.net\/campoparatodos\/wp-content\/uploads\/2022\/07\/auspiciantes-algodon.jpg?fit=1131%2C1634&amp;ssl=1\" data-orig-size=\"1131,1634\" data-comments-opened=\"1\" data-image-meta=\"{&quot;aperture&quot;:&quot;0&quot;,&quot;credit&quot;:&quot;carlos&quot;,&quot;camera&quot;:&quot;&quot;,&quot;caption&quot;:&quot;&quot;,&quot;created_timestamp&quot;:&quot;1658319827&quot;,&quot;copyright&quot;:&quot;&quot;,&quot;focal_length&quot;:&quot;0&quot;,&quot;iso&quot;:&quot;0&quot;,&quot;shutter_speed&quot;:&quot;0&quot;,&quot;title&quot;:&quot;&quot;,&quot;orientation&quot;:&quot;0&quot;}\" data-image-title=\"auspiciantes algodon\" data-image-description=\"\" data-medium-file=\"https:\/\/i1.wp.com\/test.cookdigital.net\/campoparatodos\/wp-content\/uploads\/2022\/07\/auspiciantes-algodon.jpg?fit=208%2C300&amp;ssl=1\" data-large-file=\"https:\/\/i1.wp.com\/test.cookdigital.net\/campoparatodos\/wp-content\/uploads\/2022\/07\/auspiciantes-algodon.jpg?fit=709%2C1024&amp;ssl=1\" loading=\"lazy\" class=\"aligncenter size-large wp-image-1993\" src=\"https:\/\/i1.wp.com\/www.campoparatodos.com.ar\/wp-content\/uploads\/2022\/07\/auspiciantes-algodon-709x1024.jpg?resize=709%2C1024&#038;ssl=1\" alt=\"\" width=\"709\" height=\"1024\" srcset=\"https:\/\/i1.wp.com\/test.cookdigital.net\/campoparatodos\/wp-content\/uploads\/2022\/07\/auspiciantes-algodon.jpg?resize=709%2C1024&amp;ssl=1 709w, https:\/\/i1.wp.com\/test.cookdigital.net\/campoparatodos\/wp-content\/uploads\/2022\/07\/auspiciantes-algodon.jpg?resize=208%2C300&amp;ssl=1 208w, https:\/\/i1.wp.com\/test.cookdigital.net\/campoparatodos\/wp-content\/uploads\/2022\/07\/auspiciantes-algodon.jpg?resize=768%2C1110&amp;ssl=1 768w, https:\/\/i1.wp.com\/test.cookdigital.net\/campoparatodos\/wp-content\/uploads\/2022\/07\/auspiciantes-algodon.jpg?resize=1063%2C1536&amp;ssl=1 1063w, https:\/\/i1.wp.com\/test.cookdigital.net\/campoparatodos\/wp-content\/uploads\/2022\/07\/auspiciantes-algodon.jpg?w=1131&amp;ssl=1 1131w\" sizes=\"(max-width: 709px) 100vw, 709px\" data-recalc-dims=\"1\" \/><\/p>\n<p>Publicado en Revista Campo para Todos N\u00b0 172<\/p>\n<p>Autor: Carlos F. Hamann<\/p>\n","protected":false},"excerpt":{"rendered":"<p>Finaliza una dura campa\u00f1a 21\/22 en el \u00e1rea de riego Finaliza la campa\u00f1a algodonera 2021-2022 en el \u00e1rea de riego del R\u00edo Dulce, con grandes inconvenientes clim\u00e1ticos y errores humanos que se deber\u00e1n corregir. Conversamos con el Ing. Agr. Carlos Mitre para que nos cuente sus apreciaciones sobre la misma.<\/p>\n","protected":false},"author":1,"featured_media":0,"comment_status":"closed","ping_status":"open","sticky":false,"template":"","format":"standard","meta":{"spay_email":"","jetpack_publicize_message":"","jetpack_is_tweetstorm":false},"categories":[7,3,4],"tags":[52,54],"jetpack_featured_media_url":"","jetpack_publicize_connections":[],"jetpack_sharing_enabled":true,"jetpack_shortlink":"https:\/\/wp.me\/s9m0DJ-algodon","jetpack_likes_enabled":true,"jetpack-related-posts":[{"id":2298,"url":"https:\/\/test.cookdigital.net\/campoparatodos\/2023\/01\/23\/algodon-22-23-como-inicio-la-campana-en-el-area-de-riego-del-rio-dulce\/","url_meta":{"origin":2028,"position":0},"title":"Algod\u00f3n 22\/23. \u00bfC\u00f3mo inici\u00f3 la campa\u00f1a en el \u00e1rea de riego del R\u00edo Dulce?","date":"enero 23, 2023","format":false,"excerpt":"A pesar de todos los inconvenientes clim\u00e1ticos, la campa\u00f1a algodonera en el \u00e1rea de riego del R\u00edo Dulce est\u00e1 en marcha. Para conocer a fondo la situaci\u00f3n y mantener informada a toda la sociedad, Revista Campo para Todos solicit\u00f3 informaci\u00f3n a tres especialistas en el cultivo industrial m\u00e1s importante de\u2026","rel":"","context":"En \u00abAgricultura\u00bb","img":{"alt_text":"","src":"https:\/\/i1.wp.com\/www.campoparatodos.com.ar\/wp-content\/uploads\/2023\/01\/WhatsApp-Image-2022-12-30-at-12.40.38_PerfectlyClear-1024x484.jpg?resize=350%2C200&ssl=1","width":350,"height":200},"classes":[]},{"id":1438,"url":"https:\/\/test.cookdigital.net\/campoparatodos\/2021\/06\/28\/cierre-de-campana-algodonera-en-el-area-de-riego-del-rio-dulce\/","url_meta":{"origin":2028,"position":1},"title":"Cierre de campa\u00f1a algodonera en el \u00e1rea de riego del R\u00edo Dulce","date":"junio 28, 2021","format":false,"excerpt":"En estos \u00faltimos a\u00f1os la provincia de Santiago del Estero, se ha convertido en la principal productora de algod\u00f3n de Argentina. Desde revista Campo para Todos acompa\u00f1amos el desarrollo de la presente campa\u00f1a. Para cerrar el a\u00f1o le pedimos al Ing. Agr. Carlos Mitre que nos conteste el cuestionario que\u2026","rel":"","context":"En \u00abAgricultura\u00bb","img":{"alt_text":"","src":"https:\/\/i0.wp.com\/www.campoparatodos.com.ar\/wp-content\/uploads\/2021\/06\/algodon-mitre1_PerfectlyClear-1024x484.jpg?resize=350%2C200&ssl=1","width":350,"height":200},"classes":[]},{"id":897,"url":"https:\/\/test.cookdigital.net\/campoparatodos\/2020\/07\/27\/resumen-de-la-campana-algodonera-en-el-area-de-riego-del-rio-dulce\/","url_meta":{"origin":2028,"position":2},"title":"Resumen de la campa\u00f1a algodonera en el \u00e1rea de Riego del R\u00edo Dulce","date":"julio 27, 2020","format":false,"excerpt":"A\u00f1o tras a\u00f1o el picudo hace presencia firme en la zona de riego, por lo que productivamente buscamos concentrar la fecha de siembra para evitar ataques en los momentos donde la curva de presencia del insecto en el cultivo es m\u00e1s alta. Se pens\u00f3 mucho en la presencia de picudo\u2026","rel":"","context":"En \u00abAgricultura\u00bb","img":{"alt_text":"","src":"https:\/\/i1.wp.com\/www.campoparatodos.com.ar\/wp-content\/uploads\/2020\/07\/picudi.jpg?resize=350%2C200&ssl=1","width":350,"height":200},"classes":[]},{"id":1268,"url":"https:\/\/test.cookdigital.net\/campoparatodos\/2021\/03\/25\/campana-algodonera-20-21-en-el-area-de-riego-del-rio-dulce\/","url_meta":{"origin":2028,"position":3},"title":"Campa\u00f1a algodonera 20\/21 en el \u00e1rea de riego del R\u00edo Dulce","date":"marzo 25, 2021","format":false,"excerpt":"El Ingeniero Agr\u00f3nomo Carlos Mitre nos cuenta sus experiencias en la presente campa\u00f1a algodonera del \u00e1rea de riego del R\u00edo Dulce. Antes del comienzo de esta campa\u00f1a, sab\u00edamos que ser\u00eda un desaf\u00edo importante, debido a la falta de agua en el Dique. Cont\u00e1bamos con la posibilidad de un solo turno\u2026","rel":"","context":"En \u00abAgricultura\u00bb","img":{"alt_text":"","src":"https:\/\/i0.wp.com\/www.campoparatodos.com.ar\/wp-content\/uploads\/2021\/03\/WhatsApp-Image-2021-03-08-at-14.13.40_PerfectlyClear-484x1024.jpg?resize=350%2C200&ssl=1","width":350,"height":200},"classes":[]},{"id":2207,"url":"https:\/\/test.cookdigital.net\/campoparatodos\/2022\/11\/04\/la-campana-algodonera-pinta-bien\/","url_meta":{"origin":2028,"position":4},"title":"La campa\u00f1a algodonera pinta bien","date":"noviembre 4, 2022","format":false,"excerpt":"Entrevista al especialista y referente en el cultivo de Algod\u00f3n, Ing. Mario Mondino, para que nos de su visi\u00f3n sobre la campa\u00f1a algodonera que se inicia. Lanzada ya la campa\u00f1a de algod\u00f3n, en el \u00e1rea de riego, con el riego largado. La campa\u00f1a, al menos en comentarios aparece como buena,\u2026","rel":"","context":"En \u00abAgricultura\u00bb","img":{"alt_text":"","src":"https:\/\/i0.wp.com\/www.campoparatodos.com.ar\/wp-content\/uploads\/2022\/11\/IMG_3517_PerfectlyClear-1024x682.jpg?resize=350%2C200&ssl=1","width":350,"height":200},"classes":[]},{"id":2237,"url":"https:\/\/test.cookdigital.net\/campoparatodos\/2022\/12\/05\/riego-en-algodon\/","url_meta":{"origin":2028,"position":5},"title":"Riego en Algod\u00f3n","date":"diciembre 5, 2022","format":false,"excerpt":"Nuestro sistema de riego no permite acompa\u00f1ar la necesidad de agua en el cultivo de algod\u00f3n. Entrevistamos al Ing. Gabriel Angella, t\u00e9cnico del INTA Santiago del Estero, quien dio una charla en la 13\u00b0 Jornada de Fertirriego y Manejo del Agua. Angella habl\u00f3 sobre un tema que preocupa a los\u2026","rel":"","context":"En \u00abAgricultura\u00bb","img":{"alt_text":"","src":"https:\/\/i1.wp.com\/www.campoparatodos.com.ar\/wp-content\/uploads\/2022\/12\/IMG_4035_PerfectlyClear-1024x682.jpg?resize=350%2C200&ssl=1","width":350,"height":200},"classes":[]}],"_links":{"self":[{"href":"https:\/\/test.cookdigital.net\/campoparatodos\/wp-json\/wp\/v2\/posts\/2028"}],"collection":[{"href":"https:\/\/test.cookdigital.net\/campoparatodos\/wp-json\/wp\/v2\/posts"}],"about":[{"href":"https:\/\/test.cookdigital.net\/campoparatodos\/wp-json\/wp\/v2\/types\/post"}],"author":[{"embeddable":true,"href":"https:\/\/test.cookdigital.net\/campoparatodos\/wp-json\/wp\/v2\/users\/1"}],"replies":[{"embeddable":true,"href":"https:\/\/test.cookdigital.net\/campoparatodos\/wp-json\/wp\/v2\/comments?post=2028"}],"version-history":[{"count":3,"href":"https:\/\/test.cookdigital.net\/campoparatodos\/wp-json\/wp\/v2\/posts\/2028\/revisions"}],"predecessor-version":[{"id":2044,"href":"https:\/\/test.cookdigital.net\/campoparatodos\/wp-json\/wp\/v2\/posts\/2028\/revisions\/2044"}],"wp:attachment":[{"href":"https:\/\/test.cookdigital.net\/campoparatodos\/wp-json\/wp\/v2\/media?parent=2028"}],"wp:term":[{"taxonomy":"category","embeddable":true,"href":"https:\/\/test.cookdigital.net\/campoparatodos\/wp-json\/wp\/v2\/categories?post=2028"},{"taxonomy":"post_tag","embeddable":true,"href":"https:\/\/test.cookdigital.net\/campoparatodos\/wp-json\/wp\/v2\/tags?post=2028"}],"curies":[{"name":"wp","href":"https:\/\/api.w.org\/{rel}","templated":true}]}}