{"id":1988,"date":"2022-07-20T15:33:08","date_gmt":"2022-07-20T15:33:08","guid":{"rendered":"https:\/\/www.campoparatodos.com.ar\/?p=1988"},"modified":"2022-07-20T15:33:08","modified_gmt":"2022-07-20T15:33:08","slug":"graves-danos-en-el-algodon-por-efecto-de-derivas-de-24-d","status":"publish","type":"post","link":"https:\/\/test.cookdigital.net\/campoparatodos\/2022\/07\/20\/graves-danos-en-el-algodon-por-efecto-de-derivas-de-24-d\/","title":{"rendered":"Graves da\u00f1os en el algod\u00f3n por efecto de derivas de 2,4-D"},"content":{"rendered":"<h3><strong>Un problema sin soluci\u00f3n que se repite a\u00f1o tras a\u00f1o<\/strong><\/h3>\n<p>Por: <strong>Ing. Agr. (MSc.) Mario Mondino<\/strong><\/p>\n<p>En una reciente gira por la regi\u00f3n productora de secano de algod\u00f3n que abarc\u00f3 cerca de 60.000 has se detect\u00f3 personalmente y en consultas con productores y profesionales de la agronom\u00eda, que el principal problema que hoy compromete la producci\u00f3n del algod\u00f3n en Santiago del Estero, son los da\u00f1os que ocasionan herbicidas hormonales aplicados sin ning\u00fan tipo de recaudos agron\u00f3micos sobre lotes vecinos a los sembrados con algod\u00f3n, para el combate de malezas de hoja ancha en cultivos de gram\u00edneas, lo cual se ha exacerbado en esta campa\u00f1a 2021-22 con una importante superficie sembrada con soja resistente a 2,4-D, en muchos casos con semillas de \u201cextra\u00f1a\u201d procedencia.<\/p>\n<p><img data-attachment-id=\"1991\" data-permalink=\"https:\/\/test.cookdigital.net\/campoparatodos\/2022\/07\/20\/graves-danos-en-el-algodon-por-efecto-de-derivas-de-24-d\/24da_perfectlyclear\/#main\" data-orig-file=\"https:\/\/i0.wp.com\/test.cookdigital.net\/campoparatodos\/wp-content\/uploads\/2022\/07\/24dA_PerfectlyClear.jpg?fit=1280%2C960&amp;ssl=1\" data-orig-size=\"1280,960\" data-comments-opened=\"1\" data-image-meta=\"{&quot;aperture&quot;:&quot;0&quot;,&quot;credit&quot;:&quot;&quot;,&quot;camera&quot;:&quot;&quot;,&quot;caption&quot;:&quot;&quot;,&quot;created_timestamp&quot;:&quot;0&quot;,&quot;copyright&quot;:&quot;&quot;,&quot;focal_length&quot;:&quot;0&quot;,&quot;iso&quot;:&quot;0&quot;,&quot;shutter_speed&quot;:&quot;0&quot;,&quot;title&quot;:&quot;&quot;,&quot;orientation&quot;:&quot;1&quot;}\" data-image-title=\"24dA_PerfectlyClear\" data-image-description=\"\" data-medium-file=\"https:\/\/i0.wp.com\/test.cookdigital.net\/campoparatodos\/wp-content\/uploads\/2022\/07\/24dA_PerfectlyClear.jpg?fit=300%2C225&amp;ssl=1\" data-large-file=\"https:\/\/i0.wp.com\/test.cookdigital.net\/campoparatodos\/wp-content\/uploads\/2022\/07\/24dA_PerfectlyClear.jpg?fit=1024%2C768&amp;ssl=1\" loading=\"lazy\" class=\"aligncenter size-large wp-image-1991\" src=\"https:\/\/i0.wp.com\/www.campoparatodos.com.ar\/wp-content\/uploads\/2022\/07\/24dA_PerfectlyClear-1024x768.jpg?resize=1024%2C768&#038;ssl=1\" alt=\"\" width=\"1024\" height=\"768\" srcset=\"https:\/\/i0.wp.com\/test.cookdigital.net\/campoparatodos\/wp-content\/uploads\/2022\/07\/24dA_PerfectlyClear.jpg?resize=1024%2C768&amp;ssl=1 1024w, https:\/\/i0.wp.com\/test.cookdigital.net\/campoparatodos\/wp-content\/uploads\/2022\/07\/24dA_PerfectlyClear.jpg?resize=300%2C225&amp;ssl=1 300w, https:\/\/i0.wp.com\/test.cookdigital.net\/campoparatodos\/wp-content\/uploads\/2022\/07\/24dA_PerfectlyClear.jpg?resize=768%2C576&amp;ssl=1 768w, https:\/\/i0.wp.com\/test.cookdigital.net\/campoparatodos\/wp-content\/uploads\/2022\/07\/24dA_PerfectlyClear.jpg?w=1280&amp;ssl=1 1280w\" sizes=\"(max-width: 1024px) 100vw, 1024px\" data-recalc-dims=\"1\" \/><\/p>\n<p><!--more--><\/p>\n<p>El 100% de los productores y t\u00e9cnicos consultados en todo el secano santiague\u00f1o desde Pampa de los Guanacos y Sachayoj al norte hasta Pinto, Malbran, Los Juries y Bandera al sur, han manifestado que sus cultivos de algod\u00f3n han sufrido por lo menos una deriva, pero en numerosos casos tambi\u00e9n recibieron dos y hasta tres episodios de deriva, los cuales han tenido un impacto directo sobre la producci\u00f3n, a lo que se sum\u00f3 el efecto combinado de altas temperaturas y de una sequ\u00eda prolongada.<\/p>\n<p>El algod\u00f3n es extremadamente sensible a los herbicidas hormonales, por lo que peque\u00f1as cantidades de estos herbicidas pueden llegar a ocasionar da\u00f1os en el cultivo. El grado de da\u00f1o es proporcional a la cantidad de herbicida que llega a la planta y a la etapa de desarrollo en que se encuentra la planta de algod\u00f3n. La mayor\u00eda de las plantas que absorben, incluso una cantidad muy peque\u00f1a del qu\u00edmico, mostrar\u00e1n los s\u00edntomas sobre las hojas despu\u00e9s de un corto per\u00edodo de tiempo. Si bien los primeros s\u00edntomas pueden observarse a los 2 a 3 d\u00edas despu\u00e9s de realizada la aplicaci\u00f3n en los cultivos vecinos, los s\u00edntomas plenos del da\u00f1o sobre la hoja van a aparecer en toda su dimensi\u00f3n, aproximadamente una semana despu\u00e9s.<\/p>\n<p>Cuando la afecci\u00f3n es relativamente baja, y la planta se encuentra en etapas vegetativas, se logra una adecuada recuperaci\u00f3n con aplicaciones foliares de diversos fertilizantes org\u00e1nicos y minerales, siempre y cuando exista humedad en el suelo.<\/p>\n<p>A partir de pimpollado y a medida que avanza el per\u00edodo reproductivo, la incidencia sobre el rendimiento es mayor hasta aproximadamente la segunda semana de floraci\u00f3n, a partir de la cual, los da\u00f1os permanentes comienzan a disminuir gradualmente.<\/p>\n<p><img data-attachment-id=\"1992\" data-permalink=\"https:\/\/test.cookdigital.net\/campoparatodos\/2022\/07\/20\/graves-danos-en-el-algodon-por-efecto-de-derivas-de-24-d\/24d_perfectlyclear\/#main\" data-orig-file=\"https:\/\/i0.wp.com\/test.cookdigital.net\/campoparatodos\/wp-content\/uploads\/2022\/07\/24D_PerfectlyClear.jpg?fit=700%2C933&amp;ssl=1\" data-orig-size=\"700,933\" data-comments-opened=\"1\" data-image-meta=\"{&quot;aperture&quot;:&quot;0&quot;,&quot;credit&quot;:&quot;&quot;,&quot;camera&quot;:&quot;&quot;,&quot;caption&quot;:&quot;&quot;,&quot;created_timestamp&quot;:&quot;0&quot;,&quot;copyright&quot;:&quot;&quot;,&quot;focal_length&quot;:&quot;0&quot;,&quot;iso&quot;:&quot;0&quot;,&quot;shutter_speed&quot;:&quot;0&quot;,&quot;title&quot;:&quot;&quot;,&quot;orientation&quot;:&quot;1&quot;}\" data-image-title=\"24D_PerfectlyClear\" data-image-description=\"\" data-medium-file=\"https:\/\/i0.wp.com\/test.cookdigital.net\/campoparatodos\/wp-content\/uploads\/2022\/07\/24D_PerfectlyClear.jpg?fit=225%2C300&amp;ssl=1\" data-large-file=\"https:\/\/i0.wp.com\/test.cookdigital.net\/campoparatodos\/wp-content\/uploads\/2022\/07\/24D_PerfectlyClear.jpg?fit=700%2C933&amp;ssl=1\" loading=\"lazy\" class=\"aligncenter size-full wp-image-1992\" src=\"https:\/\/i2.wp.com\/www.campoparatodos.com.ar\/wp-content\/uploads\/2022\/07\/24D_PerfectlyClear.jpg?resize=700%2C933&#038;ssl=1\" alt=\"\" width=\"700\" height=\"933\" srcset=\"https:\/\/i0.wp.com\/test.cookdigital.net\/campoparatodos\/wp-content\/uploads\/2022\/07\/24D_PerfectlyClear.jpg?w=700&amp;ssl=1 700w, https:\/\/i0.wp.com\/test.cookdigital.net\/campoparatodos\/wp-content\/uploads\/2022\/07\/24D_PerfectlyClear.jpg?resize=225%2C300&amp;ssl=1 225w\" sizes=\"(max-width: 700px) 100vw, 700px\" data-recalc-dims=\"1\" \/><\/p>\n<p>La rapidez con que las plantas se recuperan de los efectos del 2,4-D depende probablemente de la velocidad del crecimiento y de la cantidad de 2,4-D derivado que llega a la planta. Con dosis que no producen la cesaci\u00f3n del crecimiento del tallo principal, cuanto m\u00e1s vigoroso es el crecimiento, m\u00e1s r\u00e1pida es la recuperaci\u00f3n. Si el crecimiento de la planta es limitado por factores ambientales como los que describimos anteriormente, los s\u00edntomas de deformaci\u00f3n pueden extenderse por un largo per\u00edodo e inclusive ocurrir que la planta no se recupere nunca.<\/p>\n<p>La gran mayor\u00eda de los da\u00f1os en esta campa\u00f1a algodonera, ocurrieron desde mediados de noviembre hasta fines de diciembre, afectando los cultivos de algod\u00f3n en diferentes momentos fenol\u00f3gicos desde la emergencia hasta la prefloraci\u00f3n, provocando una importante atraso en el ciclo del cultivo (maduraci\u00f3n tard\u00eda) pero fundamentalmente un impacto directo sobre la formaci\u00f3n de carga fructifera, especialmente en el tercio inferior y en menor medida, en el tercio medio, en donde pr\u00e1cticamente desde el nudo 6\u00b0 hasta el nudo 10\u00b0 u 11\u00b0, las plantas no presentaban c\u00e1psulas o solo lo hac\u00edan en posiciones alejadas del tallo principal (2\u00aaP y 3\u00aaP). La gran mayor\u00eda de las plantas presentaban la fijaci\u00f3n de la primera c\u00e1psula en primera posici\u00f3n (la m\u00e1s pesada y la de mayor calidad) reci\u00e9n a partir del nudo 12\u00b0 o 13\u00b0.<\/p>\n<p>Por supuesto que las condiciones estresantes del ambiente influyeron en la intensificaci\u00f3n del problema ya que, al da\u00f1o por herbicida hormonal temprano, se sum\u00f3 la incidencia de altas temperaturas diurnas superiores a los 40\u00b0C (e inclusive algunos d\u00edas, a los 45\u00b0C) que se continuaron con la ocurrencia de altas temperaturas nocturnas, lo que produjo un importante consumo de los fotosintatos almacenados, por aumento de la fotorespiraci\u00f3n. Y si a ello, le sumamos la falta de precipitaciones desde mediados de diciembre a casi fines de enero, el \u201ccoctel\u201d result\u00f3 explosivo.<\/p>\n<p>No es un problema nuevo. Este problema se repite a\u00f1o tras a\u00f1o en todas las zonas algodoneras del pa\u00eds, pero muy especialmente en nuestras regiones productoras algodoneras de secano, a pesar de que existe una legislaci\u00f3n provincial (<em><strong>Resoluci\u00f3n 2022-14-E-GDESDE-MPR<\/strong><\/em>) que restringe notablemente las aplicaciones terrestres de hormonales y proh\u00edbe las aplicaciones a\u00e9reas, estas \u00faltimas muy frecuentes en nuestros campos de secano.<\/p>\n<p>En ese sentido, las aplicaciones a\u00e9reas causan m\u00e1s deriva de herbicidas que la aplicaci\u00f3n terrestre, ya que la pulverizaci\u00f3n a\u00e9rea libera gotas m\u00e1s finas, son pulverizadas a mayor altura sobre el cultivo y adem\u00e1s crea una turbulencia del aire. Y si a ello, le sumamos que se aplica durante los procesos de inversi\u00f3n t\u00e9rmica, la fitotoxicidad se vuelve muy importante.<\/p>\n<p>Muchos productores, especialmente los provenientes de provincias vecinas que alquilan campos por temporada y empresas aplicadoras de productos fitosanitarios con sede en otras provincias pero que prestan servicios en la nuestra, alegan ignorar la prohibici\u00f3n o restricci\u00f3n de uso de estos herbicidas en nuestra provincia, desconociendo que, en sus provincias de origen tambi\u00e9n rige tal prohibici\u00f3n\/restricci\u00f3n como es el caso de Chaco, Santa Fe, Formosa, Salta, etc., que claramente tienen legislaciones restrictivas al uso de hormonales desde hace muchos a\u00f1os; inclusive provincias con poca tradici\u00f3n de producci\u00f3n de algod\u00f3n como San Luis, C\u00f3rdoba o Tucum\u00e1n, tambi\u00e9n lo tienen.<\/p>\n<p><img data-attachment-id=\"1989\" data-permalink=\"https:\/\/test.cookdigital.net\/campoparatodos\/2022\/07\/20\/graves-danos-en-el-algodon-por-efecto-de-derivas-de-24-d\/24d-quim_perfectlyclear\/#main\" data-orig-file=\"https:\/\/i2.wp.com\/test.cookdigital.net\/campoparatodos\/wp-content\/uploads\/2022\/07\/24D-quim_PerfectlyClear.jpg?fit=483%2C644&amp;ssl=1\" data-orig-size=\"483,644\" data-comments-opened=\"1\" data-image-meta=\"{&quot;aperture&quot;:&quot;0&quot;,&quot;credit&quot;:&quot;&quot;,&quot;camera&quot;:&quot;&quot;,&quot;caption&quot;:&quot;&quot;,&quot;created_timestamp&quot;:&quot;0&quot;,&quot;copyright&quot;:&quot;&quot;,&quot;focal_length&quot;:&quot;0&quot;,&quot;iso&quot;:&quot;0&quot;,&quot;shutter_speed&quot;:&quot;0&quot;,&quot;title&quot;:&quot;&quot;,&quot;orientation&quot;:&quot;1&quot;}\" data-image-title=\"24D quim_PerfectlyClear\" data-image-description=\"\" data-medium-file=\"https:\/\/i2.wp.com\/test.cookdigital.net\/campoparatodos\/wp-content\/uploads\/2022\/07\/24D-quim_PerfectlyClear.jpg?fit=225%2C300&amp;ssl=1\" data-large-file=\"https:\/\/i2.wp.com\/test.cookdigital.net\/campoparatodos\/wp-content\/uploads\/2022\/07\/24D-quim_PerfectlyClear.jpg?fit=483%2C644&amp;ssl=1\" loading=\"lazy\" class=\"aligncenter size-full wp-image-1989\" src=\"https:\/\/i1.wp.com\/www.campoparatodos.com.ar\/wp-content\/uploads\/2022\/07\/24D-quim_PerfectlyClear.jpg?resize=483%2C644&#038;ssl=1\" alt=\"\" width=\"483\" height=\"644\" srcset=\"https:\/\/i2.wp.com\/test.cookdigital.net\/campoparatodos\/wp-content\/uploads\/2022\/07\/24D-quim_PerfectlyClear.jpg?w=483&amp;ssl=1 483w, https:\/\/i2.wp.com\/test.cookdigital.net\/campoparatodos\/wp-content\/uploads\/2022\/07\/24D-quim_PerfectlyClear.jpg?resize=225%2C300&amp;ssl=1 225w\" sizes=\"(max-width: 483px) 100vw, 483px\" data-recalc-dims=\"1\" \/><\/p>\n<p><strong>\u00bfQu\u00e9 puedo\/debo hacer si ocurre un evento de deriva? <\/strong><\/p>\n<p>La detecci\u00f3n temprana de un evento de fitotoxicidad por hormonales es primordial, ya que cuanto m\u00e1s tiempo se deje sin detectar, m\u00e1s dif\u00edcil ser\u00e1 identificar qui\u00e9n es el responsable. Los productores no solamente deben determinar el origen de la deriva de la aplicaci\u00f3n y la extensi\u00f3n de la lesi\u00f3n en el cultivo, sino que tambi\u00e9n es muy importante conocer tanto el estado de desarrollo fenol\u00f3gico como el estado de crecimiento del cultivo, en t\u00e9rminos de altura, cantidad de nudos, c\u00e1psulas y pimpollos.<\/p>\n<p>Si ocurre un evento de deriva es posible hacer un listado de caracter\u00edsticas a observar, registrar y chequear:<\/p>\n<p>1) Ante la sospecha de un da\u00f1o, identifique la direcci\u00f3n de la deriva, el posible producto qu\u00edmico que ha da\u00f1ado el cultivo y establezca con la mayor precisi\u00f3n posible cuando pudo haberse aplicado el herbicida. El da\u00f1o puede aparecer dentro de las 24-48 horas de aplicado el producto. Intente obtener datos meteorol\u00f3gicos precisos para esos momentos y registrar estos datos. Si se ha detectado olor, tambi\u00e9n se debe registrar el tiempo horario de esta ocurrencia.<\/p>\n<p>2) Contrate un Ingeniero Agr\u00f3nomo matriculado, habilitado y calificado para que inspeccione el da\u00f1o sospechado lo antes posible para establecer que el problema ha sido causado por un herbicida hormonal y que el profesional haga un registro oficial de lo que observ\u00f3. Fotograf\u00edas y muestras de plantas afectadas, pueden ser \u00fatiles. Dichas muestras de tejido vegetal pueden ayudar a confirmar el agente causal.<\/p>\n<p>3) Al mismo tiempo, notifique el problema al organismo competente (Departamento de Sanidad Vegetal, Direcci\u00f3n General de Agricultura y Ganader\u00eda de la Provincia) con la mayor cantidad de datos posibles. En este caso, la autoridad reguladora llevar\u00e1 a cabo una investigaci\u00f3n utilizando los poderes que le otorga la legislaci\u00f3n pertinente y determinar\u00e1 si la persona presuntamente responsable, ha cometido un delito en virtud de esa legislaci\u00f3n.<\/p>\n<p>En algunos casos y por diversos motivos, las autoridades estatales no pueden responder a una notificaci\u00f3n de inmediato. En esta situaci\u00f3n, la informaci\u00f3n anterior recopilada por usted es importante y puede usarse como evidencia. Una ventaja adicional de una intervenci\u00f3n gubernamental es que, en caso de que se demuestre negligencia, esto puede ser aprovechado por el productor perjudicado para entablar una acci\u00f3n civil posterior.<\/p>\n<p>4) Evaluar el da\u00f1o, lote por lote en cada campo, determinando el estado fenol\u00f3gico promedio del cultivo, la cantidad de nudos afectados como as\u00ed tambi\u00e9n las estructuras de fructificaci\u00f3n afectadas.<\/p>\n<p>5) A partir de la fecha fehaciente de determinaci\u00f3n del da\u00f1o, controle el cultivo durante un per\u00edodo de tiempo, para ver si el da\u00f1o contin\u00faa y determine el momento en que se produce un nuevo crecimiento sin sintomatolog\u00eda de distorsi\u00f3n en las hojas.<\/p>\n<p>6) En los cultivos j\u00f3venes tome una decisi\u00f3n en cuanto a si tendr\u00e1n tiempo para recuperarse. Si la respuesta es no, reasignar recursos a los cultivos m\u00e1s maduros.<\/p>\n<p>7) Prep\u00e1rese para usar un regulador de crecimiento en algunos cultivos si la retenci\u00f3n es pobre.<\/p>\n<p>8) Maneje la retenci\u00f3n del cultivo de forma normal con agua y nutrici\u00f3n de ser posible, evitando los eventos de estr\u00e9s.<\/p>\n<p>9) Si el da\u00f1o en el cultivo es anterior a la fecha de la \u00faltima floraci\u00f3n efectiva, se debe tomar una decisi\u00f3n para determinar qu\u00e9 tan tarde dejar crecer el cultivo. Un adicional de cinco nudos fruct\u00edferos puede aumentar el per\u00edodo de madurez del cultivo en unos 15-25 d\u00edas dependiendo de cuando termina la temporada por la reducci\u00f3n de la temperatura.<\/p>\n<p>10) En la defoliaci\u00f3n, use tasas ligeramente m\u00e1s altas de defoliante y prep\u00e1rese para esperar m\u00e1s tiempo para que la hoja caiga.<\/p>\n<p>11) Si existe evidencia adecuada para identificar la causa y la fuente de la deriva, busque asesoramiento legal independiente de inmediato, si es que desea entablar una acci\u00f3n legal civil posterior contra la persona o empresa que Ud crea la responsable del da\u00f1o. En tal caso, debe ser capaz de demostrar da\u00f1os en su cultivo y tambi\u00e9n negligencia por parte de la(s) persona(s) responsable(s) en la aplicaci\u00f3n del herbicida. Si la justicia demuestra da\u00f1os y negligencia, puede solicitar una indemnizaci\u00f3n para cubrir el da\u00f1o incurrido.<\/p>\n<p><img data-attachment-id=\"1990\" data-permalink=\"https:\/\/test.cookdigital.net\/campoparatodos\/2022\/07\/20\/graves-danos-en-el-algodon-por-efecto-de-derivas-de-24-d\/mondino_perfectlyclear\/#main\" data-orig-file=\"https:\/\/i2.wp.com\/test.cookdigital.net\/campoparatodos\/wp-content\/uploads\/2022\/07\/mondino_PerfectlyClear.jpg?fit=736%2C1042&amp;ssl=1\" data-orig-size=\"736,1042\" data-comments-opened=\"1\" data-image-meta=\"{&quot;aperture&quot;:&quot;0&quot;,&quot;credit&quot;:&quot;&quot;,&quot;camera&quot;:&quot;&quot;,&quot;caption&quot;:&quot;&quot;,&quot;created_timestamp&quot;:&quot;0&quot;,&quot;copyright&quot;:&quot;&quot;,&quot;focal_length&quot;:&quot;0&quot;,&quot;iso&quot;:&quot;0&quot;,&quot;shutter_speed&quot;:&quot;0&quot;,&quot;title&quot;:&quot;&quot;,&quot;orientation&quot;:&quot;1&quot;}\" data-image-title=\"mondino_PerfectlyClear\" data-image-description=\"\" data-medium-file=\"https:\/\/i2.wp.com\/test.cookdigital.net\/campoparatodos\/wp-content\/uploads\/2022\/07\/mondino_PerfectlyClear.jpg?fit=212%2C300&amp;ssl=1\" data-large-file=\"https:\/\/i2.wp.com\/test.cookdigital.net\/campoparatodos\/wp-content\/uploads\/2022\/07\/mondino_PerfectlyClear.jpg?fit=723%2C1024&amp;ssl=1\" loading=\"lazy\" class=\"aligncenter size-large wp-image-1990\" src=\"https:\/\/i2.wp.com\/www.campoparatodos.com.ar\/wp-content\/uploads\/2022\/07\/mondino_PerfectlyClear-723x1024.jpg?resize=723%2C1024&#038;ssl=1\" alt=\"\" width=\"723\" height=\"1024\" srcset=\"https:\/\/i2.wp.com\/test.cookdigital.net\/campoparatodos\/wp-content\/uploads\/2022\/07\/mondino_PerfectlyClear.jpg?resize=723%2C1024&amp;ssl=1 723w, https:\/\/i2.wp.com\/test.cookdigital.net\/campoparatodos\/wp-content\/uploads\/2022\/07\/mondino_PerfectlyClear.jpg?resize=212%2C300&amp;ssl=1 212w, https:\/\/i2.wp.com\/test.cookdigital.net\/campoparatodos\/wp-content\/uploads\/2022\/07\/mondino_PerfectlyClear.jpg?w=736&amp;ssl=1 736w\" sizes=\"(max-width: 723px) 100vw, 723px\" data-recalc-dims=\"1\" \/><\/p>\n<p>No basta simplemente con aconsejar la lectura del marbete para evitar los da\u00f1os que los herbicidas hormonales ocasionan no solo a los vegetales sensibles, sino tambi\u00e9n al ser humano, los animales y el ecosistema en general. Es de suma importancia la toma de conciencia en el uso seguro de estos y otros productos fitosanitarios.<\/p>\n<p>Respetar las normas y\/o leyes vigentes, cumplir con las medidas de seguridad en el manipuleo, traslado y almacenamiento y no comprar o aplicar sin la generaci\u00f3n de una receta de compra y de aplicaci\u00f3n emitida por un Ingeniero Agr\u00f3nomo matriculado y habilitado en la provincia de Santiago del Estero, forman parte del manejo responsable de fitosanitarios para el cuidado de la salud y el medio ambiente.<\/p>\n<p>Por \u00faltimo, la desilusi\u00f3n entre los productores algodoneros se viene acumulando ya hace demasiadas campa\u00f1as debido a la falta de soluci\u00f3n del problema, manifestando muchos de ellos que de seguir est\u00e1 situaci\u00f3n en la pr\u00f3xima campa\u00f1a, la determinaci\u00f3n de reducir la superficie de siembra de algod\u00f3n aparece como una realidad concreta, m\u00e1s si se tiene en cuenta que las tierras son aptas tambi\u00e9n para la siembra de otros cultivos.<\/p>\n<h3><em><span style=\"color: #ff0000;\"><strong>Estamos a tiempo!!!<\/strong><\/span><\/em><\/h3>\n<p>Mayor informaci\u00f3n sobre los da\u00f1os que provocan los productos hormonales en el algod\u00f3n, se puede consultar la p\u00e1gina web: <a href=\"https:\/\/inta.gob.ar\/sites\/default\/files\/dano_del_herbicida_24-d.pdf\">https:\/\/inta.gob.ar\/sites\/default\/files\/dano_del_herbicida_24-d.pdf<\/a><\/p>\n<p>&nbsp;<\/p>\n<p>Publicado en Revista Campo para Todos N\u00b0 171<\/p>\n<p><img data-attachment-id=\"1993\" data-permalink=\"https:\/\/test.cookdigital.net\/campoparatodos\/2022\/07\/20\/graves-danos-en-el-algodon-por-efecto-de-derivas-de-24-d\/auspiciantes-algodon\/#main\" data-orig-file=\"https:\/\/i1.wp.com\/test.cookdigital.net\/campoparatodos\/wp-content\/uploads\/2022\/07\/auspiciantes-algodon.jpg?fit=1131%2C1634&amp;ssl=1\" data-orig-size=\"1131,1634\" data-comments-opened=\"1\" data-image-meta=\"{&quot;aperture&quot;:&quot;0&quot;,&quot;credit&quot;:&quot;carlos&quot;,&quot;camera&quot;:&quot;&quot;,&quot;caption&quot;:&quot;&quot;,&quot;created_timestamp&quot;:&quot;1658319827&quot;,&quot;copyright&quot;:&quot;&quot;,&quot;focal_length&quot;:&quot;0&quot;,&quot;iso&quot;:&quot;0&quot;,&quot;shutter_speed&quot;:&quot;0&quot;,&quot;title&quot;:&quot;&quot;,&quot;orientation&quot;:&quot;0&quot;}\" data-image-title=\"auspiciantes algodon\" data-image-description=\"\" data-medium-file=\"https:\/\/i1.wp.com\/test.cookdigital.net\/campoparatodos\/wp-content\/uploads\/2022\/07\/auspiciantes-algodon.jpg?fit=208%2C300&amp;ssl=1\" data-large-file=\"https:\/\/i1.wp.com\/test.cookdigital.net\/campoparatodos\/wp-content\/uploads\/2022\/07\/auspiciantes-algodon.jpg?fit=709%2C1024&amp;ssl=1\" loading=\"lazy\" class=\"aligncenter size-large wp-image-1993\" src=\"https:\/\/i1.wp.com\/www.campoparatodos.com.ar\/wp-content\/uploads\/2022\/07\/auspiciantes-algodon-709x1024.jpg?resize=709%2C1024&#038;ssl=1\" alt=\"\" width=\"709\" height=\"1024\" srcset=\"https:\/\/i1.wp.com\/test.cookdigital.net\/campoparatodos\/wp-content\/uploads\/2022\/07\/auspiciantes-algodon.jpg?resize=709%2C1024&amp;ssl=1 709w, https:\/\/i1.wp.com\/test.cookdigital.net\/campoparatodos\/wp-content\/uploads\/2022\/07\/auspiciantes-algodon.jpg?resize=208%2C300&amp;ssl=1 208w, https:\/\/i1.wp.com\/test.cookdigital.net\/campoparatodos\/wp-content\/uploads\/2022\/07\/auspiciantes-algodon.jpg?resize=768%2C1110&amp;ssl=1 768w, https:\/\/i1.wp.com\/test.cookdigital.net\/campoparatodos\/wp-content\/uploads\/2022\/07\/auspiciantes-algodon.jpg?resize=1063%2C1536&amp;ssl=1 1063w, https:\/\/i1.wp.com\/test.cookdigital.net\/campoparatodos\/wp-content\/uploads\/2022\/07\/auspiciantes-algodon.jpg?w=1131&amp;ssl=1 1131w\" sizes=\"(max-width: 709px) 100vw, 709px\" data-recalc-dims=\"1\" \/><\/p>\n<p>&nbsp;<\/p>\n","protected":false},"excerpt":{"rendered":"<p>Un problema sin soluci\u00f3n que se repite a\u00f1o tras a\u00f1o Por: Ing. Agr. (MSc.) Mario Mondino En una reciente gira por la regi\u00f3n productora de secano de algod\u00f3n que abarc\u00f3 cerca de 60.000 has se detect\u00f3 personalmente y en consultas con productores y profesionales de la agronom\u00eda, que el principal problema que hoy compromete la &#8230; <a title=\"Graves da\u00f1os en el algod\u00f3n por efecto de derivas de 2,4-D\" class=\"read-more\" href=\"https:\/\/test.cookdigital.net\/campoparatodos\/2022\/07\/20\/graves-danos-en-el-algodon-por-efecto-de-derivas-de-24-d\/\" aria-label=\"M\u00e1s en Graves da\u00f1os en el algod\u00f3n por efecto de derivas de 2,4-D\">Leer m\u00e1s<\/a><\/p>\n","protected":false},"author":1,"featured_media":0,"comment_status":"closed","ping_status":"open","sticky":false,"template":"","format":"standard","meta":{"spay_email":"","jetpack_publicize_message":"","jetpack_is_tweetstorm":false},"categories":[7,163,4],"tags":[331,52,332],"jetpack_featured_media_url":"","jetpack_publicize_connections":[],"jetpack_sharing_enabled":true,"jetpack_shortlink":"https:\/\/wp.me\/p9m0DJ-w4","jetpack_likes_enabled":true,"jetpack-related-posts":[{"id":726,"url":"https:\/\/test.cookdigital.net\/campoparatodos\/2020\/03\/19\/el-herbicida-24-d\/","url_meta":{"origin":1988,"position":0},"title":"El herbicida 2,4-D","date":"marzo 19, 2020","format":false,"excerpt":"Un enemigo del cultivo de algod\u00f3n. Por: Ing. Agr. Mario Mondino. EEA - INTA Santiago del Estero Repetidamente en todas las campa\u00f1as algodoneras, tanto en las \u00e1reas de riego como en las de secano de la provincia, se presenta el mismo problema en los meses de noviembre, diciembre y enero,\u2026","rel":"","context":"En \u00abAgricultura\u00bb","img":{"alt_text":"","src":"https:\/\/i0.wp.com\/www.campoparatodos.com.ar\/wp-content\/uploads\/2020\/03\/foto-algodon-m1-723x1024.jpg?resize=350%2C200&ssl=1","width":350,"height":200},"classes":[]},{"id":2215,"url":"https:\/\/test.cookdigital.net\/campoparatodos\/2022\/11\/07\/necesitamos-que-se-cumpla-la-ley-de-agroquimicos-de-santiago-del-estero\/","url_meta":{"origin":1988,"position":1},"title":"ALGODONEROS: Necesitamos que se cumpla la Ley de Agroqu\u00edmicos de Santiago del Estero","date":"noviembre 7, 2022","format":false,"excerpt":"H\u00e9ctor Linke, Presidente de la Asociaci\u00f3n Argentina de Productores Algodoneros, as\u00ed lo expres\u00f3 en di\u00e1logo con Revista Campo para Todos. \u201cSomos una asociaci\u00f3n que estamos trabajando hace ya tres a\u00f1os por el sector algodonero. Nos juntamos un grupo de productores, de ah\u00ed se fue agrandando, actualmente entre los socios directos\u2026","rel":"","context":"En \u00abAgricultura\u00bb","img":{"alt_text":"","src":"https:\/\/i0.wp.com\/www.campoparatodos.com.ar\/wp-content\/uploads\/2022\/11\/IMG_3565_PerfectlyClear-e1667833391748-1024x776.jpg?resize=350%2C200&ssl=1","width":350,"height":200},"classes":[]},{"id":1287,"url":"https:\/\/test.cookdigital.net\/campoparatodos\/2021\/03\/29\/algodon-en-la-zona-de-secano-de-santiago-del-estero\/","url_meta":{"origin":1988,"position":2},"title":"Algod\u00f3n en la zona de secano de Santiago del Estero","date":"marzo 29, 2021","format":false,"excerpt":"Resumen de campa\u00f1a 2020 hasta febrero 2021. Compartimos el informe sobre la marcha de la presente campa\u00f1a algodonera en la zona de secano que nos envi\u00f3 el Ing. Agr. Jaime H. Coronel quien se desempe\u00f1a como asesor privado en muchos campos de Santiago del Estero. El fen\u00f3meno de la ni\u00f1a\u2026","rel":"","context":"En \u00abAgricultura\u00bb","img":{"alt_text":"","src":"https:\/\/i2.wp.com\/www.campoparatodos.com.ar\/wp-content\/uploads\/2021\/03\/coronel-300x237.jpg?resize=350%2C200&ssl=1","width":350,"height":200},"classes":[]},{"id":1959,"url":"https:\/\/test.cookdigital.net\/campoparatodos\/2022\/06\/21\/revista-campo-para-todos-n-171\/","url_meta":{"origin":1988,"position":3},"title":"Revista Campo para Todos N\u00b0 171","date":"junio 21, 2022","format":false,"excerpt":"TITULOS DE TAPA DE ESTE NUMERO: Algod\u00f3n: Graves da\u00f1os por efecto de derivas de 2,4-D. \u2013\u00a0Las derivas de fitosanitarios: prevenirlas durante las aplicaciones. \u2013 Congreso Mundial Braford 2022. \u2013\u00a0Plan GanAr: Gerardo Zamora y Juli\u00e1n Dom\u00ednguez presentaron el Plan en Santiago del Estero.\u2013 Zanahoria: El taladrillo en Santiago del Estero. \u21d3\u2026","rel":"","context":"En \u00abAgricultura\u00bb","img":{"alt_text":"","src":"https:\/\/i0.wp.com\/www.campoparatodos.com.ar\/wp-content\/uploads\/2022\/06\/TAPA-171-713x1024.jpg?resize=350%2C200&ssl=1","width":350,"height":200},"classes":[]},{"id":2028,"url":"https:\/\/test.cookdigital.net\/campoparatodos\/2022\/08\/06\/algodon\/","url_meta":{"origin":1988,"position":4},"title":"Algod\u00f3n","date":"agosto 6, 2022","format":false,"excerpt":"Finaliza una dura campa\u00f1a 21\/22 en el \u00e1rea de riego Finaliza la campa\u00f1a algodonera 2021-2022 en el \u00e1rea de riego del R\u00edo Dulce, con grandes inconvenientes clim\u00e1ticos y errores humanos que se deber\u00e1n corregir. Conversamos con el Ing. Agr. Carlos Mitre para que nos cuente sus apreciaciones sobre la misma.\u2026","rel":"","context":"En \u00abAgricultura\u00bb","img":{"alt_text":"","src":"https:\/\/i1.wp.com\/www.campoparatodos.com.ar\/wp-content\/uploads\/2022\/08\/el-ator_PerfectlyClear-1024x485.jpg?resize=350%2C200&ssl=1","width":350,"height":200},"classes":[]},{"id":573,"url":"https:\/\/test.cookdigital.net\/campoparatodos\/2019\/04\/29\/desmotadora-de-algodon-viega-sa\/","url_meta":{"origin":1988,"position":5},"title":"Desmotadora de Algod\u00f3n VIEGA SA","date":"abril 29, 2019","format":false,"excerpt":"Walter Viegener. Presidente VIEGA SA","rel":"","context":"En \u00abAgricultura\u00bb","img":{"alt_text":"","src":"https:\/\/i1.wp.com\/www.campoparatodos.com.ar\/wp-content\/uploads\/2019\/04\/IMG_20190326_124239565-1024x768.jpg?resize=350%2C200&ssl=1","width":350,"height":200},"classes":[]}],"_links":{"self":[{"href":"https:\/\/test.cookdigital.net\/campoparatodos\/wp-json\/wp\/v2\/posts\/1988"}],"collection":[{"href":"https:\/\/test.cookdigital.net\/campoparatodos\/wp-json\/wp\/v2\/posts"}],"about":[{"href":"https:\/\/test.cookdigital.net\/campoparatodos\/wp-json\/wp\/v2\/types\/post"}],"author":[{"embeddable":true,"href":"https:\/\/test.cookdigital.net\/campoparatodos\/wp-json\/wp\/v2\/users\/1"}],"replies":[{"embeddable":true,"href":"https:\/\/test.cookdigital.net\/campoparatodos\/wp-json\/wp\/v2\/comments?post=1988"}],"version-history":[{"count":1,"href":"https:\/\/test.cookdigital.net\/campoparatodos\/wp-json\/wp\/v2\/posts\/1988\/revisions"}],"predecessor-version":[{"id":1994,"href":"https:\/\/test.cookdigital.net\/campoparatodos\/wp-json\/wp\/v2\/posts\/1988\/revisions\/1994"}],"wp:attachment":[{"href":"https:\/\/test.cookdigital.net\/campoparatodos\/wp-json\/wp\/v2\/media?parent=1988"}],"wp:term":[{"taxonomy":"category","embeddable":true,"href":"https:\/\/test.cookdigital.net\/campoparatodos\/wp-json\/wp\/v2\/categories?post=1988"},{"taxonomy":"post_tag","embeddable":true,"href":"https:\/\/test.cookdigital.net\/campoparatodos\/wp-json\/wp\/v2\/tags?post=1988"}],"curies":[{"name":"wp","href":"https:\/\/api.w.org\/{rel}","templated":true}]}}