{"id":1985,"date":"2022-07-14T00:11:33","date_gmt":"2022-07-14T00:11:33","guid":{"rendered":"https:\/\/www.campoparatodos.com.ar\/?p=1985"},"modified":"2022-07-14T00:11:33","modified_gmt":"2022-07-14T00:11:33","slug":"revista-campo-para-todos-n-172","status":"publish","type":"post","link":"https:\/\/test.cookdigital.net\/campoparatodos\/2022\/07\/14\/revista-campo-para-todos-n-172\/","title":{"rendered":"Revista Campo para Todos N\u00b0 172"},"content":{"rendered":"<h3><strong>Ya est\u00e1 disponible la revista N\u00b0 172.<\/strong><\/h3>\n<p><strong>T\u00edtulos de tapa<\/strong>: Nacionales Brahman y Brangus. Algod\u00f3n: Resumen de campa\u00f1a en el \u00e1rea de riego de Santiago del Estero. Donde y c\u00f3mo producen Brangus las Caba\u00f1as La Aguada de Almara, Don Pancho y San Gerardo. 100 a\u00f1os de la Asociaci\u00f3n Argentina de Productores Porcinos.<\/p>\n<p style=\"text-align: center;\"><span style=\"color: #993366;\"><strong>Para leerla toca la foto de la tapa<\/strong><\/span><\/p>\n<p><a href=\"https:\/\/online.fliphtml5.com\/yuzt\/vgpo\/#p=1\"><img data-attachment-id=\"1986\" data-permalink=\"https:\/\/test.cookdigital.net\/campoparatodos\/2022\/07\/14\/revista-campo-para-todos-n-172\/cpt-template-150\/#main\" data-orig-file=\"https:\/\/i2.wp.com\/test.cookdigital.net\/campoparatodos\/wp-content\/uploads\/2022\/07\/TAPA-172.jpg?fit=768%2C1103&amp;ssl=1\" data-orig-size=\"768,1103\" data-comments-opened=\"1\" data-image-meta=\"{&quot;aperture&quot;:&quot;0&quot;,&quot;credit&quot;:&quot;carlos&quot;,&quot;camera&quot;:&quot;&quot;,&quot;caption&quot;:&quot;cpt-template&quot;,&quot;created_timestamp&quot;:&quot;1657743051&quot;,&quot;copyright&quot;:&quot;&quot;,&quot;focal_length&quot;:&quot;0&quot;,&quot;iso&quot;:&quot;0&quot;,&quot;shutter_speed&quot;:&quot;0&quot;,&quot;title&quot;:&quot;cpt-template&quot;,&quot;orientation&quot;:&quot;0&quot;}\" data-image-title=\"cpt-template\" data-image-description=\"\" data-medium-file=\"https:\/\/i2.wp.com\/test.cookdigital.net\/campoparatodos\/wp-content\/uploads\/2022\/07\/TAPA-172.jpg?fit=209%2C300&amp;ssl=1\" data-large-file=\"https:\/\/i2.wp.com\/test.cookdigital.net\/campoparatodos\/wp-content\/uploads\/2022\/07\/TAPA-172.jpg?fit=713%2C1024&amp;ssl=1\" loading=\"lazy\" class=\"aligncenter wp-image-1986 size-large\" src=\"https:\/\/i0.wp.com\/www.campoparatodos.com.ar\/wp-content\/uploads\/2022\/07\/TAPA-172-713x1024.jpg?resize=713%2C1024&#038;ssl=1\" alt=\"\" width=\"713\" height=\"1024\" srcset=\"https:\/\/i2.wp.com\/test.cookdigital.net\/campoparatodos\/wp-content\/uploads\/2022\/07\/TAPA-172.jpg?resize=713%2C1024&amp;ssl=1 713w, https:\/\/i2.wp.com\/test.cookdigital.net\/campoparatodos\/wp-content\/uploads\/2022\/07\/TAPA-172.jpg?resize=209%2C300&amp;ssl=1 209w, https:\/\/i2.wp.com\/test.cookdigital.net\/campoparatodos\/wp-content\/uploads\/2022\/07\/TAPA-172.jpg?w=768&amp;ssl=1 768w\" sizes=\"(max-width: 713px) 100vw, 713px\" data-recalc-dims=\"1\" \/><\/a><\/p>\n<p><!--more--><\/p>\n<p>TITULOS DE LA EDICI\u00d3N 172<\/p>\n<ul>\n<li>Brahman. Mostr\u00f3 alta gen\u00e9tica en las pistas de su 20\u00b0 Exposici\u00f3n Nacional<\/li>\n<li>Brangus. La gen\u00e9tica superlativa lleg\u00f3 a la pista de la 52 Nacional.<\/li>\n<li>Los terneros Brangus brillaron en la pista de Riachuelo.<\/li>\n<li>Caba\u00f1a Don Pancho. La nueva gen\u00e9tica Brangus para el NOA<\/li>\n<li>San Alberto. Los Brangus de Caba\u00f1a Don Pancho en Santiago del Estero.<\/li>\n<li>Caba\u00f1a San Gerardo. El Brangus mejor adaptado del NOA.<\/li>\n<li>Caba\u00f1a La Aguada de Almara. El Brangus de Las Salinas, r\u00fasticos y adaptados para el NOA.<\/li>\n<li>Bonsmara. Calendario de remates.<\/li>\n<li>Diversificaci\u00f3n de Cultivos una pr\u00e1ctica m\u00e1s que necesaria.<\/li>\n<li>Algod\u00f3n. Finaliza una dura campa\u00f1a 21\/22 en el \u00e1rea de riego.<\/li>\n<li>Pasant\u00edas. Bayer lanza una nueva edici\u00f3n de su programa de pasant\u00edas en Argentina.<\/li>\n<li>Porcinos. 100 a\u00f1os de la Asociaci\u00f3n Argentina de Productores de Porcinos<\/li>\n<li>Porcinos. Inauguran en Santiago del Estero el primer frigor\u00edfico de cerdos.<\/li>\n<\/ul>\n","protected":false},"excerpt":{"rendered":"<p>Ya est\u00e1 disponible la revista N\u00b0 172. T\u00edtulos de tapa: Nacionales Brahman y Brangus. Algod\u00f3n: Resumen de campa\u00f1a en el \u00e1rea de riego de Santiago del Estero. Donde y c\u00f3mo producen Brangus las Caba\u00f1as La Aguada de Almara, Don Pancho y San Gerardo. 100 a\u00f1os de la Asociaci\u00f3n Argentina de Productores Porcinos. Para leerla toca &#8230; <a title=\"Revista Campo para Todos N\u00b0 172\" class=\"read-more\" href=\"https:\/\/test.cookdigital.net\/campoparatodos\/2022\/07\/14\/revista-campo-para-todos-n-172\/\" aria-label=\"M\u00e1s en Revista Campo para Todos N\u00b0 172\">Leer m\u00e1s<\/a><\/p>\n","protected":false},"author":1,"featured_media":0,"comment_status":"closed","ping_status":"open","sticky":false,"template":"","format":"standard","meta":{"spay_email":"","jetpack_publicize_message":"","jetpack_is_tweetstorm":false},"categories":[7,9,5,8,10,168,4],"tags":[52,70,68,329,327,328],"jetpack_featured_media_url":"","jetpack_publicize_connections":[],"jetpack_sharing_enabled":true,"jetpack_shortlink":"https:\/\/wp.me\/p9m0DJ-w1","jetpack_likes_enabled":true,"jetpack-related-posts":[{"id":2184,"url":"https:\/\/test.cookdigital.net\/campoparatodos\/2022\/10\/22\/revista-campo-para-todos-n-175\/","url_meta":{"origin":1985,"position":0},"title":"Revista Campo para Todos N\u00b0 175","date":"octubre 22, 2022","format":false,"excerpt":"TITULOS DE TAPA DE LA REVISTA 175 EXPOBRA 2022: Reviva la mejor expo ganadera del NOA. - ALGOD\u00d3N: 1\u00b0 Jornada por el D\u00eda Mundial del algod\u00f3n en Santiago del Estero. - CEBOLLA: \u00bfQu\u00e9 pasa con la cebolla primicia de Santiago del Estero? \u21d3PARA LEERLA TOCA LA FOTO DE TAPA\u21d3 TITULOS\u2026","rel":"","context":"En \u00abAgricultura\u00bb","img":{"alt_text":"","src":"https:\/\/i0.wp.com\/www.campoparatodos.com.ar\/wp-content\/uploads\/2022\/10\/TAPA-REVISTA-175-713x1024.jpg?resize=350%2C200&ssl=1","width":350,"height":200},"classes":[]},{"id":2048,"url":"https:\/\/test.cookdigital.net\/campoparatodos\/2022\/08\/17\/revista-campo-para-todos-n-173\/","url_meta":{"origin":1985,"position":1},"title":"Revista Campo para Todos N\u00b0 173","date":"agosto 17, 2022","format":false,"excerpt":"T\u00edtulos de tapa: Edici\u00f3n especial con todo lo que se vio en la ExpoRural Palermo 2022. Algod\u00f3n: Nuevo fertilizante foliar para el cultivo de Algod\u00f3n. Rumiantes menores: Se concret\u00f3 el primer encuentro de productores en Santiago del Estero. PARA LEER TOCA LA FOTO DE TAPA SUMARIO EDICI\u00d3N N\u00b0 173 DE\u2026","rel":"","context":"En \u00abAgricultura\u00bb","img":{"alt_text":"","src":"https:\/\/i2.wp.com\/www.campoparatodos.com.ar\/wp-content\/uploads\/2022\/08\/TAPA-173-final-713x1024.jpg?resize=350%2C200&ssl=1","width":350,"height":200},"classes":[]},{"id":1656,"url":"https:\/\/test.cookdigital.net\/campoparatodos\/2021\/11\/18\/revista-campo-para-todos-n-164\/","url_meta":{"origin":1985,"position":2},"title":"Revista Campo para Todos N\u00b0 164","date":"noviembre 18, 2021","format":false,"excerpt":"YA EST\u00c1 DIPONIBLE LA REVISTA 164 para que veas: Todo lo ocurrido en la EXPOSICI\u00d3N NACIONAL DE RAZAS. + TRIPS en algod\u00f3n: Un problema que llega temprano al cultivo. \u2207 PARA LEERLA TOCA LA FOTO DE TAPA \u2207 T\u00cdTULOS DE LA EDICI\u00d3N 164. OCTUBRE DE 2021 La 1\u00b0 Exposici\u00f3n Nacional\u2026","rel":"","context":"En \u00abAgricultura\u00bb","img":{"alt_text":"","src":"https:\/\/i0.wp.com\/www.campoparatodos.com.ar\/wp-content\/uploads\/2021\/11\/tapa-REVISTA-164-713x1024.jpg?resize=350%2C200&ssl=1","width":350,"height":200},"classes":[]},{"id":1536,"url":"https:\/\/test.cookdigital.net\/campoparatodos\/2021\/09\/07\/revista-campo-para-todos-n-162\/","url_meta":{"origin":1985,"position":3},"title":"Revista Campo para Todos N\u00b0 162","date":"septiembre 7, 2021","format":false,"excerpt":"Toda la informaci\u00f3n sobre lo que se ver\u00e1 en la 14\u00b0 EXPOBRA en Santiago del Estero. Tambi\u00e9n \"La importancia de las trampas para picudo algodonero\" PARA LEERLA TOCA LA FOTO DE TAPA T\u00cdTULOS DE LA EDICI\u00d3N 162. AGOSTO DE 2021 La importancia de las trampas de feromonas en la detecci\u00f3n\u2026","rel":"","context":"En \u00abAgricultura\u00bb","img":{"alt_text":"","src":"https:\/\/i0.wp.com\/www.campoparatodos.com.ar\/wp-content\/uploads\/2021\/09\/TAPA-R-162.jpg?resize=350%2C200&ssl=1","width":350,"height":200},"classes":[]},{"id":1971,"url":"https:\/\/test.cookdigital.net\/campoparatodos\/2022\/06\/24\/expobra-noa-2022-brangus-brahman-y-braford-juntas-en-el-noa\/","url_meta":{"origin":1985,"position":4},"title":"EXPOBRA NOA 2022. BRANGUS, BRAHMAN Y BRAFORD JUNTAS EN EL NOA","date":"junio 24, 2022","format":false,"excerpt":"ExpoBra es la \u00fanica muestra en el NOA, organizada en conjunto, por las Asociaciones de Criadores de Braford, Brahman y Brangus, que se realiza en las instalaciones del Predio Ferial Vivero San Carlos en la provincia de Santiago del Estero. Concentra la mejor gen\u00e9tica clase A de las tres razas\u2026","rel":"","context":"En \u00abEventos\u00bb","img":{"alt_text":"","src":"https:\/\/i0.wp.com\/www.campoparatodos.com.ar\/wp-content\/uploads\/2022\/06\/Expobra-2022-1.jpg?resize=350%2C200&ssl=1","width":350,"height":200},"classes":[]},{"id":2539,"url":"https:\/\/test.cookdigital.net\/campoparatodos\/2023\/05\/10\/revista-campo-para-todos-n-182-mayo-2023\/","url_meta":{"origin":1985,"position":5},"title":"Revista Campo para Todos N\u00b0 182 Mayo 2023","date":"mayo 10, 2023","format":false,"excerpt":"TITULOS DE TAPA EDICION N\u00b0 182 DE MAYO. - Todo el mundial Brangus. - Balance Forrajero - \u00bfEl Trigo les dar\u00e1 revancha a los productores Santiague\u00f1os? - Los cultivos estivales se encuentran finalizando sus ciclos. PARA LEERLA GRATIS TOCA LA FOTO DE TAPA INDICE REVISTA 182 DE MAYO 2023 5-\u2026","rel":"","context":"En \u00abAgricultura\u00bb","img":{"alt_text":"","src":"https:\/\/i0.wp.com\/www.campoparatodos.com.ar\/wp-content\/uploads\/2023\/05\/TAPA-REVISTA-182.jpg?resize=350%2C200&ssl=1","width":350,"height":200},"classes":[]}],"_links":{"self":[{"href":"https:\/\/test.cookdigital.net\/campoparatodos\/wp-json\/wp\/v2\/posts\/1985"}],"collection":[{"href":"https:\/\/test.cookdigital.net\/campoparatodos\/wp-json\/wp\/v2\/posts"}],"about":[{"href":"https:\/\/test.cookdigital.net\/campoparatodos\/wp-json\/wp\/v2\/types\/post"}],"author":[{"embeddable":true,"href":"https:\/\/test.cookdigital.net\/campoparatodos\/wp-json\/wp\/v2\/users\/1"}],"replies":[{"embeddable":true,"href":"https:\/\/test.cookdigital.net\/campoparatodos\/wp-json\/wp\/v2\/comments?post=1985"}],"version-history":[{"count":1,"href":"https:\/\/test.cookdigital.net\/campoparatodos\/wp-json\/wp\/v2\/posts\/1985\/revisions"}],"predecessor-version":[{"id":1987,"href":"https:\/\/test.cookdigital.net\/campoparatodos\/wp-json\/wp\/v2\/posts\/1985\/revisions\/1987"}],"wp:attachment":[{"href":"https:\/\/test.cookdigital.net\/campoparatodos\/wp-json\/wp\/v2\/media?parent=1985"}],"wp:term":[{"taxonomy":"category","embeddable":true,"href":"https:\/\/test.cookdigital.net\/campoparatodos\/wp-json\/wp\/v2\/categories?post=1985"},{"taxonomy":"post_tag","embeddable":true,"href":"https:\/\/test.cookdigital.net\/campoparatodos\/wp-json\/wp\/v2\/tags?post=1985"}],"curies":[{"name":"wp","href":"https:\/\/api.w.org\/{rel}","templated":true}]}}