{"id":1936,"date":"2022-05-30T15:06:37","date_gmt":"2022-05-30T15:06:37","guid":{"rendered":"https:\/\/www.campoparatodos.com.ar\/?p=1936"},"modified":"2022-05-30T15:09:16","modified_gmt":"2022-05-30T15:09:16","slug":"alerta-sanitaria","status":"publish","type":"post","link":"https:\/\/test.cookdigital.net\/campoparatodos\/2022\/05\/30\/alerta-sanitaria\/","title":{"rendered":"Alerta Sanitaria"},"content":{"rendered":"<h3>Por el Peque\u00f1o Escarabajo de las Colmenas<\/h3>\n<p><em>El peque\u00f1o escarabajo de las colmenas o PEC (Aethina tumida), es una plaga que se caracteriza por alimentarse de la miel, el polen y la cr\u00eda de abejas; sus larvas provocan la fermentaci\u00f3n de la miel; la destrucci\u00f3n de los panales y el colapso de las colmenas.<\/em><\/p>\n<p><img data-attachment-id=\"1937\" data-permalink=\"https:\/\/test.cookdigital.net\/campoparatodos\/2022\/05\/30\/alerta-sanitaria\/cpt-template-147\/#main\" data-orig-file=\"https:\/\/i2.wp.com\/test.cookdigital.net\/campoparatodos\/wp-content\/uploads\/2022\/05\/PEC.jpg?fit=1311%2C1008&amp;ssl=1\" data-orig-size=\"1311,1008\" data-comments-opened=\"1\" data-image-meta=\"{&quot;aperture&quot;:&quot;0&quot;,&quot;credit&quot;:&quot;carlos&quot;,&quot;camera&quot;:&quot;&quot;,&quot;caption&quot;:&quot;cpt-template&quot;,&quot;created_timestamp&quot;:&quot;1651663726&quot;,&quot;copyright&quot;:&quot;&quot;,&quot;focal_length&quot;:&quot;0&quot;,&quot;iso&quot;:&quot;0&quot;,&quot;shutter_speed&quot;:&quot;0&quot;,&quot;title&quot;:&quot;cpt-template&quot;,&quot;orientation&quot;:&quot;0&quot;}\" data-image-title=\"cpt-template\" data-image-description=\"\" data-medium-file=\"https:\/\/i2.wp.com\/test.cookdigital.net\/campoparatodos\/wp-content\/uploads\/2022\/05\/PEC.jpg?fit=300%2C231&amp;ssl=1\" data-large-file=\"https:\/\/i2.wp.com\/test.cookdigital.net\/campoparatodos\/wp-content\/uploads\/2022\/05\/PEC.jpg?fit=1024%2C787&amp;ssl=1\" loading=\"lazy\" class=\"aligncenter size-large wp-image-1937\" src=\"https:\/\/i2.wp.com\/www.campoparatodos.com.ar\/wp-content\/uploads\/2022\/05\/PEC-1024x787.jpg?resize=1024%2C787&#038;ssl=1\" alt=\"\" width=\"1024\" height=\"787\" srcset=\"https:\/\/i2.wp.com\/test.cookdigital.net\/campoparatodos\/wp-content\/uploads\/2022\/05\/PEC.jpg?resize=1024%2C787&amp;ssl=1 1024w, https:\/\/i2.wp.com\/test.cookdigital.net\/campoparatodos\/wp-content\/uploads\/2022\/05\/PEC.jpg?resize=300%2C231&amp;ssl=1 300w, https:\/\/i2.wp.com\/test.cookdigital.net\/campoparatodos\/wp-content\/uploads\/2022\/05\/PEC.jpg?resize=768%2C590&amp;ssl=1 768w, https:\/\/i2.wp.com\/test.cookdigital.net\/campoparatodos\/wp-content\/uploads\/2022\/05\/PEC.jpg?w=1311&amp;ssl=1 1311w\" sizes=\"(max-width: 1024px) 100vw, 1024px\" data-recalc-dims=\"1\" \/><\/p>\n<p><!--more--><\/p>\n<p>Recientemente se ha detectado el PEC en Pedro Juan Caballero, Departamento de Ambay &#8211; Paraguay, a 471 km de la frontera argentina. Previamente, en febrero de 2016, la Organizaci\u00f3n Mundial de Sanidad Animal (OIE) emiti\u00f3 una alerta por la presencia del Peque\u00f1o Escarabajo de la Colmena (PEC) en el estado de San Pablo, Brasil. Esto marca el avance de la plaga.<\/p>\n<p>Este escarabajo es un insecto carro\u00f1ero que provoca la destrucci\u00f3n de los panales y el colapso de las colmenas. El INTA, a trav\u00e9s del Programa Ap\u00edcola (PROAPI), SENASA y el Ministerio de Agricultura, Ganader\u00eda y Pesca (MAGyP), se encuentran trabajando en diferentes estrategias de intervenci\u00f3n y difusi\u00f3n como tambi\u00e9n en la implementaci\u00f3n de un sistema de vigilancia sobre esta plaga emergente. Una de las acciones desarrolladas es aportar capacitaci\u00f3n a los t\u00e9cnicos y productores para el monitoreo de la frontera. Tambi\u00e9n, fortalecer la red de apiarios de vigilancia activa.<\/p>\n<p>El extenso territorio fronterizo hace que sea importante que los apicultores est\u00e9n atentos a cualquier signo extra\u00f1o en las colmenas o la presencia de ejemplares semejantes al PEC.<\/p>\n<p><strong>Para detectarlo a tiempo, y evitar su dispersi\u00f3n, \u00bfQu\u00e9 debemos hacer? <\/strong><br \/>\n<strong>La consigna es:<\/strong><br \/>\n<strong>Estar atentos, observando y colectando ejemplares sospechosos.<\/strong><br \/>\n<strong>Buscarlo (Protocolo Oficial de <\/strong><strong>Monitoreo:<\/strong><br \/>\n<strong>https:\/\/inta.gob.ar\/sites\/default\/files\/protocolo_red_de_vigilancia.pdf)<\/strong><br \/>\n<strong>Notificar su hallazgo de inmediato a SENASA:<\/strong><br \/>\n<strong>notificaciones@senasa.gob.ar<\/strong><\/p>\n<p>Argentina no tiene reportes de presencia del PEC en su territorio, pero es importante anticiparse para mitigar los da\u00f1os que ocasionar\u00eda su llegada. Esto involucra la realizaci\u00f3n de monitoreos peri\u00f3dicos, no s\u00f3lo en los apiarios destinados para tal fin (red de apiarios de vigilancia) sino, tambi\u00e9n, que los apicultores est\u00e9n alerta. Que lo busquen en sus colmenas fortaleciendo, de esta manera, la estrategia de vigilancia.<\/p>\n<p>El objetivo de la apicultura argentina es, \u00a1detectarlo a tiempo, para que cause el menor da\u00f1o posible! Cumplir con este prop\u00f3sito es responsabilidad de todos.<\/p>\n<p>M\u00e1s informaci\u00f3n:<br \/>\nSENASA: Coordinaci\u00f3n General de Control Territorial<br \/>\nTel\u00e9fono: 0 11 41 21 54 13<br \/>\nCorreo:<br \/>\nnotificaciones@senasa.gob.ar<\/p>\n<p>INTA Rafaela:<br \/>\nDra. Natalia Bulacio Cagnolo<br \/>\nTel\u00e9fono: 03 49 2 44 01 25<br \/>\nCorreo:<br \/>\nbulacio.natalia@inta.gob.ar<\/p>\n<p>INTA Balcarce: Jorge Barreto<br \/>\nTel\u00e9fono: 0 22 66 46 42 17<br \/>\nCorreo:<br \/>\nbarreto.jorge@inta.gob.ar<\/p>\n<p><img data-attachment-id=\"1890\" data-permalink=\"https:\/\/test.cookdigital.net\/campoparatodos\/2022\/04\/25\/preparemos-adecuadamente-las-colmenas-para-la-invernada\/marplast-aviso-campo-para-todos-19-5x14cm\/#main\" data-orig-file=\"https:\/\/i0.wp.com\/test.cookdigital.net\/campoparatodos\/wp-content\/uploads\/2022\/04\/Marplast-Aviso-Campo-Para-Todos-19.5x14cm.jpg?fit=2299%2C1654&amp;ssl=1\" data-orig-size=\"2299,1654\" data-comments-opened=\"1\" data-image-meta=\"{&quot;aperture&quot;:&quot;0&quot;,&quot;credit&quot;:&quot;&quot;,&quot;camera&quot;:&quot;&quot;,&quot;caption&quot;:&quot;&quot;,&quot;created_timestamp&quot;:&quot;0&quot;,&quot;copyright&quot;:&quot;&quot;,&quot;focal_length&quot;:&quot;0&quot;,&quot;iso&quot;:&quot;0&quot;,&quot;shutter_speed&quot;:&quot;0&quot;,&quot;title&quot;:&quot;Marplast-Aviso Campo Para Todos-19.5x14cm&quot;,&quot;orientation&quot;:&quot;1&quot;}\" data-image-title=\"Marplast-Aviso Campo Para Todos-19.5x14cm\" data-image-description=\"\" data-medium-file=\"https:\/\/i0.wp.com\/test.cookdigital.net\/campoparatodos\/wp-content\/uploads\/2022\/04\/Marplast-Aviso-Campo-Para-Todos-19.5x14cm.jpg?fit=300%2C216&amp;ssl=1\" data-large-file=\"https:\/\/i0.wp.com\/test.cookdigital.net\/campoparatodos\/wp-content\/uploads\/2022\/04\/Marplast-Aviso-Campo-Para-Todos-19.5x14cm.jpg?fit=1024%2C737&amp;ssl=1\" loading=\"lazy\" class=\"aligncenter wp-image-1890 size-large\" src=\"https:\/\/i0.wp.com\/www.campoparatodos.com.ar\/wp-content\/uploads\/2022\/04\/Marplast-Aviso-Campo-Para-Todos-19.5x14cm-1024x737.jpg?resize=1024%2C737&#038;ssl=1\" alt=\"\" width=\"1024\" height=\"737\" srcset=\"https:\/\/i0.wp.com\/test.cookdigital.net\/campoparatodos\/wp-content\/uploads\/2022\/04\/Marplast-Aviso-Campo-Para-Todos-19.5x14cm.jpg?resize=1024%2C737&amp;ssl=1 1024w, https:\/\/i0.wp.com\/test.cookdigital.net\/campoparatodos\/wp-content\/uploads\/2022\/04\/Marplast-Aviso-Campo-Para-Todos-19.5x14cm.jpg?resize=300%2C216&amp;ssl=1 300w, https:\/\/i0.wp.com\/test.cookdigital.net\/campoparatodos\/wp-content\/uploads\/2022\/04\/Marplast-Aviso-Campo-Para-Todos-19.5x14cm.jpg?resize=768%2C553&amp;ssl=1 768w, https:\/\/i0.wp.com\/test.cookdigital.net\/campoparatodos\/wp-content\/uploads\/2022\/04\/Marplast-Aviso-Campo-Para-Todos-19.5x14cm.jpg?resize=1536%2C1105&amp;ssl=1 1536w, https:\/\/i0.wp.com\/test.cookdigital.net\/campoparatodos\/wp-content\/uploads\/2022\/04\/Marplast-Aviso-Campo-Para-Todos-19.5x14cm.jpg?resize=2048%2C1473&amp;ssl=1 2048w\" sizes=\"(max-width: 1024px) 100vw, 1024px\" data-recalc-dims=\"1\" \/><\/p>\n<p><em>Publicado en Revista Campo para Todos N\u00b0 170<\/em><\/p>\n","protected":false},"excerpt":{"rendered":"<p>Por el Peque\u00f1o Escarabajo de las Colmenas El peque\u00f1o escarabajo de las colmenas o PEC (Aethina tumida), es una plaga que se caracteriza por alimentarse de la miel, el polen y la cr\u00eda de abejas; sus larvas provocan la fermentaci\u00f3n de la miel; la destrucci\u00f3n de los panales y el colapso de las colmenas.<\/p>\n","protected":false},"author":1,"featured_media":0,"comment_status":"closed","ping_status":"open","sticky":false,"template":"","format":"standard","meta":{"spay_email":"","jetpack_publicize_message":"","jetpack_is_tweetstorm":false},"categories":[281,168],"tags":[282,309,315,314],"jetpack_featured_media_url":"","jetpack_publicize_connections":[],"jetpack_sharing_enabled":true,"jetpack_shortlink":"https:\/\/wp.me\/p9m0DJ-ve","jetpack_likes_enabled":true,"jetpack-related-posts":[{"id":1747,"url":"https:\/\/test.cookdigital.net\/campoparatodos\/2022\/01\/13\/apicultura-santiago-del-estero\/","url_meta":{"origin":1936,"position":0},"title":"Apicultura. Santiago del Estero.","date":"enero 13, 2022","format":false,"excerpt":"A pesar de la ola de calor, en INTA estiman que las p\u00e9rdidas no llegan al 10% Ante la gran cantidad de fotos y videos de colmenas derretidas por las elevadas temperaturas que recibimos, desde la redacci\u00f3n de revista Campo para Todos consultamos con otros apicultores y, para nuestra sorpresa,\u2026","rel":"","context":"En \u00abApicultura\u00bb","img":{"alt_text":"","src":"https:\/\/i2.wp.com\/www.campoparatodos.com.ar\/wp-content\/uploads\/2022\/01\/WhatsApp-Image-2022-01-13-at-18.20.51.jpeg?resize=350%2C200&ssl=1","width":350,"height":200},"classes":[]},{"id":1889,"url":"https:\/\/test.cookdigital.net\/campoparatodos\/2022\/04\/25\/preparemos-adecuadamente-las-colmenas-para-la-invernada\/","url_meta":{"origin":1936,"position":1},"title":"Preparemos adecuadamente las colmenas para la invernada","date":"abril 25, 2022","format":false,"excerpt":"La CANTIDAD Y CALIDAD DE MIEL en la pr\u00f3xima temporada DEPENDE de lo que hagamos HOY. Para asegurar el desarrollo primaveral, debemos ingresar al receso con COLMENAS BIEN POBLADAS Y ABEJAS SANAS Y BIEN NUTRIDAS.","rel":"","context":"En \u00abApicultura\u00bb","img":{"alt_text":"","src":"https:\/\/i1.wp.com\/www.campoparatodos.com.ar\/wp-content\/uploads\/2022\/04\/apicola.jpg?resize=350%2C200&ssl=1","width":350,"height":200},"classes":[]},{"id":1931,"url":"https:\/\/test.cookdigital.net\/campoparatodos\/2022\/05\/17\/revista-campo-para-todos-n-170\/","url_meta":{"origin":1936,"position":2},"title":"Revista Campo para Todos N\u00b0 170","date":"mayo 17, 2022","format":false,"excerpt":"Ya est\u00e1 disponible la Revista N\u00famero 170. \u21d3 PARA LEERLA TOCA LA FOTO DE TAPA \u21d3 TITULOS DE ESTA EDICI\u00d3N Una cr\u00eda eficiente pensando en la g\u00f3ndola El Asado Argentino: Tenemos que imponer la palabra asado para posicionar la carne argentina. Los consumidores: El reto de cuidar a los que\u2026","rel":"","context":"En \u00abAgricultura\u00bb","img":{"alt_text":"","src":"https:\/\/i2.wp.com\/www.campoparatodos.com.ar\/wp-content\/uploads\/2022\/05\/TAPA-R170-713x1024.jpg?resize=350%2C200&ssl=1","width":350,"height":200},"classes":[]},{"id":1959,"url":"https:\/\/test.cookdigital.net\/campoparatodos\/2022\/06\/21\/revista-campo-para-todos-n-171\/","url_meta":{"origin":1936,"position":3},"title":"Revista Campo para Todos N\u00b0 171","date":"junio 21, 2022","format":false,"excerpt":"TITULOS DE TAPA DE ESTE NUMERO: Algod\u00f3n: Graves da\u00f1os por efecto de derivas de 2,4-D. \u2013\u00a0Las derivas de fitosanitarios: prevenirlas durante las aplicaciones. \u2013 Congreso Mundial Braford 2022. \u2013\u00a0Plan GanAr: Gerardo Zamora y Juli\u00e1n Dom\u00ednguez presentaron el Plan en Santiago del Estero.\u2013 Zanahoria: El taladrillo en Santiago del Estero. \u21d3\u2026","rel":"","context":"En \u00abAgricultura\u00bb","img":{"alt_text":"","src":"https:\/\/i0.wp.com\/www.campoparatodos.com.ar\/wp-content\/uploads\/2022\/06\/TAPA-171-713x1024.jpg?resize=350%2C200&ssl=1","width":350,"height":200},"classes":[]},{"id":1871,"url":"https:\/\/test.cookdigital.net\/campoparatodos\/2022\/04\/13\/revista-campo-para-todos-n-169\/","url_meta":{"origin":1936,"position":4},"title":"Revista Campo para Todos N\u00b0 169","date":"abril 13, 2022","format":false,"excerpt":"Edici\u00f3n especial EXPOAGRO 2022, todas las novedades y nuevos productos. Algod\u00f3n. Apicultura y Lecher\u00eda. \u21d3 PARA LEERLA TOCA LA IMAGEN \u21d3 T\u00cdTULOS DE LA EDICI\u00d3N 169 MARZO DE 2022 Expoagro 2022. Cosechando la siembra de dos a\u00f1os. Ford. Presentamos 3 nuevas versiones autom\u00e1ticas de pick ups. Pauny, present\u00f3 su nuevo\u2026","rel":"","context":"En \u00abAgricultura\u00bb","img":{"alt_text":"","src":"https:\/\/i2.wp.com\/www.campoparatodos.com.ar\/wp-content\/uploads\/2022\/04\/TAPA-169.jpg?resize=350%2C200&ssl=1","width":350,"height":200},"classes":[]},{"id":2247,"url":"https:\/\/test.cookdigital.net\/campoparatodos\/2022\/12\/19\/revista-campo-para-todos-n-177\/","url_meta":{"origin":1936,"position":5},"title":"Revista Campo para Todos N\u00b0 177","date":"diciembre 19, 2022","format":false,"excerpt":"Ya est\u00e1 disponible la Revista digital Para leerla gratis ingresa tocando la foto de la tapa \u00a0 TITULOS DE ESTA EDICION Apicultura. Recomendaciones para evitar derretimiento de colmenas. Algod\u00f3n. Recomendaciones para el manejo de \u201cenfermedades tempranas o de pl\u00e1ntulas\u201d. Trips en algod\u00f3n. T\u00e9cnicas de control Carta de suelos del Departamento\u2026","rel":"","context":"En \u00abAgricultura\u00bb","img":{"alt_text":"","src":"https:\/\/i1.wp.com\/www.campoparatodos.com.ar\/wp-content\/uploads\/2022\/12\/Tapa-Revista-177-713x1024.jpg?resize=350%2C200&ssl=1","width":350,"height":200},"classes":[]}],"_links":{"self":[{"href":"https:\/\/test.cookdigital.net\/campoparatodos\/wp-json\/wp\/v2\/posts\/1936"}],"collection":[{"href":"https:\/\/test.cookdigital.net\/campoparatodos\/wp-json\/wp\/v2\/posts"}],"about":[{"href":"https:\/\/test.cookdigital.net\/campoparatodos\/wp-json\/wp\/v2\/types\/post"}],"author":[{"embeddable":true,"href":"https:\/\/test.cookdigital.net\/campoparatodos\/wp-json\/wp\/v2\/users\/1"}],"replies":[{"embeddable":true,"href":"https:\/\/test.cookdigital.net\/campoparatodos\/wp-json\/wp\/v2\/comments?post=1936"}],"version-history":[{"count":3,"href":"https:\/\/test.cookdigital.net\/campoparatodos\/wp-json\/wp\/v2\/posts\/1936\/revisions"}],"predecessor-version":[{"id":1940,"href":"https:\/\/test.cookdigital.net\/campoparatodos\/wp-json\/wp\/v2\/posts\/1936\/revisions\/1940"}],"wp:attachment":[{"href":"https:\/\/test.cookdigital.net\/campoparatodos\/wp-json\/wp\/v2\/media?parent=1936"}],"wp:term":[{"taxonomy":"category","embeddable":true,"href":"https:\/\/test.cookdigital.net\/campoparatodos\/wp-json\/wp\/v2\/categories?post=1936"},{"taxonomy":"post_tag","embeddable":true,"href":"https:\/\/test.cookdigital.net\/campoparatodos\/wp-json\/wp\/v2\/tags?post=1936"}],"curies":[{"name":"wp","href":"https:\/\/api.w.org\/{rel}","templated":true}]}}