{"id":1804,"date":"2022-02-23T14:01:59","date_gmt":"2022-02-23T14:01:59","guid":{"rendered":"https:\/\/www.campoparatodos.com.ar\/?p=1804"},"modified":"2022-02-23T14:01:59","modified_gmt":"2022-02-23T14:01:59","slug":"una-nueva-claas-llega-a-expoagro-2022","status":"publish","type":"post","link":"https:\/\/test.cookdigital.net\/campoparatodos\/2022\/02\/23\/una-nueva-claas-llega-a-expoagro-2022\/","title":{"rendered":"Una nueva CLAAS llega a Expoagro 2022"},"content":{"rendered":"<p><em>La empresa presentar\u00e1 su nueva generaci\u00f3n de cosechadoras, picadoras y cabezales. Una oportunidad para vivir de cerca el gran salto tecnol\u00f3gico que propone la marca. <\/em><\/p>\n<p><img data-attachment-id=\"1805\" data-permalink=\"https:\/\/test.cookdigital.net\/campoparatodos\/2022\/02\/23\/una-nueva-claas-llega-a-expoagro-2022\/aviso-expoagro-catalogo-2022-img\/#main\" data-orig-file=\"https:\/\/i2.wp.com\/test.cookdigital.net\/campoparatodos\/wp-content\/uploads\/2022\/02\/aviso-expoagro-catalogo-2022-IMG.jpeg?fit=714%2C394&amp;ssl=1\" data-orig-size=\"714,394\" data-comments-opened=\"1\" data-image-meta=\"{&quot;aperture&quot;:&quot;0&quot;,&quot;credit&quot;:&quot;&quot;,&quot;camera&quot;:&quot;&quot;,&quot;caption&quot;:&quot;&quot;,&quot;created_timestamp&quot;:&quot;0&quot;,&quot;copyright&quot;:&quot;&quot;,&quot;focal_length&quot;:&quot;0&quot;,&quot;iso&quot;:&quot;0&quot;,&quot;shutter_speed&quot;:&quot;0&quot;,&quot;title&quot;:&quot;&quot;,&quot;orientation&quot;:&quot;0&quot;}\" data-image-title=\"aviso-expoagro-catalogo-2022-IMG\" data-image-description=\"\" data-medium-file=\"https:\/\/i2.wp.com\/test.cookdigital.net\/campoparatodos\/wp-content\/uploads\/2022\/02\/aviso-expoagro-catalogo-2022-IMG.jpeg?fit=300%2C166&amp;ssl=1\" data-large-file=\"https:\/\/i2.wp.com\/test.cookdigital.net\/campoparatodos\/wp-content\/uploads\/2022\/02\/aviso-expoagro-catalogo-2022-IMG.jpeg?fit=714%2C394&amp;ssl=1\" loading=\"lazy\" class=\"aligncenter size-full wp-image-1805\" src=\"https:\/\/i0.wp.com\/www.campoparatodos.com.ar\/wp-content\/uploads\/2022\/02\/aviso-expoagro-catalogo-2022-IMG.jpeg?resize=714%2C394&#038;ssl=1\" alt=\"\" width=\"714\" height=\"394\" srcset=\"https:\/\/i2.wp.com\/test.cookdigital.net\/campoparatodos\/wp-content\/uploads\/2022\/02\/aviso-expoagro-catalogo-2022-IMG.jpeg?w=714&amp;ssl=1 714w, https:\/\/i2.wp.com\/test.cookdigital.net\/campoparatodos\/wp-content\/uploads\/2022\/02\/aviso-expoagro-catalogo-2022-IMG.jpeg?resize=300%2C166&amp;ssl=1 300w\" sizes=\"(max-width: 714px) 100vw, 714px\" data-recalc-dims=\"1\" \/><\/p>\n<p><!--more--><\/p>\n<p>Por primera vez, la cosechadora m\u00e1s potente y evolucionada del mercado argentino y la picadora m\u00e1s vendida del pa\u00eds y a nivel mundial &#8211; la picadora oficial de Expoagro- se exhibir\u00e1n en una exposici\u00f3n para que todos puedan conocer la \u00faltima tecnolog\u00eda en maquinaria agr\u00edcola. Ambas estar\u00e1n acompa\u00f1adas de los cabezales m\u00e1s revolucionarios que conocen los campos argentinos.<\/p>\n<p>Y s\u00ed, desde la \u00faltima edici\u00f3n a \u00e9sta, en CLAAS pasaron muchas cosas. Fue presentada la nueva LEXION 8000-7000, el principal desarrollo de los \u00faltimos 25 a\u00f1os en materia de cosecha que ser\u00e1 exhibida junto al cabezal draper HERA, y la nueva Serie 502 de la picadora JAGUAR 900, que estar\u00e1 acompa\u00f1ada por el nuevo cabezal ORBIS. En el stand tambi\u00e9n se ver\u00e1n equipos de la l\u00ednea verde (encabezados por el nuevo LINER 3100).<\/p>\n<p>La nueva CLAAS, que desde noviembre es liderada por Santiago Larroux, flamante presidente de CLAAS Argentina y vicepresidente para Am\u00e9rica Latina, ser\u00e1 la cita imperdible para los que se acerquen al stand 170 de Expoagro.<\/p>\n<p><img data-attachment-id=\"1806\" data-permalink=\"https:\/\/test.cookdigital.net\/campoparatodos\/2022\/02\/23\/una-nueva-claas-llega-a-expoagro-2022\/387118_26b\/#main\" data-orig-file=\"https:\/\/i0.wp.com\/test.cookdigital.net\/campoparatodos\/wp-content\/uploads\/2022\/02\/387118_26b.jpg?fit=1093%2C728&amp;ssl=1\" data-orig-size=\"1093,728\" data-comments-opened=\"1\" data-image-meta=\"{&quot;aperture&quot;:&quot;0&quot;,&quot;credit&quot;:&quot;&quot;,&quot;camera&quot;:&quot;&quot;,&quot;caption&quot;:&quot;&quot;,&quot;created_timestamp&quot;:&quot;0&quot;,&quot;copyright&quot;:&quot;&quot;,&quot;focal_length&quot;:&quot;0&quot;,&quot;iso&quot;:&quot;0&quot;,&quot;shutter_speed&quot;:&quot;0&quot;,&quot;title&quot;:&quot;&quot;,&quot;orientation&quot;:&quot;0&quot;}\" data-image-title=\"387118_26b\" data-image-description=\"\" data-medium-file=\"https:\/\/i0.wp.com\/test.cookdigital.net\/campoparatodos\/wp-content\/uploads\/2022\/02\/387118_26b.jpg?fit=300%2C200&amp;ssl=1\" data-large-file=\"https:\/\/i0.wp.com\/test.cookdigital.net\/campoparatodos\/wp-content\/uploads\/2022\/02\/387118_26b.jpg?fit=1024%2C682&amp;ssl=1\" loading=\"lazy\" class=\"aligncenter size-full wp-image-1806\" src=\"https:\/\/i1.wp.com\/www.campoparatodos.com.ar\/wp-content\/uploads\/2022\/02\/387118_26b.jpg?resize=1093%2C728&#038;ssl=1\" alt=\"\" width=\"1093\" height=\"728\" srcset=\"https:\/\/i0.wp.com\/test.cookdigital.net\/campoparatodos\/wp-content\/uploads\/2022\/02\/387118_26b.jpg?w=1093&amp;ssl=1 1093w, https:\/\/i0.wp.com\/test.cookdigital.net\/campoparatodos\/wp-content\/uploads\/2022\/02\/387118_26b.jpg?resize=300%2C200&amp;ssl=1 300w, https:\/\/i0.wp.com\/test.cookdigital.net\/campoparatodos\/wp-content\/uploads\/2022\/02\/387118_26b.jpg?resize=1024%2C682&amp;ssl=1 1024w, https:\/\/i0.wp.com\/test.cookdigital.net\/campoparatodos\/wp-content\/uploads\/2022\/02\/387118_26b.jpg?resize=768%2C512&amp;ssl=1 768w, https:\/\/i0.wp.com\/test.cookdigital.net\/campoparatodos\/wp-content\/uploads\/2022\/02\/387118_26b.jpg?resize=272%2C182&amp;ssl=1 272w\" sizes=\"(max-width: 1093px) 100vw, 1093px\" data-recalc-dims=\"1\" \/><\/p>\n<p><strong>Las novedades<\/strong><\/p>\n<p>Sin duda la protagonista ser\u00e1 la cosechadora LEXION 8000-7000, el modelo m\u00e1s potente e inteligente del mundo, fruto de una d\u00e9cada de trabajo de los ingenieros de todas las regiones productoras del mundo. Esta revoluci\u00f3n que nace del coraz\u00f3n de la m\u00e1quina, totalmente redise\u00f1ado, se centra en la nueva unidad de trilla APS SYNFLOW en conjunto con el sistema de separaci\u00f3n axial ROTO PLUS.<\/p>\n<p>Tras un completo redise\u00f1o, CLAAS logr\u00f3 crear una cosechadora con un 25% m\u00e1s de capacidad de trabajo que su antecesora, sin modificar la potencia de los motores y con un 10% menos de consumo de combustible. Con una capacidad de tolva de 15.000 litros que se vac\u00edan en 85 segundos y un sistema de orugas que permiten el traslado a m\u00e1s de 30 km\/h, la nueva LEXION representa un gran salto de calidad en el mundo de la cosecha.<\/p>\n<p>Esta gran capacidad de trabajo debe acompa\u00f1arse con un cabezal que est\u00e9 a la altura. Por eso en Expoagro podr\u00e1 verse junto a la plataforma draper HERA de 47 pies, un sistema de recolecci\u00f3n 100% flexible que maximiza el cuidado de los granos, disminuye niveles de p\u00e9rdida y eleva la productividad de todo el equipo.<\/p>\n<p>La cosechadora podr\u00e1 verse en el stand y tambi\u00e9n en las din\u00e1micas que todos los d\u00edas se realizar\u00e1n en el Tecn\u00f3dromo de Expoagro, de 14 a 14.45 horas.<\/p>\n<p>La nueva JAGUAR 900 Serie 502, la picadora oficial de Expoagro, ser\u00e1 el otro gran atractivo que tambi\u00e9n podr\u00e1 verse en acci\u00f3n todos los d\u00edas en las demostraciones ganaderas del Tecn\u00f3dromo, de 11 a 11.45 horas.<\/p>\n<p>Haciendo alarde de su fuerza e inteligencia, esta picadora tambi\u00e9n ha sido renovada y una de las novedades que presenta es el nueva tecnolog\u00eda Turbo Compound a partir de la cual reutiliza los gases de escape que libera el motor permitiendo recuperar entre un 6% y 8% de la potencia.<\/p>\n<p>En lo que hace a la asistencia al operario, ahora CEMOS AUTO PERFORMANCE tambi\u00e9n est\u00e1 disponible en JAGUAR 950 y 960. La m\u00e1quina regula autom\u00e1ticamente la potencia y velocidad de acuerdo al rendimiento de forraje. Con esta eficiencia es posible incrementar hasta un 7% m\u00e1s la capacidad en hect\u00e1reas por hora con un ahorro de combustible del 12%<\/p>\n<p>La nueva JAGUAR pertenece a una nueva generaci\u00f3n de m\u00e1quinas CLAAS que est\u00e1n preparadas para ser operadas de cuatro formas distintas, a trav\u00e9s de su nueva pantalla t\u00e1ctil CEBIS que funciona con la misma facilidad que un celular.<\/p>\n<p>Y como un picado de alta calidad arranca en el cabezal, CLAAS presenta tambi\u00e9n una nueva generaci\u00f3n de ORBIS, un cabezal completamente nuevo que potencia la performance de la JAGUAR y permite un plegado en tiempo r\u00e9cord de tan solo 15 segundos.<\/p>\n<p>JAGUAR es la picadora n\u00famero 1 en ventas y con sus tres tipos diferentes de cabezales permite confeccionar cualquier tipo de reservas, en cualquier zona del pa\u00eds y con la m\u00e1xima calidad para el aprovechamiento nutricional.<\/p>\n<p>Con todas estas novedades, CLAAS se prepara para participar de Expoagro d\u00e1ndole el toque de distinci\u00f3n tecnol\u00f3gica que el campo argentino se merece.<\/p>\n","protected":false},"excerpt":{"rendered":"<p>La empresa presentar\u00e1 su nueva generaci\u00f3n de cosechadoras, picadoras y cabezales. Una oportunidad para vivir de cerca el gran salto tecnol\u00f3gico que propone la marca.<\/p>\n","protected":false},"author":1,"featured_media":0,"comment_status":"closed","ping_status":"open","sticky":false,"template":"","format":"standard","meta":{"spay_email":"","jetpack_publicize_message":"","jetpack_is_tweetstorm":false},"categories":[5,10],"tags":[292,291],"jetpack_featured_media_url":"","jetpack_publicize_connections":[],"jetpack_sharing_enabled":true,"jetpack_shortlink":"https:\/\/wp.me\/p9m0DJ-t6","jetpack_likes_enabled":true,"jetpack-related-posts":[{"id":1843,"url":"https:\/\/test.cookdigital.net\/campoparatodos\/2022\/03\/14\/claas-exhibio-en-expoagro-la-cosechadora-mas-potente-del-mercado\/","url_meta":{"origin":1804,"position":0},"title":"CLAAS exhibi\u00f3 en Expoagro la cosechadora m\u00e1s potente del mercado","date":"marzo 14, 2022","format":false,"excerpt":"La LEXION 8000-7000 de CLAAS pis\u00f3 por primera vez una exposici\u00f3n argentina. Representa una nueva generaci\u00f3n de cosechadoras y expresa la evoluci\u00f3n de la inteligencia en maquinaria agr\u00edcola. Tiene un 25% m\u00e1s de capacidad de trabajo con un 10% menos de consumo de combustible. La exposici\u00f3n que se realiz\u00f3 en\u2026","rel":"","context":"En \u00abEventos\u00bb","img":{"alt_text":"","src":"https:\/\/i0.wp.com\/www.campoparatodos.com.ar\/wp-content\/uploads\/2022\/03\/CLAAS-EXPOAGRO-2022-03.jpg?resize=350%2C200&ssl=1","width":350,"height":200},"classes":[]},{"id":1871,"url":"https:\/\/test.cookdigital.net\/campoparatodos\/2022\/04\/13\/revista-campo-para-todos-n-169\/","url_meta":{"origin":1804,"position":1},"title":"Revista Campo para Todos N\u00b0 169","date":"abril 13, 2022","format":false,"excerpt":"Edici\u00f3n especial EXPOAGRO 2022, todas las novedades y nuevos productos. Algod\u00f3n. Apicultura y Lecher\u00eda. \u21d3 PARA LEERLA TOCA LA IMAGEN \u21d3 T\u00cdTULOS DE LA EDICI\u00d3N 169 MARZO DE 2022 Expoagro 2022. Cosechando la siembra de dos a\u00f1os. Ford. Presentamos 3 nuevas versiones autom\u00e1ticas de pick ups. Pauny, present\u00f3 su nuevo\u2026","rel":"","context":"En \u00abAgricultura\u00bb","img":{"alt_text":"","src":"https:\/\/i2.wp.com\/www.campoparatodos.com.ar\/wp-content\/uploads\/2022\/04\/TAPA-169.jpg?resize=350%2C200&ssl=1","width":350,"height":200},"classes":[]},{"id":2388,"url":"https:\/\/test.cookdigital.net\/campoparatodos\/2023\/03\/16\/revista-campo-para-todos-n-180\/","url_meta":{"origin":1804,"position":2},"title":"Revista Campo para Todos N\u00b0 180","date":"marzo 16, 2023","format":false,"excerpt":"Edici\u00f3n Especial EXPOAGRO 2023. La lupa del NOA en uno de los eventos mas importantes del pa\u00eds. Las novedades de 23 empresas e instituciones m\u00e1s destacadas que participaron. \u2666 \u00bfQu\u00e9 es un buen forraje en Santiago del Estero? - \u2666 El Algod\u00f3n es el cultivo m\u00e1s afectado por la sequ\u00eda.\u2026","rel":"","context":"En \u00abAgricultura\u00bb","img":{"alt_text":"","src":"https:\/\/i1.wp.com\/www.campoparatodos.com.ar\/wp-content\/uploads\/2023\/03\/REVISTA-TAPA-180-713x1024.jpg?resize=350%2C200&ssl=1","width":350,"height":200},"classes":[]},{"id":1828,"url":"https:\/\/test.cookdigital.net\/campoparatodos\/2022\/03\/02\/upl-invita-a-reinventar-la-sostenibilidad-en-expoagro\/","url_meta":{"origin":1804,"position":3},"title":"UPL invita a reinventar la sostenibilidad en Expoagro","date":"marzo 2, 2022","format":false,"excerpt":"UPL Argentina desplegar\u00e1 todas sus novedades en cuatro estaciones tem\u00e1ticas. Biosoluciones, inoculantes, protecci\u00f3n de cultivos y un modelo de innovaci\u00f3n abierta para el crecimiento sostenible. Del 8 al 11 de marzo, UPL Argentina dar\u00e1 que hablar en Expoagro. En cuatro estaciones tem\u00e1ticas y bajo la premisa de reinventar la sostenibilidad,\u2026","rel":"","context":"En \u00abAgricultura\u00bb","img":{"alt_text":"","src":"https:\/\/i0.wp.com\/www.campoparatodos.com.ar\/wp-content\/uploads\/2022\/03\/MG_9047-scaled.jpg?resize=350%2C200&ssl=1","width":350,"height":200},"classes":[]},{"id":1779,"url":"https:\/\/test.cookdigital.net\/campoparatodos\/2022\/02\/09\/expoagro-2022-edicion-ypf-agro-el-evento-mas-esperado\/","url_meta":{"origin":1804,"position":4},"title":"Expoagro 2022 edici\u00f3n YPF Agro: el evento m\u00e1s esperado","date":"febrero 9, 2022","format":false,"excerpt":"Palpitando el evento m\u00e1s esperado del agro, este mi\u00e9rcoles 9 de febrero se dieron a conocer las novedades de la nueva edici\u00f3n de la muestra agroindustrial a cielo abierto m\u00e1s importante de la regi\u00f3n: Expoagro 2022 edici\u00f3n YPF Agro, del 8 al 11 de marzo en el Predio Ferial y\u2026","rel":"","context":"En \u00abEventos\u00bb","img":{"alt_text":"","src":"https:\/\/i0.wp.com\/www.campoparatodos.com.ar\/wp-content\/uploads\/2022\/02\/Expoagro-2022-edicio\u00cc\u0081n-YPF-Agro..png?resize=350%2C200&ssl=1","width":350,"height":200},"classes":[]},{"id":1822,"url":"https:\/\/test.cookdigital.net\/campoparatodos\/2022\/02\/25\/bayer-presenta-en-expoagro-2022-su-innovadora-propuesta-de-valor-para-una-agricultura-sustentable\/","url_meta":{"origin":1804,"position":5},"title":"Bayer presenta en Expoagro 2022 su innovadora propuesta de valor para una agricultura sustentable","date":"febrero 25, 2022","format":false,"excerpt":"Basada en los pilares de innovaci\u00f3n, de sustentabilidad y de transformaci\u00f3n digital, Bayer presentar\u00e1 su robusta propuesta de valor centrada en los productores y toda la cadena del agro en la edici\u00f3n 2022 de Expoagro. Bayer refuerza su compromiso y apuesta una vez m\u00e1s a la sustentabilidad, la innovaci\u00f3n y\u2026","rel":"","context":"En \u00abAgricultura\u00bb","img":{"alt_text":"","src":"https:\/\/i1.wp.com\/www.campoparatodos.com.ar\/wp-content\/uploads\/2022\/02\/BAYER-STAND.jpeg?resize=350%2C200&ssl=1","width":350,"height":200},"classes":[]}],"_links":{"self":[{"href":"https:\/\/test.cookdigital.net\/campoparatodos\/wp-json\/wp\/v2\/posts\/1804"}],"collection":[{"href":"https:\/\/test.cookdigital.net\/campoparatodos\/wp-json\/wp\/v2\/posts"}],"about":[{"href":"https:\/\/test.cookdigital.net\/campoparatodos\/wp-json\/wp\/v2\/types\/post"}],"author":[{"embeddable":true,"href":"https:\/\/test.cookdigital.net\/campoparatodos\/wp-json\/wp\/v2\/users\/1"}],"replies":[{"embeddable":true,"href":"https:\/\/test.cookdigital.net\/campoparatodos\/wp-json\/wp\/v2\/comments?post=1804"}],"version-history":[{"count":1,"href":"https:\/\/test.cookdigital.net\/campoparatodos\/wp-json\/wp\/v2\/posts\/1804\/revisions"}],"predecessor-version":[{"id":1807,"href":"https:\/\/test.cookdigital.net\/campoparatodos\/wp-json\/wp\/v2\/posts\/1804\/revisions\/1807"}],"wp:attachment":[{"href":"https:\/\/test.cookdigital.net\/campoparatodos\/wp-json\/wp\/v2\/media?parent=1804"}],"wp:term":[{"taxonomy":"category","embeddable":true,"href":"https:\/\/test.cookdigital.net\/campoparatodos\/wp-json\/wp\/v2\/categories?post=1804"},{"taxonomy":"post_tag","embeddable":true,"href":"https:\/\/test.cookdigital.net\/campoparatodos\/wp-json\/wp\/v2\/tags?post=1804"}],"curies":[{"name":"wp","href":"https:\/\/api.w.org\/{rel}","templated":true}]}}