{"id":1782,"date":"2022-02-12T00:00:04","date_gmt":"2022-02-12T00:00:04","guid":{"rendered":"https:\/\/www.campoparatodos.com.ar\/?p=1782"},"modified":"2022-02-12T00:00:04","modified_gmt":"2022-02-12T00:00:04","slug":"revista-campo-para-todos-n-167","status":"publish","type":"post","link":"https:\/\/test.cookdigital.net\/campoparatodos\/2022\/02\/12\/revista-campo-para-todos-n-167\/","title":{"rendered":"Revista Campo para Todos N\u00b0 167"},"content":{"rendered":"<p><strong><span style=\"color: #ff0000;\">YA EST\u00c1 DISPONIBLE LA REVISTA.<\/span><\/strong><\/p>\n<p><span style=\"color: #008000;\">T\u00edtulos de tapa:<\/span> Proh\u00edben el uso del Herbicida 2,4-D en Santiago del Estero. &#8211; Malezas en soja: c\u00f3mo controlarlas de manera efectiva. &#8211; Zanahorias en Santiago del Estero. Cambiar cantidad por calidad. Y mucho m\u00e1s&#8230;.<\/p>\n<p style=\"text-align: center;\"><span style=\"color: #ff0000;\"><strong>PARA LEERLA TOCA LA FOTO DE TAPA<\/strong><\/span><\/p>\n<p><a href=\"https:\/\/online.fliphtml5.com\/yuzt\/bjkl\/#p=1\"><img data-attachment-id=\"1783\" data-permalink=\"https:\/\/test.cookdigital.net\/campoparatodos\/2022\/02\/12\/revista-campo-para-todos-n-167\/cpt-template-141\/#main\" data-orig-file=\"https:\/\/i1.wp.com\/test.cookdigital.net\/campoparatodos\/wp-content\/uploads\/2022\/02\/TAPA-REVISTA-167.jpg?fit=999%2C1434&amp;ssl=1\" data-orig-size=\"999,1434\" data-comments-opened=\"1\" data-image-meta=\"{&quot;aperture&quot;:&quot;0&quot;,&quot;credit&quot;:&quot;carlos&quot;,&quot;camera&quot;:&quot;&quot;,&quot;caption&quot;:&quot;cpt-template&quot;,&quot;created_timestamp&quot;:&quot;1644611189&quot;,&quot;copyright&quot;:&quot;&quot;,&quot;focal_length&quot;:&quot;0&quot;,&quot;iso&quot;:&quot;0&quot;,&quot;shutter_speed&quot;:&quot;0&quot;,&quot;title&quot;:&quot;cpt-template&quot;,&quot;orientation&quot;:&quot;0&quot;}\" data-image-title=\"R167\" data-image-description=\"\" data-medium-file=\"https:\/\/i1.wp.com\/test.cookdigital.net\/campoparatodos\/wp-content\/uploads\/2022\/02\/TAPA-REVISTA-167.jpg?fit=209%2C300&amp;ssl=1\" data-large-file=\"https:\/\/i1.wp.com\/test.cookdigital.net\/campoparatodos\/wp-content\/uploads\/2022\/02\/TAPA-REVISTA-167.jpg?fit=713%2C1024&amp;ssl=1\" loading=\"lazy\" class=\"aligncenter wp-image-1783 size-full\" src=\"https:\/\/i0.wp.com\/www.campoparatodos.com.ar\/wp-content\/uploads\/2022\/02\/TAPA-REVISTA-167.jpg?resize=999%2C1434&#038;ssl=1\" alt=\"\" width=\"999\" height=\"1434\" srcset=\"https:\/\/i1.wp.com\/test.cookdigital.net\/campoparatodos\/wp-content\/uploads\/2022\/02\/TAPA-REVISTA-167.jpg?w=999&amp;ssl=1 999w, https:\/\/i1.wp.com\/test.cookdigital.net\/campoparatodos\/wp-content\/uploads\/2022\/02\/TAPA-REVISTA-167.jpg?resize=209%2C300&amp;ssl=1 209w, https:\/\/i1.wp.com\/test.cookdigital.net\/campoparatodos\/wp-content\/uploads\/2022\/02\/TAPA-REVISTA-167.jpg?resize=713%2C1024&amp;ssl=1 713w, https:\/\/i1.wp.com\/test.cookdigital.net\/campoparatodos\/wp-content\/uploads\/2022\/02\/TAPA-REVISTA-167.jpg?resize=768%2C1102&amp;ssl=1 768w\" sizes=\"(max-width: 999px) 100vw, 999px\" data-recalc-dims=\"1\" \/><\/a><\/p>\n<p><!--more--><\/p>\n<p>T\u00cdTULOS DE LA EDICI\u00d3N 167 ENERO DE 2022<\/p>\n<ul>\n<li>\u00bfCu\u00e1nto bosque habr\u00e1 en el Gran Chaco en 2100?<\/li>\n<li>\u00bfC\u00f3mo producir carne vacuna de calidad y reducir las emisiones de metano?<\/li>\n<li>Malezas en soja: c\u00f3mo controlarlas de manera efectiva.<\/li>\n<li>Producci\u00f3n global de alimento balanceado y tendencias.<\/li>\n<li>Apicultura. Santiago del Estero. Estiman que las p\u00e9rdidas por la ola de calor no llegan al 10%. Qu\u00e9 medidas tomar ante la ola de calor.<\/li>\n<li>Hilado del algod\u00f3n agroecol\u00f3gico de la Red No\u00b4oxonec y del INTA S\u00e1enz Pe\u00f1a.<\/li>\n<li>Zapallito de Tronco: Control biol\u00f3gico y polinizaci\u00f3n.<\/li>\n<li>Blanqueador total. Defoliante y desecante para algod\u00f3n.<\/li>\n<li>En Santiago del Estero. Proh\u00edben el uso del Herbicida 2,4-Diclorofenoxi\u00e1cetico (2,4-D).<\/li>\n<li>Zanahorias en Santiago del Estero. Cambiar cantidad por calidad.<\/li>\n<\/ul>\n","protected":false},"excerpt":{"rendered":"<p>YA EST\u00c1 DISPONIBLE LA REVISTA. T\u00edtulos de tapa: Proh\u00edben el uso del Herbicida 2,4-D en Santiago del Estero. &#8211; Malezas en soja: c\u00f3mo controlarlas de manera efectiva. &#8211; Zanahorias en Santiago del Estero. Cambiar cantidad por calidad. Y mucho m\u00e1s&#8230;. PARA LEERLA TOCA LA FOTO DE TAPA<\/p>\n","protected":false},"author":1,"featured_media":0,"comment_status":"closed","ping_status":"open","sticky":false,"template":"","format":"standard","meta":{"spay_email":"","jetpack_publicize_message":"","jetpack_is_tweetstorm":false},"categories":[7,9,281,205,163,18,3,5,8,10,168,4],"tags":[],"jetpack_featured_media_url":"","jetpack_publicize_connections":[],"jetpack_sharing_enabled":true,"jetpack_shortlink":"https:\/\/wp.me\/p9m0DJ-sK","jetpack_likes_enabled":true,"jetpack-related-posts":[{"id":2233,"url":"https:\/\/test.cookdigital.net\/campoparatodos\/2022\/11\/22\/revista-campo-para-todos-n-176\/","url_meta":{"origin":1782,"position":0},"title":"Revista Campo para Todos N\u00b0 176","date":"noviembre 22, 2022","format":false,"excerpt":"TITULOS DE TAPA: Riego en Algod\u00f3n: \u00bfEl agua en el momento justo?. - Caba\u00f1a La Legua realiz\u00f3 su primer remate. - Apicultura: Manejo de apiarios en \u00e9pocas de sequ\u00eda. - Asumieron los directores del INTA Santiago del Estero y Quimil\u00ed. REVISTA DIGITAL DISPONIBLE. PARA LEERLA GRATIS TOQUE LA FOTO TITULOS\u2026","rel":"","context":"En \u00abAgricultura\u00bb","img":{"alt_text":"","src":"https:\/\/i0.wp.com\/www.campoparatodos.com.ar\/wp-content\/uploads\/2022\/11\/TAPA-REVISTA-176-713x1024.jpg?resize=350%2C200&ssl=1","width":350,"height":200},"classes":[]},{"id":2247,"url":"https:\/\/test.cookdigital.net\/campoparatodos\/2022\/12\/19\/revista-campo-para-todos-n-177\/","url_meta":{"origin":1782,"position":1},"title":"Revista Campo para Todos N\u00b0 177","date":"diciembre 19, 2022","format":false,"excerpt":"Ya est\u00e1 disponible la Revista digital Para leerla gratis ingresa tocando la foto de la tapa \u00a0 TITULOS DE ESTA EDICION Apicultura. Recomendaciones para evitar derretimiento de colmenas. Algod\u00f3n. Recomendaciones para el manejo de \u201cenfermedades tempranas o de pl\u00e1ntulas\u201d. Trips en algod\u00f3n. T\u00e9cnicas de control Carta de suelos del Departamento\u2026","rel":"","context":"En \u00abAgricultura\u00bb","img":{"alt_text":"","src":"https:\/\/i1.wp.com\/www.campoparatodos.com.ar\/wp-content\/uploads\/2022\/12\/Tapa-Revista-177-713x1024.jpg?resize=350%2C200&ssl=1","width":350,"height":200},"classes":[]},{"id":1959,"url":"https:\/\/test.cookdigital.net\/campoparatodos\/2022\/06\/21\/revista-campo-para-todos-n-171\/","url_meta":{"origin":1782,"position":2},"title":"Revista Campo para Todos N\u00b0 171","date":"junio 21, 2022","format":false,"excerpt":"TITULOS DE TAPA DE ESTE NUMERO: Algod\u00f3n: Graves da\u00f1os por efecto de derivas de 2,4-D. \u2013\u00a0Las derivas de fitosanitarios: prevenirlas durante las aplicaciones. \u2013 Congreso Mundial Braford 2022. \u2013\u00a0Plan GanAr: Gerardo Zamora y Juli\u00e1n Dom\u00ednguez presentaron el Plan en Santiago del Estero.\u2013 Zanahoria: El taladrillo en Santiago del Estero. \u21d3\u2026","rel":"","context":"En \u00abAgricultura\u00bb","img":{"alt_text":"","src":"https:\/\/i0.wp.com\/www.campoparatodos.com.ar\/wp-content\/uploads\/2022\/06\/TAPA-171-713x1024.jpg?resize=350%2C200&ssl=1","width":350,"height":200},"classes":[]},{"id":2539,"url":"https:\/\/test.cookdigital.net\/campoparatodos\/2023\/05\/10\/revista-campo-para-todos-n-182-mayo-2023\/","url_meta":{"origin":1782,"position":3},"title":"Revista Campo para Todos N\u00b0 182 Mayo 2023","date":"mayo 10, 2023","format":false,"excerpt":"TITULOS DE TAPA EDICION N\u00b0 182 DE MAYO. - Todo el mundial Brangus. - Balance Forrajero - \u00bfEl Trigo les dar\u00e1 revancha a los productores Santiague\u00f1os? - Los cultivos estivales se encuentran finalizando sus ciclos. PARA LEERLA GRATIS TOCA LA FOTO DE TAPA INDICE REVISTA 182 DE MAYO 2023 5-\u2026","rel":"","context":"En \u00abAgricultura\u00bb","img":{"alt_text":"","src":"https:\/\/i0.wp.com\/www.campoparatodos.com.ar\/wp-content\/uploads\/2023\/05\/TAPA-REVISTA-182.jpg?resize=350%2C200&ssl=1","width":350,"height":200},"classes":[]},{"id":2462,"url":"https:\/\/test.cookdigital.net\/campoparatodos\/2023\/04\/14\/revista-campo-para-todos-n-181-abril-2023\/","url_meta":{"origin":1782,"position":4},"title":"Revista Campo para Todos N\u00b0 181 - Abril 2023","date":"abril 14, 2023","format":false,"excerpt":"T\u00cdTULOS DE TAPA DE LA EDICI\u00d3N 181 - ABRIL DE 2023 Se estiman 40 mil ha perdidas de cultivos de verano en Santiago del Estero. - Los cultivos han sufrido mucho en Pampa de los Guanacos. - En Santiago del Estero muchos cultivos se van a cosechar teniendo m\u00e1rgenes negativos.\u2026","rel":"","context":"En \u00abAgricultura\u00bb","img":{"alt_text":"","src":"https:\/\/i0.wp.com\/www.campoparatodos.com.ar\/wp-content\/uploads\/2023\/04\/TAPA-REVISTA-181-713x1024.jpg?resize=350%2C200&ssl=1","width":350,"height":200},"classes":[]},{"id":1121,"url":"https:\/\/test.cookdigital.net\/campoparatodos\/2020\/11\/18\/revista-campo-para-todos-n-152\/","url_meta":{"origin":1782,"position":5},"title":"REVISTA CAMPO PARA TODOS N\u00b0 152","date":"noviembre 18, 2020","format":false,"excerpt":"PARA LEER LA REVISTA TOC\u00c1 LA IMAGEN \u21d3 Aapresid y AAPA lanzan el sello \"Algod\u00f3n Responsable Argentino\" Producci\u00f3n de semilla de alfalfa certificada en Santiago del Estero. El manejo actual de la nutrici\u00f3n de la soja limita su producci\u00f3n. En plena era digital, Bayer trabaja para que los productores tomen\u2026","rel":"","context":"En \u00abAgricultura\u00bb","img":{"alt_text":"","src":"https:\/\/i1.wp.com\/www.campoparatodos.com.ar\/wp-content\/uploads\/2020\/11\/R152-713x1024.jpg?resize=350%2C200&ssl=1","width":350,"height":200},"classes":[]}],"_links":{"self":[{"href":"https:\/\/test.cookdigital.net\/campoparatodos\/wp-json\/wp\/v2\/posts\/1782"}],"collection":[{"href":"https:\/\/test.cookdigital.net\/campoparatodos\/wp-json\/wp\/v2\/posts"}],"about":[{"href":"https:\/\/test.cookdigital.net\/campoparatodos\/wp-json\/wp\/v2\/types\/post"}],"author":[{"embeddable":true,"href":"https:\/\/test.cookdigital.net\/campoparatodos\/wp-json\/wp\/v2\/users\/1"}],"replies":[{"embeddable":true,"href":"https:\/\/test.cookdigital.net\/campoparatodos\/wp-json\/wp\/v2\/comments?post=1782"}],"version-history":[{"count":1,"href":"https:\/\/test.cookdigital.net\/campoparatodos\/wp-json\/wp\/v2\/posts\/1782\/revisions"}],"predecessor-version":[{"id":1784,"href":"https:\/\/test.cookdigital.net\/campoparatodos\/wp-json\/wp\/v2\/posts\/1782\/revisions\/1784"}],"wp:attachment":[{"href":"https:\/\/test.cookdigital.net\/campoparatodos\/wp-json\/wp\/v2\/media?parent=1782"}],"wp:term":[{"taxonomy":"category","embeddable":true,"href":"https:\/\/test.cookdigital.net\/campoparatodos\/wp-json\/wp\/v2\/categories?post=1782"},{"taxonomy":"post_tag","embeddable":true,"href":"https:\/\/test.cookdigital.net\/campoparatodos\/wp-json\/wp\/v2\/tags?post=1782"}],"curies":[{"name":"wp","href":"https:\/\/api.w.org\/{rel}","templated":true}]}}