{"id":1747,"date":"2022-01-13T23:16:34","date_gmt":"2022-01-13T23:16:34","guid":{"rendered":"https:\/\/www.campoparatodos.com.ar\/?p=1747"},"modified":"2022-01-13T23:16:34","modified_gmt":"2022-01-13T23:16:34","slug":"apicultura-santiago-del-estero","status":"publish","type":"post","link":"https:\/\/test.cookdigital.net\/campoparatodos\/2022\/01\/13\/apicultura-santiago-del-estero\/","title":{"rendered":"Apicultura. Santiago del Estero."},"content":{"rendered":"<h2><span style=\"color: #333399;\">A pesar de la ola de calor, en INTA estiman que las p\u00e9rdidas no llegan al 10%<\/span><\/h2>\n<p>Ante la gran cantidad de fotos y videos de colmenas derretidas por las elevadas temperaturas que recibimos, desde la redacci\u00f3n de revista Campo para Todos consultamos con otros apicultores y, para nuestra sorpresa, nos encontramos con que muchos no tienen ese tipo de problemas y que sus colmenas est\u00e1n bien.<\/p>\n<p>&nbsp;<\/p>\n<figure id=\"attachment_1754\" aria-describedby=\"caption-attachment-1754\" style=\"width: 1270px\" class=\"wp-caption aligncenter\"><img data-attachment-id=\"1754\" data-permalink=\"https:\/\/test.cookdigital.net\/campoparatodos\/2022\/01\/13\/apicultura-santiago-del-estero\/whatsapp-image-2022-01-13-at-18-20-51\/#main\" data-orig-file=\"https:\/\/i1.wp.com\/test.cookdigital.net\/campoparatodos\/wp-content\/uploads\/2022\/01\/WhatsApp-Image-2022-01-13-at-18.20.51.jpeg?fit=1280%2C960&amp;ssl=1\" data-orig-size=\"1280,960\" data-comments-opened=\"1\" data-image-meta=\"{&quot;aperture&quot;:&quot;0&quot;,&quot;credit&quot;:&quot;&quot;,&quot;camera&quot;:&quot;&quot;,&quot;caption&quot;:&quot;&quot;,&quot;created_timestamp&quot;:&quot;0&quot;,&quot;copyright&quot;:&quot;&quot;,&quot;focal_length&quot;:&quot;0&quot;,&quot;iso&quot;:&quot;0&quot;,&quot;shutter_speed&quot;:&quot;0&quot;,&quot;title&quot;:&quot;&quot;,&quot;orientation&quot;:&quot;0&quot;}\" data-image-title=\"WhatsApp Image 2022-01-13 at 18.20.51\" data-image-description=\"\" data-medium-file=\"https:\/\/i1.wp.com\/test.cookdigital.net\/campoparatodos\/wp-content\/uploads\/2022\/01\/WhatsApp-Image-2022-01-13-at-18.20.51.jpeg?fit=300%2C225&amp;ssl=1\" data-large-file=\"https:\/\/i1.wp.com\/test.cookdigital.net\/campoparatodos\/wp-content\/uploads\/2022\/01\/WhatsApp-Image-2022-01-13-at-18.20.51.jpeg?fit=1024%2C768&amp;ssl=1\" loading=\"lazy\" class=\"wp-image-1754 size-full\" src=\"https:\/\/i2.wp.com\/www.campoparatodos.com.ar\/wp-content\/uploads\/2022\/01\/WhatsApp-Image-2022-01-13-at-18.20.51.jpeg?resize=1200%2C900&#038;ssl=1\" alt=\"\" width=\"1200\" height=\"900\" srcset=\"https:\/\/i1.wp.com\/test.cookdigital.net\/campoparatodos\/wp-content\/uploads\/2022\/01\/WhatsApp-Image-2022-01-13-at-18.20.51.jpeg?w=1280&amp;ssl=1 1280w, https:\/\/i1.wp.com\/test.cookdigital.net\/campoparatodos\/wp-content\/uploads\/2022\/01\/WhatsApp-Image-2022-01-13-at-18.20.51.jpeg?resize=300%2C225&amp;ssl=1 300w, https:\/\/i1.wp.com\/test.cookdigital.net\/campoparatodos\/wp-content\/uploads\/2022\/01\/WhatsApp-Image-2022-01-13-at-18.20.51.jpeg?resize=1024%2C768&amp;ssl=1 1024w, https:\/\/i1.wp.com\/test.cookdigital.net\/campoparatodos\/wp-content\/uploads\/2022\/01\/WhatsApp-Image-2022-01-13-at-18.20.51.jpeg?resize=768%2C576&amp;ssl=1 768w\" sizes=\"(max-width: 1200px) 100vw, 1200px\" data-recalc-dims=\"1\" \/><figcaption id=\"caption-attachment-1754\" class=\"wp-caption-text\">Colmena con graves da\u00f1os por calor.<\/figcaption><\/figure>\n<p><!--more--><\/p>\n<p>Ante esta situaci\u00f3n decidimos hacer una consulta al <strong>T\u00e9cnico Apicultor Ariel Ledesma del INTA Santiago del Estero<\/strong> para que nos d\u00e9 su visi\u00f3n. Ledesma tiene amplia trayectoria y experiencia en la provincia y, a diario, recorre varios apiarios de distintas zonas. Ariel nos cont\u00f3 que el calor s\u00ed est\u00e1 afectando a las colmenas, que el da\u00f1o se produce mayormente en los n\u00facleos nuevos que a\u00fan permanec\u00edan con miel. Que mucho depende de lo atento que est\u00e9 el apicultor porque, por ejemplo, si el agua no es fresca las abejas no la toman, etc, etc\u2026. Y cuando, con esta temperatura, sopla el viento norte, se produce el mayor da\u00f1o. Tambi\u00e9n dijo que en el Campo Experimental Francisco Cantos tienen colmenas bajo las mismas t\u00e9cnicas de manejo, pero separadas por 150 mts de distancia que unas sufrieron da\u00f1os y otras no, situaci\u00f3n que le pareci\u00f3 muy extra\u00f1a y no encuentra explicaci\u00f3n al respecto.<\/p>\n<p><strong>Lesdesma estima que en la Provincia el da\u00f1o representa un 5 o 6 % del total de las colmenas.<\/strong><\/p>\n<figure id=\"attachment_1749\" aria-describedby=\"caption-attachment-1749\" style=\"width: 630px\" class=\"wp-caption aligncenter\"><img data-attachment-id=\"1749\" data-permalink=\"https:\/\/test.cookdigital.net\/campoparatodos\/2022\/01\/13\/apicultura-santiago-del-estero\/apiario-bien-2\/#main\" data-orig-file=\"https:\/\/i1.wp.com\/test.cookdigital.net\/campoparatodos\/wp-content\/uploads\/2022\/01\/apiario-bien-1.jpg?fit=640%2C352&amp;ssl=1\" data-orig-size=\"640,352\" data-comments-opened=\"1\" data-image-meta=\"{&quot;aperture&quot;:&quot;0&quot;,&quot;credit&quot;:&quot;&quot;,&quot;camera&quot;:&quot;&quot;,&quot;caption&quot;:&quot;&quot;,&quot;created_timestamp&quot;:&quot;1642102674&quot;,&quot;copyright&quot;:&quot;&quot;,&quot;focal_length&quot;:&quot;0&quot;,&quot;iso&quot;:&quot;0&quot;,&quot;shutter_speed&quot;:&quot;0&quot;,&quot;title&quot;:&quot;&quot;,&quot;orientation&quot;:&quot;0&quot;}\" data-image-title=\"apiario bien\" data-image-description=\"\" data-medium-file=\"https:\/\/i1.wp.com\/test.cookdigital.net\/campoparatodos\/wp-content\/uploads\/2022\/01\/apiario-bien-1.jpg?fit=300%2C165&amp;ssl=1\" data-large-file=\"https:\/\/i1.wp.com\/test.cookdigital.net\/campoparatodos\/wp-content\/uploads\/2022\/01\/apiario-bien-1.jpg?fit=640%2C352&amp;ssl=1\" loading=\"lazy\" class=\"wp-image-1749 size-full\" src=\"https:\/\/i2.wp.com\/www.campoparatodos.com.ar\/wp-content\/uploads\/2022\/01\/apiario-bien-1.jpg?resize=640%2C352&#038;ssl=1\" alt=\"\" width=\"640\" height=\"352\" srcset=\"https:\/\/i1.wp.com\/test.cookdigital.net\/campoparatodos\/wp-content\/uploads\/2022\/01\/apiario-bien-1.jpg?w=640&amp;ssl=1 640w, https:\/\/i1.wp.com\/test.cookdigital.net\/campoparatodos\/wp-content\/uploads\/2022\/01\/apiario-bien-1.jpg?resize=300%2C165&amp;ssl=1 300w\" sizes=\"(max-width: 640px) 100vw, 640px\" data-recalc-dims=\"1\" \/><figcaption id=\"caption-attachment-1749\" class=\"wp-caption-text\">Apiario con buena producci\u00f3n despu\u00e9s del calor. Ubicado a 150 mts. de uno afectado.<\/figcaption><\/figure>\n<p>&nbsp;<\/p>\n<p><span style=\"color: #333399;\"><strong>A continuaci\u00f3n, recomendamos leer:<\/strong><\/span><\/p>\n<h3><span style=\"color: #ff0000;\"><strong>Qu\u00e9 medidas tomar ante la ola de calor<\/strong><\/span><\/h3>\n<p>\ud83d\udccc En algunas regiones del pa\u00eds, quienes se dedican a la producci\u00f3n ap\u00edcola han visto da\u00f1adas algunas colmenas debido a las altas temperaturas. Ante este panorama, el INTA Proapi recomienda\ud83d\udc47<\/p>\n<p>\u2705 Tener las colmenas bajo sombra compacta (\u00e1rboles o construcciones de media sombra)<\/p>\n<p>\u2705 Si el apiario estuviese rodeado de \u00e1rboles, asegurar la circulaci\u00f3n de aire<\/p>\n<p>\u2705 No colocar las colmenas en el piso; usar caballetes, preferentemente de 20 cent\u00edmetros<\/p>\n<p>\u2705 Colocar guardapiquera con abertura central de 17,5 x 0,9 cm (de no ser posible, dejar sin guardapiquera)<\/p>\n<p>\u2705 Abastecer a los bebederos temprano con agua limpia y mantenerlos bajo sombra compacta y a 10 metros del apiario<\/p>\n<p>\ud83d\udcccEn relaci\u00f3n al material inerte:<\/p>\n<p>\u2705 No parafinar o impregnar con aceite, alzas y techos<\/p>\n<p>\u2705 Pintar la c\u00e1mara de cr\u00eda y alza melaria con colores que reflecten los rayos del sol<\/p>\n<p>Consulte a un t\u00e9cnico\/a local para realizar ajustes de acuerdo a las caracter\u00edsticas de su territorio.<\/p>\n<p>\ud83d\udccc En caso de colmenas afectadas:<\/p>\n<p>\u2705 Si el da\u00f1o es alto y no hay abeja reina, retirar los materiales da\u00f1ados del apiario y acondicionar el material inerte<\/p>\n<p>\u2705 Si el da\u00f1o es menor y est\u00e1 la reina, retirar el material vivo no da\u00f1ado y colocarlo en otro material en un lugar con sombra<\/p>\n","protected":false},"excerpt":{"rendered":"<p>A pesar de la ola de calor, en INTA estiman que las p\u00e9rdidas no llegan al 10% Ante la gran cantidad de fotos y videos de colmenas derretidas por las elevadas temperaturas que recibimos, desde la redacci\u00f3n de revista Campo para Todos consultamos con otros apicultores y, para nuestra sorpresa, nos encontramos con que muchos &#8230; <a title=\"Apicultura. Santiago del Estero.\" class=\"read-more\" href=\"https:\/\/test.cookdigital.net\/campoparatodos\/2022\/01\/13\/apicultura-santiago-del-estero\/\" aria-label=\"M\u00e1s en Apicultura. Santiago del Estero.\">Leer m\u00e1s<\/a><\/p>\n","protected":false},"author":1,"featured_media":0,"comment_status":"closed","ping_status":"open","sticky":false,"template":"","format":"standard","meta":{"spay_email":"","jetpack_publicize_message":"","jetpack_is_tweetstorm":false},"categories":[281,4],"tags":[282,283,174],"jetpack_featured_media_url":"","jetpack_publicize_connections":[],"jetpack_sharing_enabled":true,"jetpack_shortlink":"https:\/\/wp.me\/p9m0DJ-sb","jetpack_likes_enabled":true,"jetpack-related-posts":[{"id":1782,"url":"https:\/\/test.cookdigital.net\/campoparatodos\/2022\/02\/12\/revista-campo-para-todos-n-167\/","url_meta":{"origin":1747,"position":0},"title":"Revista Campo para Todos N\u00b0 167","date":"febrero 12, 2022","format":false,"excerpt":"YA EST\u00c1 DISPONIBLE LA REVISTA. T\u00edtulos de tapa: Proh\u00edben el uso del Herbicida 2,4-D en Santiago del Estero. - Malezas en soja: c\u00f3mo controlarlas de manera efectiva. - Zanahorias en Santiago del Estero. Cambiar cantidad por calidad. Y mucho m\u00e1s.... PARA LEERLA TOCA LA FOTO DE TAPA T\u00cdTULOS DE LA\u2026","rel":"","context":"En \u00abAgricultura\u00bb","img":{"alt_text":"","src":"https:\/\/i0.wp.com\/www.campoparatodos.com.ar\/wp-content\/uploads\/2022\/02\/TAPA-REVISTA-167.jpg?resize=350%2C200&ssl=1","width":350,"height":200},"classes":[]},{"id":1936,"url":"https:\/\/test.cookdigital.net\/campoparatodos\/2022\/05\/30\/alerta-sanitaria\/","url_meta":{"origin":1747,"position":1},"title":"Alerta Sanitaria","date":"mayo 30, 2022","format":false,"excerpt":"Por el Peque\u00f1o Escarabajo de las Colmenas El peque\u00f1o escarabajo de las colmenas o PEC (Aethina tumida), es una plaga que se caracteriza por alimentarse de la miel, el polen y la cr\u00eda de abejas; sus larvas provocan la fermentaci\u00f3n de la miel; la destrucci\u00f3n de los panales y el\u2026","rel":"","context":"En \u00abApicultura\u00bb","img":{"alt_text":"","src":"https:\/\/i2.wp.com\/www.campoparatodos.com.ar\/wp-content\/uploads\/2022\/05\/PEC-1024x787.jpg?resize=350%2C200&ssl=1","width":350,"height":200},"classes":[]},{"id":2247,"url":"https:\/\/test.cookdigital.net\/campoparatodos\/2022\/12\/19\/revista-campo-para-todos-n-177\/","url_meta":{"origin":1747,"position":2},"title":"Revista Campo para Todos N\u00b0 177","date":"diciembre 19, 2022","format":false,"excerpt":"Ya est\u00e1 disponible la Revista digital Para leerla gratis ingresa tocando la foto de la tapa \u00a0 TITULOS DE ESTA EDICION Apicultura. Recomendaciones para evitar derretimiento de colmenas. Algod\u00f3n. Recomendaciones para el manejo de \u201cenfermedades tempranas o de pl\u00e1ntulas\u201d. Trips en algod\u00f3n. T\u00e9cnicas de control Carta de suelos del Departamento\u2026","rel":"","context":"En \u00abAgricultura\u00bb","img":{"alt_text":"","src":"https:\/\/i1.wp.com\/www.campoparatodos.com.ar\/wp-content\/uploads\/2022\/12\/Tapa-Revista-177-713x1024.jpg?resize=350%2C200&ssl=1","width":350,"height":200},"classes":[]},{"id":1737,"url":"https:\/\/test.cookdigital.net\/campoparatodos\/2022\/01\/03\/jornada-de-actualizacion-algodonera-en-silipica-santiago-del-estero\/","url_meta":{"origin":1747,"position":3},"title":"Jornada de actualizaci\u00f3n algodonera en Sil\u00edpica, Santiago del Estero","date":"enero 3, 2022","format":false,"excerpt":"Organizada por el INTA EEA Santiago del Estero y la empresa Gensus se realiz\u00f3 en el Establecimiento Agro San Telmo en la localidad de Sil\u00edpica, Santiago del Estero. La jornada, que se caracteriz\u00f3 por el intenso calor, tuvo una buena cantidad de participantes. Las charlas se iniciaron con la presentaci\u00f3n\u2026","rel":"","context":"En \u00abAgricultura\u00bb","img":{"alt_text":"","src":"https:\/\/i1.wp.com\/www.campoparatodos.com.ar\/wp-content\/uploads\/2022\/01\/IMG_0147_PerfectlyClear-1024x683.jpg?resize=350%2C200&ssl=1","width":350,"height":200},"classes":[]},{"id":2233,"url":"https:\/\/test.cookdigital.net\/campoparatodos\/2022\/11\/22\/revista-campo-para-todos-n-176\/","url_meta":{"origin":1747,"position":4},"title":"Revista Campo para Todos N\u00b0 176","date":"noviembre 22, 2022","format":false,"excerpt":"TITULOS DE TAPA: Riego en Algod\u00f3n: \u00bfEl agua en el momento justo?. - Caba\u00f1a La Legua realiz\u00f3 su primer remate. - Apicultura: Manejo de apiarios en \u00e9pocas de sequ\u00eda. - Asumieron los directores del INTA Santiago del Estero y Quimil\u00ed. REVISTA DIGITAL DISPONIBLE. PARA LEERLA GRATIS TOQUE LA FOTO TITULOS\u2026","rel":"","context":"En \u00abAgricultura\u00bb","img":{"alt_text":"","src":"https:\/\/i0.wp.com\/www.campoparatodos.com.ar\/wp-content\/uploads\/2022\/11\/TAPA-REVISTA-176-713x1024.jpg?resize=350%2C200&ssl=1","width":350,"height":200},"classes":[]},{"id":1959,"url":"https:\/\/test.cookdigital.net\/campoparatodos\/2022\/06\/21\/revista-campo-para-todos-n-171\/","url_meta":{"origin":1747,"position":5},"title":"Revista Campo para Todos N\u00b0 171","date":"junio 21, 2022","format":false,"excerpt":"TITULOS DE TAPA DE ESTE NUMERO: Algod\u00f3n: Graves da\u00f1os por efecto de derivas de 2,4-D. \u2013\u00a0Las derivas de fitosanitarios: prevenirlas durante las aplicaciones. \u2013 Congreso Mundial Braford 2022. \u2013\u00a0Plan GanAr: Gerardo Zamora y Juli\u00e1n Dom\u00ednguez presentaron el Plan en Santiago del Estero.\u2013 Zanahoria: El taladrillo en Santiago del Estero. \u21d3\u2026","rel":"","context":"En \u00abAgricultura\u00bb","img":{"alt_text":"","src":"https:\/\/i0.wp.com\/www.campoparatodos.com.ar\/wp-content\/uploads\/2022\/06\/TAPA-171-713x1024.jpg?resize=350%2C200&ssl=1","width":350,"height":200},"classes":[]}],"_links":{"self":[{"href":"https:\/\/test.cookdigital.net\/campoparatodos\/wp-json\/wp\/v2\/posts\/1747"}],"collection":[{"href":"https:\/\/test.cookdigital.net\/campoparatodos\/wp-json\/wp\/v2\/posts"}],"about":[{"href":"https:\/\/test.cookdigital.net\/campoparatodos\/wp-json\/wp\/v2\/types\/post"}],"author":[{"embeddable":true,"href":"https:\/\/test.cookdigital.net\/campoparatodos\/wp-json\/wp\/v2\/users\/1"}],"replies":[{"embeddable":true,"href":"https:\/\/test.cookdigital.net\/campoparatodos\/wp-json\/wp\/v2\/comments?post=1747"}],"version-history":[{"count":3,"href":"https:\/\/test.cookdigital.net\/campoparatodos\/wp-json\/wp\/v2\/posts\/1747\/revisions"}],"predecessor-version":[{"id":1762,"href":"https:\/\/test.cookdigital.net\/campoparatodos\/wp-json\/wp\/v2\/posts\/1747\/revisions\/1762"}],"wp:attachment":[{"href":"https:\/\/test.cookdigital.net\/campoparatodos\/wp-json\/wp\/v2\/media?parent=1747"}],"wp:term":[{"taxonomy":"category","embeddable":true,"href":"https:\/\/test.cookdigital.net\/campoparatodos\/wp-json\/wp\/v2\/categories?post=1747"},{"taxonomy":"post_tag","embeddable":true,"href":"https:\/\/test.cookdigital.net\/campoparatodos\/wp-json\/wp\/v2\/tags?post=1747"}],"curies":[{"name":"wp","href":"https:\/\/api.w.org\/{rel}","templated":true}]}}