{"id":1669,"date":"2021-12-14T23:17:52","date_gmt":"2021-12-14T23:17:52","guid":{"rendered":"https:\/\/www.campoparatodos.com.ar\/?p=1669"},"modified":"2021-12-14T23:21:15","modified_gmt":"2021-12-14T23:21:15","slug":"revista-campo-para-todos-n-165","status":"publish","type":"post","link":"https:\/\/test.cookdigital.net\/campoparatodos\/2021\/12\/14\/revista-campo-para-todos-n-165\/","title":{"rendered":"Revista Campo para Todos N\u00b0 165"},"content":{"rendered":"<p>En este n\u00famero: \u201cEl uso del silo bolsa como tecnolog\u00eda de manejo para la alimentaci\u00f3n de los rodeos de cr\u00eda del NOA es clave\u201d. &#8211; Gerardo Zamora asumi\u00f3 su cuarto mandato como Gobernador de Santiago del Estero.<\/p>\n<blockquote>\n<p style=\"text-align: center;\"><span style=\"color: #008000;\"><strong>Pueden leerla tocando la foto de tapa\u00a0<\/strong><\/span><\/p>\n<p><a href=\"https:\/\/online.fliphtml5.com\/yuzt\/aksf\/#p=1\"><img data-attachment-id=\"1670\" data-permalink=\"https:\/\/test.cookdigital.net\/campoparatodos\/2021\/12\/14\/revista-campo-para-todos-n-165\/cpt-template-136\/#main\" data-orig-file=\"https:\/\/i0.wp.com\/test.cookdigital.net\/campoparatodos\/wp-content\/uploads\/2021\/12\/TAPA-165.jpg?fit=922%2C1324&amp;ssl=1\" data-orig-size=\"922,1324\" data-comments-opened=\"1\" data-image-meta=\"{&quot;aperture&quot;:&quot;0&quot;,&quot;credit&quot;:&quot;carlos&quot;,&quot;camera&quot;:&quot;&quot;,&quot;caption&quot;:&quot;cpt-template&quot;,&quot;created_timestamp&quot;:&quot;0&quot;,&quot;copyright&quot;:&quot;&quot;,&quot;focal_length&quot;:&quot;0&quot;,&quot;iso&quot;:&quot;0&quot;,&quot;shutter_speed&quot;:&quot;0&quot;,&quot;title&quot;:&quot;cpt-template&quot;,&quot;orientation&quot;:&quot;0&quot;}\" data-image-title=\"cpt-template\" data-image-description=\"\" data-medium-file=\"https:\/\/i0.wp.com\/test.cookdigital.net\/campoparatodos\/wp-content\/uploads\/2021\/12\/TAPA-165.jpg?fit=209%2C300&amp;ssl=1\" data-large-file=\"https:\/\/i0.wp.com\/test.cookdigital.net\/campoparatodos\/wp-content\/uploads\/2021\/12\/TAPA-165.jpg?fit=713%2C1024&amp;ssl=1\" loading=\"lazy\" class=\"aligncenter size-large wp-image-1670\" src=\"https:\/\/i1.wp.com\/www.campoparatodos.com.ar\/wp-content\/uploads\/2021\/12\/TAPA-165-713x1024.jpg?resize=713%2C1024&#038;ssl=1\" alt=\"\" width=\"713\" height=\"1024\" srcset=\"https:\/\/i0.wp.com\/test.cookdigital.net\/campoparatodos\/wp-content\/uploads\/2021\/12\/TAPA-165.jpg?resize=713%2C1024&amp;ssl=1 713w, https:\/\/i0.wp.com\/test.cookdigital.net\/campoparatodos\/wp-content\/uploads\/2021\/12\/TAPA-165.jpg?resize=209%2C300&amp;ssl=1 209w, https:\/\/i0.wp.com\/test.cookdigital.net\/campoparatodos\/wp-content\/uploads\/2021\/12\/TAPA-165.jpg?resize=768%2C1103&amp;ssl=1 768w, https:\/\/i0.wp.com\/test.cookdigital.net\/campoparatodos\/wp-content\/uploads\/2021\/12\/TAPA-165.jpg?w=922&amp;ssl=1 922w\" sizes=\"(max-width: 713px) 100vw, 713px\" data-recalc-dims=\"1\" \/><\/a><\/p>\n<p><!--more--><\/p>\n<p>T\u00cdTULOS DE LA EDICI\u00d3N 165 NOVIEMBRE DE 2021<\/p>\n<ul>\n<li>C\u00f3mo controlar par\u00e1sitos en bovinos de recr\u00eda pastoril.<\/li>\n<li>Sondeo del IPCVA. \u00bfQu\u00e9 slogan prefieren los argentinos para la carne vacuna?: La mejor carne del mundo.<\/li>\n<li>El agro del Futuro.<\/li>\n<li>El Gobierno present\u00f3 su plan ganadero, con un ojo puesto en la exportaci\u00f3n y otro en los precios.<\/li>\n<li>\u201cEl uso del silo bolsa como tecnolog\u00eda de manejo para la alimentaci\u00f3n de los rodeos de cr\u00eda del NOA es clave\u201d.<\/li>\n<li>Lanzan una nueva campa\u00f1a contra los agroqu\u00edmicos y desde el campo contestaron indignados.<\/li>\n<li>Halgon, es m\u00e1s Algod\u00f3n en Santiago del Estero.<\/li>\n<li>Chacra Sachayoj evalu\u00f3 resultados de la \u00faltima campa\u00f1a productiva.<\/li>\n<li>Proyecto de investigaci\u00f3n premiado tuvo participaci\u00f3n de INTA Quimil\u00ed.<\/li>\n<li>Gerardo Zamora asumi\u00f3 su cuarto mandato como Gobernador de Santiago del Estero.<\/li>\n<li>El gobernador Zamora tom\u00f3 juramento a los miembros de su gabinete.<\/li>\n<li>El Ministro de Producci\u00f3n, Vet. Miguel Mandrille fue confirmado en su cargo.<\/li>\n<li>Proyecto cartograf\u00edas del suelo y evaluaci\u00f3n de tierras del sector norte del departamento Belgrano.<\/li>\n<\/ul>\n<\/blockquote>\n","protected":false},"excerpt":{"rendered":"<p>En este n\u00famero: \u201cEl uso del silo bolsa como tecnolog\u00eda de manejo para la alimentaci\u00f3n de los rodeos de cr\u00eda del NOA es clave\u201d. &#8211; Gerardo Zamora asumi\u00f3 su cuarto mandato como Gobernador de Santiago del Estero. Pueden leerla tocando la foto de tapa\u00a0<\/p>\n","protected":false},"author":1,"featured_media":0,"comment_status":"closed","ping_status":"open","sticky":false,"template":"","format":"standard","meta":{"spay_email":"","jetpack_publicize_message":"","jetpack_is_tweetstorm":false},"categories":[7,9,163,18,3,5,8,10,168,124,6,4],"tags":[268,52,194,41,172,166],"jetpack_featured_media_url":"","jetpack_publicize_connections":[],"jetpack_sharing_enabled":true,"jetpack_shortlink":"https:\/\/wp.me\/p9m0DJ-qV","jetpack_likes_enabled":true,"jetpack-related-posts":[{"id":2233,"url":"https:\/\/test.cookdigital.net\/campoparatodos\/2022\/11\/22\/revista-campo-para-todos-n-176\/","url_meta":{"origin":1669,"position":0},"title":"Revista Campo para Todos N\u00b0 176","date":"noviembre 22, 2022","format":false,"excerpt":"TITULOS DE TAPA: Riego en Algod\u00f3n: \u00bfEl agua en el momento justo?. - Caba\u00f1a La Legua realiz\u00f3 su primer remate. - Apicultura: Manejo de apiarios en \u00e9pocas de sequ\u00eda. - Asumieron los directores del INTA Santiago del Estero y Quimil\u00ed. REVISTA DIGITAL DISPONIBLE. PARA LEERLA GRATIS TOQUE LA FOTO TITULOS\u2026","rel":"","context":"En \u00abAgricultura\u00bb","img":{"alt_text":"","src":"https:\/\/i0.wp.com\/www.campoparatodos.com.ar\/wp-content\/uploads\/2022\/11\/TAPA-REVISTA-176-713x1024.jpg?resize=350%2C200&ssl=1","width":350,"height":200},"classes":[]},{"id":2368,"url":"https:\/\/test.cookdigital.net\/campoparatodos\/2023\/02\/17\/revista-campo-para-todos-n-179\/","url_meta":{"origin":1669,"position":1},"title":"Revista Campo para Todos N\u00b0 179","date":"febrero 17, 2023","format":false,"excerpt":"TITULOS DE TAPA: Tercer a\u00f1o de sequ\u00eda en Santiago del Estero. \u00bfPodr\u00e1 transformarse la ganader\u00eda santiague\u00f1a en el motor del desarrollo provincial? Situaci\u00f3n del cultivo de algod\u00f3n en la zona de riego de Santiago del Estero. TOCAR LA FOTO DE TAPA PARA LEERLA GRATIS T\u00edtulos de la edici\u00f3n N\u00b0 179\u2026","rel":"","context":"En \u00abAgricultura\u00bb","img":{"alt_text":"","src":"https:\/\/i0.wp.com\/www.campoparatodos.com.ar\/wp-content\/uploads\/2023\/02\/TAPA-REVISTA-179-713x1024.jpg?resize=350%2C200&ssl=1","width":350,"height":200},"classes":[]},{"id":2377,"url":"https:\/\/test.cookdigital.net\/campoparatodos\/2023\/03\/01\/la-ganaderia-santiaguena-pasado-presente-y-futuro\/","url_meta":{"origin":1669,"position":2},"title":"La ganader\u00eda santiague\u00f1a: pasado, presente y futuro","date":"marzo 1, 2023","format":false,"excerpt":"\u00bfPodr\u00e1 transformarse la ganader\u00eda santiague\u00f1a en el motor del desarrollo provincial? Por: Ing. Agr. Carlos Kunst PhD Se posee informaci\u00f3n sobre la existencia de vacunos de origen europeo desde el siglo XVI para Santiago del Estero. A fines del siglo XIX, Gancedo (1885), en su \u2018Memoria descriptiva sobre la Provincia\u2026","rel":"","context":"En \u00abCiencia y Tecnolog\u00eda\u00bb","img":{"alt_text":"","src":"https:\/\/i1.wp.com\/www.campoparatodos.com.ar\/wp-content\/uploads\/2023\/03\/DSCN8653_PerfectlyClear-1024x768.jpg?resize=350%2C200&ssl=1","width":350,"height":200},"classes":[]},{"id":1121,"url":"https:\/\/test.cookdigital.net\/campoparatodos\/2020\/11\/18\/revista-campo-para-todos-n-152\/","url_meta":{"origin":1669,"position":3},"title":"REVISTA CAMPO PARA TODOS N\u00b0 152","date":"noviembre 18, 2020","format":false,"excerpt":"PARA LEER LA REVISTA TOC\u00c1 LA IMAGEN \u21d3 Aapresid y AAPA lanzan el sello \"Algod\u00f3n Responsable Argentino\" Producci\u00f3n de semilla de alfalfa certificada en Santiago del Estero. El manejo actual de la nutrici\u00f3n de la soja limita su producci\u00f3n. En plena era digital, Bayer trabaja para que los productores tomen\u2026","rel":"","context":"En \u00abAgricultura\u00bb","img":{"alt_text":"","src":"https:\/\/i1.wp.com\/www.campoparatodos.com.ar\/wp-content\/uploads\/2020\/11\/R152-713x1024.jpg?resize=350%2C200&ssl=1","width":350,"height":200},"classes":[]},{"id":1206,"url":"https:\/\/test.cookdigital.net\/campoparatodos\/2021\/01\/13\/revista-campo-para-todos-n-154\/","url_meta":{"origin":1669,"position":4},"title":"Revista Campo para Todos N\u00b0 154","date":"enero 13, 2021","format":false,"excerpt":"T\u00edtulos: Sin carne vacuna no existe una alimentaci\u00f3n saludable. Nuevos productos, nuevos cortes y el \u201cboom\u201d de las hamburguesas gourmet. Balance de la industria veterinaria 2020. Juan Jos\u00e9 Grigera Na\u00f3n es el nuevo presidente del IPCVA. Condici\u00f3n corporal al parto en la salida del invierno 2020. Mapas de suelo: una\u2026","rel":"","context":"En \u00abAgricultura\u00bb","img":{"alt_text":"","src":"https:\/\/i0.wp.com\/www.campoparatodos.com.ar\/wp-content\/uploads\/2021\/01\/TAPA-R-154-713x1024.jpg?resize=350%2C200&ssl=1","width":350,"height":200},"classes":[]},{"id":1782,"url":"https:\/\/test.cookdigital.net\/campoparatodos\/2022\/02\/12\/revista-campo-para-todos-n-167\/","url_meta":{"origin":1669,"position":5},"title":"Revista Campo para Todos N\u00b0 167","date":"febrero 12, 2022","format":false,"excerpt":"YA EST\u00c1 DISPONIBLE LA REVISTA. T\u00edtulos de tapa: Proh\u00edben el uso del Herbicida 2,4-D en Santiago del Estero. - Malezas en soja: c\u00f3mo controlarlas de manera efectiva. - Zanahorias en Santiago del Estero. Cambiar cantidad por calidad. Y mucho m\u00e1s.... PARA LEERLA TOCA LA FOTO DE TAPA T\u00cdTULOS DE LA\u2026","rel":"","context":"En \u00abAgricultura\u00bb","img":{"alt_text":"","src":"https:\/\/i0.wp.com\/www.campoparatodos.com.ar\/wp-content\/uploads\/2022\/02\/TAPA-REVISTA-167.jpg?resize=350%2C200&ssl=1","width":350,"height":200},"classes":[]}],"_links":{"self":[{"href":"https:\/\/test.cookdigital.net\/campoparatodos\/wp-json\/wp\/v2\/posts\/1669"}],"collection":[{"href":"https:\/\/test.cookdigital.net\/campoparatodos\/wp-json\/wp\/v2\/posts"}],"about":[{"href":"https:\/\/test.cookdigital.net\/campoparatodos\/wp-json\/wp\/v2\/types\/post"}],"author":[{"embeddable":true,"href":"https:\/\/test.cookdigital.net\/campoparatodos\/wp-json\/wp\/v2\/users\/1"}],"replies":[{"embeddable":true,"href":"https:\/\/test.cookdigital.net\/campoparatodos\/wp-json\/wp\/v2\/comments?post=1669"}],"version-history":[{"count":1,"href":"https:\/\/test.cookdigital.net\/campoparatodos\/wp-json\/wp\/v2\/posts\/1669\/revisions"}],"predecessor-version":[{"id":1671,"href":"https:\/\/test.cookdigital.net\/campoparatodos\/wp-json\/wp\/v2\/posts\/1669\/revisions\/1671"}],"wp:attachment":[{"href":"https:\/\/test.cookdigital.net\/campoparatodos\/wp-json\/wp\/v2\/media?parent=1669"}],"wp:term":[{"taxonomy":"category","embeddable":true,"href":"https:\/\/test.cookdigital.net\/campoparatodos\/wp-json\/wp\/v2\/categories?post=1669"},{"taxonomy":"post_tag","embeddable":true,"href":"https:\/\/test.cookdigital.net\/campoparatodos\/wp-json\/wp\/v2\/tags?post=1669"}],"curies":[{"name":"wp","href":"https:\/\/api.w.org\/{rel}","templated":true}]}}