{"id":1656,"date":"2021-11-18T15:14:27","date_gmt":"2021-11-18T15:14:27","guid":{"rendered":"https:\/\/www.campoparatodos.com.ar\/?p=1656"},"modified":"2021-11-18T15:21:05","modified_gmt":"2021-11-18T15:21:05","slug":"revista-campo-para-todos-n-164","status":"publish","type":"post","link":"https:\/\/test.cookdigital.net\/campoparatodos\/2021\/11\/18\/revista-campo-para-todos-n-164\/","title":{"rendered":"Revista Campo para Todos N\u00b0 164"},"content":{"rendered":"<p>YA EST\u00c1 DIPONIBLE LA REVISTA 164 para que veas: Todo lo ocurrido en la EXPOSICI\u00d3N NACIONAL DE RAZAS. + TRIPS en algod\u00f3n: Un problema que llega temprano al cultivo.<\/p>\n<p style=\"text-align: center;\"><span style=\"color: #ff0000;\"><strong>\u2207 PARA LEERLA TOCA LA FOTO DE TAPA \u2207<\/strong><\/span><\/p>\n<p><a href=\"https:\/\/online.fliphtml5.com\/yuzt\/vfsd\/#p=1\" target=\"_blank\" rel=\"noopener\"><img data-attachment-id=\"1657\" data-permalink=\"https:\/\/test.cookdigital.net\/campoparatodos\/2021\/11\/18\/revista-campo-para-todos-n-164\/cpt-template-135\/#main\" data-orig-file=\"https:\/\/i1.wp.com\/test.cookdigital.net\/campoparatodos\/wp-content\/uploads\/2021\/11\/tapa-REVISTA-164.jpg?fit=768%2C1103&amp;ssl=1\" data-orig-size=\"768,1103\" data-comments-opened=\"1\" data-image-meta=\"{&quot;aperture&quot;:&quot;0&quot;,&quot;credit&quot;:&quot;carlos&quot;,&quot;camera&quot;:&quot;&quot;,&quot;caption&quot;:&quot;cpt-template&quot;,&quot;created_timestamp&quot;:&quot;1637235722&quot;,&quot;copyright&quot;:&quot;&quot;,&quot;focal_length&quot;:&quot;0&quot;,&quot;iso&quot;:&quot;0&quot;,&quot;shutter_speed&quot;:&quot;0&quot;,&quot;title&quot;:&quot;cpt-template&quot;,&quot;orientation&quot;:&quot;0&quot;}\" data-image-title=\"cpt-template\" data-image-description=\"\" data-medium-file=\"https:\/\/i1.wp.com\/test.cookdigital.net\/campoparatodos\/wp-content\/uploads\/2021\/11\/tapa-REVISTA-164.jpg?fit=209%2C300&amp;ssl=1\" data-large-file=\"https:\/\/i1.wp.com\/test.cookdigital.net\/campoparatodos\/wp-content\/uploads\/2021\/11\/tapa-REVISTA-164.jpg?fit=713%2C1024&amp;ssl=1\" loading=\"lazy\" class=\"aligncenter wp-image-1657 size-large\" src=\"https:\/\/i0.wp.com\/www.campoparatodos.com.ar\/wp-content\/uploads\/2021\/11\/tapa-REVISTA-164-713x1024.jpg?resize=713%2C1024&#038;ssl=1\" alt=\"\" width=\"713\" height=\"1024\" srcset=\"https:\/\/i1.wp.com\/test.cookdigital.net\/campoparatodos\/wp-content\/uploads\/2021\/11\/tapa-REVISTA-164.jpg?resize=713%2C1024&amp;ssl=1 713w, https:\/\/i1.wp.com\/test.cookdigital.net\/campoparatodos\/wp-content\/uploads\/2021\/11\/tapa-REVISTA-164.jpg?resize=209%2C300&amp;ssl=1 209w, https:\/\/i1.wp.com\/test.cookdigital.net\/campoparatodos\/wp-content\/uploads\/2021\/11\/tapa-REVISTA-164.jpg?w=768&amp;ssl=1 768w\" sizes=\"(max-width: 713px) 100vw, 713px\" data-recalc-dims=\"1\" \/><\/a><\/p>\n<p><!--more--><\/p>\n<p>T\u00cdTULOS DE LA EDICI\u00d3N 164. OCTUBRE DE 2021<\/p>\n<ul>\n<li>La 1\u00b0 Exposici\u00f3n Nacional de Razas se realiz\u00f3 en Corrientes.<\/li>\n<li>Brangus se luci\u00f3 en la pista y consagr\u00f3 a sus Grandes Campeones.<\/li>\n<li>Los buenos resultados son muy buenos cuando se trabaja en conjunto.<\/li>\n<li>\u201cLos criadores trajeron un nivel superlativo de animales\u201d.<\/li>\n<li>15\u00b0 Exposici\u00f3n del Ternero Brangus.<\/li>\n<li>La \u201cRaza Madre\u201d distingui\u00f3 a los mejores.<\/li>\n<li>En Teknal pensamos y ofrecemos soluciones para la nutrici\u00f3n animal.<\/li>\n<li>XVIII Exposici\u00f3n Nacional Braford y la IX Exposici\u00f3n Nacional del Ternero.<\/li>\n<li>Las ventas.<\/li>\n<li>Los Braford de Santiago del Estero se destacaron en la Nacional.<\/li>\n<li>Malbr\u00e1n celebr\u00f3 20 a\u00f1os de la Jornada Ganadera del Sudeste Santiague\u00f1o.<\/li>\n<li>TRIPS en algod\u00f3n: Un problema que llega temprano al cultivo.<\/li>\n<li>UPL Argentina present\u00f3 sus novedades para esta campa\u00f1a.<\/li>\n<\/ul>\n","protected":false},"excerpt":{"rendered":"<p>YA EST\u00c1 DIPONIBLE LA REVISTA 164 para que veas: Todo lo ocurrido en la EXPOSICI\u00d3N NACIONAL DE RAZAS. + TRIPS en algod\u00f3n: Un problema que llega temprano al cultivo. \u2207 PARA LEERLA TOCA LA FOTO DE TAPA \u2207<\/p>\n","protected":false},"author":1,"featured_media":0,"comment_status":"closed","ping_status":"open","sticky":false,"template":"","format":"standard","meta":{"spay_email":"","jetpack_publicize_message":"","jetpack_is_tweetstorm":false},"categories":[7,3,8,10,168,124,4],"tags":[52,69,70,68,67,182],"jetpack_featured_media_url":"","jetpack_publicize_connections":[],"jetpack_sharing_enabled":true,"jetpack_shortlink":"https:\/\/wp.me\/p9m0DJ-qI","jetpack_likes_enabled":true,"jetpack-related-posts":[{"id":1985,"url":"https:\/\/test.cookdigital.net\/campoparatodos\/2022\/07\/14\/revista-campo-para-todos-n-172\/","url_meta":{"origin":1656,"position":0},"title":"Revista Campo para Todos N\u00b0 172","date":"julio 14, 2022","format":false,"excerpt":"Ya est\u00e1 disponible la revista N\u00b0 172. T\u00edtulos de tapa: Nacionales Brahman y Brangus. Algod\u00f3n: Resumen de campa\u00f1a en el \u00e1rea de riego de Santiago del Estero. Donde y c\u00f3mo producen Brangus las Caba\u00f1as La Aguada de Almara, Don Pancho y San Gerardo. 100 a\u00f1os de la Asociaci\u00f3n Argentina de\u2026","rel":"","context":"En \u00abAgricultura\u00bb","img":{"alt_text":"","src":"https:\/\/i0.wp.com\/www.campoparatodos.com.ar\/wp-content\/uploads\/2022\/07\/TAPA-172-713x1024.jpg?resize=350%2C200&ssl=1","width":350,"height":200},"classes":[]},{"id":653,"url":"https:\/\/test.cookdigital.net\/campoparatodos\/2019\/09\/03\/expo-bra-2019\/","url_meta":{"origin":1656,"position":1},"title":"EXPO BRA 2019","date":"septiembre 3, 2019","format":false,"excerpt":"Se present\u00f3 la 13\u00b0 edici\u00f3n de ExpoBRA en Santiago del Estero La exposici\u00f3n anual organizada por las razas Brangus, Braford y Brahman, con el apoyo del Ministerio de la Producci\u00f3n de Santiago del Estero, se realizar\u00e1 del 18 al 20 de septiembre en el predio del Vivero San Carlos de\u2026","rel":"","context":"En \u00abEventos\u00bb","img":{"alt_text":"","src":"https:\/\/i2.wp.com\/www.campoparatodos.com.ar\/wp-content\/uploads\/2019\/09\/IMG_9841.jpg?resize=350%2C200&ssl=1","width":350,"height":200},"classes":[]},{"id":1971,"url":"https:\/\/test.cookdigital.net\/campoparatodos\/2022\/06\/24\/expobra-noa-2022-brangus-brahman-y-braford-juntas-en-el-noa\/","url_meta":{"origin":1656,"position":2},"title":"EXPOBRA NOA 2022. BRANGUS, BRAHMAN Y BRAFORD JUNTAS EN EL NOA","date":"junio 24, 2022","format":false,"excerpt":"ExpoBra es la \u00fanica muestra en el NOA, organizada en conjunto, por las Asociaciones de Criadores de Braford, Brahman y Brangus, que se realiza en las instalaciones del Predio Ferial Vivero San Carlos en la provincia de Santiago del Estero. Concentra la mejor gen\u00e9tica clase A de las tres razas\u2026","rel":"","context":"En \u00abEventos\u00bb","img":{"alt_text":"","src":"https:\/\/i0.wp.com\/www.campoparatodos.com.ar\/wp-content\/uploads\/2022\/06\/Expobra-2022-1.jpg?resize=350%2C200&ssl=1","width":350,"height":200},"classes":[]},{"id":2077,"url":"https:\/\/test.cookdigital.net\/campoparatodos\/2022\/09\/07\/expobra-2022\/","url_meta":{"origin":1656,"position":3},"title":"Se present\u00f3 la nueva edici\u00f3n de ExpoBRA en Santiago del Estero","date":"septiembre 7, 2022","format":false,"excerpt":"Se realizar\u00e1 el 21, 22 y 23 de septiembre de 2022, en el Predio Ferial Vivero San Carlos, en La Banda. Se podr\u00e1 ver gen\u00e9tica Clase A, habr\u00e1 juras, remates y stands comerciales de insumos, productos y servicios. Durante 3 d\u00edas los mejores reproductores de las razas Braford, Brahman y\u2026","rel":"","context":"En \u00abEventos\u00bb","img":{"alt_text":"","src":"https:\/\/i1.wp.com\/www.campoparatodos.com.ar\/wp-content\/uploads\/2022\/09\/IMG_2931-scaled-e1662589449127-1024x765.jpg?resize=350%2C200&ssl=1","width":350,"height":200},"classes":[]},{"id":2048,"url":"https:\/\/test.cookdigital.net\/campoparatodos\/2022\/08\/17\/revista-campo-para-todos-n-173\/","url_meta":{"origin":1656,"position":4},"title":"Revista Campo para Todos N\u00b0 173","date":"agosto 17, 2022","format":false,"excerpt":"T\u00edtulos de tapa: Edici\u00f3n especial con todo lo que se vio en la ExpoRural Palermo 2022. Algod\u00f3n: Nuevo fertilizante foliar para el cultivo de Algod\u00f3n. Rumiantes menores: Se concret\u00f3 el primer encuentro de productores en Santiago del Estero. PARA LEER TOCA LA FOTO DE TAPA SUMARIO EDICI\u00d3N N\u00b0 173 DE\u2026","rel":"","context":"En \u00abAgricultura\u00bb","img":{"alt_text":"","src":"https:\/\/i2.wp.com\/www.campoparatodos.com.ar\/wp-content\/uploads\/2022\/08\/TAPA-173-final-713x1024.jpg?resize=350%2C200&ssl=1","width":350,"height":200},"classes":[]},{"id":2184,"url":"https:\/\/test.cookdigital.net\/campoparatodos\/2022\/10\/22\/revista-campo-para-todos-n-175\/","url_meta":{"origin":1656,"position":5},"title":"Revista Campo para Todos N\u00b0 175","date":"octubre 22, 2022","format":false,"excerpt":"TITULOS DE TAPA DE LA REVISTA 175 EXPOBRA 2022: Reviva la mejor expo ganadera del NOA. - ALGOD\u00d3N: 1\u00b0 Jornada por el D\u00eda Mundial del algod\u00f3n en Santiago del Estero. - CEBOLLA: \u00bfQu\u00e9 pasa con la cebolla primicia de Santiago del Estero? \u21d3PARA LEERLA TOCA LA FOTO DE TAPA\u21d3 TITULOS\u2026","rel":"","context":"En \u00abAgricultura\u00bb","img":{"alt_text":"","src":"https:\/\/i0.wp.com\/www.campoparatodos.com.ar\/wp-content\/uploads\/2022\/10\/TAPA-REVISTA-175-713x1024.jpg?resize=350%2C200&ssl=1","width":350,"height":200},"classes":[]}],"_links":{"self":[{"href":"https:\/\/test.cookdigital.net\/campoparatodos\/wp-json\/wp\/v2\/posts\/1656"}],"collection":[{"href":"https:\/\/test.cookdigital.net\/campoparatodos\/wp-json\/wp\/v2\/posts"}],"about":[{"href":"https:\/\/test.cookdigital.net\/campoparatodos\/wp-json\/wp\/v2\/types\/post"}],"author":[{"embeddable":true,"href":"https:\/\/test.cookdigital.net\/campoparatodos\/wp-json\/wp\/v2\/users\/1"}],"replies":[{"embeddable":true,"href":"https:\/\/test.cookdigital.net\/campoparatodos\/wp-json\/wp\/v2\/comments?post=1656"}],"version-history":[{"count":4,"href":"https:\/\/test.cookdigital.net\/campoparatodos\/wp-json\/wp\/v2\/posts\/1656\/revisions"}],"predecessor-version":[{"id":1663,"href":"https:\/\/test.cookdigital.net\/campoparatodos\/wp-json\/wp\/v2\/posts\/1656\/revisions\/1663"}],"wp:attachment":[{"href":"https:\/\/test.cookdigital.net\/campoparatodos\/wp-json\/wp\/v2\/media?parent=1656"}],"wp:term":[{"taxonomy":"category","embeddable":true,"href":"https:\/\/test.cookdigital.net\/campoparatodos\/wp-json\/wp\/v2\/categories?post=1656"},{"taxonomy":"post_tag","embeddable":true,"href":"https:\/\/test.cookdigital.net\/campoparatodos\/wp-json\/wp\/v2\/tags?post=1656"}],"curies":[{"name":"wp","href":"https:\/\/api.w.org\/{rel}","templated":true}]}}