{"id":1586,"date":"2021-10-16T00:09:58","date_gmt":"2021-10-16T00:09:58","guid":{"rendered":"https:\/\/www.campoparatodos.com.ar\/?p=1586"},"modified":"2021-10-16T00:09:58","modified_gmt":"2021-10-16T00:09:58","slug":"revista-campo-para-todos-n-163","status":"publish","type":"post","link":"https:\/\/test.cookdigital.net\/campoparatodos\/2021\/10\/16\/revista-campo-para-todos-n-163\/","title":{"rendered":"Revista Campo para Todos N\u00b0 163"},"content":{"rendered":"<p>Todo lo ocurrido en la EXPOBRA 2021 de Santiago del Estero. Nueva sembradora PLA, con cuerpo de siembra John Deere y sistema SIA. Nutrientes que engordan la rentabilidad agr\u00edcola.<\/p>\n<p style=\"text-align: center;\"><span style=\"color: #3366ff;\"><strong>\u21d3\u21d3\u21d3PARA LEERLA TOCA LA IMAGEN\u21d3\u21d3\u21d3<\/strong><\/span><\/p>\n<p><a href=\"https:\/\/online.fliphtml5.com\/yuzt\/zcyr\/\" target=\"_blank\" rel=\"noopener\"><img data-attachment-id=\"1580\" data-permalink=\"https:\/\/test.cookdigital.net\/campoparatodos\/cpt-template-130\/\" data-orig-file=\"https:\/\/i0.wp.com\/test.cookdigital.net\/campoparatodos\/wp-content\/uploads\/2021\/10\/Tapa-R163.jpg?fit=767%2C1102&amp;ssl=1\" data-orig-size=\"767,1102\" data-comments-opened=\"1\" data-image-meta=\"{&quot;aperture&quot;:&quot;0&quot;,&quot;credit&quot;:&quot;carlos&quot;,&quot;camera&quot;:&quot;&quot;,&quot;caption&quot;:&quot;cpt-template&quot;,&quot;created_timestamp&quot;:&quot;1634302459&quot;,&quot;copyright&quot;:&quot;&quot;,&quot;focal_length&quot;:&quot;0&quot;,&quot;iso&quot;:&quot;0&quot;,&quot;shutter_speed&quot;:&quot;0&quot;,&quot;title&quot;:&quot;cpt-template&quot;,&quot;orientation&quot;:&quot;0&quot;}\" data-image-title=\"cpt-template\" data-image-description=\"\" data-medium-file=\"https:\/\/i0.wp.com\/test.cookdigital.net\/campoparatodos\/wp-content\/uploads\/2021\/10\/Tapa-R163.jpg?fit=209%2C300&amp;ssl=1\" data-large-file=\"https:\/\/i0.wp.com\/test.cookdigital.net\/campoparatodos\/wp-content\/uploads\/2021\/10\/Tapa-R163.jpg?fit=713%2C1024&amp;ssl=1\" loading=\"lazy\" class=\"aligncenter wp-image-1580 size-full\" src=\"https:\/\/i0.wp.com\/www.campoparatodos.com.ar\/wp-content\/uploads\/2021\/10\/Tapa-R163.jpg?resize=767%2C1102&#038;ssl=1\" alt=\"\" width=\"767\" height=\"1102\" srcset=\"https:\/\/i0.wp.com\/test.cookdigital.net\/campoparatodos\/wp-content\/uploads\/2021\/10\/Tapa-R163.jpg?w=767&amp;ssl=1 767w, https:\/\/i0.wp.com\/test.cookdigital.net\/campoparatodos\/wp-content\/uploads\/2021\/10\/Tapa-R163.jpg?resize=209%2C300&amp;ssl=1 209w, https:\/\/i0.wp.com\/test.cookdigital.net\/campoparatodos\/wp-content\/uploads\/2021\/10\/Tapa-R163.jpg?resize=713%2C1024&amp;ssl=1 713w\" sizes=\"(max-width: 767px) 100vw, 767px\" data-recalc-dims=\"1\" \/><\/a><\/p>\n<p><!--more--><\/p>\n<p>T\u00cdTULOS DE LA EDICI\u00d3N 163. SEPTIEMBRE DE 2021<\/p>\n<ul>\n<li>En EXPOBRA se dio el esperado reencuentro de la ganader\u00eda.<\/li>\n<li>Las mejores hembras Braford.<\/li>\n<li>Los mejores machos Braford.<\/li>\n<li>En EXPOBRA, Zamora dijo que acompa\u00f1ar\u00e1 la idea de \u201ctener pol\u00edticas previsibles, y que la inversi\u00f3n pueda ser sostenida y redituable\u201d.<\/li>\n<li>Brahman. La raza madre.<\/li>\n<li>Las hembras Brangus premiadas.<\/li>\n<li>Los machos Brangus premiados.<\/li>\n<li>Las ventas.<\/li>\n<li>EXPOBRA por tres a\u00f1os m\u00e1s.<\/li>\n<li>Pauny en ExpoBRA.<\/li>\n<li>Y un d\u00eda tambi\u00e9n regres\u00f3&#8230;..NOS UNE Y RE\u00daNE REVISTA CAMPO PARA TODOS.<\/li>\n<li>15\u00b0 Remate anual CANOA.<\/li>\n<li>JONALFA 2021, Jornadas Nacionales de Alfalfa.<\/li>\n<li>Nueva sembradora PLA, con cuerpo de siembra John Deere y sistema SIA.<\/li>\n<li>Recomendaciones para un Uso Responsable de Fitosanitarios en Sand\u00eda y Mel\u00f3n.<\/li>\n<li>Nutrientes que engordan la rentabilidad agr\u00edcola.<\/li>\n<\/ul>\n","protected":false},"excerpt":{"rendered":"<p>Todo lo ocurrido en la EXPOBRA 2021 de Santiago del Estero. Nueva sembradora PLA, con cuerpo de siembra John Deere y sistema SIA. Nutrientes que engordan la rentabilidad agr\u00edcola. \u21d3\u21d3\u21d3PARA LEERLA TOCA LA IMAGEN\u21d3\u21d3\u21d3<\/p>\n","protected":false},"author":1,"featured_media":0,"comment_status":"closed","ping_status":"open","sticky":false,"template":"","format":"standard","meta":{"spay_email":"","jetpack_publicize_message":"","jetpack_is_tweetstorm":false},"categories":[7,9,163,3,5,8,10,168,4],"tags":[69,70,68,230,41,111,148],"jetpack_featured_media_url":"","jetpack_publicize_connections":[],"jetpack_sharing_enabled":true,"jetpack_shortlink":"https:\/\/wp.me\/p9m0DJ-pA","jetpack_likes_enabled":false,"jetpack-related-posts":[{"id":2184,"url":"https:\/\/test.cookdigital.net\/campoparatodos\/2022\/10\/22\/revista-campo-para-todos-n-175\/","url_meta":{"origin":1586,"position":0},"title":"Revista Campo para Todos N\u00b0 175","date":"octubre 22, 2022","format":false,"excerpt":"TITULOS DE TAPA DE LA REVISTA 175 EXPOBRA 2022: Reviva la mejor expo ganadera del NOA. - ALGOD\u00d3N: 1\u00b0 Jornada por el D\u00eda Mundial del algod\u00f3n en Santiago del Estero. - CEBOLLA: \u00bfQu\u00e9 pasa con la cebolla primicia de Santiago del Estero? \u21d3PARA LEERLA TOCA LA FOTO DE TAPA\u21d3 TITULOS\u2026","rel":"","context":"En \u00abAgricultura\u00bb","img":{"alt_text":"","src":"https:\/\/i0.wp.com\/www.campoparatodos.com.ar\/wp-content\/uploads\/2022\/10\/TAPA-REVISTA-175-713x1024.jpg?resize=350%2C200&ssl=1","width":350,"height":200},"classes":[]},{"id":1521,"url":"https:\/\/test.cookdigital.net\/campoparatodos\/2021\/08\/19\/se-viene-una-nueva-edicion-de-expobra-en-santiago-del-estero\/","url_meta":{"origin":1586,"position":1},"title":"Se viene una nueva edici\u00f3n de EXPOBRA en Santiago del Estero","date":"agosto 19, 2021","format":false,"excerpt":"Se realizar\u00e1 del 15 al 17 de septiembre, con la mejor gen\u00e9tica Brahman, Braford y Brangus. Este a\u00f1o ser\u00e1 la edici\u00f3n n\u00b0 14 de la muestra organizada por las Asociaciones de criadores de las razas Brahman, Braford y Brangus, patrocinada por el Gobierno de Santiago del Estero. Como siempre, se\u2026","rel":"","context":"En \u00abEventos\u00bb","img":{"alt_text":"","src":"https:\/\/i1.wp.com\/www.campoparatodos.com.ar\/wp-content\/uploads\/2021\/08\/flyer-1-734x1024.jpeg?resize=350%2C200&ssl=1","width":350,"height":200},"classes":[]},{"id":2077,"url":"https:\/\/test.cookdigital.net\/campoparatodos\/2022\/09\/07\/expobra-2022\/","url_meta":{"origin":1586,"position":2},"title":"Se present\u00f3 la nueva edici\u00f3n de ExpoBRA en Santiago del Estero","date":"septiembre 7, 2022","format":false,"excerpt":"Se realizar\u00e1 el 21, 22 y 23 de septiembre de 2022, en el Predio Ferial Vivero San Carlos, en La Banda. Se podr\u00e1 ver gen\u00e9tica Clase A, habr\u00e1 juras, remates y stands comerciales de insumos, productos y servicios. Durante 3 d\u00edas los mejores reproductores de las razas Braford, Brahman y\u2026","rel":"","context":"En \u00abEventos\u00bb","img":{"alt_text":"","src":"https:\/\/i1.wp.com\/www.campoparatodos.com.ar\/wp-content\/uploads\/2022\/09\/IMG_2931-scaled-e1662589449127-1024x765.jpg?resize=350%2C200&ssl=1","width":350,"height":200},"classes":[]},{"id":653,"url":"https:\/\/test.cookdigital.net\/campoparatodos\/2019\/09\/03\/expo-bra-2019\/","url_meta":{"origin":1586,"position":3},"title":"EXPO BRA 2019","date":"septiembre 3, 2019","format":false,"excerpt":"Se present\u00f3 la 13\u00b0 edici\u00f3n de ExpoBRA en Santiago del Estero La exposici\u00f3n anual organizada por las razas Brangus, Braford y Brahman, con el apoyo del Ministerio de la Producci\u00f3n de Santiago del Estero, se realizar\u00e1 del 18 al 20 de septiembre en el predio del Vivero San Carlos de\u2026","rel":"","context":"En \u00abEventos\u00bb","img":{"alt_text":"","src":"https:\/\/i2.wp.com\/www.campoparatodos.com.ar\/wp-content\/uploads\/2019\/09\/IMG_9841.jpg?resize=350%2C200&ssl=1","width":350,"height":200},"classes":[]},{"id":657,"url":"https:\/\/test.cookdigital.net\/campoparatodos\/2019\/09\/17\/13-edicion-de-expobra\/","url_meta":{"origin":1586,"position":4},"title":"13\u00b0 EDICI\u00d3N DE EXPOBRA","date":"septiembre 17, 2019","format":false,"excerpt":"En Santiago del Estero, \u201cla ganader\u00eda ha crecido m\u00e1s de un 10% en el \u00faltimo a\u00f1o\u201d Seg\u00fan el ministro de la Producci\u00f3n de la provincia, Dr. Miguel Mandrile, la producci\u00f3n se increment\u00f3 \u201cno solo en cantidad de cabezas, sino en calidad y en gen\u00e9tica\u201d. A dos d\u00edas del comienzo de\u2026","rel":"","context":"En \u00abEventos\u00bb","img":{"alt_text":"","src":"https:\/\/i2.wp.com\/www.campoparatodos.com.ar\/wp-content\/uploads\/2019\/09\/bienvenidaweb.jpg?resize=350%2C200&ssl=1","width":350,"height":200},"classes":[]},{"id":1971,"url":"https:\/\/test.cookdigital.net\/campoparatodos\/2022\/06\/24\/expobra-noa-2022-brangus-brahman-y-braford-juntas-en-el-noa\/","url_meta":{"origin":1586,"position":5},"title":"EXPOBRA NOA 2022. BRANGUS, BRAHMAN Y BRAFORD JUNTAS EN EL NOA","date":"junio 24, 2022","format":false,"excerpt":"ExpoBra es la \u00fanica muestra en el NOA, organizada en conjunto, por las Asociaciones de Criadores de Braford, Brahman y Brangus, que se realiza en las instalaciones del Predio Ferial Vivero San Carlos en la provincia de Santiago del Estero. Concentra la mejor gen\u00e9tica clase A de las tres razas\u2026","rel":"","context":"En \u00abEventos\u00bb","img":{"alt_text":"","src":"https:\/\/i0.wp.com\/www.campoparatodos.com.ar\/wp-content\/uploads\/2022\/06\/Expobra-2022-1.jpg?resize=350%2C200&ssl=1","width":350,"height":200},"classes":[]}],"_links":{"self":[{"href":"https:\/\/test.cookdigital.net\/campoparatodos\/wp-json\/wp\/v2\/posts\/1586"}],"collection":[{"href":"https:\/\/test.cookdigital.net\/campoparatodos\/wp-json\/wp\/v2\/posts"}],"about":[{"href":"https:\/\/test.cookdigital.net\/campoparatodos\/wp-json\/wp\/v2\/types\/post"}],"author":[{"embeddable":true,"href":"https:\/\/test.cookdigital.net\/campoparatodos\/wp-json\/wp\/v2\/users\/1"}],"replies":[{"embeddable":true,"href":"https:\/\/test.cookdigital.net\/campoparatodos\/wp-json\/wp\/v2\/comments?post=1586"}],"version-history":[{"count":3,"href":"https:\/\/test.cookdigital.net\/campoparatodos\/wp-json\/wp\/v2\/posts\/1586\/revisions"}],"predecessor-version":[{"id":1589,"href":"https:\/\/test.cookdigital.net\/campoparatodos\/wp-json\/wp\/v2\/posts\/1586\/revisions\/1589"}],"wp:attachment":[{"href":"https:\/\/test.cookdigital.net\/campoparatodos\/wp-json\/wp\/v2\/media?parent=1586"}],"wp:term":[{"taxonomy":"category","embeddable":true,"href":"https:\/\/test.cookdigital.net\/campoparatodos\/wp-json\/wp\/v2\/categories?post=1586"},{"taxonomy":"post_tag","embeddable":true,"href":"https:\/\/test.cookdigital.net\/campoparatodos\/wp-json\/wp\/v2\/tags?post=1586"}],"curies":[{"name":"wp","href":"https:\/\/api.w.org\/{rel}","templated":true}]}}