{"id":1536,"date":"2021-09-07T15:08:05","date_gmt":"2021-09-07T15:08:05","guid":{"rendered":"https:\/\/www.campoparatodos.com.ar\/?p=1536"},"modified":"2021-09-07T15:08:05","modified_gmt":"2021-09-07T15:08:05","slug":"revista-campo-para-todos-n-162","status":"publish","type":"post","link":"https:\/\/test.cookdigital.net\/campoparatodos\/2021\/09\/07\/revista-campo-para-todos-n-162\/","title":{"rendered":"Revista Campo para Todos N\u00b0 162"},"content":{"rendered":"<p>Toda la informaci\u00f3n sobre lo que se ver\u00e1 en la 14\u00b0 EXPOBRA en Santiago del Estero. Tambi\u00e9n \u00abLa importancia de las trampas para picudo algodonero\u00bb<\/p>\n<p style=\"text-align: center;\"><span style=\"color: #0000ff;\"><strong>PARA LEERLA TOCA LA FOTO DE TAPA<\/strong><\/span><\/p>\n<p><a href=\"https:\/\/online.fliphtml5.com\/yuzt\/dszq\/\"><img data-attachment-id=\"1537\" data-permalink=\"https:\/\/test.cookdigital.net\/campoparatodos\/2021\/09\/07\/revista-campo-para-todos-n-162\/cpt-template-113\/#main\" data-orig-file=\"https:\/\/i1.wp.com\/test.cookdigital.net\/campoparatodos\/wp-content\/uploads\/2021\/09\/TAPA-R-162.jpg?fit=768%2C1102&amp;ssl=1\" data-orig-size=\"768,1102\" data-comments-opened=\"1\" data-image-meta=\"{&quot;aperture&quot;:&quot;0&quot;,&quot;credit&quot;:&quot;carlos&quot;,&quot;camera&quot;:&quot;&quot;,&quot;caption&quot;:&quot;cpt-template&quot;,&quot;created_timestamp&quot;:&quot;1629920427&quot;,&quot;copyright&quot;:&quot;&quot;,&quot;focal_length&quot;:&quot;0&quot;,&quot;iso&quot;:&quot;0&quot;,&quot;shutter_speed&quot;:&quot;0&quot;,&quot;title&quot;:&quot;cpt-template&quot;,&quot;orientation&quot;:&quot;0&quot;}\" data-image-title=\"cpt-template\" data-image-description=\"\" data-medium-file=\"https:\/\/i1.wp.com\/test.cookdigital.net\/campoparatodos\/wp-content\/uploads\/2021\/09\/TAPA-R-162.jpg?fit=209%2C300&amp;ssl=1\" data-large-file=\"https:\/\/i1.wp.com\/test.cookdigital.net\/campoparatodos\/wp-content\/uploads\/2021\/09\/TAPA-R-162.jpg?fit=714%2C1024&amp;ssl=1\" loading=\"lazy\" class=\"aligncenter size-full wp-image-1537\" src=\"https:\/\/i0.wp.com\/www.campoparatodos.com.ar\/wp-content\/uploads\/2021\/09\/TAPA-R-162.jpg?resize=768%2C1102&#038;ssl=1\" alt=\"\" width=\"768\" height=\"1102\" srcset=\"https:\/\/i1.wp.com\/test.cookdigital.net\/campoparatodos\/wp-content\/uploads\/2021\/09\/TAPA-R-162.jpg?w=768&amp;ssl=1 768w, https:\/\/i1.wp.com\/test.cookdigital.net\/campoparatodos\/wp-content\/uploads\/2021\/09\/TAPA-R-162.jpg?resize=209%2C300&amp;ssl=1 209w, https:\/\/i1.wp.com\/test.cookdigital.net\/campoparatodos\/wp-content\/uploads\/2021\/09\/TAPA-R-162.jpg?resize=714%2C1024&amp;ssl=1 714w\" sizes=\"(max-width: 768px) 100vw, 768px\" data-recalc-dims=\"1\" \/><\/a><\/p>\n<p><!--more--><\/p>\n<p><strong>T\u00cdTULOS DE LA EDICI\u00d3N 162. AGOSTO DE 2021<\/strong><\/p>\n<ul>\n<li>La importancia de las trampas de feromonas en la detecci\u00f3n del picudo del algodonero.<\/li>\n<li>Trampa de feromona PLATO para el picudo del algodonero.<br \/>\nRecomendaciones para un uso responsable de fitosanitarios en cucurbit\u00e1ceas.<\/li>\n<li>Gen\u00f3mica. Braford se suma a la revoluci\u00f3n gen\u00e9tica.<\/li>\n<li>La juventud del futuro.<\/li>\n<li>Metalfor es la fertilizadora oficial de Aapresid.<\/li>\n<li>Se viene una nueva edici\u00f3n de EXPOBRA en Santiago del Estero.<\/li>\n<li>\u00bfQu\u00e9 presentar\u00e1n las Caba\u00f1as Santiague\u00f1as en la EXPOBRA?.<\/li>\n<li>La Asociaci\u00f3n Argentina de Brangus encara nuevos proyectos t\u00e9cnicos.<\/li>\n<li>RFI o Eficiencia Neta de Consumo: Buscando animales m\u00e1s eficientes.<\/li>\n<li>Ensayo de evaluaci\u00f3n de resistencia a garrapata.<\/li>\n<li>Microsilos una nueva herramienta nutricional para bovinos en el NOA.<\/li>\n<\/ul>\n","protected":false},"excerpt":{"rendered":"<p>Toda la informaci\u00f3n sobre lo que se ver\u00e1 en la 14\u00b0 EXPOBRA en Santiago del Estero. Tambi\u00e9n \u00abLa importancia de las trampas para picudo algodonero\u00bb PARA LEERLA TOCA LA FOTO DE TAPA<\/p>\n","protected":false},"author":1,"featured_media":0,"comment_status":"open","ping_status":"open","sticky":false,"template":"","format":"standard","meta":{"spay_email":"","jetpack_publicize_message":"","jetpack_is_tweetstorm":false},"categories":[7,9,163,3,5,8,10,168,124,4],"tags":[52,69,70,68,257,58],"jetpack_featured_media_url":"","jetpack_publicize_connections":[],"jetpack_sharing_enabled":true,"jetpack_shortlink":"https:\/\/wp.me\/p9m0DJ-oM","jetpack_likes_enabled":true,"jetpack-related-posts":[{"id":641,"url":"https:\/\/test.cookdigital.net\/campoparatodos\/2019\/08\/14\/picudo-del-algodonero\/","url_meta":{"origin":1536,"position":0},"title":"Picudo del Algodonero","date":"agosto 14, 2019","format":false,"excerpt":"El ataque de picudo del algodonero ser\u00e1 muy grave para la nueva campa\u00f1a, porque quedan muchas plantas y rastrojos sin enterrar En su visita a Santiago del Estero, entrevistamos a Stacy E. Plato de Houston (Texas USA), presidente de PLATO industries Ltd. Empresa que invent\u00f3 las populares trampas para picudo\u2026","rel":"","context":"En \u00abAgricultura\u00bb","img":{"alt_text":"","src":"https:\/\/i1.wp.com\/www.campoparatodos.com.ar\/wp-content\/uploads\/2019\/08\/plato-1024x758.jpg?resize=350%2C200&ssl=1","width":350,"height":200},"classes":[]},{"id":1364,"url":"https:\/\/test.cookdigital.net\/campoparatodos\/2021\/05\/14\/revista-campo-para-todos-n-158\/","url_meta":{"origin":1536,"position":1},"title":"Revista Campo para Todos N\u00b0 158","date":"mayo 14, 2021","format":false,"excerpt":"En esta edici\u00f3n: Biotecnolog\u00eda santiague\u00f1a. Comenz\u00f3 la campa\u00f1a cebollera. Comportamiento de variedades de algod\u00f3n. Y mucho m\u00e1s. PARA LEERLA SOLO TIENES QUE TOCAR LA IMAGEN \u21d3\u2193\u21d3 T\u00cdTULOS DE LA EDICI\u00d3N 158. ABRIL DE 2021 Chacra Sach\u00e1yoj: Innovaci\u00f3n y tecnolog\u00eda para producir cuidando el ambiente. Cosecha: el momento para eliminar las\u2026","rel":"","context":"En \u00abAgricultura\u00bb","img":{"alt_text":"","src":"https:\/\/i2.wp.com\/www.campoparatodos.com.ar\/wp-content\/uploads\/2021\/05\/R158WEB-714x1024.jpg?resize=350%2C200&ssl=1","width":350,"height":200},"classes":[]},{"id":1521,"url":"https:\/\/test.cookdigital.net\/campoparatodos\/2021\/08\/19\/se-viene-una-nueva-edicion-de-expobra-en-santiago-del-estero\/","url_meta":{"origin":1536,"position":2},"title":"Se viene una nueva edici\u00f3n de EXPOBRA en Santiago del Estero","date":"agosto 19, 2021","format":false,"excerpt":"Se realizar\u00e1 del 15 al 17 de septiembre, con la mejor gen\u00e9tica Brahman, Braford y Brangus. Este a\u00f1o ser\u00e1 la edici\u00f3n n\u00b0 14 de la muestra organizada por las Asociaciones de criadores de las razas Brahman, Braford y Brangus, patrocinada por el Gobierno de Santiago del Estero. Como siempre, se\u2026","rel":"","context":"En \u00abEventos\u00bb","img":{"alt_text":"","src":"https:\/\/i1.wp.com\/www.campoparatodos.com.ar\/wp-content\/uploads\/2021\/08\/flyer-1-734x1024.jpeg?resize=350%2C200&ssl=1","width":350,"height":200},"classes":[]},{"id":657,"url":"https:\/\/test.cookdigital.net\/campoparatodos\/2019\/09\/17\/13-edicion-de-expobra\/","url_meta":{"origin":1536,"position":3},"title":"13\u00b0 EDICI\u00d3N DE EXPOBRA","date":"septiembre 17, 2019","format":false,"excerpt":"En Santiago del Estero, \u201cla ganader\u00eda ha crecido m\u00e1s de un 10% en el \u00faltimo a\u00f1o\u201d Seg\u00fan el ministro de la Producci\u00f3n de la provincia, Dr. Miguel Mandrile, la producci\u00f3n se increment\u00f3 \u201cno solo en cantidad de cabezas, sino en calidad y en gen\u00e9tica\u201d. A dos d\u00edas del comienzo de\u2026","rel":"","context":"En \u00abEventos\u00bb","img":{"alt_text":"","src":"https:\/\/i2.wp.com\/www.campoparatodos.com.ar\/wp-content\/uploads\/2019\/09\/bienvenidaweb.jpg?resize=350%2C200&ssl=1","width":350,"height":200},"classes":[]},{"id":1544,"url":"https:\/\/test.cookdigital.net\/campoparatodos\/2021\/09\/23\/la-importancia-de-las-trampas-de-feromonas-en-la-deteccion-del-picudo-del-algodonero\/","url_meta":{"origin":1536,"position":4},"title":"La importancia de las trampas de feromonas en la detecci\u00f3n del picudo del algodonero","date":"septiembre 23, 2021","format":false,"excerpt":"El picudo del algodonero (Anthonomus grandis Boheman) es la plaga m\u00e1s importante del algod\u00f3n en Argentina y Am\u00e9rica, tanto por la incidencia en los rendimientos como por su dif\u00edcil control (Peterlin et al., 2007), debido a que presenta una serie de caracter\u00edsticas claves que debemos tener en cuenta: - Altamente\u2026","rel":"","context":"En \u00abAgricultura\u00bb","img":{"alt_text":"","src":"https:\/\/i1.wp.com\/www.campoparatodos.com.ar\/wp-content\/uploads\/2021\/09\/TRAMPA.jpg?resize=350%2C200&ssl=1","width":350,"height":200},"classes":[]},{"id":1971,"url":"https:\/\/test.cookdigital.net\/campoparatodos\/2022\/06\/24\/expobra-noa-2022-brangus-brahman-y-braford-juntas-en-el-noa\/","url_meta":{"origin":1536,"position":5},"title":"EXPOBRA NOA 2022. BRANGUS, BRAHMAN Y BRAFORD JUNTAS EN EL NOA","date":"junio 24, 2022","format":false,"excerpt":"ExpoBra es la \u00fanica muestra en el NOA, organizada en conjunto, por las Asociaciones de Criadores de Braford, Brahman y Brangus, que se realiza en las instalaciones del Predio Ferial Vivero San Carlos en la provincia de Santiago del Estero. Concentra la mejor gen\u00e9tica clase A de las tres razas\u2026","rel":"","context":"En \u00abEventos\u00bb","img":{"alt_text":"","src":"https:\/\/i0.wp.com\/www.campoparatodos.com.ar\/wp-content\/uploads\/2022\/06\/Expobra-2022-1.jpg?resize=350%2C200&ssl=1","width":350,"height":200},"classes":[]}],"_links":{"self":[{"href":"https:\/\/test.cookdigital.net\/campoparatodos\/wp-json\/wp\/v2\/posts\/1536"}],"collection":[{"href":"https:\/\/test.cookdigital.net\/campoparatodos\/wp-json\/wp\/v2\/posts"}],"about":[{"href":"https:\/\/test.cookdigital.net\/campoparatodos\/wp-json\/wp\/v2\/types\/post"}],"author":[{"embeddable":true,"href":"https:\/\/test.cookdigital.net\/campoparatodos\/wp-json\/wp\/v2\/users\/1"}],"replies":[{"embeddable":true,"href":"https:\/\/test.cookdigital.net\/campoparatodos\/wp-json\/wp\/v2\/comments?post=1536"}],"version-history":[{"count":1,"href":"https:\/\/test.cookdigital.net\/campoparatodos\/wp-json\/wp\/v2\/posts\/1536\/revisions"}],"predecessor-version":[{"id":1538,"href":"https:\/\/test.cookdigital.net\/campoparatodos\/wp-json\/wp\/v2\/posts\/1536\/revisions\/1538"}],"wp:attachment":[{"href":"https:\/\/test.cookdigital.net\/campoparatodos\/wp-json\/wp\/v2\/media?parent=1536"}],"wp:term":[{"taxonomy":"category","embeddable":true,"href":"https:\/\/test.cookdigital.net\/campoparatodos\/wp-json\/wp\/v2\/categories?post=1536"},{"taxonomy":"post_tag","embeddable":true,"href":"https:\/\/test.cookdigital.net\/campoparatodos\/wp-json\/wp\/v2\/tags?post=1536"}],"curies":[{"name":"wp","href":"https:\/\/api.w.org\/{rel}","templated":true}]}}