{"id":1469,"date":"2021-07-15T22:35:13","date_gmt":"2021-07-15T22:35:13","guid":{"rendered":"https:\/\/www.campoparatodos.com.ar\/?p=1469"},"modified":"2021-07-15T22:35:13","modified_gmt":"2021-07-15T22:35:13","slug":"revista-campo-para-todos-n-160","status":"publish","type":"post","link":"https:\/\/test.cookdigital.net\/campoparatodos\/2021\/07\/15\/revista-campo-para-todos-n-160\/","title":{"rendered":"Revista Campo para Todos N\u00b0 160"},"content":{"rendered":"<p>Ya est\u00e1 disponible la revista con importantes notas sobre ganader\u00eda.<\/p>\n<p style=\"text-align: center;\"><span style=\"color: #ff0000;\"><strong>\u21d3\u21d3\u21d3\u21d3\u00a0 PARA LEERLA GRATIS, TOCA LA IMAGEN DE LA TAPA\u00a0 \u21d3\u21d3\u21d3\u21d3<\/strong><\/span><\/p>\n<p><a href=\"https:\/\/online.fliphtml5.com\/yuzt\/gdjj\/\"><img data-attachment-id=\"1470\" data-permalink=\"https:\/\/test.cookdigital.net\/campoparatodos\/2021\/07\/15\/revista-campo-para-todos-n-160\/cpt-template-92\/#main\" data-orig-file=\"https:\/\/i0.wp.com\/test.cookdigital.net\/campoparatodos\/wp-content\/uploads\/2021\/07\/TAPA-R160.jpg?fit=772%2C1102&amp;ssl=1\" data-orig-size=\"772,1102\" data-comments-opened=\"1\" data-image-meta=\"{&quot;aperture&quot;:&quot;0&quot;,&quot;credit&quot;:&quot;carlos&quot;,&quot;camera&quot;:&quot;&quot;,&quot;caption&quot;:&quot;cpt-template&quot;,&quot;created_timestamp&quot;:&quot;1626376056&quot;,&quot;copyright&quot;:&quot;&quot;,&quot;focal_length&quot;:&quot;0&quot;,&quot;iso&quot;:&quot;0&quot;,&quot;shutter_speed&quot;:&quot;0&quot;,&quot;title&quot;:&quot;cpt-template&quot;,&quot;orientation&quot;:&quot;0&quot;}\" data-image-title=\"cpt-template\" data-image-description=\"\" data-medium-file=\"https:\/\/i0.wp.com\/test.cookdigital.net\/campoparatodos\/wp-content\/uploads\/2021\/07\/TAPA-R160.jpg?fit=210%2C300&amp;ssl=1\" data-large-file=\"https:\/\/i0.wp.com\/test.cookdigital.net\/campoparatodos\/wp-content\/uploads\/2021\/07\/TAPA-R160.jpg?fit=717%2C1024&amp;ssl=1\" loading=\"lazy\" class=\"aligncenter size-large wp-image-1470\" src=\"https:\/\/i1.wp.com\/www.campoparatodos.com.ar\/wp-content\/uploads\/2021\/07\/TAPA-R160-717x1024.jpg?resize=717%2C1024&#038;ssl=1\" alt=\"\" width=\"717\" height=\"1024\" srcset=\"https:\/\/i0.wp.com\/test.cookdigital.net\/campoparatodos\/wp-content\/uploads\/2021\/07\/TAPA-R160.jpg?resize=717%2C1024&amp;ssl=1 717w, https:\/\/i0.wp.com\/test.cookdigital.net\/campoparatodos\/wp-content\/uploads\/2021\/07\/TAPA-R160.jpg?resize=210%2C300&amp;ssl=1 210w, https:\/\/i0.wp.com\/test.cookdigital.net\/campoparatodos\/wp-content\/uploads\/2021\/07\/TAPA-R160.jpg?resize=768%2C1096&amp;ssl=1 768w, https:\/\/i0.wp.com\/test.cookdigital.net\/campoparatodos\/wp-content\/uploads\/2021\/07\/TAPA-R160.jpg?w=772&amp;ssl=1 772w\" sizes=\"(max-width: 717px) 100vw, 717px\" data-recalc-dims=\"1\" \/><\/a><\/p>\n<p><!--more--><\/p>\n<p>TITULOS DE LA EDICI\u00d3N 160<\/p>\n<ul>\n<li>Pautas de manejo del rodeo caprino.<\/li>\n<li>Recomendaciones para la prevenci\u00f3n de la triquinosis en las personas.<\/li>\n<li>La condici\u00f3n corporal, herramienta predictiva de la fertilidad del rodeo.<\/li>\n<li>Efectos negativos del cierre parcial a las exportaciones de carne.<\/li>\n<li>El gobernador de la provincia Dr. Gerardo Zamora recibi\u00f3 a representantes de la FAAS.<\/li>\n<li>Caba\u00f1a El Dino. Los mejores Brangus colorados del oeste santiague\u00f1o.<\/li>\n<li>El sistema silvopastoril como motor del desarrollo de la ganader\u00eda santiague\u00f1a.<\/li>\n<li>Algarrobo blanco: pautas para obtener una madera de mejor calidad.<\/li>\n<li>Algarrobo blanco con micorrizas: una opci\u00f3n para suelos degradados.<\/li>\n<li>FADIA y la Ley de Educaci\u00f3n Ambiental Integral (EAI).<\/li>\n<li>Mezcla de fitosanitarios, una buena pr\u00e1ctica con poca fama.<\/li>\n<li>La digitalizaci\u00f3n est\u00e1 transformando la agricultura.<\/li>\n<\/ul>\n","protected":false},"excerpt":{"rendered":"<p>Ya est\u00e1 disponible la revista con importantes notas sobre ganader\u00eda. \u21d3\u21d3\u21d3\u21d3\u00a0 PARA LEERLA GRATIS, TOCA LA IMAGEN DE LA TAPA\u00a0 \u21d3\u21d3\u21d3\u21d3<\/p>\n","protected":false},"author":1,"featured_media":0,"comment_status":"open","ping_status":"open","sticky":false,"template":"","format":"standard","meta":{"spay_email":"","jetpack_publicize_message":"","jetpack_is_tweetstorm":false},"categories":[7,9,205,3,8,10,168,124,4],"tags":[68,93,245,243,41,148,17,244],"jetpack_featured_media_url":"","jetpack_publicize_connections":[],"jetpack_sharing_enabled":true,"jetpack_shortlink":"https:\/\/wp.me\/p9m0DJ-nH","jetpack_likes_enabled":true,"jetpack-related-posts":[{"id":1419,"url":"https:\/\/test.cookdigital.net\/campoparatodos\/2021\/06\/11\/revista-campo-para-todos-n-159\/","url_meta":{"origin":1469,"position":0},"title":"Revista Campo para Todos N\u00b0 159","date":"junio 11, 2021","format":false,"excerpt":"En esta edici\u00f3n: Cierre de campa\u00f1a algodonera en el \u00e1rea de riego del R\u00edo Dulce. Suspensi\u00f3n de exportaciones de carne. Semillas de alfalfa. Enfermedades infecciosas en los feedlot.\u00a0 !Y mucha m\u00e1s informaci\u00f3n\u00a1 \u21d3\u21d3 Para leerla solo tienes que tocar la foto de tapa \u21d3\u21d3","rel":"","context":"En \u00abAgricultura\u00bb","img":{"alt_text":"","src":"https:\/\/i1.wp.com\/www.campoparatodos.com.ar\/wp-content\/uploads\/2021\/06\/TAPA-R159-713x1024.jpg?resize=350%2C200&ssl=1","width":350,"height":200},"classes":[]},{"id":1478,"url":"https:\/\/test.cookdigital.net\/campoparatodos\/2021\/07\/26\/cabana-el-dino-los-brangus-colorados-del-oeste-santiagueno\/","url_meta":{"origin":1469,"position":1},"title":"Caba\u00f1a El Dino. Los Brangus colorados del oeste santiague\u00f1o","date":"julio 26, 2021","format":false,"excerpt":"Visitamos en Estaci\u00f3n La Punta, Choya, Santiago del Estero el Establecimiento La Guardia donde tambi\u00e9n funciona la Caba\u00f1a El Dino, cuyos propietarios son los miembros de la familia Audano Fern\u00e1ndez. Ana Mar\u00eda Fern\u00e1ndez, Norberto y Leo Audano. El campo es de 5000 has, tiene 5 perforaciones de agua, todas entre\u2026","rel":"","context":"En \u00abGanader\u00eda\u00bb","img":{"alt_text":"","src":"https:\/\/i2.wp.com\/www.campoparatodos.com.ar\/wp-content\/uploads\/2021\/07\/IMG_9990_PerfectlyClear-1024x683.jpg?resize=350%2C200&ssl=1","width":350,"height":200},"classes":[]},{"id":2184,"url":"https:\/\/test.cookdigital.net\/campoparatodos\/2022\/10\/22\/revista-campo-para-todos-n-175\/","url_meta":{"origin":1469,"position":2},"title":"Revista Campo para Todos N\u00b0 175","date":"octubre 22, 2022","format":false,"excerpt":"TITULOS DE TAPA DE LA REVISTA 175 EXPOBRA 2022: Reviva la mejor expo ganadera del NOA. - ALGOD\u00d3N: 1\u00b0 Jornada por el D\u00eda Mundial del algod\u00f3n en Santiago del Estero. - CEBOLLA: \u00bfQu\u00e9 pasa con la cebolla primicia de Santiago del Estero? \u21d3PARA LEERLA TOCA LA FOTO DE TAPA\u21d3 TITULOS\u2026","rel":"","context":"En \u00abAgricultura\u00bb","img":{"alt_text":"","src":"https:\/\/i0.wp.com\/www.campoparatodos.com.ar\/wp-content\/uploads\/2022\/10\/TAPA-REVISTA-175-713x1024.jpg?resize=350%2C200&ssl=1","width":350,"height":200},"classes":[]},{"id":2539,"url":"https:\/\/test.cookdigital.net\/campoparatodos\/2023\/05\/10\/revista-campo-para-todos-n-182-mayo-2023\/","url_meta":{"origin":1469,"position":3},"title":"Revista Campo para Todos N\u00b0 182 Mayo 2023","date":"mayo 10, 2023","format":false,"excerpt":"TITULOS DE TAPA EDICION N\u00b0 182 DE MAYO. - Todo el mundial Brangus. - Balance Forrajero - \u00bfEl Trigo les dar\u00e1 revancha a los productores Santiague\u00f1os? - Los cultivos estivales se encuentran finalizando sus ciclos. PARA LEERLA GRATIS TOCA LA FOTO DE TAPA INDICE REVISTA 182 DE MAYO 2023 5-\u2026","rel":"","context":"En \u00abAgricultura\u00bb","img":{"alt_text":"","src":"https:\/\/i0.wp.com\/www.campoparatodos.com.ar\/wp-content\/uploads\/2023\/05\/TAPA-REVISTA-182.jpg?resize=350%2C200&ssl=1","width":350,"height":200},"classes":[]},{"id":1586,"url":"https:\/\/test.cookdigital.net\/campoparatodos\/2021\/10\/16\/revista-campo-para-todos-n-163\/","url_meta":{"origin":1469,"position":4},"title":"Revista Campo para Todos N\u00b0 163","date":"octubre 16, 2021","format":false,"excerpt":"Todo lo ocurrido en la EXPOBRA 2021 de Santiago del Estero. Nueva sembradora PLA, con cuerpo de siembra John Deere y sistema SIA. Nutrientes que engordan la rentabilidad agr\u00edcola. \u21d3\u21d3\u21d3PARA LEERLA TOCA LA IMAGEN\u21d3\u21d3\u21d3 T\u00cdTULOS DE LA EDICI\u00d3N 163. SEPTIEMBRE DE 2021 En EXPOBRA se dio el esperado reencuentro de\u2026","rel":"","context":"En \u00abAgricultura\u00bb","img":{"alt_text":"","src":"https:\/\/i0.wp.com\/www.campoparatodos.com.ar\/wp-content\/uploads\/2021\/10\/Tapa-R163.jpg?resize=350%2C200&ssl=1","width":350,"height":200},"classes":[]},{"id":2368,"url":"https:\/\/test.cookdigital.net\/campoparatodos\/2023\/02\/17\/revista-campo-para-todos-n-179\/","url_meta":{"origin":1469,"position":5},"title":"Revista Campo para Todos N\u00b0 179","date":"febrero 17, 2023","format":false,"excerpt":"TITULOS DE TAPA: Tercer a\u00f1o de sequ\u00eda en Santiago del Estero. \u00bfPodr\u00e1 transformarse la ganader\u00eda santiague\u00f1a en el motor del desarrollo provincial? Situaci\u00f3n del cultivo de algod\u00f3n en la zona de riego de Santiago del Estero. TOCAR LA FOTO DE TAPA PARA LEERLA GRATIS T\u00edtulos de la edici\u00f3n N\u00b0 179\u2026","rel":"","context":"En \u00abAgricultura\u00bb","img":{"alt_text":"","src":"https:\/\/i0.wp.com\/www.campoparatodos.com.ar\/wp-content\/uploads\/2023\/02\/TAPA-REVISTA-179-713x1024.jpg?resize=350%2C200&ssl=1","width":350,"height":200},"classes":[]}],"_links":{"self":[{"href":"https:\/\/test.cookdigital.net\/campoparatodos\/wp-json\/wp\/v2\/posts\/1469"}],"collection":[{"href":"https:\/\/test.cookdigital.net\/campoparatodos\/wp-json\/wp\/v2\/posts"}],"about":[{"href":"https:\/\/test.cookdigital.net\/campoparatodos\/wp-json\/wp\/v2\/types\/post"}],"author":[{"embeddable":true,"href":"https:\/\/test.cookdigital.net\/campoparatodos\/wp-json\/wp\/v2\/users\/1"}],"replies":[{"embeddable":true,"href":"https:\/\/test.cookdigital.net\/campoparatodos\/wp-json\/wp\/v2\/comments?post=1469"}],"version-history":[{"count":1,"href":"https:\/\/test.cookdigital.net\/campoparatodos\/wp-json\/wp\/v2\/posts\/1469\/revisions"}],"predecessor-version":[{"id":1471,"href":"https:\/\/test.cookdigital.net\/campoparatodos\/wp-json\/wp\/v2\/posts\/1469\/revisions\/1471"}],"wp:attachment":[{"href":"https:\/\/test.cookdigital.net\/campoparatodos\/wp-json\/wp\/v2\/media?parent=1469"}],"wp:term":[{"taxonomy":"category","embeddable":true,"href":"https:\/\/test.cookdigital.net\/campoparatodos\/wp-json\/wp\/v2\/categories?post=1469"},{"taxonomy":"post_tag","embeddable":true,"href":"https:\/\/test.cookdigital.net\/campoparatodos\/wp-json\/wp\/v2\/tags?post=1469"}],"curies":[{"name":"wp","href":"https:\/\/api.w.org\/{rel}","templated":true}]}}