{"id":1405,"date":"2021-05-31T21:56:01","date_gmt":"2021-05-31T21:56:01","guid":{"rendered":"https:\/\/www.campoparatodos.com.ar\/?p=1405"},"modified":"2021-05-31T21:56:01","modified_gmt":"2021-05-31T21:56:01","slug":"comenzo-la-campana-cebollera-en-santiago-del-estero","status":"publish","type":"post","link":"https:\/\/test.cookdigital.net\/campoparatodos\/2021\/05\/31\/comenzo-la-campana-cebollera-en-santiago-del-estero\/","title":{"rendered":"Comenz\u00f3 la campa\u00f1a cebollera  en Santiago del Estero"},"content":{"rendered":"<p><em><strong>Para conocer como inici\u00f3 la campa\u00f1a cebollera en Santiago del Estero consultamos a dos profesionales especialistas los ingenieros agr\u00f3nomos Sergio Birchner y Francisco Ardisone.<\/strong><\/em><br \/>\n<em><b>El ing. Birchner trabaja como consultor privado y en la empresa hort\u00edcola Leven Argentina que representan a Nunhems. El Ing. Francisco Ardisone es propietario de Agroinsumos Ardisone en Fern\u00e1ndez, Santiago del Estero.<\/b><\/em><\/p>\n<p><img data-attachment-id=\"1406\" data-permalink=\"https:\/\/test.cookdigital.net\/campoparatodos\/2021\/05\/31\/comenzo-la-campana-cebollera-en-santiago-del-estero\/img_9729\/#main\" data-orig-file=\"https:\/\/i1.wp.com\/test.cookdigital.net\/campoparatodos\/wp-content\/uploads\/2021\/05\/IMG_9729-scaled.jpg?fit=2560%2C1707&amp;ssl=1\" data-orig-size=\"2560,1707\" data-comments-opened=\"1\" data-image-meta=\"{&quot;aperture&quot;:&quot;0&quot;,&quot;credit&quot;:&quot;&quot;,&quot;camera&quot;:&quot;&quot;,&quot;caption&quot;:&quot;&quot;,&quot;created_timestamp&quot;:&quot;0&quot;,&quot;copyright&quot;:&quot;&quot;,&quot;focal_length&quot;:&quot;0&quot;,&quot;iso&quot;:&quot;0&quot;,&quot;shutter_speed&quot;:&quot;0&quot;,&quot;title&quot;:&quot;&quot;,&quot;orientation&quot;:&quot;0&quot;}\" data-image-title=\"IMG_9729\" data-image-description=\"\" data-medium-file=\"https:\/\/i1.wp.com\/test.cookdigital.net\/campoparatodos\/wp-content\/uploads\/2021\/05\/IMG_9729-scaled.jpg?fit=300%2C200&amp;ssl=1\" data-large-file=\"https:\/\/i1.wp.com\/test.cookdigital.net\/campoparatodos\/wp-content\/uploads\/2021\/05\/IMG_9729-scaled.jpg?fit=1024%2C683&amp;ssl=1\" loading=\"lazy\" class=\"alignright size-large wp-image-1406\" src=\"https:\/\/i1.wp.com\/www.campoparatodos.com.ar\/wp-content\/uploads\/2021\/05\/IMG_9729-1024x683.jpg?resize=1024%2C683&#038;ssl=1\" alt=\"\" width=\"1024\" height=\"683\" srcset=\"https:\/\/i1.wp.com\/test.cookdigital.net\/campoparatodos\/wp-content\/uploads\/2021\/05\/IMG_9729-scaled.jpg?resize=1024%2C683&amp;ssl=1 1024w, https:\/\/i1.wp.com\/test.cookdigital.net\/campoparatodos\/wp-content\/uploads\/2021\/05\/IMG_9729-scaled.jpg?resize=300%2C200&amp;ssl=1 300w, https:\/\/i1.wp.com\/test.cookdigital.net\/campoparatodos\/wp-content\/uploads\/2021\/05\/IMG_9729-scaled.jpg?resize=768%2C512&amp;ssl=1 768w, https:\/\/i1.wp.com\/test.cookdigital.net\/campoparatodos\/wp-content\/uploads\/2021\/05\/IMG_9729-scaled.jpg?resize=1536%2C1024&amp;ssl=1 1536w, https:\/\/i1.wp.com\/test.cookdigital.net\/campoparatodos\/wp-content\/uploads\/2021\/05\/IMG_9729-scaled.jpg?resize=2048%2C1365&amp;ssl=1 2048w, https:\/\/i1.wp.com\/test.cookdigital.net\/campoparatodos\/wp-content\/uploads\/2021\/05\/IMG_9729-scaled.jpg?resize=272%2C182&amp;ssl=1 272w, https:\/\/i1.wp.com\/test.cookdigital.net\/campoparatodos\/wp-content\/uploads\/2021\/05\/IMG_9729-scaled.jpg?w=2400&amp;ssl=1 2400w\" sizes=\"(max-width: 1024px) 100vw, 1024px\" data-recalc-dims=\"1\" \/><\/p>\n<p><!--more--><\/p>\n<p><b>\u00bfCu\u00e1nta<\/b><strong>\u00a0superficie estima que se implant\u00f3?<\/strong><br \/>\nAmbos entrevistados coincidieron en que hubo un incremento de la superficie sembrada y <strong>las estimaciones fueron entre 5 y 6 mil hect\u00e1reas<\/strong>.<\/p>\n<figure id=\"attachment_1408\" aria-describedby=\"caption-attachment-1408\" style=\"width: 261px\" class=\"wp-caption alignright\"><img data-attachment-id=\"1408\" data-permalink=\"https:\/\/test.cookdigital.net\/campoparatodos\/2021\/05\/31\/comenzo-la-campana-cebollera-en-santiago-del-estero\/cpt-template-87\/#main\" data-orig-file=\"https:\/\/i1.wp.com\/test.cookdigital.net\/campoparatodos\/wp-content\/uploads\/2021\/05\/Sergio-Birchner.jpg?fit=626%2C694&amp;ssl=1\" data-orig-size=\"626,694\" data-comments-opened=\"1\" data-image-meta=\"{&quot;aperture&quot;:&quot;0&quot;,&quot;credit&quot;:&quot;carlos&quot;,&quot;camera&quot;:&quot;&quot;,&quot;caption&quot;:&quot;cpt-template&quot;,&quot;created_timestamp&quot;:&quot;1620901778&quot;,&quot;copyright&quot;:&quot;&quot;,&quot;focal_length&quot;:&quot;0&quot;,&quot;iso&quot;:&quot;0&quot;,&quot;shutter_speed&quot;:&quot;0&quot;,&quot;title&quot;:&quot;cpt-template&quot;,&quot;orientation&quot;:&quot;0&quot;}\" data-image-title=\"cpt-template\" data-image-description=\"\" data-medium-file=\"https:\/\/i1.wp.com\/test.cookdigital.net\/campoparatodos\/wp-content\/uploads\/2021\/05\/Sergio-Birchner.jpg?fit=271%2C300&amp;ssl=1\" data-large-file=\"https:\/\/i1.wp.com\/test.cookdigital.net\/campoparatodos\/wp-content\/uploads\/2021\/05\/Sergio-Birchner.jpg?fit=626%2C694&amp;ssl=1\" loading=\"lazy\" class=\"wp-image-1408 size-medium\" src=\"https:\/\/i2.wp.com\/www.campoparatodos.com.ar\/wp-content\/uploads\/2021\/05\/Sergio-Birchner-271x300.jpg?resize=271%2C300&#038;ssl=1\" alt=\"\" width=\"271\" height=\"300\" srcset=\"https:\/\/i1.wp.com\/test.cookdigital.net\/campoparatodos\/wp-content\/uploads\/2021\/05\/Sergio-Birchner.jpg?resize=271%2C300&amp;ssl=1 271w, https:\/\/i1.wp.com\/test.cookdigital.net\/campoparatodos\/wp-content\/uploads\/2021\/05\/Sergio-Birchner.jpg?w=626&amp;ssl=1 626w\" sizes=\"(max-width: 271px) 100vw, 271px\" data-recalc-dims=\"1\" \/><figcaption id=\"caption-attachment-1408\" class=\"wp-caption-text\">Sergio Birchner<\/figcaption><\/figure>\n<p><strong>\u201cLa campa\u00f1a de siembra del cultivo de cebolla arranc\u00f3 con muchas expectativas\u201d<\/strong> expres\u00f3 Sergio Birchner. \u201cEl principal motivo es que un cultivo relativamente econ\u00f3mico, comparado con otros hort\u00edcolas. Otro motivo es que \u201cse sembr\u00f3 menor n\u00famero de hect\u00e1reas de algod\u00f3n que fueron ocupadas con alfalfa y cebolla\u201d. Por \u00faltimo, \u201cla cebolla viene de a\u00f1os con precios buenos, no as\u00ed para zanahorias y lechugas\u201d. En resumen, se sembr\u00f3 una superficie mayor que a\u00f1os anteriores pero los lotes que quedaron en pie son de una densidad menor a las adecuadas para un buen rendimiento\u201d.<br \/>\nFrancisco Ardisone indic\u00f3 que \u201c<strong>de todos modos reci\u00e9n en unas semanas se definir\u00e1n qu\u00e9 siembras tendr\u00e1n \u00e9xito y cu\u00e1les no<\/strong>, debido a que muchas se perdieron por los vientos, que provoc\u00f3 que se seque la tierra, calor, problemas de insectos y malezas, por lo que muchos cultivos quedaron complicados y lamentablemente no hay tiempo para volver a sembrar porque es tarde y se corta el agua en el sistema de riego\u201d.<\/p>\n<p><strong>\u00bfC\u00f3mo se planifico la siembra para esta campa\u00f1a con respecto a la preparaci\u00f3n de suelo, riego, momento de siembra etc.?<\/strong><br \/>\nPara Sergio Bircher \u201cLa planificaci\u00f3n de siembra, estuvo condicionada a la reserva de agua en el dique frontal. Era muy escasa a principios de febrero. Pero cambi\u00f3 abruptamente debido varias y copiosas lluvias ocurridas en la cuenca Sali &#8211; Dulce a mediados de ese mes. As\u00ed se solucion\u00f3 el problema de ese momento y alent\u00f3 a salir a regar a principios de marzo donde comenz\u00f3 fuerte la siembra de cebolla. Hasta abril continuaron con la siembra, pero fueron meses que se presentaron con temperaturas por encima de lo habitual y las lluvias no acompa\u00f1aron la emergencia e implantaci\u00f3n del cultivo. Como consecuencia se lograron lotes con muy baja densidad de plantas y hasta en algunos casos no emergi\u00f3 el cultivo. Para finales de abril cayeron algunas precipitaciones y temperaturas m\u00e1s moderadas, propicias para la implantaci\u00f3n del cultivo\u201d.<\/p>\n<figure id=\"attachment_1407\" aria-describedby=\"caption-attachment-1407\" style=\"width: 208px\" class=\"wp-caption alignleft\"><img data-attachment-id=\"1407\" data-permalink=\"https:\/\/test.cookdigital.net\/campoparatodos\/2021\/05\/31\/comenzo-la-campana-cebollera-en-santiago-del-estero\/cpt-template-86\/#main\" data-orig-file=\"https:\/\/i2.wp.com\/test.cookdigital.net\/campoparatodos\/wp-content\/uploads\/2021\/05\/Francisco-Ardisone.jpg?fit=615%2C848&amp;ssl=1\" data-orig-size=\"615,848\" data-comments-opened=\"1\" data-image-meta=\"{&quot;aperture&quot;:&quot;0&quot;,&quot;credit&quot;:&quot;carlos&quot;,&quot;camera&quot;:&quot;&quot;,&quot;caption&quot;:&quot;cpt-template&quot;,&quot;created_timestamp&quot;:&quot;1620901778&quot;,&quot;copyright&quot;:&quot;&quot;,&quot;focal_length&quot;:&quot;0&quot;,&quot;iso&quot;:&quot;0&quot;,&quot;shutter_speed&quot;:&quot;0&quot;,&quot;title&quot;:&quot;cpt-template&quot;,&quot;orientation&quot;:&quot;0&quot;}\" data-image-title=\"cpt-template\" data-image-description=\"\" data-medium-file=\"https:\/\/i2.wp.com\/test.cookdigital.net\/campoparatodos\/wp-content\/uploads\/2021\/05\/Francisco-Ardisone.jpg?fit=218%2C300&amp;ssl=1\" data-large-file=\"https:\/\/i2.wp.com\/test.cookdigital.net\/campoparatodos\/wp-content\/uploads\/2021\/05\/Francisco-Ardisone.jpg?fit=615%2C848&amp;ssl=1\" loading=\"lazy\" class=\"wp-image-1407 size-medium\" src=\"https:\/\/i2.wp.com\/www.campoparatodos.com.ar\/wp-content\/uploads\/2021\/05\/Francisco-Ardisone-218x300.jpg?resize=218%2C300&#038;ssl=1\" alt=\"\" width=\"218\" height=\"300\" srcset=\"https:\/\/i2.wp.com\/test.cookdigital.net\/campoparatodos\/wp-content\/uploads\/2021\/05\/Francisco-Ardisone.jpg?resize=218%2C300&amp;ssl=1 218w, https:\/\/i2.wp.com\/test.cookdigital.net\/campoparatodos\/wp-content\/uploads\/2021\/05\/Francisco-Ardisone.jpg?w=615&amp;ssl=1 615w\" sizes=\"(max-width: 218px) 100vw, 218px\" data-recalc-dims=\"1\" \/><figcaption id=\"caption-attachment-1407\" class=\"wp-caption-text\">Francisco Ardisone<\/figcaption><\/figure>\n<p><strong>\u00bfQu\u00e9 porcentajes calcula que realizaron siembra en bordo y en plano, y porqu\u00e9?<\/strong><br \/>\n\u201cCon respecto a la siembra en bordo, estimo que un 10% de la superficie fue sembrada as\u00ed, el resto se hizo todo en llano, toda la que fue sembrada en bordo temprano tuvo mucho \u00e9xito y est\u00e1n muy buenas\u201d. Indic\u00f3 Francisco Ardisone.<strong> \u201cPara siembras que se hacen en bordo lo ideal es regar cada 10\/12 d\u00edas, que es posible solo en algunas zonas, como la de Colonia El Simbolar, pero en el resto de las zonas se complica mucho porque el sistema de riego no funciona bien, falta organizaci\u00f3n en el manejo del agua y as\u00ed es muy dif\u00edcil sembrar en bordo\u201d<\/strong>.<br \/>\nMientras que Sergio nos coment\u00f3, \u201c\u00e9ste a\u00f1o los lotes que se realizaron en bordo, menor al 10% del \u00e1rea, ya recibieron hasta 4 riegos y as\u00ed se implantaron mejor. Las siembras en plano no se pueden regar as\u00ed y est\u00e1n muy sujetas a las condiciones ambientales de ese momento. <strong>Se pueden ver lotes con buenos y aceptables stands de plantas en bordo y lotes flojos o malos en plano<\/strong>. Esto nos indica que la superficie sembrada se reducir\u00e1 por p\u00e9rdidas totales de lotes y por p\u00e9rdida parcial del n\u00famero de plantas por hect\u00e1rea\u201d.<\/p>\n<p><strong>\u00bfCu\u00e1l es la variedad que m\u00e1s utilizaron y porqu\u00e9?<\/strong><br \/>\nA esta pregunta ambos t\u00e9cnicos coincidieron que <strong>Valencianita rama corta es la m\u00e1s elegida<\/strong> por los productores entre un 80 y 90 %.<br \/>\n<strong>\u201cEs la variedad que siempre predomin\u00f3\u201d<\/strong>, nos comenta Francisco Ardisone, \u201cy dentro de \u00e9sta, se est\u00e1 imponiendo una selecci\u00f3n llamada <strong>\u201clas tapias\u201d, cuyo crecimiento es mucho m\u00e1s r\u00e1pido, por lo menos 20 d\u00edas m\u00e1s r\u00e1pido<\/strong>. Por otra parte, se est\u00e1 empezando a difundir una variedad que se llama <strong>Calabresa<\/strong>. La venimos probando desde hace 5 a\u00f1os y es una cebolla de muy buena calidad, redonda, de muy buena ra\u00edz, pero nace m\u00e1s lento que la valencianita y por eso el productor se resiste a sembrarla, aunque tenga todas las dem\u00e1s cualidades positivas\u201d.<br \/>\nBirchner nos dijo \u201cse est\u00e1n probando otras variedades OP como Calabresa y <strong>algunos materiales h\u00edbridos como Presto, Vulkana, Carta Blanca y Mata Hari que son m\u00e1s orientadas a supermercado para consumo gourmet<\/strong>\u201d, indic\u00f3.<\/p>\n<figure id=\"attachment_1412\" aria-describedby=\"caption-attachment-1412\" style=\"width: 1014px\" class=\"wp-caption alignright\"><img data-attachment-id=\"1412\" data-permalink=\"https:\/\/test.cookdigital.net\/campoparatodos\/2021\/05\/31\/comenzo-la-campana-cebollera-en-santiago-del-estero\/img_9730\/#main\" data-orig-file=\"https:\/\/i1.wp.com\/test.cookdigital.net\/campoparatodos\/wp-content\/uploads\/2021\/05\/IMG_9730-scaled.jpg?fit=2560%2C1707&amp;ssl=1\" data-orig-size=\"2560,1707\" data-comments-opened=\"1\" data-image-meta=\"{&quot;aperture&quot;:&quot;0&quot;,&quot;credit&quot;:&quot;&quot;,&quot;camera&quot;:&quot;&quot;,&quot;caption&quot;:&quot;&quot;,&quot;created_timestamp&quot;:&quot;0&quot;,&quot;copyright&quot;:&quot;&quot;,&quot;focal_length&quot;:&quot;0&quot;,&quot;iso&quot;:&quot;0&quot;,&quot;shutter_speed&quot;:&quot;0&quot;,&quot;title&quot;:&quot;&quot;,&quot;orientation&quot;:&quot;0&quot;}\" data-image-title=\"IMG_9730\" data-image-description=\"\" data-medium-file=\"https:\/\/i1.wp.com\/test.cookdigital.net\/campoparatodos\/wp-content\/uploads\/2021\/05\/IMG_9730-scaled.jpg?fit=300%2C200&amp;ssl=1\" data-large-file=\"https:\/\/i1.wp.com\/test.cookdigital.net\/campoparatodos\/wp-content\/uploads\/2021\/05\/IMG_9730-scaled.jpg?fit=1024%2C683&amp;ssl=1\" loading=\"lazy\" class=\"size-large wp-image-1412\" src=\"https:\/\/i0.wp.com\/www.campoparatodos.com.ar\/wp-content\/uploads\/2021\/05\/IMG_9730-1024x683.jpg?resize=1024%2C683&#038;ssl=1\" alt=\"\" width=\"1024\" height=\"683\" srcset=\"https:\/\/i1.wp.com\/test.cookdigital.net\/campoparatodos\/wp-content\/uploads\/2021\/05\/IMG_9730-scaled.jpg?resize=1024%2C683&amp;ssl=1 1024w, https:\/\/i1.wp.com\/test.cookdigital.net\/campoparatodos\/wp-content\/uploads\/2021\/05\/IMG_9730-scaled.jpg?resize=300%2C200&amp;ssl=1 300w, https:\/\/i1.wp.com\/test.cookdigital.net\/campoparatodos\/wp-content\/uploads\/2021\/05\/IMG_9730-scaled.jpg?resize=768%2C512&amp;ssl=1 768w, https:\/\/i1.wp.com\/test.cookdigital.net\/campoparatodos\/wp-content\/uploads\/2021\/05\/IMG_9730-scaled.jpg?resize=1536%2C1024&amp;ssl=1 1536w, https:\/\/i1.wp.com\/test.cookdigital.net\/campoparatodos\/wp-content\/uploads\/2021\/05\/IMG_9730-scaled.jpg?resize=2048%2C1365&amp;ssl=1 2048w, https:\/\/i1.wp.com\/test.cookdigital.net\/campoparatodos\/wp-content\/uploads\/2021\/05\/IMG_9730-scaled.jpg?resize=272%2C182&amp;ssl=1 272w, https:\/\/i1.wp.com\/test.cookdigital.net\/campoparatodos\/wp-content\/uploads\/2021\/05\/IMG_9730-scaled.jpg?w=2400&amp;ssl=1 2400w\" sizes=\"(max-width: 1024px) 100vw, 1024px\" data-recalc-dims=\"1\" \/><figcaption id=\"caption-attachment-1412\" class=\"wp-caption-text\">Lote en bordo con un buen control de malezas.<\/figcaption><\/figure>\n<p><strong>\u00bfAplicaron herbicidas?. \u00bfCu\u00e1les?<\/strong><br \/>\nSergio Birchner dijo \u201cla siembra de <strong>este cultivo va de la mano del uso de<\/strong> <strong>herbicidas preemergentes<\/strong>, que ayudan en la implantaci\u00f3n del cultivo. Por su lento crecimiento e implantaci\u00f3n, <strong>la cebolla, es mala competidora de las malezas<\/strong>. El principal principio activo es el Pendimentalin. Otro aspecto a ter en cuenta en la siembra es la poca costumbre en el uso de los llamados curasemillas. <strong>El tratamiento de las semillas con insecticidas y fungicidas<\/strong> le dan una protecci\u00f3n contra factores bi\u00f3ticos (hongos de suelo y gusanos cortadores principalmente), que en algunos casos marcaron la diferencia entre resembrar o no el lote. Ahora continuamos con las <strong>aplicaciones de herbicidas post-emergentes para el control de malezas y de plagas principalmente trips y gusanos cortadores<\/strong>. Tambi\u00e9n empezar\u00edamos con la fertilizaci\u00f3n de base con macro-nutrientes y continuar con algunos fertilizantes foliares en las etapas finales del cultivo, ya con el ojo puesto en el mercado, sobre todo en el tema de precios\u201d Finaliz\u00f3 Sergio.<\/p>\n<figure id=\"attachment_1411\" aria-describedby=\"caption-attachment-1411\" style=\"width: 1014px\" class=\"wp-caption alignright\"><img data-attachment-id=\"1411\" data-permalink=\"https:\/\/test.cookdigital.net\/campoparatodos\/2021\/05\/31\/comenzo-la-campana-cebollera-en-santiago-del-estero\/img_9741\/#main\" data-orig-file=\"https:\/\/i0.wp.com\/test.cookdigital.net\/campoparatodos\/wp-content\/uploads\/2021\/05\/IMG_9741-scaled.jpg?fit=2560%2C1707&amp;ssl=1\" data-orig-size=\"2560,1707\" data-comments-opened=\"1\" data-image-meta=\"{&quot;aperture&quot;:&quot;0&quot;,&quot;credit&quot;:&quot;&quot;,&quot;camera&quot;:&quot;&quot;,&quot;caption&quot;:&quot;&quot;,&quot;created_timestamp&quot;:&quot;0&quot;,&quot;copyright&quot;:&quot;&quot;,&quot;focal_length&quot;:&quot;0&quot;,&quot;iso&quot;:&quot;0&quot;,&quot;shutter_speed&quot;:&quot;0&quot;,&quot;title&quot;:&quot;&quot;,&quot;orientation&quot;:&quot;0&quot;}\" data-image-title=\"IMG_9741\" data-image-description=\"\" data-medium-file=\"https:\/\/i0.wp.com\/test.cookdigital.net\/campoparatodos\/wp-content\/uploads\/2021\/05\/IMG_9741-scaled.jpg?fit=300%2C200&amp;ssl=1\" data-large-file=\"https:\/\/i0.wp.com\/test.cookdigital.net\/campoparatodos\/wp-content\/uploads\/2021\/05\/IMG_9741-scaled.jpg?fit=1024%2C683&amp;ssl=1\" loading=\"lazy\" class=\"size-large wp-image-1411\" src=\"https:\/\/i2.wp.com\/www.campoparatodos.com.ar\/wp-content\/uploads\/2021\/05\/IMG_9741-1024x683.jpg?resize=1024%2C683&#038;ssl=1\" alt=\"\" width=\"1024\" height=\"683\" srcset=\"https:\/\/i0.wp.com\/test.cookdigital.net\/campoparatodos\/wp-content\/uploads\/2021\/05\/IMG_9741-scaled.jpg?resize=1024%2C683&amp;ssl=1 1024w, https:\/\/i0.wp.com\/test.cookdigital.net\/campoparatodos\/wp-content\/uploads\/2021\/05\/IMG_9741-scaled.jpg?resize=300%2C200&amp;ssl=1 300w, https:\/\/i0.wp.com\/test.cookdigital.net\/campoparatodos\/wp-content\/uploads\/2021\/05\/IMG_9741-scaled.jpg?resize=768%2C512&amp;ssl=1 768w, https:\/\/i0.wp.com\/test.cookdigital.net\/campoparatodos\/wp-content\/uploads\/2021\/05\/IMG_9741-scaled.jpg?resize=1536%2C1024&amp;ssl=1 1536w, https:\/\/i0.wp.com\/test.cookdigital.net\/campoparatodos\/wp-content\/uploads\/2021\/05\/IMG_9741-scaled.jpg?resize=2048%2C1365&amp;ssl=1 2048w, https:\/\/i0.wp.com\/test.cookdigital.net\/campoparatodos\/wp-content\/uploads\/2021\/05\/IMG_9741-scaled.jpg?resize=272%2C182&amp;ssl=1 272w, https:\/\/i0.wp.com\/test.cookdigital.net\/campoparatodos\/wp-content\/uploads\/2021\/05\/IMG_9741-scaled.jpg?w=2400&amp;ssl=1 2400w\" sizes=\"(max-width: 1024px) 100vw, 1024px\" data-recalc-dims=\"1\" \/><figcaption id=\"caption-attachment-1411\" class=\"wp-caption-text\">Lote en bordo con un gran cantidad de malezas.<\/figcaption><\/figure>\n<p>Mientras que Francisco Ardisone nos coment\u00f3 \u201c<strong>tuvimos dos lluvias importantes<\/strong> durante el momento de la siembra, las cuales <strong>generaron muchos problemas de malezas<\/strong> porque se combinaron la humedad de la lluvia, la del riego y el calor que hizo. Todo esto nos puso en un escenario donde ten\u00edamos un cultivo de invierno con malezas de verano como Valda y otras que nos obligaron a utilizar herbicidas.<strong> Principalmente se utiliz\u00f3 el Prodigio, tambi\u00e9n el Tomahawk<\/strong>, o agregar al Prodigio algo de Linuron, o hacer algunas pruebas que pueden da\u00f1ar al cultivo, pero que es la \u00fanica opci\u00f3n, porque de otra forma la maleza termina ahogando al cultivo\u201d.<\/p>\n<p><strong>\u00bfQu\u00e9 ocurrir\u00e1 con el mercado cuando finalice la campa\u00f1a?<\/strong><br \/>\nArdisone expres\u00f3, \u201ccreo que <strong>lo que puede suceder con el precio de la cebolla santiague\u00f1a est\u00e1 muy influenciado por el mercado brasilero<\/strong>. Si ellos compran mucha cebolla del sur de Argentina, entonces hay m\u00e1s posibilidades que la santiague\u00f1a tenga un buen precio. Pero en el sur hay much\u00edsima cebolla y se sabe que ellos est\u00e1n comprando, pero no al ritmo del mes de marzo, por lo que reduce las probabilidades de que tengamos \u00e9xito. De todas maneras, a\u00fan faltan varios meses y puede pasar que los brasileros necesiten m\u00e1s, que la cebolla del sur por causas clim\u00e1ticas se pierda, u otros posibles factores que generen que haya poca cebolla en el sur al momento de nuestra cosecha\u201d finaliz\u00f3 Francisco.<\/p>\n<p><img data-attachment-id=\"1410\" data-permalink=\"https:\/\/test.cookdigital.net\/campoparatodos\/2021\/05\/31\/comenzo-la-campana-cebollera-en-santiago-del-estero\/img_9724\/#main\" data-orig-file=\"https:\/\/i0.wp.com\/test.cookdigital.net\/campoparatodos\/wp-content\/uploads\/2021\/05\/IMG_9724-scaled.jpg?fit=2560%2C1707&amp;ssl=1\" data-orig-size=\"2560,1707\" data-comments-opened=\"1\" data-image-meta=\"{&quot;aperture&quot;:&quot;0&quot;,&quot;credit&quot;:&quot;&quot;,&quot;camera&quot;:&quot;&quot;,&quot;caption&quot;:&quot;&quot;,&quot;created_timestamp&quot;:&quot;0&quot;,&quot;copyright&quot;:&quot;&quot;,&quot;focal_length&quot;:&quot;0&quot;,&quot;iso&quot;:&quot;0&quot;,&quot;shutter_speed&quot;:&quot;0&quot;,&quot;title&quot;:&quot;&quot;,&quot;orientation&quot;:&quot;0&quot;}\" data-image-title=\"IMG_9724\" data-image-description=\"\" data-medium-file=\"https:\/\/i0.wp.com\/test.cookdigital.net\/campoparatodos\/wp-content\/uploads\/2021\/05\/IMG_9724-scaled.jpg?fit=300%2C200&amp;ssl=1\" data-large-file=\"https:\/\/i0.wp.com\/test.cookdigital.net\/campoparatodos\/wp-content\/uploads\/2021\/05\/IMG_9724-scaled.jpg?fit=1024%2C683&amp;ssl=1\" loading=\"lazy\" class=\"size-large wp-image-1410 aligncenter\" src=\"https:\/\/i1.wp.com\/www.campoparatodos.com.ar\/wp-content\/uploads\/2021\/05\/IMG_9724-1024x683.jpg?resize=1024%2C683&#038;ssl=1\" alt=\"\" width=\"1024\" height=\"683\" srcset=\"https:\/\/i0.wp.com\/test.cookdigital.net\/campoparatodos\/wp-content\/uploads\/2021\/05\/IMG_9724-scaled.jpg?resize=1024%2C683&amp;ssl=1 1024w, https:\/\/i0.wp.com\/test.cookdigital.net\/campoparatodos\/wp-content\/uploads\/2021\/05\/IMG_9724-scaled.jpg?resize=300%2C200&amp;ssl=1 300w, https:\/\/i0.wp.com\/test.cookdigital.net\/campoparatodos\/wp-content\/uploads\/2021\/05\/IMG_9724-scaled.jpg?resize=768%2C512&amp;ssl=1 768w, https:\/\/i0.wp.com\/test.cookdigital.net\/campoparatodos\/wp-content\/uploads\/2021\/05\/IMG_9724-scaled.jpg?resize=1536%2C1024&amp;ssl=1 1536w, https:\/\/i0.wp.com\/test.cookdigital.net\/campoparatodos\/wp-content\/uploads\/2021\/05\/IMG_9724-scaled.jpg?resize=2048%2C1365&amp;ssl=1 2048w, https:\/\/i0.wp.com\/test.cookdigital.net\/campoparatodos\/wp-content\/uploads\/2021\/05\/IMG_9724-scaled.jpg?resize=272%2C182&amp;ssl=1 272w, https:\/\/i0.wp.com\/test.cookdigital.net\/campoparatodos\/wp-content\/uploads\/2021\/05\/IMG_9724-scaled.jpg?w=2400&amp;ssl=1 2400w\" sizes=\"(max-width: 1024px) 100vw, 1024px\" data-recalc-dims=\"1\" \/><\/p>\n<p>&nbsp;<\/p>\n<p>Autor: Carlos F. Hamann &#8211; Publicado en <a href=\"https:\/\/www.campoparatodos.com.ar\/2021\/05\/14\/revista-campo-para-todos-n-158\/\">Revista Campo para Todos N\u00b0 158<\/a><\/p>\n<p>&nbsp;<\/p>\n<p>&nbsp;<\/p>\n","protected":false},"excerpt":{"rendered":"<p>Para conocer como inici\u00f3 la campa\u00f1a cebollera en Santiago del Estero consultamos a dos profesionales especialistas los ingenieros agr\u00f3nomos Sergio Birchner y Francisco Ardisone. El ing. Birchner trabaja como consultor privado y en la empresa hort\u00edcola Leven Argentina que representan a Nunhems. El Ing. Francisco Ardisone es propietario de Agroinsumos Ardisone en Fern\u00e1ndez, Santiago del &#8230; <a title=\"Comenz\u00f3 la campa\u00f1a cebollera  en Santiago del Estero\" class=\"read-more\" href=\"https:\/\/test.cookdigital.net\/campoparatodos\/2021\/05\/31\/comenzo-la-campana-cebollera-en-santiago-del-estero\/\" aria-label=\"M\u00e1s en Comenz\u00f3 la campa\u00f1a cebollera  en Santiago del Estero\">Leer m\u00e1s<\/a><\/p>\n","protected":false},"author":1,"featured_media":0,"comment_status":"closed","ping_status":"open","sticky":false,"template":"","format":"standard","meta":{"spay_email":"","jetpack_publicize_message":"","jetpack_is_tweetstorm":false},"categories":[7,3,4],"tags":[54,221,210,71,220],"jetpack_featured_media_url":"","jetpack_publicize_connections":[],"jetpack_sharing_enabled":true,"jetpack_shortlink":"https:\/\/wp.me\/p9m0DJ-mF","jetpack_likes_enabled":true,"jetpack-related-posts":[{"id":2324,"url":"https:\/\/test.cookdigital.net\/campoparatodos\/2023\/02\/01\/se-realizo-el-2-concurso-de-la-mejor-sandia\/","url_meta":{"origin":1405,"position":0},"title":"Se realiz\u00f3 el 2\u00b0 Concurso de la Mejor Sand\u00eda","date":"febrero 1, 2023","format":false,"excerpt":"Organizado por la empresa Agroinsumos Ardisone se realiz\u00f3 el segundo concurso de la mejor sand\u00eda.Este a\u00f1o el lugar de encuentro fue el antiguo Club Amigos de Fern\u00e1ndez, un hist\u00f3rico lugar de reuniones de productores en el centro de la ciudad.Revista Campo para Todos estuvo presente y lo compartimos con ustedes.\u2026","rel":"","context":"En \u00abAgricultura\u00bb","img":{"alt_text":"","src":"https:\/\/i0.wp.com\/www.campoparatodos.com.ar\/wp-content\/uploads\/2023\/02\/IMG_4234_PerfectlyClear-1024x683.jpg?resize=350%2C200&ssl=1","width":350,"height":200},"classes":[]},{"id":1737,"url":"https:\/\/test.cookdigital.net\/campoparatodos\/2022\/01\/03\/jornada-de-actualizacion-algodonera-en-silipica-santiago-del-estero\/","url_meta":{"origin":1405,"position":1},"title":"Jornada de actualizaci\u00f3n algodonera en Sil\u00edpica, Santiago del Estero","date":"enero 3, 2022","format":false,"excerpt":"Organizada por el INTA EEA Santiago del Estero y la empresa Gensus se realiz\u00f3 en el Establecimiento Agro San Telmo en la localidad de Sil\u00edpica, Santiago del Estero. La jornada, que se caracteriz\u00f3 por el intenso calor, tuvo una buena cantidad de participantes. Las charlas se iniciaron con la presentaci\u00f3n\u2026","rel":"","context":"En \u00abAgricultura\u00bb","img":{"alt_text":"","src":"https:\/\/i1.wp.com\/www.campoparatodos.com.ar\/wp-content\/uploads\/2022\/01\/IMG_0147_PerfectlyClear-1024x683.jpg?resize=350%2C200&ssl=1","width":350,"height":200},"classes":[]},{"id":1675,"url":"https:\/\/test.cookdigital.net\/campoparatodos\/2021\/12\/21\/concurso-la-mejor-sandia\/","url_meta":{"origin":1405,"position":2},"title":"Concurso \"la mejor sand\u00eda\"","date":"diciembre 21, 2021","format":false,"excerpt":"Organizado por la empresa Agroinsumos Ardisone se realiz\u00f3 el 1\u00b0 Concurso de la Mejor Sand\u00eda. El mismo cont\u00f3 con el auspicio de Summer Seeds, HM.Clause, Garde.Giusti.Chuchuy SA, CAPS, Basso, Rijk Zwaan, Nunhems-Leven y Revista Campo para Todos. El jueves 16 en el Club Sportivo Fern\u00e1ndez, de la ciudad de Fern\u00e1ndez,\u2026","rel":"","context":"En \u00abAgricultura\u00bb","img":{"alt_text":"","src":"https:\/\/i0.wp.com\/www.campoparatodos.com.ar\/wp-content\/uploads\/2021\/12\/IMG_0020_PerfectlyClear-1024x683.jpg?resize=350%2C200&ssl=1","width":350,"height":200},"classes":[]},{"id":1347,"url":"https:\/\/test.cookdigital.net\/campoparatodos\/2021\/04\/27\/en-santiago-del-estero-picudos-por-aqui-picudos-por-alla\/","url_meta":{"origin":1405,"position":3},"title":"En Santiago del Estero \u00a1Picudos por aqu\u00ed, picudos por all\u00e1!","date":"abril 27, 2021","format":false,"excerpt":"La producci\u00f3n de soja en el NOA tiene la particularidad de registrar un complejo de plagas que no es posible encontrar otras zonas sojeras del pa\u00eds. As\u00ed, tanto en el per\u00edodo vegetativo como reproductivo es necesario monitorear la presencia del \u201cpicudo chico\u201d (Promecops carinicolis), \u201cPicudo grande\u201d (Sternechus subsignatus) y el\u2026","rel":"","context":"En \u00abAgricultura\u00bb","img":{"alt_text":"","src":"https:\/\/i2.wp.com\/www.campoparatodos.com.ar\/wp-content\/uploads\/2021\/04\/Sternechus_PerfectlyClear.jpg?resize=350%2C200&ssl=1","width":350,"height":200},"classes":[]},{"id":2314,"url":"https:\/\/test.cookdigital.net\/campoparatodos\/2023\/02\/01\/sandias-tenemos-que-cambiar-la-forma-de-cultivarlas-y-hacer-primicia\/","url_meta":{"origin":1405,"position":4},"title":"Sand\u00edas. Tenemos que cambiar la forma de cultivarlas y hacer primicia","date":"febrero 1, 2023","format":false,"excerpt":"En el marco del 2\u00b0 Concurso La Mejor Sand\u00eda, conversamos con el Ing. Agr. Gabriel Ardisone sobre los inconvenientes que tuvo el cultivo estos \u00faltimos a\u00f1os y su visi\u00f3n para mejorarlo. Lo que ocasion\u00f3 todos los inconvenientes de la sand\u00eda es la sequ\u00eda, no solo de esta campa\u00f1a, sino de\u2026","rel":"","context":"En \u00abAgricultura\u00bb","img":{"alt_text":"","src":"https:\/\/i0.wp.com\/www.campoparatodos.com.ar\/wp-content\/uploads\/2023\/01\/sandias-1024x766.jpg?resize=350%2C200&ssl=1","width":350,"height":200},"classes":[]},{"id":1786,"url":"https:\/\/test.cookdigital.net\/campoparatodos\/2022\/02\/21\/zanahorias-en-santiago-del-estero-cambiar-cantidad-por-calidad\/","url_meta":{"origin":1405,"position":5},"title":"Zanahorias en Santiago del Estero. Cambiar cantidad por calidad","date":"febrero 21, 2022","format":false,"excerpt":"La firma Leven realiz\u00f3 una jornada a campo en la zona de Villa Hip\u00f3lita\u00a0para mostrar los materiales a los productores. Entrevistamos a su representante t\u00e9cnico, el Ing. Agr. Sergio Birchner quien nos expres\u00f3 lo siguiente. La empresa LEVEN Argentina es distribuidora designada de la empresa NUNHEMS\/BASF, productora de semillas hort\u00edcolas.\u2026","rel":"","context":"En \u00abAgricultura\u00bb","img":{"alt_text":"","src":"https:\/\/i2.wp.com\/www.campoparatodos.com.ar\/wp-content\/uploads\/2022\/02\/WhatsApp-Image-2022-02-08-at-09.51.25_PerfectlyClear-e1645453975983.jpg?resize=350%2C200&ssl=1","width":350,"height":200},"classes":[]}],"_links":{"self":[{"href":"https:\/\/test.cookdigital.net\/campoparatodos\/wp-json\/wp\/v2\/posts\/1405"}],"collection":[{"href":"https:\/\/test.cookdigital.net\/campoparatodos\/wp-json\/wp\/v2\/posts"}],"about":[{"href":"https:\/\/test.cookdigital.net\/campoparatodos\/wp-json\/wp\/v2\/types\/post"}],"author":[{"embeddable":true,"href":"https:\/\/test.cookdigital.net\/campoparatodos\/wp-json\/wp\/v2\/users\/1"}],"replies":[{"embeddable":true,"href":"https:\/\/test.cookdigital.net\/campoparatodos\/wp-json\/wp\/v2\/comments?post=1405"}],"version-history":[{"count":1,"href":"https:\/\/test.cookdigital.net\/campoparatodos\/wp-json\/wp\/v2\/posts\/1405\/revisions"}],"predecessor-version":[{"id":1413,"href":"https:\/\/test.cookdigital.net\/campoparatodos\/wp-json\/wp\/v2\/posts\/1405\/revisions\/1413"}],"wp:attachment":[{"href":"https:\/\/test.cookdigital.net\/campoparatodos\/wp-json\/wp\/v2\/media?parent=1405"}],"wp:term":[{"taxonomy":"category","embeddable":true,"href":"https:\/\/test.cookdigital.net\/campoparatodos\/wp-json\/wp\/v2\/categories?post=1405"},{"taxonomy":"post_tag","embeddable":true,"href":"https:\/\/test.cookdigital.net\/campoparatodos\/wp-json\/wp\/v2\/tags?post=1405"}],"curies":[{"name":"wp","href":"https:\/\/api.w.org\/{rel}","templated":true}]}}