{"id":1364,"date":"2021-05-14T14:19:09","date_gmt":"2021-05-14T14:19:09","guid":{"rendered":"https:\/\/www.campoparatodos.com.ar\/?p=1364"},"modified":"2021-05-14T15:48:27","modified_gmt":"2021-05-14T15:48:27","slug":"revista-campo-para-todos-n-158","status":"publish","type":"post","link":"https:\/\/test.cookdigital.net\/campoparatodos\/2021\/05\/14\/revista-campo-para-todos-n-158\/","title":{"rendered":"Revista Campo para Todos N\u00b0 158"},"content":{"rendered":"<p><strong><span style=\"color: #0000ff;\">En esta edici\u00f3n: Biotecnolog\u00eda santiague\u00f1a. Comenz\u00f3 la campa\u00f1a cebollera. Comportamiento de variedades de algod\u00f3n. Y mucho m\u00e1s.<\/span><\/strong><\/p>\n<p><span style=\"color: #ff0000;\"><strong>PARA LEERLA SOLO TIENES QUE TOCAR LA IMAGEN \u21d3\u2193\u21d3<\/strong><\/span><\/p>\n<p><a href=\"https:\/\/online.fliphtml5.com\/yuzt\/pdzf\/?1621000387274\"><img data-attachment-id=\"1365\" data-permalink=\"https:\/\/test.cookdigital.net\/campoparatodos\/2021\/05\/14\/revista-campo-para-todos-n-158\/cpt-template-78\/#main\" data-orig-file=\"https:\/\/i0.wp.com\/test.cookdigital.net\/campoparatodos\/wp-content\/uploads\/2021\/05\/R158WEB.jpg?fit=768%2C1102&amp;ssl=1\" data-orig-size=\"768,1102\" data-comments-opened=\"1\" data-image-meta=\"{&quot;aperture&quot;:&quot;0&quot;,&quot;credit&quot;:&quot;carlos&quot;,&quot;camera&quot;:&quot;&quot;,&quot;caption&quot;:&quot;cpt-template&quot;,&quot;created_timestamp&quot;:&quot;1620901778&quot;,&quot;copyright&quot;:&quot;&quot;,&quot;focal_length&quot;:&quot;0&quot;,&quot;iso&quot;:&quot;0&quot;,&quot;shutter_speed&quot;:&quot;0&quot;,&quot;title&quot;:&quot;cpt-template&quot;,&quot;orientation&quot;:&quot;0&quot;}\" data-image-title=\"cpt-template\" data-image-description=\"\" data-medium-file=\"https:\/\/i0.wp.com\/test.cookdigital.net\/campoparatodos\/wp-content\/uploads\/2021\/05\/R158WEB.jpg?fit=209%2C300&amp;ssl=1\" data-large-file=\"https:\/\/i0.wp.com\/test.cookdigital.net\/campoparatodos\/wp-content\/uploads\/2021\/05\/R158WEB.jpg?fit=714%2C1024&amp;ssl=1\" loading=\"lazy\" class=\"aligncenter size-large wp-image-1365\" src=\"https:\/\/i2.wp.com\/www.campoparatodos.com.ar\/wp-content\/uploads\/2021\/05\/R158WEB-714x1024.jpg?resize=714%2C1024&#038;ssl=1\" alt=\"\" width=\"714\" height=\"1024\" srcset=\"https:\/\/i0.wp.com\/test.cookdigital.net\/campoparatodos\/wp-content\/uploads\/2021\/05\/R158WEB.jpg?resize=714%2C1024&amp;ssl=1 714w, https:\/\/i0.wp.com\/test.cookdigital.net\/campoparatodos\/wp-content\/uploads\/2021\/05\/R158WEB.jpg?resize=209%2C300&amp;ssl=1 209w, https:\/\/i0.wp.com\/test.cookdigital.net\/campoparatodos\/wp-content\/uploads\/2021\/05\/R158WEB.jpg?w=768&amp;ssl=1 768w\" sizes=\"(max-width: 714px) 100vw, 714px\" data-recalc-dims=\"1\" \/><\/a><\/p>\n<p><!--more-->T\u00cdTULOS DE LA EDICI\u00d3N 158. ABRIL DE 2021<\/p>\n<ul>\n<li>Chacra Sach\u00e1yoj: Innovaci\u00f3n y tecnolog\u00eda para producir cuidando el ambiente.<\/li>\n<li>Cosecha: el momento para eliminar las malezas a largo plazo.<\/li>\n<li>Evaluaron el comportamiento de variedades de la red de ensayos de algod\u00f3n del este de Santiago del Estero.<\/li>\n<li>Se reuni\u00f3 la Mesa Nacional Algodonera.<\/li>\n<li>Nuevo cabezal stripper de cosecha construido en fibra de carbono.<\/li>\n<li>La ganader\u00eda no es parte del problema, sino parte de la soluci\u00f3n.<\/li>\n<li>Biotecnolog\u00eda santiague\u00f1a de nivel internacional que nace de las alcaparras.<\/li>\n<li>\u00c1ngel Rico, el m\u00e9dico enamorado de las alcaparras.<\/li>\n<li>Comenz\u00f3 la campa\u00f1a cebollera en Santiago del Estero.<\/li>\n<li>Balanza inteligente para vacas.<\/li>\n<li>Nueva tecnolog\u00eda aplicada al monitoreo de la plaga picudo del algodonero.<\/li>\n<\/ul>\n","protected":false},"excerpt":{"rendered":"<p>En esta edici\u00f3n: Biotecnolog\u00eda santiague\u00f1a. Comenz\u00f3 la campa\u00f1a cebollera. Comportamiento de variedades de algod\u00f3n. Y mucho m\u00e1s. PARA LEERLA SOLO TIENES QUE TOCAR LA IMAGEN \u21d3\u2193\u21d3<\/p>\n","protected":false},"author":1,"featured_media":0,"comment_status":"closed","ping_status":"open","sticky":false,"template":"","format":"standard","meta":{"spay_email":"","jetpack_publicize_message":"","jetpack_is_tweetstorm":false},"categories":[7,9,163,3,8,10,168,4],"tags":[209,52,211,210,194,212,213,58,214],"jetpack_featured_media_url":"","jetpack_publicize_connections":[],"jetpack_sharing_enabled":true,"jetpack_shortlink":"https:\/\/wp.me\/p9m0DJ-m0","jetpack_likes_enabled":true,"jetpack-related-posts":[{"id":2247,"url":"https:\/\/test.cookdigital.net\/campoparatodos\/2022\/12\/19\/revista-campo-para-todos-n-177\/","url_meta":{"origin":1364,"position":0},"title":"Revista Campo para Todos N\u00b0 177","date":"diciembre 19, 2022","format":false,"excerpt":"Ya est\u00e1 disponible la Revista digital Para leerla gratis ingresa tocando la foto de la tapa \u00a0 TITULOS DE ESTA EDICION Apicultura. Recomendaciones para evitar derretimiento de colmenas. Algod\u00f3n. Recomendaciones para el manejo de \u201cenfermedades tempranas o de pl\u00e1ntulas\u201d. Trips en algod\u00f3n. T\u00e9cnicas de control Carta de suelos del Departamento\u2026","rel":"","context":"En \u00abAgricultura\u00bb","img":{"alt_text":"","src":"https:\/\/i1.wp.com\/www.campoparatodos.com.ar\/wp-content\/uploads\/2022\/12\/Tapa-Revista-177-713x1024.jpg?resize=350%2C200&ssl=1","width":350,"height":200},"classes":[]},{"id":2291,"url":"https:\/\/test.cookdigital.net\/campoparatodos\/2023\/01\/12\/revista-campo-para-todos-n-178\/","url_meta":{"origin":1364,"position":1},"title":"Revista Campo para Todos N\u00b0 178","date":"enero 12, 2023","format":false,"excerpt":"En \u00e9ste n\u00famero: Algod\u00f3n 22\/23. \u00bfC\u00f3mo inici\u00f3 la campa\u00f1a en el \u00e1rea de riego del R\u00edo Dulce? \/ Dos Santos. Un vino santiague\u00f1o entre algodones. \/ Sand\u00edas. Se realiz\u00f3 el 2\u00b0 Concurso de la Mejor Sand\u00eda. Tenemos que cambiar la forma de cultivarlas y hacer primicia. Ya est\u00e1 disponible, para\u2026","rel":"","context":"En \u00abAgricultura\u00bb","img":{"alt_text":"","src":"https:\/\/i0.wp.com\/www.campoparatodos.com.ar\/wp-content\/uploads\/2023\/01\/TAPA-REVISTA-178-717x1024.jpg?resize=350%2C200&ssl=1","width":350,"height":200},"classes":[]},{"id":1782,"url":"https:\/\/test.cookdigital.net\/campoparatodos\/2022\/02\/12\/revista-campo-para-todos-n-167\/","url_meta":{"origin":1364,"position":2},"title":"Revista Campo para Todos N\u00b0 167","date":"febrero 12, 2022","format":false,"excerpt":"YA EST\u00c1 DISPONIBLE LA REVISTA. T\u00edtulos de tapa: Proh\u00edben el uso del Herbicida 2,4-D en Santiago del Estero. - Malezas en soja: c\u00f3mo controlarlas de manera efectiva. - Zanahorias en Santiago del Estero. Cambiar cantidad por calidad. Y mucho m\u00e1s.... PARA LEERLA TOCA LA FOTO DE TAPA T\u00cdTULOS DE LA\u2026","rel":"","context":"En \u00abAgricultura\u00bb","img":{"alt_text":"","src":"https:\/\/i0.wp.com\/www.campoparatodos.com.ar\/wp-content\/uploads\/2022\/02\/TAPA-REVISTA-167.jpg?resize=350%2C200&ssl=1","width":350,"height":200},"classes":[]},{"id":1669,"url":"https:\/\/test.cookdigital.net\/campoparatodos\/2021\/12\/14\/revista-campo-para-todos-n-165\/","url_meta":{"origin":1364,"position":3},"title":"Revista Campo para Todos N\u00b0 165","date":"diciembre 14, 2021","format":false,"excerpt":"En este n\u00famero: \u201cEl uso del silo bolsa como tecnolog\u00eda de manejo para la alimentaci\u00f3n de los rodeos de cr\u00eda del NOA es clave\u201d. - Gerardo Zamora asumi\u00f3 su cuarto mandato como Gobernador de Santiago del Estero. Pueden leerla tocando la foto de tapa\u00a0 T\u00cdTULOS DE LA EDICI\u00d3N 165 NOVIEMBRE\u2026","rel":"","context":"En \u00abAgricultura\u00bb","img":{"alt_text":"","src":"https:\/\/i1.wp.com\/www.campoparatodos.com.ar\/wp-content\/uploads\/2021\/12\/TAPA-165-713x1024.jpg?resize=350%2C200&ssl=1","width":350,"height":200},"classes":[]},{"id":2233,"url":"https:\/\/test.cookdigital.net\/campoparatodos\/2022\/11\/22\/revista-campo-para-todos-n-176\/","url_meta":{"origin":1364,"position":4},"title":"Revista Campo para Todos N\u00b0 176","date":"noviembre 22, 2022","format":false,"excerpt":"TITULOS DE TAPA: Riego en Algod\u00f3n: \u00bfEl agua en el momento justo?. - Caba\u00f1a La Legua realiz\u00f3 su primer remate. - Apicultura: Manejo de apiarios en \u00e9pocas de sequ\u00eda. - Asumieron los directores del INTA Santiago del Estero y Quimil\u00ed. REVISTA DIGITAL DISPONIBLE. PARA LEERLA GRATIS TOQUE LA FOTO TITULOS\u2026","rel":"","context":"En \u00abAgricultura\u00bb","img":{"alt_text":"","src":"https:\/\/i0.wp.com\/www.campoparatodos.com.ar\/wp-content\/uploads\/2022\/11\/TAPA-REVISTA-176-713x1024.jpg?resize=350%2C200&ssl=1","width":350,"height":200},"classes":[]},{"id":1287,"url":"https:\/\/test.cookdigital.net\/campoparatodos\/2021\/03\/29\/algodon-en-la-zona-de-secano-de-santiago-del-estero\/","url_meta":{"origin":1364,"position":5},"title":"Algod\u00f3n en la zona de secano de Santiago del Estero","date":"marzo 29, 2021","format":false,"excerpt":"Resumen de campa\u00f1a 2020 hasta febrero 2021. Compartimos el informe sobre la marcha de la presente campa\u00f1a algodonera en la zona de secano que nos envi\u00f3 el Ing. Agr. Jaime H. Coronel quien se desempe\u00f1a como asesor privado en muchos campos de Santiago del Estero. El fen\u00f3meno de la ni\u00f1a\u2026","rel":"","context":"En \u00abAgricultura\u00bb","img":{"alt_text":"","src":"https:\/\/i2.wp.com\/www.campoparatodos.com.ar\/wp-content\/uploads\/2021\/03\/coronel-300x237.jpg?resize=350%2C200&ssl=1","width":350,"height":200},"classes":[]}],"_links":{"self":[{"href":"https:\/\/test.cookdigital.net\/campoparatodos\/wp-json\/wp\/v2\/posts\/1364"}],"collection":[{"href":"https:\/\/test.cookdigital.net\/campoparatodos\/wp-json\/wp\/v2\/posts"}],"about":[{"href":"https:\/\/test.cookdigital.net\/campoparatodos\/wp-json\/wp\/v2\/types\/post"}],"author":[{"embeddable":true,"href":"https:\/\/test.cookdigital.net\/campoparatodos\/wp-json\/wp\/v2\/users\/1"}],"replies":[{"embeddable":true,"href":"https:\/\/test.cookdigital.net\/campoparatodos\/wp-json\/wp\/v2\/comments?post=1364"}],"version-history":[{"count":4,"href":"https:\/\/test.cookdigital.net\/campoparatodos\/wp-json\/wp\/v2\/posts\/1364\/revisions"}],"predecessor-version":[{"id":1369,"href":"https:\/\/test.cookdigital.net\/campoparatodos\/wp-json\/wp\/v2\/posts\/1364\/revisions\/1369"}],"wp:attachment":[{"href":"https:\/\/test.cookdigital.net\/campoparatodos\/wp-json\/wp\/v2\/media?parent=1364"}],"wp:term":[{"taxonomy":"category","embeddable":true,"href":"https:\/\/test.cookdigital.net\/campoparatodos\/wp-json\/wp\/v2\/categories?post=1364"},{"taxonomy":"post_tag","embeddable":true,"href":"https:\/\/test.cookdigital.net\/campoparatodos\/wp-json\/wp\/v2\/tags?post=1364"}],"curies":[{"name":"wp","href":"https:\/\/api.w.org\/{rel}","templated":true}]}}