{"id":1324,"date":"2021-04-21T00:04:25","date_gmt":"2021-04-21T00:04:25","guid":{"rendered":"https:\/\/www.campoparatodos.com.ar\/?p=1324"},"modified":"2021-04-21T00:04:25","modified_gmt":"2021-04-21T00:04:25","slug":"chacra-sachayoj-innovacion-y-tecnologia-para-producir-cuidando-el-ambiente","status":"publish","type":"post","link":"https:\/\/test.cookdigital.net\/campoparatodos\/2021\/04\/21\/chacra-sachayoj-innovacion-y-tecnologia-para-producir-cuidando-el-ambiente\/","title":{"rendered":"Chacra Sach\u00e1yoj: Innovaci\u00f3n y tecnolog\u00eda para producir cuidando el ambiente"},"content":{"rendered":"<p>Sistema Chacra es un programa de Aapresid creado para el desarrollo y transferencia de conocimiento y tecnolog\u00edas sustentables, desde una mirada econ\u00f3mica, ambiental y social, formando en el proceso recursos humanos y sistemas productivos m\u00e1s competitivos. Acciona bajo dos pilares fundamentales, el \u201caprender produciendo\u201d sobre escenarios reales y planteos de soluciones crecientes, y el \u201cprotagonismo en red\u201d que integra horizontalmente la experiencia del productor con el conocimiento cient\u00edfico, el apoyo institucional y la visi\u00f3n empresarial del territorio.<\/p>\n<figure id=\"attachment_1325\" aria-describedby=\"caption-attachment-1325\" style=\"width: 1014px\" class=\"wp-caption aligncenter\"><img data-attachment-id=\"1325\" data-permalink=\"https:\/\/test.cookdigital.net\/campoparatodos\/2021\/04\/21\/chacra-sachayoj-innovacion-y-tecnologia-para-producir-cuidando-el-ambiente\/chacrasachayoj4\/#main\" data-orig-file=\"https:\/\/i2.wp.com\/test.cookdigital.net\/campoparatodos\/wp-content\/uploads\/2021\/04\/ChacraSachayoj4.jpeg?fit=1152%2C648&amp;ssl=1\" data-orig-size=\"1152,648\" data-comments-opened=\"1\" data-image-meta=\"{&quot;aperture&quot;:&quot;0&quot;,&quot;credit&quot;:&quot;&quot;,&quot;camera&quot;:&quot;&quot;,&quot;caption&quot;:&quot;&quot;,&quot;created_timestamp&quot;:&quot;0&quot;,&quot;copyright&quot;:&quot;&quot;,&quot;focal_length&quot;:&quot;0&quot;,&quot;iso&quot;:&quot;0&quot;,&quot;shutter_speed&quot;:&quot;0&quot;,&quot;title&quot;:&quot;&quot;,&quot;orientation&quot;:&quot;0&quot;}\" data-image-title=\"ChacraSachayoj4\" data-image-description=\"\" data-medium-file=\"https:\/\/i2.wp.com\/test.cookdigital.net\/campoparatodos\/wp-content\/uploads\/2021\/04\/ChacraSachayoj4.jpeg?fit=300%2C169&amp;ssl=1\" data-large-file=\"https:\/\/i2.wp.com\/test.cookdigital.net\/campoparatodos\/wp-content\/uploads\/2021\/04\/ChacraSachayoj4.jpeg?fit=1024%2C576&amp;ssl=1\" loading=\"lazy\" class=\"size-large wp-image-1325\" src=\"https:\/\/i0.wp.com\/www.campoparatodos.com.ar\/wp-content\/uploads\/2021\/04\/ChacraSachayoj4-1024x576.jpeg?resize=1024%2C576&#038;ssl=1\" alt=\"\" width=\"1024\" height=\"576\" srcset=\"https:\/\/i2.wp.com\/test.cookdigital.net\/campoparatodos\/wp-content\/uploads\/2021\/04\/ChacraSachayoj4.jpeg?resize=1024%2C576&amp;ssl=1 1024w, https:\/\/i2.wp.com\/test.cookdigital.net\/campoparatodos\/wp-content\/uploads\/2021\/04\/ChacraSachayoj4.jpeg?resize=300%2C169&amp;ssl=1 300w, https:\/\/i2.wp.com\/test.cookdigital.net\/campoparatodos\/wp-content\/uploads\/2021\/04\/ChacraSachayoj4.jpeg?resize=768%2C432&amp;ssl=1 768w, https:\/\/i2.wp.com\/test.cookdigital.net\/campoparatodos\/wp-content\/uploads\/2021\/04\/ChacraSachayoj4.jpeg?w=1152&amp;ssl=1 1152w\" sizes=\"(max-width: 1024px) 100vw, 1024px\" data-recalc-dims=\"1\" \/><figcaption id=\"caption-attachment-1325\" class=\"wp-caption-text\">Chacra Sachayoj<\/figcaption><\/figure>\n<p><!--more-->Bajo el lema de Sistema Chacra se crea, en el a\u00f1o 2019, la Chacra Sach\u00e1yoj, formada por productores del noreste de la provincia de Santiago del Estero, con el objetivo de ajustar modelos productivos a las caracter\u00edsticas ambientales y contribuir al desarrollo social. Para ello se trabaja en la delimitaci\u00f3n y ambientaci\u00f3n a nivel zonal y de lotes, utilizando herramientas de agricultura de precisi\u00f3n y teledetecci\u00f3n, para mejorar la identificaci\u00f3n y entendimiento de los ambientes. Conjuntamente se trabaja en el desarrollo de estrategias de manejo e intensificaci\u00f3n acordes a las caracter\u00edsticas edafo-clim\u00e1ticas de cada sitio, en busca de la conservaci\u00f3n y mejora de los recursos.<\/p>\n<p>En este contexto, el pasado 30 de marzo, se concret\u00f3 el taller de avance de resultados de la Chacra, que funciona en el marco del Convenio INTA- AAPRESID, en el que se reafirm\u00f3 la meta de producir con innovaci\u00f3n y tecnolog\u00eda cuidando el ambiente. Esto tuvo lugar en el establecimiento \u201cEl Estribo\u201d donde participaron los productores miembros de la Chacra, integrantes de la Chacra Bandera y de la Chacra del Oeste del Chaco con sus respectivos miembros y asesores.<img data-attachment-id=\"1326\" data-permalink=\"https:\/\/test.cookdigital.net\/campoparatodos\/2021\/04\/21\/chacra-sachayoj-innovacion-y-tecnologia-para-producir-cuidando-el-ambiente\/chacra-sachayoj1\/#main\" data-orig-file=\"https:\/\/i2.wp.com\/test.cookdigital.net\/campoparatodos\/wp-content\/uploads\/2021\/04\/Chacra-Sachayoj1.jpeg?fit=1280%2C960&amp;ssl=1\" data-orig-size=\"1280,960\" data-comments-opened=\"1\" data-image-meta=\"{&quot;aperture&quot;:&quot;0&quot;,&quot;credit&quot;:&quot;&quot;,&quot;camera&quot;:&quot;&quot;,&quot;caption&quot;:&quot;&quot;,&quot;created_timestamp&quot;:&quot;0&quot;,&quot;copyright&quot;:&quot;&quot;,&quot;focal_length&quot;:&quot;0&quot;,&quot;iso&quot;:&quot;0&quot;,&quot;shutter_speed&quot;:&quot;0&quot;,&quot;title&quot;:&quot;&quot;,&quot;orientation&quot;:&quot;0&quot;}\" data-image-title=\"Chacra Sachayoj1\" data-image-description=\"\" data-medium-file=\"https:\/\/i2.wp.com\/test.cookdigital.net\/campoparatodos\/wp-content\/uploads\/2021\/04\/Chacra-Sachayoj1.jpeg?fit=300%2C225&amp;ssl=1\" data-large-file=\"https:\/\/i2.wp.com\/test.cookdigital.net\/campoparatodos\/wp-content\/uploads\/2021\/04\/Chacra-Sachayoj1.jpeg?fit=1024%2C768&amp;ssl=1\" loading=\"lazy\" class=\"alignright size-medium wp-image-1326\" src=\"https:\/\/i2.wp.com\/www.campoparatodos.com.ar\/wp-content\/uploads\/2021\/04\/Chacra-Sachayoj1-300x225.jpeg?resize=300%2C225&#038;ssl=1\" alt=\"\" width=\"300\" height=\"225\" srcset=\"https:\/\/i2.wp.com\/test.cookdigital.net\/campoparatodos\/wp-content\/uploads\/2021\/04\/Chacra-Sachayoj1.jpeg?resize=300%2C225&amp;ssl=1 300w, https:\/\/i2.wp.com\/test.cookdigital.net\/campoparatodos\/wp-content\/uploads\/2021\/04\/Chacra-Sachayoj1.jpeg?resize=1024%2C768&amp;ssl=1 1024w, https:\/\/i2.wp.com\/test.cookdigital.net\/campoparatodos\/wp-content\/uploads\/2021\/04\/Chacra-Sachayoj1.jpeg?resize=768%2C576&amp;ssl=1 768w, https:\/\/i2.wp.com\/test.cookdigital.net\/campoparatodos\/wp-content\/uploads\/2021\/04\/Chacra-Sachayoj1.jpeg?w=1280&amp;ssl=1 1280w\" sizes=\"(max-width: 300px) 100vw, 300px\" data-recalc-dims=\"1\" \/><\/p>\n<p>Los visitantes fueron recibidos por el anfitri\u00f3n, Ing. Agr. Juan Carlos Cotella, quien coment\u00f3 la experiencia e invit\u00f3 a sumarse al proyecto.<\/p>\n<p>Seguidamente, el gerente t\u00e9cnico de la Chacra, Ing. Agr. Victorio Morand, present\u00f3 los resultados de ambientaci\u00f3n y plante\u00f3 las preguntas y desaf\u00edos para el debate. \u00bfC\u00f3mo rompemos el c\u00edrculo vicioso de que los ambientes de baja productividad se recuperen sin que descuidemos los ambientes de alta producci\u00f3n? Esto genero un debate de alta c\u00e1lida t\u00e9cnica entre los presentes; para luego dirigirse al campo, donde se hicieron las calicatas sobre las que la Ing.\u00a0 Agr. Amanda Vizgarra de la EEA Quimil\u00ed, describi\u00f3 el perfil del suelo para cada uno de los ambientes, mostrando las limitantes y posibilidades de uso.<img data-attachment-id=\"1328\" data-permalink=\"https:\/\/test.cookdigital.net\/campoparatodos\/2021\/04\/21\/chacra-sachayoj-innovacion-y-tecnologia-para-producir-cuidando-el-ambiente\/chacrasachayoj3\/#main\" data-orig-file=\"https:\/\/i1.wp.com\/test.cookdigital.net\/campoparatodos\/wp-content\/uploads\/2021\/04\/ChacraSachayoj3.jpeg?fit=1280%2C960&amp;ssl=1\" data-orig-size=\"1280,960\" data-comments-opened=\"1\" data-image-meta=\"{&quot;aperture&quot;:&quot;0&quot;,&quot;credit&quot;:&quot;&quot;,&quot;camera&quot;:&quot;&quot;,&quot;caption&quot;:&quot;&quot;,&quot;created_timestamp&quot;:&quot;0&quot;,&quot;copyright&quot;:&quot;&quot;,&quot;focal_length&quot;:&quot;0&quot;,&quot;iso&quot;:&quot;0&quot;,&quot;shutter_speed&quot;:&quot;0&quot;,&quot;title&quot;:&quot;&quot;,&quot;orientation&quot;:&quot;0&quot;}\" data-image-title=\"ChacraSachayoj3\" data-image-description=\"\" data-medium-file=\"https:\/\/i1.wp.com\/test.cookdigital.net\/campoparatodos\/wp-content\/uploads\/2021\/04\/ChacraSachayoj3.jpeg?fit=300%2C225&amp;ssl=1\" data-large-file=\"https:\/\/i1.wp.com\/test.cookdigital.net\/campoparatodos\/wp-content\/uploads\/2021\/04\/ChacraSachayoj3.jpeg?fit=1024%2C768&amp;ssl=1\" loading=\"lazy\" class=\"alignright size-medium wp-image-1328\" src=\"https:\/\/i2.wp.com\/www.campoparatodos.com.ar\/wp-content\/uploads\/2021\/04\/ChacraSachayoj3-300x225.jpeg?resize=300%2C225&#038;ssl=1\" alt=\"\" width=\"300\" height=\"225\" srcset=\"https:\/\/i1.wp.com\/test.cookdigital.net\/campoparatodos\/wp-content\/uploads\/2021\/04\/ChacraSachayoj3.jpeg?resize=300%2C225&amp;ssl=1 300w, https:\/\/i1.wp.com\/test.cookdigital.net\/campoparatodos\/wp-content\/uploads\/2021\/04\/ChacraSachayoj3.jpeg?resize=1024%2C768&amp;ssl=1 1024w, https:\/\/i1.wp.com\/test.cookdigital.net\/campoparatodos\/wp-content\/uploads\/2021\/04\/ChacraSachayoj3.jpeg?resize=768%2C576&amp;ssl=1 768w, https:\/\/i1.wp.com\/test.cookdigital.net\/campoparatodos\/wp-content\/uploads\/2021\/04\/ChacraSachayoj3.jpeg?w=1280&amp;ssl=1 1280w\" sizes=\"(max-width: 300px) 100vw, 300px\" data-recalc-dims=\"1\" \/><\/p>\n<p>\u201cMe quedo muy satisfecho con lo que fue el taller, se notan las ganas que tienen los productores de ser part\u00edcipes de esto. Hay mucho inter\u00e9s y predisposici\u00f3n para llevar adelante el proyecto que se plante\u00f3 en la chacra. Muy contento con la participaci\u00f3n de productores de la regi\u00f3n, y del INTA como instituci\u00f3n que nos apoya desde el conocimiento y la investigaci\u00f3n. Me llevo como algo muy positivo del taller que se pudo generar un espacio de intercambio y discusi\u00f3n entre la investigaci\u00f3n y el manejo agron\u00f3mico. Ver integrado el sistema productivo con la investigaci\u00f3n que promueve INTA me pone muy contento\u201d, evalu\u00f3 el Ing. Victorio Morand.<img data-attachment-id=\"1327\" data-permalink=\"https:\/\/test.cookdigital.net\/campoparatodos\/2021\/04\/21\/chacra-sachayoj-innovacion-y-tecnologia-para-producir-cuidando-el-ambiente\/chacrasachayoj2\/#main\" data-orig-file=\"https:\/\/i0.wp.com\/test.cookdigital.net\/campoparatodos\/wp-content\/uploads\/2021\/04\/ChacraSachayoj2.jpeg?fit=1280%2C711&amp;ssl=1\" data-orig-size=\"1280,711\" data-comments-opened=\"1\" data-image-meta=\"{&quot;aperture&quot;:&quot;0&quot;,&quot;credit&quot;:&quot;&quot;,&quot;camera&quot;:&quot;&quot;,&quot;caption&quot;:&quot;&quot;,&quot;created_timestamp&quot;:&quot;0&quot;,&quot;copyright&quot;:&quot;&quot;,&quot;focal_length&quot;:&quot;0&quot;,&quot;iso&quot;:&quot;0&quot;,&quot;shutter_speed&quot;:&quot;0&quot;,&quot;title&quot;:&quot;&quot;,&quot;orientation&quot;:&quot;0&quot;}\" data-image-title=\"ChacraSachayoj2\" data-image-description=\"\" data-medium-file=\"https:\/\/i0.wp.com\/test.cookdigital.net\/campoparatodos\/wp-content\/uploads\/2021\/04\/ChacraSachayoj2.jpeg?fit=300%2C167&amp;ssl=1\" data-large-file=\"https:\/\/i0.wp.com\/test.cookdigital.net\/campoparatodos\/wp-content\/uploads\/2021\/04\/ChacraSachayoj2.jpeg?fit=1024%2C569&amp;ssl=1\" loading=\"lazy\" class=\"alignleft size-medium wp-image-1327\" src=\"https:\/\/i0.wp.com\/www.campoparatodos.com.ar\/wp-content\/uploads\/2021\/04\/ChacraSachayoj2-300x167.jpeg?resize=300%2C167&#038;ssl=1\" alt=\"\" width=\"300\" height=\"167\" srcset=\"https:\/\/i0.wp.com\/test.cookdigital.net\/campoparatodos\/wp-content\/uploads\/2021\/04\/ChacraSachayoj2.jpeg?resize=300%2C167&amp;ssl=1 300w, https:\/\/i0.wp.com\/test.cookdigital.net\/campoparatodos\/wp-content\/uploads\/2021\/04\/ChacraSachayoj2.jpeg?resize=1024%2C569&amp;ssl=1 1024w, https:\/\/i0.wp.com\/test.cookdigital.net\/campoparatodos\/wp-content\/uploads\/2021\/04\/ChacraSachayoj2.jpeg?resize=768%2C427&amp;ssl=1 768w, https:\/\/i0.wp.com\/test.cookdigital.net\/campoparatodos\/wp-content\/uploads\/2021\/04\/ChacraSachayoj2.jpeg?w=1280&amp;ssl=1 1280w\" sizes=\"(max-width: 300px) 100vw, 300px\" data-recalc-dims=\"1\" \/><\/p>\n<p>Los productores y t\u00e9cnicos debatieron sobre las diferentes posibilidades. Posteriormente, luego del almuerzo, se trabaj\u00f3 sobre \u00abAn\u00e1lisis de riesgo clim\u00e1tico y ventana de siembra para cultivos de invierno\u00bb. En este punto, la Ing. Agr. Clara Bert\u00f3n de EEA Quimil\u00ed es referente de consulta para el trabajo.<\/p>\n<p>Para finalizar se realiz\u00f3 una recorrida por el ensayo \u00abfertilizaci\u00f3n y densidad variable en ma\u00edz\u00bb en la firma Gatto Hnos.\u00a0 Agradecemos a los anfitriones y la posibilidad de la EEA Quimil\u00ed de poner al servicio su trabajo.<\/p>\n<p>Sobre lo realizado para alcanzar las metas propuestas por el proyecto, el Ing. Morand explic\u00f3: \u201cHemos dado un gran paso en conocer mejor nuestro recurso suelo y como son los ambientes productivos de la zona para poder avanzar con esa informaci\u00f3n hac\u00eda el dise\u00f1o de estrategias de manejo que nos permita mantener y mejorar la sustentabilidad del sistema productivo. Dimos un paso muy importante, pero hay mucho por recorrer por lo que vamos por una buena direcci\u00f3n. Empezaremos a buscar ajustar nuestras pr\u00e1cticas diarias de manejo con toda la informaci\u00f3n y con datos objetivos que nos permitan tomar mejores decisiones en lo productivo. De esa manera buscaremos incrementar la sustentabilidad de nuestro sistema productivo local\u201d.<\/p>\n<p>Aporte de INTA<\/p>\n<p>Al ser consultada sobre el rol de INTA Quimil\u00ed en la Chacra Sach\u00e1yoj, la Ing. Amanda Vizgarra expres\u00f3: \u201cSiento que la EEA Quimil\u00ed est\u00e1 respondiendo a las demandas del territorio, espec\u00edficamente en la tem\u00e1tica suelos, est\u00e1 instalado el tema. La necesidad en la cartograf\u00eda y evaluaci\u00f3n de tierras se ve reflejado en convocarme para estudiar perfiles de suelos y compartir mi visi\u00f3n de las posibles soluciones o alternativas para manejar los suelos de acuerdo a sus capacidades y limitantes\u201d.<img data-attachment-id=\"1329\" data-permalink=\"https:\/\/test.cookdigital.net\/campoparatodos\/2021\/04\/21\/chacra-sachayoj-innovacion-y-tecnologia-para-producir-cuidando-el-ambiente\/chacrasachayoj5\/#main\" data-orig-file=\"https:\/\/i0.wp.com\/test.cookdigital.net\/campoparatodos\/wp-content\/uploads\/2021\/04\/ChacraSachayoj5.jpeg?fit=1152%2C648&amp;ssl=1\" data-orig-size=\"1152,648\" data-comments-opened=\"1\" data-image-meta=\"{&quot;aperture&quot;:&quot;0&quot;,&quot;credit&quot;:&quot;&quot;,&quot;camera&quot;:&quot;&quot;,&quot;caption&quot;:&quot;&quot;,&quot;created_timestamp&quot;:&quot;0&quot;,&quot;copyright&quot;:&quot;&quot;,&quot;focal_length&quot;:&quot;0&quot;,&quot;iso&quot;:&quot;0&quot;,&quot;shutter_speed&quot;:&quot;0&quot;,&quot;title&quot;:&quot;&quot;,&quot;orientation&quot;:&quot;0&quot;}\" data-image-title=\"ChacraSachayoj5\" data-image-description=\"\" data-medium-file=\"https:\/\/i0.wp.com\/test.cookdigital.net\/campoparatodos\/wp-content\/uploads\/2021\/04\/ChacraSachayoj5.jpeg?fit=300%2C169&amp;ssl=1\" data-large-file=\"https:\/\/i0.wp.com\/test.cookdigital.net\/campoparatodos\/wp-content\/uploads\/2021\/04\/ChacraSachayoj5.jpeg?fit=1024%2C576&amp;ssl=1\" loading=\"lazy\" class=\"alignleft size-medium wp-image-1329\" src=\"https:\/\/i1.wp.com\/www.campoparatodos.com.ar\/wp-content\/uploads\/2021\/04\/ChacraSachayoj5-300x169.jpeg?resize=300%2C169&#038;ssl=1\" alt=\"\" width=\"300\" height=\"169\" srcset=\"https:\/\/i0.wp.com\/test.cookdigital.net\/campoparatodos\/wp-content\/uploads\/2021\/04\/ChacraSachayoj5.jpeg?resize=300%2C169&amp;ssl=1 300w, https:\/\/i0.wp.com\/test.cookdigital.net\/campoparatodos\/wp-content\/uploads\/2021\/04\/ChacraSachayoj5.jpeg?resize=1024%2C576&amp;ssl=1 1024w, https:\/\/i0.wp.com\/test.cookdigital.net\/campoparatodos\/wp-content\/uploads\/2021\/04\/ChacraSachayoj5.jpeg?resize=768%2C432&amp;ssl=1 768w, https:\/\/i0.wp.com\/test.cookdigital.net\/campoparatodos\/wp-content\/uploads\/2021\/04\/ChacraSachayoj5.jpeg?w=1152&amp;ssl=1 1152w\" sizes=\"(max-width: 300px) 100vw, 300px\" data-recalc-dims=\"1\" \/><\/p>\n<p>Sobre los avances de la Chacra coment\u00f3: \u201cHe observado que han comenzado a caracterizar y sistematizar la informaci\u00f3n de los suelos de los establecimientos que integran la Chacra. Seguidamente continuar\u00e1n ensayando alternativas de manejos para los lotes que poseen suelos de baja productividad\u201d.<\/p>\n<p>Finalmente, el Ing. Morand se\u00f1al\u00f3: \u201cAgradezco a todo el equipo de INTA Quimil\u00ed porque apoyaron y sostuvieron este proyecto desde sus comienzos y lo siguen haciendo al d\u00eda de hoy como el primer d\u00eda. Para nosotros es un placer contar con los t\u00e9cnicos de INTA Quimil\u00ed y las ense\u00f1anzas que nos dejan siempre\u201d.<\/p>\n<p>En conclusi\u00f3n, fue un gran d\u00eda donde se discuti\u00f3 con un alto nivel t\u00e9cnico lo realizado, lo que se hace y como se puede aprender produciendo (lema del proyecto Chacras), asociando investigaci\u00f3n, innovaci\u00f3n, transferencia en este camino de sostenibilidad de los sistemas que los productores transitan.<\/p>\n<p><strong>Autor: Marcelo Lagos &#8211; INTA EEA Quimil\u00ed<\/strong><\/p>\n","protected":false},"excerpt":{"rendered":"<p>Sistema Chacra es un programa de Aapresid creado para el desarrollo y transferencia de conocimiento y tecnolog\u00edas sustentables, desde una mirada econ\u00f3mica, ambiental y social, formando en el proceso recursos humanos y sistemas productivos m\u00e1s competitivos. Acciona bajo dos pilares fundamentales, el \u201caprender produciendo\u201d sobre escenarios reales y planteos de soluciones crecientes, y el \u201cprotagonismo &#8230; <a title=\"Chacra Sach\u00e1yoj: Innovaci\u00f3n y tecnolog\u00eda para producir cuidando el ambiente\" class=\"read-more\" href=\"https:\/\/test.cookdigital.net\/campoparatodos\/2021\/04\/21\/chacra-sachayoj-innovacion-y-tecnologia-para-producir-cuidando-el-ambiente\/\" aria-label=\"M\u00e1s en Chacra Sach\u00e1yoj: Innovaci\u00f3n y tecnolog\u00eda para producir cuidando el ambiente\">Leer m\u00e1s<\/a><\/p>\n","protected":false},"author":1,"featured_media":0,"comment_status":"closed","ping_status":"open","sticky":false,"template":"","format":"standard","meta":{"spay_email":"","jetpack_publicize_message":"","jetpack_is_tweetstorm":false},"categories":[7,10,168,4],"tags":[194,175,195,196,17],"jetpack_featured_media_url":"","jetpack_publicize_connections":[],"jetpack_sharing_enabled":true,"jetpack_shortlink":"https:\/\/wp.me\/p9m0DJ-lm","jetpack_likes_enabled":true,"jetpack-related-posts":[{"id":1364,"url":"https:\/\/test.cookdigital.net\/campoparatodos\/2021\/05\/14\/revista-campo-para-todos-n-158\/","url_meta":{"origin":1324,"position":0},"title":"Revista Campo para Todos N\u00b0 158","date":"mayo 14, 2021","format":false,"excerpt":"En esta edici\u00f3n: Biotecnolog\u00eda santiague\u00f1a. Comenz\u00f3 la campa\u00f1a cebollera. Comportamiento de variedades de algod\u00f3n. Y mucho m\u00e1s. PARA LEERLA SOLO TIENES QUE TOCAR LA IMAGEN \u21d3\u2193\u21d3 T\u00cdTULOS DE LA EDICI\u00d3N 158. ABRIL DE 2021 Chacra Sach\u00e1yoj: Innovaci\u00f3n y tecnolog\u00eda para producir cuidando el ambiente. Cosecha: el momento para eliminar las\u2026","rel":"","context":"En \u00abAgricultura\u00bb","img":{"alt_text":"","src":"https:\/\/i2.wp.com\/www.campoparatodos.com.ar\/wp-content\/uploads\/2021\/05\/R158WEB-714x1024.jpg?resize=350%2C200&ssl=1","width":350,"height":200},"classes":[]},{"id":1669,"url":"https:\/\/test.cookdigital.net\/campoparatodos\/2021\/12\/14\/revista-campo-para-todos-n-165\/","url_meta":{"origin":1324,"position":1},"title":"Revista Campo para Todos N\u00b0 165","date":"diciembre 14, 2021","format":false,"excerpt":"En este n\u00famero: \u201cEl uso del silo bolsa como tecnolog\u00eda de manejo para la alimentaci\u00f3n de los rodeos de cr\u00eda del NOA es clave\u201d. - Gerardo Zamora asumi\u00f3 su cuarto mandato como Gobernador de Santiago del Estero. Pueden leerla tocando la foto de tapa\u00a0 T\u00cdTULOS DE LA EDICI\u00d3N 165 NOVIEMBRE\u2026","rel":"","context":"En \u00abAgricultura\u00bb","img":{"alt_text":"","src":"https:\/\/i1.wp.com\/www.campoparatodos.com.ar\/wp-content\/uploads\/2021\/12\/TAPA-165-713x1024.jpg?resize=350%2C200&ssl=1","width":350,"height":200},"classes":[]},{"id":1800,"url":"https:\/\/test.cookdigital.net\/campoparatodos\/2022\/02\/22\/cerveceria-y-malteria-quilmes-invierte-mas-de-35-millones-de-dolares-en-la-produccion-de-lupulo-en-rio-negro\/","url_meta":{"origin":1324,"position":2},"title":"Cervecer\u00eda y Malter\u00eda Quilmes invierte m\u00e1s de 3,5 millones de d\u00f3lares en la producci\u00f3n de l\u00fapulo en R\u00edo Negro","date":"febrero 22, 2022","format":false,"excerpt":"Se trata de un plan de ampliaci\u00f3n de su chacra de l\u00fapulo, ubicada en la ciudad de General Fern\u00e1ndez Oro, en la provincia de R\u00edo Negro, que tiene por objetivo triplicar el volumen de la producci\u00f3n actual, generando empleo, desarrollo local y sustituci\u00f3n de importaciones. En el marco del inicio\u2026","rel":"","context":"En \u00abAgricultura\u00bb","img":{"alt_text":"","src":"https:\/\/i2.wp.com\/www.campoparatodos.com.ar\/wp-content\/uploads\/2022\/02\/Cosecha-de-lupulo_Cerveceria-y-MAlteria-Quilmes.jpeg?resize=350%2C200&ssl=1","width":350,"height":200},"classes":[]},{"id":837,"url":"https:\/\/test.cookdigital.net\/campoparatodos\/2020\/05\/22\/avanza-la-cosecha-de-granos-y-algodon-en-el-este-de-santiago-del-estero\/","url_meta":{"origin":1324,"position":3},"title":"Avanza la cosecha de granos y algod\u00f3n en el Este de Santiago del Estero","date":"mayo 22, 2020","format":false,"excerpt":"En medio de la pandemia de COVID-19, la cosecha de granos gruesos avanza en el Este de Santiago del Estero. Los departamentos Copo, Alberdi, Moreno, Juan Felipe Ibarra, General Taboada, General Belgrano, Aguirre y Mitre, en diferentes proporciones, concentran gran parte de la producci\u00f3n agropecuaria de la provincia. Son diversas\u2026","rel":"","context":"En \u00abAgricultura\u00bb","img":{"alt_text":"","src":"https:\/\/i0.wp.com\/www.campoparatodos.com.ar\/wp-content\/uploads\/2020\/05\/WhatsApp-Image-2020-04-14-at-14.35.14-1_PerfectlyClear-1-1024x768.jpg?resize=350%2C200&ssl=1","width":350,"height":200},"classes":[]},{"id":1931,"url":"https:\/\/test.cookdigital.net\/campoparatodos\/2022\/05\/17\/revista-campo-para-todos-n-170\/","url_meta":{"origin":1324,"position":4},"title":"Revista Campo para Todos N\u00b0 170","date":"mayo 17, 2022","format":false,"excerpt":"Ya est\u00e1 disponible la Revista N\u00famero 170. \u21d3 PARA LEERLA TOCA LA FOTO DE TAPA \u21d3 TITULOS DE ESTA EDICI\u00d3N Una cr\u00eda eficiente pensando en la g\u00f3ndola El Asado Argentino: Tenemos que imponer la palabra asado para posicionar la carne argentina. Los consumidores: El reto de cuidar a los que\u2026","rel":"","context":"En \u00abAgricultura\u00bb","img":{"alt_text":"","src":"https:\/\/i2.wp.com\/www.campoparatodos.com.ar\/wp-content\/uploads\/2022\/05\/TAPA-R170-713x1024.jpg?resize=350%2C200&ssl=1","width":350,"height":200},"classes":[]},{"id":972,"url":"https:\/\/test.cookdigital.net\/campoparatodos\/2020\/08\/31\/con-cambio-rural-logramos-hacer-un-emprendimiento-caprino-sostenible\/","url_meta":{"origin":1324,"position":5},"title":"Con Cambio Rural logramos hacer un emprendimiento caprino sostenible","date":"agosto 31, 2020","format":false,"excerpt":"Con Cambio Rural, trabajo, organizaci\u00f3n y uni\u00f3n familiar los hermanos Dar\u00edo y Marcelino Tevez llevan adelante un emprendimiento caprino sostenible en el norte de Santiago del Estero. Por: Marcelo Lagos - INTA EEA Quimil\u00ed San Francisco es una localidad ubicada entre Sachayoj y Campo Gallo, en el agreste departamento Alberdi.\u2026","rel":"","context":"En \u00abGanader\u00eda\u00bb","img":{"alt_text":"","src":"https:\/\/i2.wp.com\/www.campoparatodos.com.ar\/wp-content\/uploads\/2020\/08\/WhatsApp-Image-2020-08-11-at-11.09.58-2_PerfectlyClear-1024x682.jpg?resize=350%2C200&ssl=1","width":350,"height":200},"classes":[]}],"_links":{"self":[{"href":"https:\/\/test.cookdigital.net\/campoparatodos\/wp-json\/wp\/v2\/posts\/1324"}],"collection":[{"href":"https:\/\/test.cookdigital.net\/campoparatodos\/wp-json\/wp\/v2\/posts"}],"about":[{"href":"https:\/\/test.cookdigital.net\/campoparatodos\/wp-json\/wp\/v2\/types\/post"}],"author":[{"embeddable":true,"href":"https:\/\/test.cookdigital.net\/campoparatodos\/wp-json\/wp\/v2\/users\/1"}],"replies":[{"embeddable":true,"href":"https:\/\/test.cookdigital.net\/campoparatodos\/wp-json\/wp\/v2\/comments?post=1324"}],"version-history":[{"count":1,"href":"https:\/\/test.cookdigital.net\/campoparatodos\/wp-json\/wp\/v2\/posts\/1324\/revisions"}],"predecessor-version":[{"id":1330,"href":"https:\/\/test.cookdigital.net\/campoparatodos\/wp-json\/wp\/v2\/posts\/1324\/revisions\/1330"}],"wp:attachment":[{"href":"https:\/\/test.cookdigital.net\/campoparatodos\/wp-json\/wp\/v2\/media?parent=1324"}],"wp:term":[{"taxonomy":"category","embeddable":true,"href":"https:\/\/test.cookdigital.net\/campoparatodos\/wp-json\/wp\/v2\/categories?post=1324"},{"taxonomy":"post_tag","embeddable":true,"href":"https:\/\/test.cookdigital.net\/campoparatodos\/wp-json\/wp\/v2\/tags?post=1324"}],"curies":[{"name":"wp","href":"https:\/\/api.w.org\/{rel}","templated":true}]}}