{"id":1268,"date":"2021-03-25T21:34:40","date_gmt":"2021-03-25T21:34:40","guid":{"rendered":"https:\/\/www.campoparatodos.com.ar\/?p=1268"},"modified":"2021-03-25T21:48:29","modified_gmt":"2021-03-25T21:48:29","slug":"campana-algodonera-20-21-en-el-area-de-riego-del-rio-dulce","status":"publish","type":"post","link":"https:\/\/test.cookdigital.net\/campoparatodos\/2021\/03\/25\/campana-algodonera-20-21-en-el-area-de-riego-del-rio-dulce\/","title":{"rendered":"Campa\u00f1a algodonera 20\/21 en el \u00e1rea de riego del R\u00edo Dulce"},"content":{"rendered":"<p><em><strong>El Ingeniero Agr\u00f3nomo Carlos Mitre nos cuenta sus experiencias en la presente campa\u00f1a algodonera del \u00e1rea de riego del R\u00edo Dulce.<\/strong><\/em><\/p>\n<figure id=\"attachment_1269\" aria-describedby=\"caption-attachment-1269\" style=\"width: 309px\" class=\"wp-caption alignright\"><img data-attachment-id=\"1269\" data-permalink=\"https:\/\/test.cookdigital.net\/campoparatodos\/2021\/03\/25\/campana-algodonera-20-21-en-el-area-de-riego-del-rio-dulce\/whatsapp-image-2021-03-08-at-14-13-40_perfectlyclear\/#main\" data-orig-file=\"https:\/\/i2.wp.com\/test.cookdigital.net\/campoparatodos\/wp-content\/uploads\/2021\/03\/WhatsApp-Image-2021-03-08-at-14.13.40_PerfectlyClear.jpg?fit=492%2C1040&amp;ssl=1\" data-orig-size=\"492,1040\" data-comments-opened=\"1\" data-image-meta=\"{&quot;aperture&quot;:&quot;0&quot;,&quot;credit&quot;:&quot;&quot;,&quot;camera&quot;:&quot;&quot;,&quot;caption&quot;:&quot;&quot;,&quot;created_timestamp&quot;:&quot;0&quot;,&quot;copyright&quot;:&quot;&quot;,&quot;focal_length&quot;:&quot;0&quot;,&quot;iso&quot;:&quot;0&quot;,&quot;shutter_speed&quot;:&quot;0&quot;,&quot;title&quot;:&quot;&quot;,&quot;orientation&quot;:&quot;1&quot;}\" data-image-title=\"WhatsApp Image 2021-03-08 at 14.13.40_PerfectlyClear\" data-image-description=\"\" data-medium-file=\"https:\/\/i2.wp.com\/test.cookdigital.net\/campoparatodos\/wp-content\/uploads\/2021\/03\/WhatsApp-Image-2021-03-08-at-14.13.40_PerfectlyClear.jpg?fit=142%2C300&amp;ssl=1\" data-large-file=\"https:\/\/i2.wp.com\/test.cookdigital.net\/campoparatodos\/wp-content\/uploads\/2021\/03\/WhatsApp-Image-2021-03-08-at-14.13.40_PerfectlyClear.jpg?fit=484%2C1024&amp;ssl=1\" loading=\"lazy\" class=\"wp-image-1269 \" src=\"https:\/\/i0.wp.com\/www.campoparatodos.com.ar\/wp-content\/uploads\/2021\/03\/WhatsApp-Image-2021-03-08-at-14.13.40_PerfectlyClear-484x1024.jpg?resize=319%2C675&#038;ssl=1\" alt=\"\" width=\"319\" height=\"675\" srcset=\"https:\/\/i2.wp.com\/test.cookdigital.net\/campoparatodos\/wp-content\/uploads\/2021\/03\/WhatsApp-Image-2021-03-08-at-14.13.40_PerfectlyClear.jpg?resize=484%2C1024&amp;ssl=1 484w, https:\/\/i2.wp.com\/test.cookdigital.net\/campoparatodos\/wp-content\/uploads\/2021\/03\/WhatsApp-Image-2021-03-08-at-14.13.40_PerfectlyClear.jpg?resize=142%2C300&amp;ssl=1 142w, https:\/\/i2.wp.com\/test.cookdigital.net\/campoparatodos\/wp-content\/uploads\/2021\/03\/WhatsApp-Image-2021-03-08-at-14.13.40_PerfectlyClear.jpg?w=492&amp;ssl=1 492w\" sizes=\"(max-width: 319px) 100vw, 319px\" data-recalc-dims=\"1\" \/><figcaption id=\"caption-attachment-1269\" class=\"wp-caption-text\"><em>Ing. Agr. Carlos Mitre<\/em><\/figcaption><\/figure>\n<p>Antes del comienzo de esta campa\u00f1a, sab\u00edamos que ser\u00eda un desaf\u00edo importante, debido a la falta de agua en el Dique. Cont\u00e1bamos con la posibilidad de un solo turno de riego, cuando normalmente hacemos dos, uno para recargar el perfil y el otro de pre-siembra. Clim\u00e1ticamente se presentaba como el fen\u00f3meno Ni\u00f1a, donde las precipitaciones estar\u00edan por debajo de lo normal, por eso nuestra estrategia fue aumentar la densidad de plantas en la l\u00ednea, o sea pasar de 8 o 10 plantas por metro lineal, a tener 12 a 14 plantas, tratando de armar estructuras m\u00e1s chicas y compensar el n\u00famero de c\u00e1psulas por metro lineal. No obstante quedaron parcelas preparadas, pero sin regar debido a que el sistema de riego finaliz\u00f3 a fines de octubre. Por este motivo, la siembra reci\u00e9n se pudo completar, despu\u00e9s del 10 de noviembre cuando las precipitaciones fueron bien homog\u00e9neas para casi todas las zonas y de buena pluviometr\u00eda.<br \/>\nEn cuanto a las semillas utilizadas fueron de muy buena calidad ya que la cosecha de la misma se realiz\u00f3 con excelentes condiciones clim\u00e1ticas, por lo tanto, los valores de vigor y poder germinativo fueron altos. Los lotes de siembra temprana tuvieron demoras l\u00f3gicas en la emergencia debido a la baja temperatura del suelo, valores que fueron mejorando hacia la segunda quincena de octubre.<br \/>\nDespu\u00e9s de la emergencia, la primera plaga que enfrentamos fueron los Trips. Estos insectos, con el tiempo, se tornan m\u00e1s resistentes a los insecticidas, y las condiciones de sequ\u00eda acentuaron su desarrollo.<!--more--><\/p>\n<figure id=\"attachment_1275\" aria-describedby=\"caption-attachment-1275\" style=\"width: 290px\" class=\"wp-caption alignleft\"><img data-attachment-id=\"1275\" data-permalink=\"https:\/\/test.cookdigital.net\/campoparatodos\/2021\/03\/25\/campana-algodonera-20-21-en-el-area-de-riego-del-rio-dulce\/whatsapp-image-2021-03-08-at-15-04-17_perfectlyclear\/#main\" data-orig-file=\"https:\/\/i1.wp.com\/test.cookdigital.net\/campoparatodos\/wp-content\/uploads\/2021\/03\/WhatsApp-Image-2021-03-08-at-15.04.17_PerfectlyClear.jpg?fit=1280%2C720&amp;ssl=1\" data-orig-size=\"1280,720\" data-comments-opened=\"1\" data-image-meta=\"{&quot;aperture&quot;:&quot;0&quot;,&quot;credit&quot;:&quot;&quot;,&quot;camera&quot;:&quot;&quot;,&quot;caption&quot;:&quot;&quot;,&quot;created_timestamp&quot;:&quot;0&quot;,&quot;copyright&quot;:&quot;&quot;,&quot;focal_length&quot;:&quot;0&quot;,&quot;iso&quot;:&quot;0&quot;,&quot;shutter_speed&quot;:&quot;0&quot;,&quot;title&quot;:&quot;&quot;,&quot;orientation&quot;:&quot;1&quot;}\" data-image-title=\"WhatsApp Image 2021-03-08 at 15.04.17_PerfectlyClear\" data-image-description=\"\" data-medium-file=\"https:\/\/i1.wp.com\/test.cookdigital.net\/campoparatodos\/wp-content\/uploads\/2021\/03\/WhatsApp-Image-2021-03-08-at-15.04.17_PerfectlyClear.jpg?fit=300%2C169&amp;ssl=1\" data-large-file=\"https:\/\/i1.wp.com\/test.cookdigital.net\/campoparatodos\/wp-content\/uploads\/2021\/03\/WhatsApp-Image-2021-03-08-at-15.04.17_PerfectlyClear.jpg?fit=1024%2C576&amp;ssl=1\" loading=\"lazy\" class=\"size-medium wp-image-1275\" src=\"https:\/\/i2.wp.com\/www.campoparatodos.com.ar\/wp-content\/uploads\/2021\/03\/WhatsApp-Image-2021-03-08-at-15.04.17_PerfectlyClear-300x169.jpg?resize=300%2C169&#038;ssl=1\" alt=\"\" width=\"300\" height=\"169\" srcset=\"https:\/\/i1.wp.com\/test.cookdigital.net\/campoparatodos\/wp-content\/uploads\/2021\/03\/WhatsApp-Image-2021-03-08-at-15.04.17_PerfectlyClear.jpg?resize=300%2C169&amp;ssl=1 300w, https:\/\/i1.wp.com\/test.cookdigital.net\/campoparatodos\/wp-content\/uploads\/2021\/03\/WhatsApp-Image-2021-03-08-at-15.04.17_PerfectlyClear.jpg?resize=768%2C432&amp;ssl=1 768w, https:\/\/i1.wp.com\/test.cookdigital.net\/campoparatodos\/wp-content\/uploads\/2021\/03\/WhatsApp-Image-2021-03-08-at-15.04.17_PerfectlyClear.jpg?resize=1024%2C576&amp;ssl=1 1024w, https:\/\/i1.wp.com\/test.cookdigital.net\/campoparatodos\/wp-content\/uploads\/2021\/03\/WhatsApp-Image-2021-03-08-at-15.04.17_PerfectlyClear.jpg?w=1280&amp;ssl=1 1280w\" sizes=\"(max-width: 300px) 100vw, 300px\" data-recalc-dims=\"1\" \/><figcaption id=\"caption-attachment-1275\" class=\"wp-caption-text\"><em>Graves da\u00f1os de trips en el inicio<\/em><\/figcaption><\/figure>\n<p>En algunos casos tuvimos que realizar 2 o 3 aplicaciones, para mitigar los efectos de esta plaga, y permitir el normal desarrollo de las plantas.<br \/>\nLa primera quincena de noviembre, transcurri\u00f3 sin mayores problemas debido a las precipitaciones antes mencionadas, pero hacia finales del mes, y durante el mes de diciembre, en muchas zonas tuvimos d\u00e9ficit de lluvia, coincidiendo justo, con el periodo de m\u00e1ximo requerimiento h\u00eddrico por parte del cultivo, que es el inicio de floraci\u00f3n.<\/p>\n<figure id=\"attachment_1273\" aria-describedby=\"caption-attachment-1273\" style=\"width: 159px\" class=\"wp-caption alignleft\"><img data-attachment-id=\"1273\" data-permalink=\"https:\/\/test.cookdigital.net\/campoparatodos\/2021\/03\/25\/campana-algodonera-20-21-en-el-area-de-riego-del-rio-dulce\/whatsapp-image-2021-03-08-at-14-58-47_perfectlyclear\/#main\" data-orig-file=\"https:\/\/i0.wp.com\/test.cookdigital.net\/campoparatodos\/wp-content\/uploads\/2021\/03\/WhatsApp-Image-2021-03-08-at-14.58.47_PerfectlyClear.jpg?fit=720%2C1280&amp;ssl=1\" data-orig-size=\"720,1280\" data-comments-opened=\"1\" data-image-meta=\"{&quot;aperture&quot;:&quot;0&quot;,&quot;credit&quot;:&quot;&quot;,&quot;camera&quot;:&quot;&quot;,&quot;caption&quot;:&quot;&quot;,&quot;created_timestamp&quot;:&quot;0&quot;,&quot;copyright&quot;:&quot;&quot;,&quot;focal_length&quot;:&quot;0&quot;,&quot;iso&quot;:&quot;0&quot;,&quot;shutter_speed&quot;:&quot;0&quot;,&quot;title&quot;:&quot;&quot;,&quot;orientation&quot;:&quot;1&quot;}\" data-image-title=\"WhatsApp Image 2021-03-08 at 14.58.47_PerfectlyClear\" data-image-description=\"\" data-medium-file=\"https:\/\/i0.wp.com\/test.cookdigital.net\/campoparatodos\/wp-content\/uploads\/2021\/03\/WhatsApp-Image-2021-03-08-at-14.58.47_PerfectlyClear.jpg?fit=169%2C300&amp;ssl=1\" data-large-file=\"https:\/\/i0.wp.com\/test.cookdigital.net\/campoparatodos\/wp-content\/uploads\/2021\/03\/WhatsApp-Image-2021-03-08-at-14.58.47_PerfectlyClear.jpg?fit=576%2C1024&amp;ssl=1\" loading=\"lazy\" class=\"wp-image-1273 size-medium\" src=\"https:\/\/i2.wp.com\/www.campoparatodos.com.ar\/wp-content\/uploads\/2021\/03\/WhatsApp-Image-2021-03-08-at-14.58.47_PerfectlyClear-169x300.jpg?resize=169%2C300&#038;ssl=1\" alt=\"\" width=\"169\" height=\"300\" srcset=\"https:\/\/i0.wp.com\/test.cookdigital.net\/campoparatodos\/wp-content\/uploads\/2021\/03\/WhatsApp-Image-2021-03-08-at-14.58.47_PerfectlyClear.jpg?resize=169%2C300&amp;ssl=1 169w, https:\/\/i0.wp.com\/test.cookdigital.net\/campoparatodos\/wp-content\/uploads\/2021\/03\/WhatsApp-Image-2021-03-08-at-14.58.47_PerfectlyClear.jpg?resize=576%2C1024&amp;ssl=1 576w, https:\/\/i0.wp.com\/test.cookdigital.net\/campoparatodos\/wp-content\/uploads\/2021\/03\/WhatsApp-Image-2021-03-08-at-14.58.47_PerfectlyClear.jpg?w=720&amp;ssl=1 720w\" sizes=\"(max-width: 169px) 100vw, 169px\" data-recalc-dims=\"1\" \/><figcaption id=\"caption-attachment-1273\" class=\"wp-caption-text\"><em>Aborto de capsulas reci\u00e9n cuajadas<\/em><\/figcaption><\/figure>\n<p>Durante el mes de enero regresaron las precipitaciones, en muchos casos las siembras tempranas, no pudieron revertir esta situaci\u00f3n de estr\u00e9s h\u00eddrico, por lo tanto el cultivo se encontraba envejecido, con abortos de capsulas reci\u00e9n cuajadas, 14 o 15 nudos, y una altura no mayor a los 50-60cm. A esto se le suma los da\u00f1os severos, ocasionados por la presencia de ara\u00f1uela roja y pulgones.<br \/>\nEn esta campa\u00f1a las siembras tard\u00edas presentaron un mejor desarrollo que las tempranas, favorecidas por las lluvias de enero y febrero.<\/p>\n<p>El Picudo del algodonero, tuvo baja incidencia en la etapa inicial, aunque se hicieron<\/p>\n<figure id=\"attachment_1277\" aria-describedby=\"caption-attachment-1277\" style=\"width: 158px\" class=\"wp-caption alignright\"><img data-attachment-id=\"1277\" data-permalink=\"https:\/\/test.cookdigital.net\/campoparatodos\/2021\/03\/25\/campana-algodonera-20-21-en-el-area-de-riego-del-rio-dulce\/whatsapp-image-2021-03-08-at-15-15-27_perfectlyclear\/#main\" data-orig-file=\"https:\/\/i1.wp.com\/test.cookdigital.net\/campoparatodos\/wp-content\/uploads\/2021\/03\/WhatsApp-Image-2021-03-08-at-15.15.27_PerfectlyClear.jpg?fit=606%2C1280&amp;ssl=1\" data-orig-size=\"606,1280\" data-comments-opened=\"1\" data-image-meta=\"{&quot;aperture&quot;:&quot;0&quot;,&quot;credit&quot;:&quot;&quot;,&quot;camera&quot;:&quot;&quot;,&quot;caption&quot;:&quot;&quot;,&quot;created_timestamp&quot;:&quot;0&quot;,&quot;copyright&quot;:&quot;&quot;,&quot;focal_length&quot;:&quot;0&quot;,&quot;iso&quot;:&quot;0&quot;,&quot;shutter_speed&quot;:&quot;0&quot;,&quot;title&quot;:&quot;&quot;,&quot;orientation&quot;:&quot;1&quot;}\" data-image-title=\"WhatsApp Image 2021-03-08 at 15.15.27_PerfectlyClear\" data-image-description=\"\" data-medium-file=\"https:\/\/i1.wp.com\/test.cookdigital.net\/campoparatodos\/wp-content\/uploads\/2021\/03\/WhatsApp-Image-2021-03-08-at-15.15.27_PerfectlyClear.jpg?fit=142%2C300&amp;ssl=1\" data-large-file=\"https:\/\/i1.wp.com\/test.cookdigital.net\/campoparatodos\/wp-content\/uploads\/2021\/03\/WhatsApp-Image-2021-03-08-at-15.15.27_PerfectlyClear.jpg?fit=485%2C1024&amp;ssl=1\" loading=\"lazy\" class=\" wp-image-1277\" src=\"https:\/\/i2.wp.com\/www.campoparatodos.com.ar\/wp-content\/uploads\/2021\/03\/WhatsApp-Image-2021-03-08-at-15.15.27_PerfectlyClear-142x300.jpg?resize=168%2C355&#038;ssl=1\" alt=\"\" width=\"168\" height=\"355\" srcset=\"https:\/\/i1.wp.com\/test.cookdigital.net\/campoparatodos\/wp-content\/uploads\/2021\/03\/WhatsApp-Image-2021-03-08-at-15.15.27_PerfectlyClear.jpg?resize=142%2C300&amp;ssl=1 142w, https:\/\/i1.wp.com\/test.cookdigital.net\/campoparatodos\/wp-content\/uploads\/2021\/03\/WhatsApp-Image-2021-03-08-at-15.15.27_PerfectlyClear.jpg?resize=485%2C1024&amp;ssl=1 485w, https:\/\/i1.wp.com\/test.cookdigital.net\/campoparatodos\/wp-content\/uploads\/2021\/03\/WhatsApp-Image-2021-03-08-at-15.15.27_PerfectlyClear.jpg?w=606&amp;ssl=1 606w\" sizes=\"(max-width: 168px) 100vw, 168px\" data-recalc-dims=\"1\" \/><figcaption id=\"caption-attachment-1277\" class=\"wp-caption-text\"><em>Picudo<\/em><\/figcaption><\/figure>\n<p>aplicaciones preventivas de borde, y en momentos claves, como el de inicio de pimpollado. Seg\u00fan el an\u00e1lisis de campa\u00f1as anteriores, sabemos que su presencia se incrementa de manera exponencial hacia fines de febrero y principios de marzo. Ya que su comportamiento est\u00e1 regido por la baja de temperatura media y el aumento de la humedad media. Por eso es importante concentrar la fecha de siembra para coincidir los estados fenol\u00f3gicos del cultivo y poder realizar de manera casi conjunta los tratamientos, evitando as\u00ed, efecto cascada durante reproducci\u00f3n de picudo. De esta manera si sembramos dentro del marco de las fechas recomendadas por SENASA (desde 1 de octubre) nuestro cultivo dispone de 90 a 120 d\u00edas con muy baja o casi nula incidencia de la plaga. Desarroll\u00e1ndose la misma de manera exponencial cuando el cultivo est\u00e1 con las cargas definidas, pudiendo realizar alg\u00fan tipo de da\u00f1o en el tercio superior en aquellos algodones sembrados a fines de noviembre, pero con bajo impacto en la producci\u00f3n.<br \/>\nDe no respetarse las fechas recomendadas, los da\u00f1os pueden ser extremos, al punto de no poder realizar la cosecha o con rendimientos muy bajos (anti-econ\u00f3mico).<br \/>\nPor esta raz\u00f3n es muy importante que las zonas trabajen en bloques para poder aplicar cada una de las etapas de manera uniforme ya que este insecto nos ense\u00f1a el concepto de plaga social donde todos de manera individual, debemos cumplir tareas grupales.<br \/>\nSiempre es importante recalcarles a los productores, realizar aplicaciones de borde, agregar insecticida en las aplicaciones finales, para evitar el desplazamiento de este insecto desde los lotes hacia los refugios. Finalmente, se debe destruir los rastrojos inmediatamente despu\u00e9s de realizar la cosecha. As\u00ed se impide que las plantas rebroten y generen fuentes de alimento para su supervivencia.<br \/>\nCon respecto a las chinches, tambi\u00e9n fue una campa\u00f1a tranquila, comparando con a\u00f1os anteriores.<\/p>\n<figure id=\"attachment_1276\" aria-describedby=\"caption-attachment-1276\" style=\"width: 159px\" class=\"wp-caption alignleft\"><img data-attachment-id=\"1276\" data-permalink=\"https:\/\/test.cookdigital.net\/campoparatodos\/2021\/03\/25\/campana-algodonera-20-21-en-el-area-de-riego-del-rio-dulce\/whatsapp-image-2021-03-08-at-15-09-37_perfectlyclear\/#main\" data-orig-file=\"https:\/\/i0.wp.com\/test.cookdigital.net\/campoparatodos\/wp-content\/uploads\/2021\/03\/WhatsApp-Image-2021-03-08-at-15.09.37_PerfectlyClear.jpg?fit=720%2C1280&amp;ssl=1\" data-orig-size=\"720,1280\" data-comments-opened=\"1\" data-image-meta=\"{&quot;aperture&quot;:&quot;0&quot;,&quot;credit&quot;:&quot;&quot;,&quot;camera&quot;:&quot;&quot;,&quot;caption&quot;:&quot;&quot;,&quot;created_timestamp&quot;:&quot;0&quot;,&quot;copyright&quot;:&quot;&quot;,&quot;focal_length&quot;:&quot;0&quot;,&quot;iso&quot;:&quot;0&quot;,&quot;shutter_speed&quot;:&quot;0&quot;,&quot;title&quot;:&quot;&quot;,&quot;orientation&quot;:&quot;1&quot;}\" data-image-title=\"WhatsApp Image 2021-03-08 at 15.09.37_PerfectlyClear\" data-image-description=\"\" data-medium-file=\"https:\/\/i0.wp.com\/test.cookdigital.net\/campoparatodos\/wp-content\/uploads\/2021\/03\/WhatsApp-Image-2021-03-08-at-15.09.37_PerfectlyClear.jpg?fit=169%2C300&amp;ssl=1\" data-large-file=\"https:\/\/i0.wp.com\/test.cookdigital.net\/campoparatodos\/wp-content\/uploads\/2021\/03\/WhatsApp-Image-2021-03-08-at-15.09.37_PerfectlyClear.jpg?fit=576%2C1024&amp;ssl=1\" loading=\"lazy\" class=\"size-medium wp-image-1276\" src=\"https:\/\/i2.wp.com\/www.campoparatodos.com.ar\/wp-content\/uploads\/2021\/03\/WhatsApp-Image-2021-03-08-at-15.09.37_PerfectlyClear-169x300.jpg?resize=169%2C300&#038;ssl=1\" alt=\"\" width=\"169\" height=\"300\" srcset=\"https:\/\/i0.wp.com\/test.cookdigital.net\/campoparatodos\/wp-content\/uploads\/2021\/03\/WhatsApp-Image-2021-03-08-at-15.09.37_PerfectlyClear.jpg?resize=169%2C300&amp;ssl=1 169w, https:\/\/i0.wp.com\/test.cookdigital.net\/campoparatodos\/wp-content\/uploads\/2021\/03\/WhatsApp-Image-2021-03-08-at-15.09.37_PerfectlyClear.jpg?resize=576%2C1024&amp;ssl=1 576w, https:\/\/i0.wp.com\/test.cookdigital.net\/campoparatodos\/wp-content\/uploads\/2021\/03\/WhatsApp-Image-2021-03-08-at-15.09.37_PerfectlyClear.jpg?w=720&amp;ssl=1 720w\" sizes=\"(max-width: 169px) 100vw, 169px\" data-recalc-dims=\"1\" \/><figcaption id=\"caption-attachment-1276\" class=\"wp-caption-text\"><em>Spodoptera<\/em><\/figcaption><\/figure>\n<p>En cuanto a la aparici\u00f3n del complejo \u201cSpodoptera\u201d, a\u00f1o tras a\u00f1o, sus ataques son m\u00e1s intensos en el cultivo, oblig\u00e1ndonos a realizar el control con productos que normalmente no utilizamos, de altos costos, pero muy efectivos.<br \/>\nCabe destacar que finalizaremos esta temporada con un promedio de 5 a 7 aplicaciones, cuando en campa\u00f1as anteriores, lo hac\u00edamos entre 9 y 11.<\/p>\n<figure id=\"attachment_1271\" aria-describedby=\"caption-attachment-1271\" style=\"width: 337px\" class=\"wp-caption alignright\"><img data-attachment-id=\"1271\" data-permalink=\"https:\/\/test.cookdigital.net\/campoparatodos\/2021\/03\/25\/campana-algodonera-20-21-en-el-area-de-riego-del-rio-dulce\/whatsapp-image-2021-03-08-at-14-01-34_perfectlyclear\/#main\" data-orig-file=\"https:\/\/i1.wp.com\/test.cookdigital.net\/campoparatodos\/wp-content\/uploads\/2021\/03\/WhatsApp-Image-2021-03-08-at-14.01.34_PerfectlyClear.jpg?fit=1280%2C960&amp;ssl=1\" data-orig-size=\"1280,960\" data-comments-opened=\"1\" data-image-meta=\"{&quot;aperture&quot;:&quot;0&quot;,&quot;credit&quot;:&quot;&quot;,&quot;camera&quot;:&quot;&quot;,&quot;caption&quot;:&quot;&quot;,&quot;created_timestamp&quot;:&quot;0&quot;,&quot;copyright&quot;:&quot;&quot;,&quot;focal_length&quot;:&quot;0&quot;,&quot;iso&quot;:&quot;0&quot;,&quot;shutter_speed&quot;:&quot;0&quot;,&quot;title&quot;:&quot;&quot;,&quot;orientation&quot;:&quot;1&quot;}\" data-image-title=\"WhatsApp Image 2021-03-08 at 14.01.34_PerfectlyClear\" data-image-description=\"\" data-medium-file=\"https:\/\/i1.wp.com\/test.cookdigital.net\/campoparatodos\/wp-content\/uploads\/2021\/03\/WhatsApp-Image-2021-03-08-at-14.01.34_PerfectlyClear.jpg?fit=300%2C225&amp;ssl=1\" data-large-file=\"https:\/\/i1.wp.com\/test.cookdigital.net\/campoparatodos\/wp-content\/uploads\/2021\/03\/WhatsApp-Image-2021-03-08-at-14.01.34_PerfectlyClear.jpg?fit=1024%2C768&amp;ssl=1\" loading=\"lazy\" class=\"wp-image-1271 \" src=\"https:\/\/i0.wp.com\/www.campoparatodos.com.ar\/wp-content\/uploads\/2021\/03\/WhatsApp-Image-2021-03-08-at-14.01.34_PerfectlyClear-300x225.jpg?resize=347%2C260&#038;ssl=1\" alt=\"\" width=\"347\" height=\"260\" srcset=\"https:\/\/i1.wp.com\/test.cookdigital.net\/campoparatodos\/wp-content\/uploads\/2021\/03\/WhatsApp-Image-2021-03-08-at-14.01.34_PerfectlyClear.jpg?resize=300%2C225&amp;ssl=1 300w, https:\/\/i1.wp.com\/test.cookdigital.net\/campoparatodos\/wp-content\/uploads\/2021\/03\/WhatsApp-Image-2021-03-08-at-14.01.34_PerfectlyClear.jpg?resize=768%2C576&amp;ssl=1 768w, https:\/\/i1.wp.com\/test.cookdigital.net\/campoparatodos\/wp-content\/uploads\/2021\/03\/WhatsApp-Image-2021-03-08-at-14.01.34_PerfectlyClear.jpg?resize=1024%2C768&amp;ssl=1 1024w, https:\/\/i1.wp.com\/test.cookdigital.net\/campoparatodos\/wp-content\/uploads\/2021\/03\/WhatsApp-Image-2021-03-08-at-14.01.34_PerfectlyClear.jpg?w=1280&amp;ssl=1 1280w\" sizes=\"(max-width: 347px) 100vw, 347px\" data-recalc-dims=\"1\" \/><figcaption id=\"caption-attachment-1271\" class=\"wp-caption-text\"><em>Cultivos de servicio<\/em><\/figcaption><\/figure>\n<p><strong>Cultivos de servicio<\/strong><br \/>\nEs una tecnolog\u00eda que cada vez se adopta m\u00e1s, los productores se est\u00e1n dando cuenta de la importancia que es la rotaci\u00f3n de cultivos y los m\u00faltiples beneficios que estos nos brindan, como la incorporaci\u00f3n de materia org\u00e1nica (abonos verdes), la retenci\u00f3n de nutrientes (cultivos trampa), la incorporaci\u00f3n de N v\u00eda fijaci\u00f3n biol\u00f3gica (cultivos de leguminosas), la descompactaci\u00f3n del suelo, el consumo de agua para disminuir las napas, la reducci\u00f3n de malezas por competencia, etc. Cuando se implementa esta t\u00e9cnica el cultivo predecesor (el algod\u00f3n) tiene una diferencia notable en su desarrollo en comparaci\u00f3n del monocultivo (algod\u00f3n tras algod\u00f3n). Por esta raz\u00f3n el productor no lo tiene que ver como un gasto, sino como una inversi\u00f3n a corto y mediano plazo.<\/p>\n<p><strong>Nueva variedad<\/strong><br \/>\nEstamos probando la variedad Guaran\u00ed INTA, de ciclo corto-intermedio, la cual presenta una arquitectura columnar,<img data-attachment-id=\"1272\" data-permalink=\"https:\/\/test.cookdigital.net\/campoparatodos\/2021\/03\/25\/campana-algodonera-20-21-en-el-area-de-riego-del-rio-dulce\/whatsapp-image-2021-03-08-at-14-18-05_perfectlyclear\/#main\" data-orig-file=\"https:\/\/i2.wp.com\/test.cookdigital.net\/campoparatodos\/wp-content\/uploads\/2021\/03\/WhatsApp-Image-2021-03-08-at-14.18.05_PerfectlyClear.jpg?fit=605%2C1280&amp;ssl=1\" data-orig-size=\"605,1280\" data-comments-opened=\"1\" data-image-meta=\"{&quot;aperture&quot;:&quot;0&quot;,&quot;credit&quot;:&quot;&quot;,&quot;camera&quot;:&quot;&quot;,&quot;caption&quot;:&quot;&quot;,&quot;created_timestamp&quot;:&quot;0&quot;,&quot;copyright&quot;:&quot;&quot;,&quot;focal_length&quot;:&quot;0&quot;,&quot;iso&quot;:&quot;0&quot;,&quot;shutter_speed&quot;:&quot;0&quot;,&quot;title&quot;:&quot;&quot;,&quot;orientation&quot;:&quot;1&quot;}\" data-image-title=\"WhatsApp Image 2021-03-08 at 14.18.05_PerfectlyClear\" data-image-description=\"\" data-medium-file=\"https:\/\/i2.wp.com\/test.cookdigital.net\/campoparatodos\/wp-content\/uploads\/2021\/03\/WhatsApp-Image-2021-03-08-at-14.18.05_PerfectlyClear.jpg?fit=142%2C300&amp;ssl=1\" data-large-file=\"https:\/\/i2.wp.com\/test.cookdigital.net\/campoparatodos\/wp-content\/uploads\/2021\/03\/WhatsApp-Image-2021-03-08-at-14.18.05_PerfectlyClear.jpg?fit=484%2C1024&amp;ssl=1\" loading=\"lazy\" class=\"alignleft size-medium wp-image-1272\" src=\"https:\/\/i2.wp.com\/www.campoparatodos.com.ar\/wp-content\/uploads\/2021\/03\/WhatsApp-Image-2021-03-08-at-14.18.05_PerfectlyClear-142x300.jpg?resize=142%2C300&#038;ssl=1\" alt=\"\" width=\"142\" height=\"300\" data-wp-editing=\"1\" srcset=\"https:\/\/i2.wp.com\/test.cookdigital.net\/campoparatodos\/wp-content\/uploads\/2021\/03\/WhatsApp-Image-2021-03-08-at-14.18.05_PerfectlyClear.jpg?resize=142%2C300&amp;ssl=1 142w, https:\/\/i2.wp.com\/test.cookdigital.net\/campoparatodos\/wp-content\/uploads\/2021\/03\/WhatsApp-Image-2021-03-08-at-14.18.05_PerfectlyClear.jpg?resize=484%2C1024&amp;ssl=1 484w, https:\/\/i2.wp.com\/test.cookdigital.net\/campoparatodos\/wp-content\/uploads\/2021\/03\/WhatsApp-Image-2021-03-08-at-14.18.05_PerfectlyClear.jpg?w=605&amp;ssl=1 605w\" sizes=\"(max-width: 142px) 100vw, 142px\" data-recalc-dims=\"1\" \/><img data-attachment-id=\"1270\" data-permalink=\"https:\/\/test.cookdigital.net\/campoparatodos\/2021\/03\/25\/campana-algodonera-20-21-en-el-area-de-riego-del-rio-dulce\/variedad-guarani-inta_perfectlyclear\/#main\" data-orig-file=\"https:\/\/i2.wp.com\/test.cookdigital.net\/campoparatodos\/wp-content\/uploads\/2021\/03\/Variedad-Guaran\u00ed-INTA_PerfectlyClear.jpg?fit=605%2C1280&amp;ssl=1\" data-orig-size=\"605,1280\" data-comments-opened=\"1\" data-image-meta=\"{&quot;aperture&quot;:&quot;0&quot;,&quot;credit&quot;:&quot;&quot;,&quot;camera&quot;:&quot;&quot;,&quot;caption&quot;:&quot;&quot;,&quot;created_timestamp&quot;:&quot;0&quot;,&quot;copyright&quot;:&quot;&quot;,&quot;focal_length&quot;:&quot;0&quot;,&quot;iso&quot;:&quot;0&quot;,&quot;shutter_speed&quot;:&quot;0&quot;,&quot;title&quot;:&quot;&quot;,&quot;orientation&quot;:&quot;1&quot;}\" data-image-title=\"Variedad Guaran\u00ed INTA_PerfectlyClear\" data-image-description=\"\" data-medium-file=\"https:\/\/i2.wp.com\/test.cookdigital.net\/campoparatodos\/wp-content\/uploads\/2021\/03\/Variedad-Guaran\u00ed-INTA_PerfectlyClear.jpg?fit=142%2C300&amp;ssl=1\" data-large-file=\"https:\/\/i2.wp.com\/test.cookdigital.net\/campoparatodos\/wp-content\/uploads\/2021\/03\/Variedad-Guaran\u00ed-INTA_PerfectlyClear.jpg?fit=484%2C1024&amp;ssl=1\" loading=\"lazy\" class=\"alignleft size-medium wp-image-1270\" src=\"https:\/\/i2.wp.com\/www.campoparatodos.com.ar\/wp-content\/uploads\/2021\/03\/Variedad-Guaran\u00ed-INTA_PerfectlyClear-142x300.jpg?resize=142%2C300&#038;ssl=1\" alt=\"\" width=\"142\" height=\"300\" srcset=\"https:\/\/i2.wp.com\/test.cookdigital.net\/campoparatodos\/wp-content\/uploads\/2021\/03\/Variedad-Guaran\u00ed-INTA_PerfectlyClear.jpg?resize=142%2C300&amp;ssl=1 142w, https:\/\/i2.wp.com\/test.cookdigital.net\/campoparatodos\/wp-content\/uploads\/2021\/03\/Variedad-Guaran\u00ed-INTA_PerfectlyClear.jpg?resize=484%2C1024&amp;ssl=1 484w, https:\/\/i2.wp.com\/test.cookdigital.net\/campoparatodos\/wp-content\/uploads\/2021\/03\/Variedad-Guaran\u00ed-INTA_PerfectlyClear.jpg?w=605&amp;ssl=1 605w\" sizes=\"(max-width: 142px) 100vw, 142px\" data-recalc-dims=\"1\" \/> que se adaptar\u00eda muy bien a condiciones de cultivo estrecho y ultra-estrecho, donde las fijaciones de las capsulas de primera y segunda posici\u00f3n son muy cercanas al tallo principal, pr\u00e1cticamente con muy poco despliegue de ramas vegetativas cuando son sembradas en altas densidades, muy buen tama\u00f1o de c\u00e1psulas, se adapta muy bien a nuestro tipo de suelos. Brinda un alto porcentaje de desmote, alrededor de 38- 40 puntos y con buenas calidades de fibra. Tiene una buena plasticidad ante adversidades, como la falta de agua y una r\u00e1pida respuesta cuando se revierte esta situaci\u00f3n, sobre todo en el estrato medio y superior. Al ser una variedad de ciclo corto, nos permitir\u00eda ir en siembras tard\u00edas (segunda quincena de noviembre), por ejemplo, detr\u00e1s de la cosecha de trigo, fines de octubre y poder cerrar el cultivo a principio de marzo.<\/p>\n<p><strong>Cosecha.<\/strong><br \/>\nEsperamos que las condiciones clim\u00e1ticas sean las apropiadas para poder<img data-attachment-id=\"1281\" data-permalink=\"https:\/\/test.cookdigital.net\/campoparatodos\/2021\/03\/25\/campana-algodonera-20-21-en-el-area-de-riego-del-rio-dulce\/whatsapp-image-2021-03-08-at-14-09-56_perfectlyclear\/#main\" data-orig-file=\"https:\/\/i1.wp.com\/test.cookdigital.net\/campoparatodos\/wp-content\/uploads\/2021\/03\/WhatsApp-Image-2021-03-08-at-14.09.56_PerfectlyClear-e1616708799951.jpg?fit=617%2C713&amp;ssl=1\" data-orig-size=\"617,713\" data-comments-opened=\"1\" data-image-meta=\"{&quot;aperture&quot;:&quot;0&quot;,&quot;credit&quot;:&quot;&quot;,&quot;camera&quot;:&quot;&quot;,&quot;caption&quot;:&quot;&quot;,&quot;created_timestamp&quot;:&quot;0&quot;,&quot;copyright&quot;:&quot;&quot;,&quot;focal_length&quot;:&quot;0&quot;,&quot;iso&quot;:&quot;0&quot;,&quot;shutter_speed&quot;:&quot;0&quot;,&quot;title&quot;:&quot;&quot;,&quot;orientation&quot;:&quot;1&quot;}\" data-image-title=\"WhatsApp Image 2021-03-08 at 14.09.56_PerfectlyClear\" data-image-description=\"\" data-medium-file=\"https:\/\/i1.wp.com\/test.cookdigital.net\/campoparatodos\/wp-content\/uploads\/2021\/03\/WhatsApp-Image-2021-03-08-at-14.09.56_PerfectlyClear-e1616708799951.jpg?fit=260%2C300&amp;ssl=1\" data-large-file=\"https:\/\/i1.wp.com\/test.cookdigital.net\/campoparatodos\/wp-content\/uploads\/2021\/03\/WhatsApp-Image-2021-03-08-at-14.09.56_PerfectlyClear-e1616708799951.jpg?fit=498%2C1024&amp;ssl=1\" loading=\"lazy\" class=\"alignleft size-medium wp-image-1281\" src=\"https:\/\/i1.wp.com\/www.campoparatodos.com.ar\/wp-content\/uploads\/2021\/03\/WhatsApp-Image-2021-03-08-at-14.09.56_PerfectlyClear-e1616708799951-260x300.jpg?resize=260%2C300&#038;ssl=1\" alt=\"\" width=\"260\" height=\"300\" srcset=\"https:\/\/i1.wp.com\/test.cookdigital.net\/campoparatodos\/wp-content\/uploads\/2021\/03\/WhatsApp-Image-2021-03-08-at-14.09.56_PerfectlyClear-e1616708799951.jpg?resize=260%2C300&amp;ssl=1 260w, https:\/\/i1.wp.com\/test.cookdigital.net\/campoparatodos\/wp-content\/uploads\/2021\/03\/WhatsApp-Image-2021-03-08-at-14.09.56_PerfectlyClear-e1616708799951.jpg?w=617&amp;ssl=1 617w\" sizes=\"(max-width: 260px) 100vw, 260px\" data-recalc-dims=\"1\" \/> obtener mejores rendimientos y calidad de fibra, como en campa\u00f1as anteriores.<\/p>\n<p><em>Por Carlos F. Hamann &#8211; <\/em><em>Publicado en Revista Campo para Todos N\u00b0 156<\/em><\/p>\n","protected":false},"excerpt":{"rendered":"<p>El Ingeniero Agr\u00f3nomo Carlos Mitre nos cuenta sus experiencias en la presente campa\u00f1a algodonera del \u00e1rea de riego del R\u00edo Dulce. Antes del comienzo de esta campa\u00f1a, sab\u00edamos que ser\u00eda un desaf\u00edo importante, debido a la falta de agua en el Dique. Cont\u00e1bamos con la posibilidad de un solo turno de riego, cuando normalmente hacemos &#8230; <a title=\"Campa\u00f1a algodonera 20\/21 en el \u00e1rea de riego del R\u00edo Dulce\" class=\"read-more\" href=\"https:\/\/test.cookdigital.net\/campoparatodos\/2021\/03\/25\/campana-algodonera-20-21-en-el-area-de-riego-del-rio-dulce\/\" aria-label=\"M\u00e1s en Campa\u00f1a algodonera 20\/21 en el \u00e1rea de riego del R\u00edo Dulce\">Leer m\u00e1s<\/a><\/p>\n","protected":false},"author":1,"featured_media":0,"comment_status":"closed","ping_status":"open","sticky":false,"template":"","format":"standard","meta":{"spay_email":"","jetpack_publicize_message":"","jetpack_is_tweetstorm":false},"categories":[7,9,4],"tags":[52,184,58,183,182],"jetpack_featured_media_url":"","jetpack_publicize_connections":[],"jetpack_sharing_enabled":true,"jetpack_shortlink":"https:\/\/wp.me\/p9m0DJ-ks","jetpack_likes_enabled":true,"jetpack-related-posts":[{"id":1438,"url":"https:\/\/test.cookdigital.net\/campoparatodos\/2021\/06\/28\/cierre-de-campana-algodonera-en-el-area-de-riego-del-rio-dulce\/","url_meta":{"origin":1268,"position":0},"title":"Cierre de campa\u00f1a algodonera en el \u00e1rea de riego del R\u00edo Dulce","date":"junio 28, 2021","format":false,"excerpt":"En estos \u00faltimos a\u00f1os la provincia de Santiago del Estero, se ha convertido en la principal productora de algod\u00f3n de Argentina. Desde revista Campo para Todos acompa\u00f1amos el desarrollo de la presente campa\u00f1a. Para cerrar el a\u00f1o le pedimos al Ing. Agr. Carlos Mitre que nos conteste el cuestionario que\u2026","rel":"","context":"En \u00abAgricultura\u00bb","img":{"alt_text":"","src":"https:\/\/i0.wp.com\/www.campoparatodos.com.ar\/wp-content\/uploads\/2021\/06\/algodon-mitre1_PerfectlyClear-1024x484.jpg?resize=350%2C200&ssl=1","width":350,"height":200},"classes":[]},{"id":897,"url":"https:\/\/test.cookdigital.net\/campoparatodos\/2020\/07\/27\/resumen-de-la-campana-algodonera-en-el-area-de-riego-del-rio-dulce\/","url_meta":{"origin":1268,"position":1},"title":"Resumen de la campa\u00f1a algodonera en el \u00e1rea de Riego del R\u00edo Dulce","date":"julio 27, 2020","format":false,"excerpt":"A\u00f1o tras a\u00f1o el picudo hace presencia firme en la zona de riego, por lo que productivamente buscamos concentrar la fecha de siembra para evitar ataques en los momentos donde la curva de presencia del insecto en el cultivo es m\u00e1s alta. Se pens\u00f3 mucho en la presencia de picudo\u2026","rel":"","context":"En \u00abAgricultura\u00bb","img":{"alt_text":"","src":"https:\/\/i1.wp.com\/www.campoparatodos.com.ar\/wp-content\/uploads\/2020\/07\/picudi.jpg?resize=350%2C200&ssl=1","width":350,"height":200},"classes":[]},{"id":2298,"url":"https:\/\/test.cookdigital.net\/campoparatodos\/2023\/01\/23\/algodon-22-23-como-inicio-la-campana-en-el-area-de-riego-del-rio-dulce\/","url_meta":{"origin":1268,"position":2},"title":"Algod\u00f3n 22\/23. \u00bfC\u00f3mo inici\u00f3 la campa\u00f1a en el \u00e1rea de riego del R\u00edo Dulce?","date":"enero 23, 2023","format":false,"excerpt":"A pesar de todos los inconvenientes clim\u00e1ticos, la campa\u00f1a algodonera en el \u00e1rea de riego del R\u00edo Dulce est\u00e1 en marcha. Para conocer a fondo la situaci\u00f3n y mantener informada a toda la sociedad, Revista Campo para Todos solicit\u00f3 informaci\u00f3n a tres especialistas en el cultivo industrial m\u00e1s importante de\u2026","rel":"","context":"En \u00abAgricultura\u00bb","img":{"alt_text":"","src":"https:\/\/i1.wp.com\/www.campoparatodos.com.ar\/wp-content\/uploads\/2023\/01\/WhatsApp-Image-2022-12-30-at-12.40.38_PerfectlyClear-1024x484.jpg?resize=350%2C200&ssl=1","width":350,"height":200},"classes":[]},{"id":1260,"url":"https:\/\/test.cookdigital.net\/campoparatodos\/2021\/03\/12\/1260\/","url_meta":{"origin":1268,"position":3},"title":"Revista Campo para Todos N\u00b0 156","date":"marzo 12, 2021","format":false,"excerpt":"Campa\u00f1a algodonera santiague\u00f1a 20\/21 Completos informes sobre la marcha de la campa\u00f1a en las zonas de secano y de riego. Toque la imagen para leer la revista T\u00cdTULOS DE LA EDICI\u00d3N 156. FEBRERO DE 2021 Sembrando pasturas en Febrero: Recomendaciones para Santiago del Estero. Mortandad de pasturas de Gatton panic\u2026","rel":"","context":"En \u00abAgricultura\u00bb","img":{"alt_text":"","src":"https:\/\/i1.wp.com\/www.campoparatodos.com.ar\/wp-content\/uploads\/2021\/03\/Tapa-R-156-713x1024.jpg?resize=350%2C200&ssl=1","width":350,"height":200},"classes":[]},{"id":2207,"url":"https:\/\/test.cookdigital.net\/campoparatodos\/2022\/11\/04\/la-campana-algodonera-pinta-bien\/","url_meta":{"origin":1268,"position":4},"title":"La campa\u00f1a algodonera pinta bien","date":"noviembre 4, 2022","format":false,"excerpt":"Entrevista al especialista y referente en el cultivo de Algod\u00f3n, Ing. Mario Mondino, para que nos de su visi\u00f3n sobre la campa\u00f1a algodonera que se inicia. Lanzada ya la campa\u00f1a de algod\u00f3n, en el \u00e1rea de riego, con el riego largado. La campa\u00f1a, al menos en comentarios aparece como buena,\u2026","rel":"","context":"En \u00abAgricultura\u00bb","img":{"alt_text":"","src":"https:\/\/i0.wp.com\/www.campoparatodos.com.ar\/wp-content\/uploads\/2022\/11\/IMG_3517_PerfectlyClear-1024x682.jpg?resize=350%2C200&ssl=1","width":350,"height":200},"classes":[]},{"id":2028,"url":"https:\/\/test.cookdigital.net\/campoparatodos\/2022\/08\/06\/algodon\/","url_meta":{"origin":1268,"position":5},"title":"Algod\u00f3n","date":"agosto 6, 2022","format":false,"excerpt":"Finaliza una dura campa\u00f1a 21\/22 en el \u00e1rea de riego Finaliza la campa\u00f1a algodonera 2021-2022 en el \u00e1rea de riego del R\u00edo Dulce, con grandes inconvenientes clim\u00e1ticos y errores humanos que se deber\u00e1n corregir. Conversamos con el Ing. Agr. Carlos Mitre para que nos cuente sus apreciaciones sobre la misma.\u2026","rel":"","context":"En \u00abAgricultura\u00bb","img":{"alt_text":"","src":"https:\/\/i1.wp.com\/www.campoparatodos.com.ar\/wp-content\/uploads\/2022\/08\/el-ator_PerfectlyClear-1024x485.jpg?resize=350%2C200&ssl=1","width":350,"height":200},"classes":[]}],"_links":{"self":[{"href":"https:\/\/test.cookdigital.net\/campoparatodos\/wp-json\/wp\/v2\/posts\/1268"}],"collection":[{"href":"https:\/\/test.cookdigital.net\/campoparatodos\/wp-json\/wp\/v2\/posts"}],"about":[{"href":"https:\/\/test.cookdigital.net\/campoparatodos\/wp-json\/wp\/v2\/types\/post"}],"author":[{"embeddable":true,"href":"https:\/\/test.cookdigital.net\/campoparatodos\/wp-json\/wp\/v2\/users\/1"}],"replies":[{"embeddable":true,"href":"https:\/\/test.cookdigital.net\/campoparatodos\/wp-json\/wp\/v2\/comments?post=1268"}],"version-history":[{"count":4,"href":"https:\/\/test.cookdigital.net\/campoparatodos\/wp-json\/wp\/v2\/posts\/1268\/revisions"}],"predecessor-version":[{"id":1283,"href":"https:\/\/test.cookdigital.net\/campoparatodos\/wp-json\/wp\/v2\/posts\/1268\/revisions\/1283"}],"wp:attachment":[{"href":"https:\/\/test.cookdigital.net\/campoparatodos\/wp-json\/wp\/v2\/media?parent=1268"}],"wp:term":[{"taxonomy":"category","embeddable":true,"href":"https:\/\/test.cookdigital.net\/campoparatodos\/wp-json\/wp\/v2\/categories?post=1268"},{"taxonomy":"post_tag","embeddable":true,"href":"https:\/\/test.cookdigital.net\/campoparatodos\/wp-json\/wp\/v2\/tags?post=1268"}],"curies":[{"name":"wp","href":"https:\/\/api.w.org\/{rel}","templated":true}]}}