{"id":1223,"date":"2021-01-21T13:48:01","date_gmt":"2021-01-21T13:48:01","guid":{"rendered":"https:\/\/www.campoparatodos.com.ar\/?p=1223"},"modified":"2021-01-21T13:48:01","modified_gmt":"2021-01-21T13:48:01","slug":"8-de-cada-10-argentinos-creen-que-la-carne-vacuna-es-saludable","status":"publish","type":"post","link":"https:\/\/test.cookdigital.net\/campoparatodos\/2021\/01\/21\/8-de-cada-10-argentinos-creen-que-la-carne-vacuna-es-saludable\/","title":{"rendered":"8 de cada 10 argentinos creen que la carne vacuna es saludable"},"content":{"rendered":"<h3><strong>El dato se desprende de un estudio de mercado del Instituto de Promoci\u00f3n de la Carne Vacuna Argentina (IPCVA). <\/strong><\/h3>\n<p><strong>Nota de an\u00e1lisis de Adrian Bifaretti* y Eugenia Brusca**.<\/strong><\/p>\n<p>Es un mundo en el que avanzan nuevas conductas alimentarias que sostienen que dejando de comer carne se logra un mejor bienestar f\u00edsico y mental -muchas veces infundadas-, la mayor\u00eda de los argentinos conf\u00eda en que la carne vacuna argentina es un producto saludable. En ese marco, la carne tiene todo a favor para revalorizarse.<\/p>\n<p><img data-attachment-id=\"1227\" data-permalink=\"https:\/\/test.cookdigital.net\/campoparatodos\/2021\/01\/21\/8-de-cada-10-argentinos-creen-que-la-carne-vacuna-es-saludable\/beef-623465_1920\/#main\" data-orig-file=\"https:\/\/i2.wp.com\/test.cookdigital.net\/campoparatodos\/wp-content\/uploads\/2021\/01\/beef-623465_1920.jpg?fit=1920%2C1280&amp;ssl=1\" data-orig-size=\"1920,1280\" data-comments-opened=\"1\" data-image-meta=\"{&quot;aperture&quot;:&quot;0&quot;,&quot;credit&quot;:&quot;&quot;,&quot;camera&quot;:&quot;&quot;,&quot;caption&quot;:&quot;&quot;,&quot;created_timestamp&quot;:&quot;0&quot;,&quot;copyright&quot;:&quot;&quot;,&quot;focal_length&quot;:&quot;0&quot;,&quot;iso&quot;:&quot;0&quot;,&quot;shutter_speed&quot;:&quot;0&quot;,&quot;title&quot;:&quot;&quot;,&quot;orientation&quot;:&quot;0&quot;}\" data-image-title=\"beef-623465_1920\" data-image-description=\"\" data-medium-file=\"https:\/\/i2.wp.com\/test.cookdigital.net\/campoparatodos\/wp-content\/uploads\/2021\/01\/beef-623465_1920.jpg?fit=300%2C200&amp;ssl=1\" data-large-file=\"https:\/\/i2.wp.com\/test.cookdigital.net\/campoparatodos\/wp-content\/uploads\/2021\/01\/beef-623465_1920.jpg?fit=1024%2C683&amp;ssl=1\" loading=\"lazy\" class=\"aligncenter size-large wp-image-1227\" src=\"https:\/\/i1.wp.com\/www.campoparatodos.com.ar\/wp-content\/uploads\/2021\/01\/beef-623465_1920-1024x683.jpg?resize=1024%2C683&#038;ssl=1\" alt=\"\" width=\"1024\" height=\"683\" srcset=\"https:\/\/i2.wp.com\/test.cookdigital.net\/campoparatodos\/wp-content\/uploads\/2021\/01\/beef-623465_1920.jpg?resize=1024%2C683&amp;ssl=1 1024w, https:\/\/i2.wp.com\/test.cookdigital.net\/campoparatodos\/wp-content\/uploads\/2021\/01\/beef-623465_1920.jpg?resize=300%2C200&amp;ssl=1 300w, https:\/\/i2.wp.com\/test.cookdigital.net\/campoparatodos\/wp-content\/uploads\/2021\/01\/beef-623465_1920.jpg?resize=768%2C512&amp;ssl=1 768w, https:\/\/i2.wp.com\/test.cookdigital.net\/campoparatodos\/wp-content\/uploads\/2021\/01\/beef-623465_1920.jpg?resize=272%2C182&amp;ssl=1 272w, https:\/\/i2.wp.com\/test.cookdigital.net\/campoparatodos\/wp-content\/uploads\/2021\/01\/beef-623465_1920.jpg?w=1920&amp;ssl=1 1920w\" sizes=\"(max-width: 1024px) 100vw, 1024px\" data-recalc-dims=\"1\" \/><\/p>\n<p><!--more-->As\u00ed se desprende de los resultados del estudio de mercado que lleva adelante el Instituto de Promoci\u00f3n de la Carne Vacuna Argentina a trav\u00e9s de un panel ONLINE. Se trata de una encuesta bimensual representativa de todo el pa\u00eds con una muestra de 1100 casos. La investigaci\u00f3n se\u00f1ala que el 77 % de las personas tiene una opini\u00f3n favorable sobre la carne y su salubridad. S\u00f3lo un 23% respondieron que la carne no es saludable.<\/p>\n<p>Profundizar el conocimiento de las tendencias en estilos de vida y h\u00e1bitos de la demanda y la forma en que piensa y act\u00faa el consumidor ayuda a entender por qu\u00e9 se producen ciertos fen\u00f3menos de consumo. Emergen entonces explicaciones que van m\u00e1s all\u00e1 de razones estrictamente econ\u00f3micas, tales como el poder adquisitivo de la gente o los precios de los diferentes alimentos.<\/p>\n<p>Las redes sociales hoy en d\u00eda son un fiel reflejo de la forma de pensar y actuar de la gente. El conocimiento de a quien siguen las personas en las redes sociales permite inferir sobre sus intereses, preferencias y las opiniones de la gente por distintos temas. De hecho, las principales comunidades digitales argentinas se constituyen sobre la base de gente conocida (cantantes, celebridades, influencers, etc) que marcan el rumbo en un marco de incertidumbre y falta de confianza cada vez mayor. Los medios de comunicaci\u00f3n y las propias marcas o productos en particular siguen en orden de importancia, pero los \u201cfamosos\u201d han tomado una ventaja importante en esta era de la distracci\u00f3n (Figura 1).<\/p>\n<figure id=\"attachment_1225\" aria-describedby=\"caption-attachment-1225\" style=\"width: 1014px\" class=\"wp-caption aligncenter\"><img data-attachment-id=\"1225\" data-permalink=\"https:\/\/test.cookdigital.net\/campoparatodos\/2021\/01\/21\/8-de-cada-10-argentinos-creen-que-la-carne-vacuna-es-saludable\/cuadro-1\/#main\" data-orig-file=\"https:\/\/i0.wp.com\/test.cookdigital.net\/campoparatodos\/wp-content\/uploads\/2021\/01\/Cuadro-1.jpg?fit=4000%2C2250&amp;ssl=1\" data-orig-size=\"4000,2250\" data-comments-opened=\"1\" data-image-meta=\"{&quot;aperture&quot;:&quot;0&quot;,&quot;credit&quot;:&quot;&quot;,&quot;camera&quot;:&quot;&quot;,&quot;caption&quot;:&quot;&quot;,&quot;created_timestamp&quot;:&quot;0&quot;,&quot;copyright&quot;:&quot;&quot;,&quot;focal_length&quot;:&quot;0&quot;,&quot;iso&quot;:&quot;0&quot;,&quot;shutter_speed&quot;:&quot;0&quot;,&quot;title&quot;:&quot;&quot;,&quot;orientation&quot;:&quot;0&quot;}\" data-image-title=\"Cuadro 1\" data-image-description=\"\" data-medium-file=\"https:\/\/i0.wp.com\/test.cookdigital.net\/campoparatodos\/wp-content\/uploads\/2021\/01\/Cuadro-1.jpg?fit=300%2C169&amp;ssl=1\" data-large-file=\"https:\/\/i0.wp.com\/test.cookdigital.net\/campoparatodos\/wp-content\/uploads\/2021\/01\/Cuadro-1.jpg?fit=1024%2C576&amp;ssl=1\" loading=\"lazy\" class=\"wp-image-1225 size-large\" src=\"https:\/\/i1.wp.com\/www.campoparatodos.com.ar\/wp-content\/uploads\/2021\/01\/Cuadro-1-1024x576.jpg?resize=1024%2C576&#038;ssl=1\" alt=\"\" width=\"1024\" height=\"576\" srcset=\"https:\/\/i0.wp.com\/test.cookdigital.net\/campoparatodos\/wp-content\/uploads\/2021\/01\/Cuadro-1.jpg?resize=1024%2C576&amp;ssl=1 1024w, https:\/\/i0.wp.com\/test.cookdigital.net\/campoparatodos\/wp-content\/uploads\/2021\/01\/Cuadro-1.jpg?resize=300%2C169&amp;ssl=1 300w, https:\/\/i0.wp.com\/test.cookdigital.net\/campoparatodos\/wp-content\/uploads\/2021\/01\/Cuadro-1.jpg?resize=768%2C432&amp;ssl=1 768w, https:\/\/i0.wp.com\/test.cookdigital.net\/campoparatodos\/wp-content\/uploads\/2021\/01\/Cuadro-1.jpg?w=2400&amp;ssl=1 2400w, https:\/\/i0.wp.com\/test.cookdigital.net\/campoparatodos\/wp-content\/uploads\/2021\/01\/Cuadro-1.jpg?w=3600&amp;ssl=1 3600w\" sizes=\"(max-width: 1024px) 100vw, 1024px\" data-recalc-dims=\"1\" \/><figcaption id=\"caption-attachment-1225\" class=\"wp-caption-text\">Figura 1<\/figcaption><\/figure>\n<p>La fama de los influencers tiene cada vez m\u00e1s peso en el marketing porque estos actores de las redes influyen en la forma en que las personas toman diferentes decisiones sobre su vida cotidiana. Act\u00faan como un verdadero im\u00e1n para aquellos j\u00f3venes en busca de consejos o simplemente conexi\u00f3n. Muchas veces no importa chequear los contenidos. Es m\u00e1s, a veces esta informaci\u00f3n se viraliza o se comparte sin revisar la evidencia cient\u00edfica de lo que se dice, de lo que se opina, o lo que es peor, se recomienda.<\/p>\n<p>En este contexto, cuando se le pregunta a la gente si reemplazar\u00eda a la carne vacuna al enterarse de noticias negativas vistas o escuchadas en redes sociales, un 21 % de los encuestados opina que podr\u00eda reemplazarla al tomar conocimiento de noticias que la cuestionen por temas de salud. (Fig 2). Alg\u00fan comportamiento parecido, o inclusive m\u00e1s manifiesto, podr\u00eda darse ante cuestionamientos vinculados al maltrato animal o el tema medioambiental.<\/p>\n<p>&nbsp;<\/p>\n<p>&nbsp;<\/p>\n<figure id=\"attachment_1224\" aria-describedby=\"caption-attachment-1224\" style=\"width: 1014px\" class=\"wp-caption aligncenter\"><img data-attachment-id=\"1224\" data-permalink=\"https:\/\/test.cookdigital.net\/campoparatodos\/2021\/01\/21\/8-de-cada-10-argentinos-creen-que-la-carne-vacuna-es-saludable\/cuadro-2\/#main\" data-orig-file=\"https:\/\/i0.wp.com\/test.cookdigital.net\/campoparatodos\/wp-content\/uploads\/2021\/01\/Cuadro-2.jpg?fit=4000%2C2250&amp;ssl=1\" data-orig-size=\"4000,2250\" data-comments-opened=\"1\" data-image-meta=\"{&quot;aperture&quot;:&quot;0&quot;,&quot;credit&quot;:&quot;&quot;,&quot;camera&quot;:&quot;&quot;,&quot;caption&quot;:&quot;&quot;,&quot;created_timestamp&quot;:&quot;0&quot;,&quot;copyright&quot;:&quot;&quot;,&quot;focal_length&quot;:&quot;0&quot;,&quot;iso&quot;:&quot;0&quot;,&quot;shutter_speed&quot;:&quot;0&quot;,&quot;title&quot;:&quot;&quot;,&quot;orientation&quot;:&quot;0&quot;}\" data-image-title=\"Cuadro 2\" data-image-description=\"\" data-medium-file=\"https:\/\/i0.wp.com\/test.cookdigital.net\/campoparatodos\/wp-content\/uploads\/2021\/01\/Cuadro-2.jpg?fit=300%2C169&amp;ssl=1\" data-large-file=\"https:\/\/i0.wp.com\/test.cookdigital.net\/campoparatodos\/wp-content\/uploads\/2021\/01\/Cuadro-2.jpg?fit=1024%2C576&amp;ssl=1\" loading=\"lazy\" class=\"size-large wp-image-1224\" src=\"https:\/\/i0.wp.com\/www.campoparatodos.com.ar\/wp-content\/uploads\/2021\/01\/Cuadro-2-1024x576.jpg?resize=1024%2C576&#038;ssl=1\" alt=\"\" width=\"1024\" height=\"576\" srcset=\"https:\/\/i0.wp.com\/test.cookdigital.net\/campoparatodos\/wp-content\/uploads\/2021\/01\/Cuadro-2.jpg?resize=1024%2C576&amp;ssl=1 1024w, https:\/\/i0.wp.com\/test.cookdigital.net\/campoparatodos\/wp-content\/uploads\/2021\/01\/Cuadro-2.jpg?resize=300%2C169&amp;ssl=1 300w, https:\/\/i0.wp.com\/test.cookdigital.net\/campoparatodos\/wp-content\/uploads\/2021\/01\/Cuadro-2.jpg?resize=768%2C432&amp;ssl=1 768w, https:\/\/i0.wp.com\/test.cookdigital.net\/campoparatodos\/wp-content\/uploads\/2021\/01\/Cuadro-2.jpg?w=2400&amp;ssl=1 2400w, https:\/\/i0.wp.com\/test.cookdigital.net\/campoparatodos\/wp-content\/uploads\/2021\/01\/Cuadro-2.jpg?w=3600&amp;ssl=1 3600w\" sizes=\"(max-width: 1024px) 100vw, 1024px\" data-recalc-dims=\"1\" \/><figcaption id=\"caption-attachment-1224\" class=\"wp-caption-text\">Figura 2<\/figcaption><\/figure>\n<p>Por ello, analizando y poniendo la lupa en c\u00f3mo los m\u00e1s j\u00f3venes forman opini\u00f3n sobre distintos temas, se vislumbra un cambio respecto a las generaciones de m\u00e1s edad. As\u00ed, el ciudadano com\u00fan y corriente de nuestro pa\u00eds, est\u00e1 convencido de que los adolescentes argentinos le creen m\u00e1s a los influencers que a los m\u00e9dicos cuando de temas de salud se trata. Un 80 % de las respuestas confirman esta creencia, versus un 20% de las respuestas que se inclinan por lo contrario.<\/p>\n<p>En el mismo sentido, cuando se pregunta a los habitantes del pa\u00eds del asado, cu\u00e1l es el grado de asesoramiento profesional, ya sea m\u00e9dico o nutricionista que cree respalda a aquellas personas que deciden inclinarse por una dieta vegana o vegetariana, hay m\u00e1s gente que piensa que no se cuenta con asesoramiento y supervisi\u00f3n desde este punto de vista profesional.<\/p>\n<p>La dieta, en las conductas alimentarias de los m\u00e1s j\u00f3venes, estar\u00eda cada vez m\u00e1s asociada a lo que se percibe y se interpreta como posibilidad o alternativa saludable. Lo que surge de comentarios de amigos o amigos de amigos o conocidos o en su defecto en funci\u00f3n de lo que se ve o escucha de parte de verdaderos \u201crecomendadores seriales\u201d en esta era digital tienen elevada influencia.<\/p>\n<p>La gran diferencia cuando comparamos con lo que un m\u00e9dico o nutricionista puede recomendar, opinar y analizar en las redes sociales, es que estos profesionales cuentan con respaldo y trayectoria cient\u00edfica. En cambio, muchas veces \u00a0las recomendaciones de los influencers suelen partir de experiencias personales. El conjunto de todo ello se traduce como un mantra en las nuevas generaciones de opini\u00f3n que muchas veces no cuentan con un respaldo cient\u00edfico que lo avale. Grave error.<\/p>\n<p>Este escenario constituye un verdadero desaf\u00edo para intentar aprovechar aquella imagen positiva de la carne vacuna argentina comentada anteriormente. Pensando en el futuro, puede ser preocupante que este punto fuerte pueda ir debilit\u00e1ndose cada vez m\u00e1s. La influencia del uso de las redes sociales en los procesos de formaci\u00f3n de opini\u00f3n de los m\u00e1s j\u00f3venes puede llegar a perjudicarla.<\/p>\n<p>La carne vacuna argentina est\u00e1 aprendiendo como muchos otros alimentos a \u201cconversar\u201d en las redes sociales. Como se ha dicho en otra oportunidad, los mercados son conversaciones\u2026 Comprender las posibles reacciones o conductas de la gente permite trazar mejores estrategias de comunicaci\u00f3n y promoci\u00f3n responsable contrarrestando la desinformaci\u00f3n, el desconocimiento, la falta de evidencia cient\u00edfica, las \u201cfake news\u201d y por qu\u00e9 no, los prejuicios o falsas creencias de la \u201cgente de la nube\u201d. Lamentablemente, en no pocas ocasiones esto es lo que sustenta la fama de influencers que solo buscan audiencia para lucrar a toda costa sin importar el da\u00f1o o las malas decisiones que pueden hacer tomar a una enorme masa de seguidores.<\/p>\n<p>Consciente del desaf\u00edo por delante el IPCVA redobla sus esfuerzos por concientizar a la poblaci\u00f3n sobre el rol de la carne vacuna en una dieta equilibrada. En este marco, una de las campa\u00f1as de marketing del IPCVA se focaliza en el eje de carne + salud.<\/p>\n<p>En este contexto, es importante resaltar que el camino no es f\u00e1cil pero vale la pena el esfuerzo y promover antes que nada, la libertad de elecci\u00f3n sobre nuestros alimentos. Que nadie se sienta presionado si algunos pretenden imponer ciertos h\u00e1bitos alimentarios.<\/p>\n<p>La carne vacuna no pretende formar parte y menos estar en el medio de ninguna grieta alimentaria. Por el contrario, entiende que tiene mucho para aportar a la uni\u00f3n de los argentinos.<\/p>\n<p>El asado es y seguir\u00e1 siendo un s\u00edmbolo de uni\u00f3n nacional, de juntadas, de reuniones con amigos y con la familia. Y por favor tengamos en claro que en un asado saludable hay, todo en su justa medida, una picada, cerveza, carne, vegetales, pan, vino, frutas y no deber\u00eda quedar excluido ning\u00fan alimento en particular. El asado argentino se siente y se vive, la carne es solo una excusa, hay ante todo, ganas de charlar, de compartir y de sentir.<\/p>\n<p>&nbsp;<\/p>\n<p>* <strong>Ing. Agr. M. Sc. Adrian Bifaretti, jefe de Departamento de Promoci\u00f3n Interna del IPCVA.<\/strong><\/p>\n<p>** <strong>Lic. Eugenia Brusca, asistente del Departamento de Promoci\u00f3n Interna IPCVA.<\/strong><\/p>\n<p><img data-attachment-id=\"1226\" data-permalink=\"https:\/\/test.cookdigital.net\/campoparatodos\/2021\/01\/21\/8-de-cada-10-argentinos-creen-que-la-carne-vacuna-es-saludable\/meat-181201_1920\/#main\" data-orig-file=\"https:\/\/i1.wp.com\/test.cookdigital.net\/campoparatodos\/wp-content\/uploads\/2021\/01\/meat-181201_1920.jpg?fit=1920%2C1440&amp;ssl=1\" data-orig-size=\"1920,1440\" data-comments-opened=\"1\" data-image-meta=\"{&quot;aperture&quot;:&quot;0&quot;,&quot;credit&quot;:&quot;&quot;,&quot;camera&quot;:&quot;&quot;,&quot;caption&quot;:&quot;&quot;,&quot;created_timestamp&quot;:&quot;0&quot;,&quot;copyright&quot;:&quot;&quot;,&quot;focal_length&quot;:&quot;0&quot;,&quot;iso&quot;:&quot;0&quot;,&quot;shutter_speed&quot;:&quot;0&quot;,&quot;title&quot;:&quot;&quot;,&quot;orientation&quot;:&quot;0&quot;}\" data-image-title=\"meat-181201_1920\" data-image-description=\"\" data-medium-file=\"https:\/\/i1.wp.com\/test.cookdigital.net\/campoparatodos\/wp-content\/uploads\/2021\/01\/meat-181201_1920.jpg?fit=300%2C225&amp;ssl=1\" data-large-file=\"https:\/\/i1.wp.com\/test.cookdigital.net\/campoparatodos\/wp-content\/uploads\/2021\/01\/meat-181201_1920.jpg?fit=1024%2C768&amp;ssl=1\" loading=\"lazy\" class=\"aligncenter size-large wp-image-1226\" src=\"https:\/\/i0.wp.com\/www.campoparatodos.com.ar\/wp-content\/uploads\/2021\/01\/meat-181201_1920-1024x768.jpg?resize=1024%2C768&#038;ssl=1\" alt=\"\" width=\"1024\" height=\"768\" srcset=\"https:\/\/i1.wp.com\/test.cookdigital.net\/campoparatodos\/wp-content\/uploads\/2021\/01\/meat-181201_1920.jpg?resize=1024%2C768&amp;ssl=1 1024w, https:\/\/i1.wp.com\/test.cookdigital.net\/campoparatodos\/wp-content\/uploads\/2021\/01\/meat-181201_1920.jpg?resize=300%2C225&amp;ssl=1 300w, https:\/\/i1.wp.com\/test.cookdigital.net\/campoparatodos\/wp-content\/uploads\/2021\/01\/meat-181201_1920.jpg?resize=768%2C576&amp;ssl=1 768w, https:\/\/i1.wp.com\/test.cookdigital.net\/campoparatodos\/wp-content\/uploads\/2021\/01\/meat-181201_1920.jpg?w=1920&amp;ssl=1 1920w\" sizes=\"(max-width: 1024px) 100vw, 1024px\" data-recalc-dims=\"1\" \/><\/p>\n","protected":false},"excerpt":{"rendered":"<p>El dato se desprende de un estudio de mercado del Instituto de Promoci\u00f3n de la Carne Vacuna Argentina (IPCVA). Nota de an\u00e1lisis de Adrian Bifaretti* y Eugenia Brusca**. Es un mundo en el que avanzan nuevas conductas alimentarias que sostienen que dejando de comer carne se logra un mejor bienestar f\u00edsico y mental -muchas veces &#8230; <a title=\"8 de cada 10 argentinos creen que la carne vacuna es saludable\" class=\"read-more\" href=\"https:\/\/test.cookdigital.net\/campoparatodos\/2021\/01\/21\/8-de-cada-10-argentinos-creen-que-la-carne-vacuna-es-saludable\/\" aria-label=\"M\u00e1s en 8 de cada 10 argentinos creen que la carne vacuna es saludable\">Leer m\u00e1s<\/a><\/p>\n","protected":false},"author":1,"featured_media":0,"comment_status":"closed","ping_status":"open","sticky":false,"template":"","format":"standard","meta":{"spay_email":"","jetpack_publicize_message":"","jetpack_is_tweetstorm":false},"categories":[168],"tags":[42,170,169,171],"jetpack_featured_media_url":"","jetpack_publicize_connections":[],"jetpack_sharing_enabled":true,"jetpack_shortlink":"https:\/\/wp.me\/p9m0DJ-jJ","jetpack_likes_enabled":true,"jetpack-related-posts":[{"id":2419,"url":"https:\/\/test.cookdigital.net\/campoparatodos\/2023\/03\/30\/jorge-grimberg-es-el-nuevo-presidente-del-ipcva\/","url_meta":{"origin":1223,"position":0},"title":"Jorge Grimberg es el nuevo presidente del IPCVA","date":"marzo 30, 2023","format":false,"excerpt":"Se decidi\u00f3 en la Asamblea Anual Ordinaria del Instituto de Promoci\u00f3n de la Carne Vacuna Argentina (IPCVA). En el marco de la Asamblea Anual Ordinaria del Instituto de Promoci\u00f3n de la Carne Vacuna Argentina (IPCVA) que se realiz\u00f3 este 29 de marzo de 2023, las entidades agropecuarias eligieron por unanimidad\u2026","rel":"","context":"En \u00abInstituciones y empresas\u00bb","img":{"alt_text":"","src":"https:\/\/i0.wp.com\/www.campoparatodos.com.ar\/wp-content\/uploads\/2023\/03\/Foto-5-1024x768.jpg?resize=350%2C200&ssl=1","width":350,"height":200},"classes":[]},{"id":1814,"url":"https:\/\/test.cookdigital.net\/campoparatodos\/2022\/02\/24\/el-ipcva-enmarcara-el-espacio-ganadero-de-expoagro\/","url_meta":{"origin":1223,"position":1},"title":"El IPCVA enmarcar\u00e1 el espacio ganadero de Expoagro","date":"febrero 24, 2022","format":false,"excerpt":"Fortaleciendo la actividad ganadera de los productores argentinos, el Instituto de Promoci\u00f3n de la Carne Vacuna Argentina (IPCVA) estar\u00e1 presente una vez m\u00e1s del 8 al 11 de marzo, en el predio y aut\u00f3dromo de San Nicol\u00e1s. \u201cPara nosotros es un placer estar presentes y acompa\u00f1ar a Expoagro\u201d, asegur\u00f3 el\u2026","rel":"","context":"En \u00abGanader\u00eda\u00bb","img":{"alt_text":"","src":"https:\/\/i0.wp.com\/www.campoparatodos.com.ar\/wp-content\/uploads\/2022\/02\/carnesustentableconsello.jpg?resize=350%2C200&ssl=1","width":350,"height":200},"classes":[]},{"id":1235,"url":"https:\/\/test.cookdigital.net\/campoparatodos\/2021\/02\/05\/la-peor-faena-de-los-ultimos-42-anos\/","url_meta":{"origin":1223,"position":2},"title":"\"La peor faena de los \u00faltimos 42 a\u00f1os\"","date":"febrero 5, 2021","format":false,"excerpt":"En enero de 2021 la faena de hacienda vacuna se ubic\u00f3 levemente por encima del mill\u00f3n de cabezas. Fue uno de los peores eneros de los \u00faltimos 42 a\u00f1os. El factor principal fue la ca\u00edda de oferta de la hacienda terminada, afectada tambi\u00e9n por los conflictos gremiales de los transportistas.\u2026","rel":"","context":"En \u00abGanader\u00eda\u00bb","img":{"alt_text":"","src":"https:\/\/i2.wp.com\/www.campoparatodos.com.ar\/wp-content\/uploads\/2021\/02\/ipcva_jornadacasilda-1024x384.jpg?resize=350%2C200&ssl=1","width":350,"height":200},"classes":[]},{"id":1183,"url":"https:\/\/test.cookdigital.net\/campoparatodos\/2020\/12\/17\/juan-jose-grigera-naon-es-el-nuevo-presidente-del-ipcva\/","url_meta":{"origin":1223,"position":3},"title":"JUAN JOS\u00c9 GRIGERA NA\u00d3N ES EL NUEVO PRESIDENTE DEL IPCVA","date":"diciembre 17, 2020","format":false,"excerpt":"Se decidi\u00f3 en la Asamblea Anual Ordinaria del Instituto de Promoci\u00f3n de la Carne Vacuna Argentina (IPCVA). El Vicepresidente ser\u00e1 Mario Ravettino. En el marco de la Asamblea Anual Ordinaria del Instituto de Promoci\u00f3n de la Carne Vacuna Argentina (IPCVA) en la que se aprob\u00f3 memoria, balance y plan anual\u2026","rel":"","context":"En \u00abSin categor\u00eda\u00bb","img":{"alt_text":"","src":"https:\/\/i0.wp.com\/www.campoparatodos.com.ar\/wp-content\/uploads\/2020\/12\/NUEVO-PTE-IPCVA-282x300.jpg?resize=350%2C200&ssl=1","width":350,"height":200},"classes":[]},{"id":1521,"url":"https:\/\/test.cookdigital.net\/campoparatodos\/2021\/08\/19\/se-viene-una-nueva-edicion-de-expobra-en-santiago-del-estero\/","url_meta":{"origin":1223,"position":4},"title":"Se viene una nueva edici\u00f3n de EXPOBRA en Santiago del Estero","date":"agosto 19, 2021","format":false,"excerpt":"Se realizar\u00e1 del 15 al 17 de septiembre, con la mejor gen\u00e9tica Brahman, Braford y Brangus. Este a\u00f1o ser\u00e1 la edici\u00f3n n\u00b0 14 de la muestra organizada por las Asociaciones de criadores de las razas Brahman, Braford y Brangus, patrocinada por el Gobierno de Santiago del Estero. Como siempre, se\u2026","rel":"","context":"En \u00abEventos\u00bb","img":{"alt_text":"","src":"https:\/\/i1.wp.com\/www.campoparatodos.com.ar\/wp-content\/uploads\/2021\/08\/flyer-1-734x1024.jpeg?resize=350%2C200&ssl=1","width":350,"height":200},"classes":[]},{"id":1118,"url":"https:\/\/test.cookdigital.net\/campoparatodos\/2020\/11\/17\/la-hora-de-los-jovenes-en-la-carne-argentina\/","url_meta":{"origin":1223,"position":5},"title":"\u201cLa hora de los j\u00f3venes en la carne argentina\u201d","date":"noviembre 17, 2020","format":false,"excerpt":"Con un programa in\u00e9dito para el sector, se viene una doble jornada virtual del IPCVA, el 24 y 25 de noviembre. Las voces m\u00e1s j\u00f3venes de la cadena de ganados y carnes debatir\u00e1n perspectivas y nuevas tendencias. La conexi\u00f3n ser\u00e1 gratuita pero con cupos limitados. EL PROGRAMA ES EL SIGUIENTE:\u2026","rel":"","context":"En \u00abGanader\u00eda\u00bb","img":{"alt_text":"","src":"https:\/\/i2.wp.com\/www.campoparatodos.com.ar\/wp-content\/uploads\/2020\/11\/PROGRAMA-LA-HORA-DE-LOS-J\u00c3\u0093VENES-EN-LA-CARNE-ARGENTINA.jpg?resize=350%2C200&ssl=1","width":350,"height":200},"classes":[]}],"_links":{"self":[{"href":"https:\/\/test.cookdigital.net\/campoparatodos\/wp-json\/wp\/v2\/posts\/1223"}],"collection":[{"href":"https:\/\/test.cookdigital.net\/campoparatodos\/wp-json\/wp\/v2\/posts"}],"about":[{"href":"https:\/\/test.cookdigital.net\/campoparatodos\/wp-json\/wp\/v2\/types\/post"}],"author":[{"embeddable":true,"href":"https:\/\/test.cookdigital.net\/campoparatodos\/wp-json\/wp\/v2\/users\/1"}],"replies":[{"embeddable":true,"href":"https:\/\/test.cookdigital.net\/campoparatodos\/wp-json\/wp\/v2\/comments?post=1223"}],"version-history":[{"count":1,"href":"https:\/\/test.cookdigital.net\/campoparatodos\/wp-json\/wp\/v2\/posts\/1223\/revisions"}],"predecessor-version":[{"id":1228,"href":"https:\/\/test.cookdigital.net\/campoparatodos\/wp-json\/wp\/v2\/posts\/1223\/revisions\/1228"}],"wp:attachment":[{"href":"https:\/\/test.cookdigital.net\/campoparatodos\/wp-json\/wp\/v2\/media?parent=1223"}],"wp:term":[{"taxonomy":"category","embeddable":true,"href":"https:\/\/test.cookdigital.net\/campoparatodos\/wp-json\/wp\/v2\/categories?post=1223"},{"taxonomy":"post_tag","embeddable":true,"href":"https:\/\/test.cookdigital.net\/campoparatodos\/wp-json\/wp\/v2\/tags?post=1223"}],"curies":[{"name":"wp","href":"https:\/\/api.w.org\/{rel}","templated":true}]}}