{"id":1173,"date":"2020-12-15T22:55:49","date_gmt":"2020-12-15T22:55:49","guid":{"rendered":"https:\/\/www.campoparatodos.com.ar\/?p=1173"},"modified":"2020-12-15T23:03:28","modified_gmt":"2020-12-15T23:03:28","slug":"revista-campo-para-todos-n-143","status":"publish","type":"post","link":"https:\/\/test.cookdigital.net\/campoparatodos\/2020\/12\/15\/revista-campo-para-todos-n-143\/","title":{"rendered":"Revista Campo para Todos N\u00b0 153"},"content":{"rendered":"<h2><span style=\"color: #0000ff;\"><strong>Lee la revista tocando la imagen de la tapa \u21d3<a href=\"https:\/\/online.fliphtml5.com\/yuzt\/fdfj\/\"><img data-attachment-id=\"1174\" data-permalink=\"https:\/\/test.cookdigital.net\/campoparatodos\/2020\/12\/15\/revista-campo-para-todos-n-143\/cpt-template-61\/#main\" data-orig-file=\"https:\/\/i1.wp.com\/test.cookdigital.net\/campoparatodos\/wp-content\/uploads\/2020\/12\/Tapa-143.jpg?fit=768%2C1103&amp;ssl=1\" data-orig-size=\"768,1103\" data-comments-opened=\"1\" data-image-meta=\"{&quot;aperture&quot;:&quot;0&quot;,&quot;credit&quot;:&quot;carlos&quot;,&quot;camera&quot;:&quot;&quot;,&quot;caption&quot;:&quot;cpt-template&quot;,&quot;created_timestamp&quot;:&quot;1606766096&quot;,&quot;copyright&quot;:&quot;&quot;,&quot;focal_length&quot;:&quot;0&quot;,&quot;iso&quot;:&quot;0&quot;,&quot;shutter_speed&quot;:&quot;0&quot;,&quot;title&quot;:&quot;cpt-template&quot;,&quot;orientation&quot;:&quot;0&quot;}\" data-image-title=\"cpt-template\" data-image-description=\"\" data-medium-file=\"https:\/\/i1.wp.com\/test.cookdigital.net\/campoparatodos\/wp-content\/uploads\/2020\/12\/Tapa-143.jpg?fit=209%2C300&amp;ssl=1\" data-large-file=\"https:\/\/i1.wp.com\/test.cookdigital.net\/campoparatodos\/wp-content\/uploads\/2020\/12\/Tapa-143.jpg?fit=713%2C1024&amp;ssl=1\" loading=\"lazy\" class=\"alignright size-medium wp-image-1174\" src=\"https:\/\/i0.wp.com\/www.campoparatodos.com.ar\/wp-content\/uploads\/2020\/12\/Tapa-143-209x300.jpg?resize=209%2C300&#038;ssl=1\" alt=\"\" width=\"209\" height=\"300\" srcset=\"https:\/\/i1.wp.com\/test.cookdigital.net\/campoparatodos\/wp-content\/uploads\/2020\/12\/Tapa-143.jpg?resize=209%2C300&amp;ssl=1 209w, https:\/\/i1.wp.com\/test.cookdigital.net\/campoparatodos\/wp-content\/uploads\/2020\/12\/Tapa-143.jpg?w=768&amp;ssl=1 768w, https:\/\/i1.wp.com\/test.cookdigital.net\/campoparatodos\/wp-content\/uploads\/2020\/12\/Tapa-143.jpg?resize=713%2C1024&amp;ssl=1 713w\" sizes=\"(max-width: 209px) 100vw, 209px\" data-recalc-dims=\"1\" \/><\/a><\/strong><\/span><\/h2>\n<p>T\u00cdTULOS DE LA EDICI\u00d3N N\u00b0153.<\/p>\n<ul>\n<li>Producci\u00f3n sustentable, oportunidades y nuevas tecnolog\u00edas: la mirada de los j\u00f3venes ganaderos.<\/li>\n<li>Carne argentina: oportunidades, inteligencia artificial y gesti\u00f3n de desperdicios.<\/li>\n<li>Mercado de la carne.<\/li>\n<li>Ser responsable en el uso de antibi\u00f3ticos para prevenir la resistencia.<\/li>\n<li>Las 4 Cadenas cerraron el a\u00f1o con un encuentro virtual.<\/li>\n<li>INTACTA, la mejor soluci\u00f3n ante el desaf\u00edo de aumentar los rindes en soja.<\/li>\n<li>3er. Congreso Internacional Gran Chaco Americano. Federalismo y Desarrollo Territorial.<\/li>\n<li>Emergencia Agropecuaria por Sequ\u00eda.<\/li>\n<li>Licitaci\u00f3n P\u00fablica para la Construcci\u00f3n del Nuevo Canal de La Patria.<\/li>\n<li>Desbaratan matadero clandestino y decomisan carne bovina.<\/li>\n<li>Curso de capacitaci\u00f3n para detecci\u00f3n de triquinosis en la especie porcina.<\/li>\n<li>Las semillas no vuelan, las acerca un amigo promotor voluntario.<\/li>\n<li>Control biol\u00f3gico en el cultivo de algod\u00f3n. Conociendo a los \u201cbichos buenos\u201d<\/li>\n<\/ul>\n","protected":false},"excerpt":{"rendered":"<p>Lee la revista tocando la imagen de la tapa \u21d3 T\u00cdTULOS DE LA EDICI\u00d3N N\u00b0153. Producci\u00f3n sustentable, oportunidades y nuevas tecnolog\u00edas: la mirada de los j\u00f3venes ganaderos. Carne argentina: oportunidades, inteligencia artificial y gesti\u00f3n de desperdicios. Mercado de la carne. Ser responsable en el uso de antibi\u00f3ticos para prevenir la resistencia. Las 4 Cadenas cerraron &#8230; <a title=\"Revista Campo para Todos N\u00b0 153\" class=\"read-more\" href=\"https:\/\/test.cookdigital.net\/campoparatodos\/2020\/12\/15\/revista-campo-para-todos-n-143\/\" aria-label=\"M\u00e1s en Revista Campo para Todos N\u00b0 153\">Leer m\u00e1s<\/a><\/p>\n","protected":false},"author":1,"featured_media":0,"comment_status":"closed","ping_status":"open","sticky":false,"template":"","format":"standard","meta":{"spay_email":"","jetpack_publicize_message":"","jetpack_is_tweetstorm":false},"categories":[7,18,5,8,10,124,6,4],"tags":[126,162,148,17],"jetpack_featured_media_url":"","jetpack_publicize_connections":[],"jetpack_sharing_enabled":true,"jetpack_shortlink":"https:\/\/wp.me\/p9m0DJ-iV","jetpack_likes_enabled":true,"jetpack-related-posts":[{"id":2233,"url":"https:\/\/test.cookdigital.net\/campoparatodos\/2022\/11\/22\/revista-campo-para-todos-n-176\/","url_meta":{"origin":1173,"position":0},"title":"Revista Campo para Todos N\u00b0 176","date":"noviembre 22, 2022","format":false,"excerpt":"TITULOS DE TAPA: Riego en Algod\u00f3n: \u00bfEl agua en el momento justo?. - Caba\u00f1a La Legua realiz\u00f3 su primer remate. - Apicultura: Manejo de apiarios en \u00e9pocas de sequ\u00eda. - Asumieron los directores del INTA Santiago del Estero y Quimil\u00ed. REVISTA DIGITAL DISPONIBLE. PARA LEERLA GRATIS TOQUE LA FOTO TITULOS\u2026","rel":"","context":"En \u00abAgricultura\u00bb","img":{"alt_text":"","src":"https:\/\/i0.wp.com\/www.campoparatodos.com.ar\/wp-content\/uploads\/2022\/11\/TAPA-REVISTA-176-713x1024.jpg?resize=350%2C200&ssl=1","width":350,"height":200},"classes":[]},{"id":1419,"url":"https:\/\/test.cookdigital.net\/campoparatodos\/2021\/06\/11\/revista-campo-para-todos-n-159\/","url_meta":{"origin":1173,"position":1},"title":"Revista Campo para Todos N\u00b0 159","date":"junio 11, 2021","format":false,"excerpt":"En esta edici\u00f3n: Cierre de campa\u00f1a algodonera en el \u00e1rea de riego del R\u00edo Dulce. Suspensi\u00f3n de exportaciones de carne. Semillas de alfalfa. Enfermedades infecciosas en los feedlot.\u00a0 !Y mucha m\u00e1s informaci\u00f3n\u00a1 \u21d3\u21d3 Para leerla solo tienes que tocar la foto de tapa \u21d3\u21d3","rel":"","context":"En \u00abAgricultura\u00bb","img":{"alt_text":"","src":"https:\/\/i1.wp.com\/www.campoparatodos.com.ar\/wp-content\/uploads\/2021\/06\/TAPA-R159-713x1024.jpg?resize=350%2C200&ssl=1","width":350,"height":200},"classes":[]},{"id":1206,"url":"https:\/\/test.cookdigital.net\/campoparatodos\/2021\/01\/13\/revista-campo-para-todos-n-154\/","url_meta":{"origin":1173,"position":2},"title":"Revista Campo para Todos N\u00b0 154","date":"enero 13, 2021","format":false,"excerpt":"T\u00edtulos: Sin carne vacuna no existe una alimentaci\u00f3n saludable. Nuevos productos, nuevos cortes y el \u201cboom\u201d de las hamburguesas gourmet. Balance de la industria veterinaria 2020. Juan Jos\u00e9 Grigera Na\u00f3n es el nuevo presidente del IPCVA. Condici\u00f3n corporal al parto en la salida del invierno 2020. Mapas de suelo: una\u2026","rel":"","context":"En \u00abAgricultura\u00bb","img":{"alt_text":"","src":"https:\/\/i0.wp.com\/www.campoparatodos.com.ar\/wp-content\/uploads\/2021\/01\/TAPA-R-154-713x1024.jpg?resize=350%2C200&ssl=1","width":350,"height":200},"classes":[]},{"id":1469,"url":"https:\/\/test.cookdigital.net\/campoparatodos\/2021\/07\/15\/revista-campo-para-todos-n-160\/","url_meta":{"origin":1173,"position":3},"title":"Revista Campo para Todos N\u00b0 160","date":"julio 15, 2021","format":false,"excerpt":"Ya est\u00e1 disponible la revista con importantes notas sobre ganader\u00eda. \u21d3\u21d3\u21d3\u21d3\u00a0 PARA LEERLA GRATIS, TOCA LA IMAGEN DE LA TAPA\u00a0 \u21d3\u21d3\u21d3\u21d3 TITULOS DE LA EDICI\u00d3N 160 Pautas de manejo del rodeo caprino. Recomendaciones para la prevenci\u00f3n de la triquinosis en las personas. La condici\u00f3n corporal, herramienta predictiva de la fertilidad\u2026","rel":"","context":"En \u00abAgricultura\u00bb","img":{"alt_text":"","src":"https:\/\/i1.wp.com\/www.campoparatodos.com.ar\/wp-content\/uploads\/2021\/07\/TAPA-R160-717x1024.jpg?resize=350%2C200&ssl=1","width":350,"height":200},"classes":[]},{"id":1311,"url":"https:\/\/test.cookdigital.net\/campoparatodos\/2021\/04\/12\/revista-campo-para-todos-n-157\/","url_meta":{"origin":1173,"position":4},"title":"Revista Campo para Todos N\u00b0 157","date":"abril 12, 2021","format":false,"excerpt":"En este n\u00famero podr\u00e1 leer como va la campa\u00f1a agr\u00edcola de Santiago del Estero, con entrevistas, informes y notas t\u00e9cnicas para todos. Para leerla solo tienen que tocar la imagen TITULOS DE LA EDICI\u00d3N N\u00b0 157 Mujeres rurales recuperan saberes ancestrales y los transforman en oportunidades para ellas y sus\u2026","rel":"","context":"En \u00abAgricultura\u00bb","img":{"alt_text":"","src":"https:\/\/i1.wp.com\/www.campoparatodos.com.ar\/wp-content\/uploads\/2021\/04\/TAPA-R157-714x1024.jpg?resize=350%2C200&ssl=1","width":350,"height":200},"classes":[]},{"id":1121,"url":"https:\/\/test.cookdigital.net\/campoparatodos\/2020\/11\/18\/revista-campo-para-todos-n-152\/","url_meta":{"origin":1173,"position":5},"title":"REVISTA CAMPO PARA TODOS N\u00b0 152","date":"noviembre 18, 2020","format":false,"excerpt":"PARA LEER LA REVISTA TOC\u00c1 LA IMAGEN \u21d3 Aapresid y AAPA lanzan el sello \"Algod\u00f3n Responsable Argentino\" Producci\u00f3n de semilla de alfalfa certificada en Santiago del Estero. El manejo actual de la nutrici\u00f3n de la soja limita su producci\u00f3n. En plena era digital, Bayer trabaja para que los productores tomen\u2026","rel":"","context":"En \u00abAgricultura\u00bb","img":{"alt_text":"","src":"https:\/\/i1.wp.com\/www.campoparatodos.com.ar\/wp-content\/uploads\/2020\/11\/R152-713x1024.jpg?resize=350%2C200&ssl=1","width":350,"height":200},"classes":[]}],"_links":{"self":[{"href":"https:\/\/test.cookdigital.net\/campoparatodos\/wp-json\/wp\/v2\/posts\/1173"}],"collection":[{"href":"https:\/\/test.cookdigital.net\/campoparatodos\/wp-json\/wp\/v2\/posts"}],"about":[{"href":"https:\/\/test.cookdigital.net\/campoparatodos\/wp-json\/wp\/v2\/types\/post"}],"author":[{"embeddable":true,"href":"https:\/\/test.cookdigital.net\/campoparatodos\/wp-json\/wp\/v2\/users\/1"}],"replies":[{"embeddable":true,"href":"https:\/\/test.cookdigital.net\/campoparatodos\/wp-json\/wp\/v2\/comments?post=1173"}],"version-history":[{"count":4,"href":"https:\/\/test.cookdigital.net\/campoparatodos\/wp-json\/wp\/v2\/posts\/1173\/revisions"}],"predecessor-version":[{"id":1180,"href":"https:\/\/test.cookdigital.net\/campoparatodos\/wp-json\/wp\/v2\/posts\/1173\/revisions\/1180"}],"wp:attachment":[{"href":"https:\/\/test.cookdigital.net\/campoparatodos\/wp-json\/wp\/v2\/media?parent=1173"}],"wp:term":[{"taxonomy":"category","embeddable":true,"href":"https:\/\/test.cookdigital.net\/campoparatodos\/wp-json\/wp\/v2\/categories?post=1173"},{"taxonomy":"post_tag","embeddable":true,"href":"https:\/\/test.cookdigital.net\/campoparatodos\/wp-json\/wp\/v2\/tags?post=1173"}],"curies":[{"name":"wp","href":"https:\/\/api.w.org\/{rel}","templated":true}]}}