{"id":1121,"date":"2020-11-18T14:47:57","date_gmt":"2020-11-18T14:47:57","guid":{"rendered":"https:\/\/www.campoparatodos.com.ar\/?p=1121"},"modified":"2020-11-18T15:33:42","modified_gmt":"2020-11-18T15:33:42","slug":"revista-campo-para-todos-n-152","status":"publish","type":"post","link":"https:\/\/test.cookdigital.net\/campoparatodos\/2020\/11\/18\/revista-campo-para-todos-n-152\/","title":{"rendered":"REVISTA CAMPO PARA TODOS N\u00b0 152"},"content":{"rendered":"<p><strong>PARA LEER LA REVISTA TOC\u00c1 LA IMAGEN<\/strong> \u21d3<br \/>\n<a href=\"https:\/\/online.fliphtml5.com\/yuzt\/zsuc\/\" target=\"_blank\" rel=\"noopener noreferrer\"><img data-attachment-id=\"1122\" data-permalink=\"https:\/\/test.cookdigital.net\/campoparatodos\/2020\/11\/18\/revista-campo-para-todos-n-152\/cpt-template-60\/#main\" data-orig-file=\"https:\/\/i1.wp.com\/test.cookdigital.net\/campoparatodos\/wp-content\/uploads\/2020\/11\/R152.jpg?fit=767%2C1102&amp;ssl=1\" data-orig-size=\"767,1102\" data-comments-opened=\"1\" data-image-meta=\"{&quot;aperture&quot;:&quot;0&quot;,&quot;credit&quot;:&quot;carlos&quot;,&quot;camera&quot;:&quot;&quot;,&quot;caption&quot;:&quot;cpt-template&quot;,&quot;created_timestamp&quot;:&quot;1605698001&quot;,&quot;copyright&quot;:&quot;&quot;,&quot;focal_length&quot;:&quot;0&quot;,&quot;iso&quot;:&quot;0&quot;,&quot;shutter_speed&quot;:&quot;0&quot;,&quot;title&quot;:&quot;cpt-template&quot;,&quot;orientation&quot;:&quot;0&quot;}\" data-image-title=\"cpt-template\" data-image-description=\"\" data-medium-file=\"https:\/\/i1.wp.com\/test.cookdigital.net\/campoparatodos\/wp-content\/uploads\/2020\/11\/R152.jpg?fit=209%2C300&amp;ssl=1\" data-large-file=\"https:\/\/i1.wp.com\/test.cookdigital.net\/campoparatodos\/wp-content\/uploads\/2020\/11\/R152.jpg?fit=713%2C1024&amp;ssl=1\" loading=\"lazy\" class=\"aligncenter wp-image-1122 size-large\" src=\"https:\/\/i1.wp.com\/www.campoparatodos.com.ar\/wp-content\/uploads\/2020\/11\/R152-713x1024.jpg?resize=713%2C1024&#038;ssl=1\" alt=\"\" width=\"713\" height=\"1024\" srcset=\"https:\/\/i1.wp.com\/test.cookdigital.net\/campoparatodos\/wp-content\/uploads\/2020\/11\/R152.jpg?resize=713%2C1024&amp;ssl=1 713w, https:\/\/i1.wp.com\/test.cookdigital.net\/campoparatodos\/wp-content\/uploads\/2020\/11\/R152.jpg?resize=209%2C300&amp;ssl=1 209w, https:\/\/i1.wp.com\/test.cookdigital.net\/campoparatodos\/wp-content\/uploads\/2020\/11\/R152.jpg?w=767&amp;ssl=1 767w\" sizes=\"(max-width: 713px) 100vw, 713px\" data-recalc-dims=\"1\" \/><\/a><\/p>\n<p><!--more--><\/p>\n<ul>\n<li>Aapresid y AAPA lanzan el sello \u00abAlgod\u00f3n Responsable Argentino\u00bb<\/li>\n<li>Producci\u00f3n de semilla de alfalfa certificada en Santiago del Estero.<\/li>\n<li>El manejo actual de la nutrici\u00f3n de la soja limita su producci\u00f3n.<\/li>\n<li>En plena era digital, Bayer trabaja para que los productores tomen la decisi\u00f3n \u201cperfecta\u201d<\/li>\n<li>Camas Biol\u00f3gicas: Una herramienta proactiva para el uso adecuado de fitosanitarios.<\/li>\n<li>Estr\u00e9s T\u00e9rmico en Feedlot, un enemigo recurrente a\u00f1o tras a\u00f1o.<\/li>\n<li>La uni\u00f3n fortalece el crecimiento de los peque\u00f1os productores.<\/li>\n<li>INTA Quimil\u00ed y la Direcci\u00f3n de Agricultura y Ganader\u00eda refuerzan sus v\u00ednculos.<\/li>\n<li>Pasar de la tragedia al equilibrio con la apicultura como herramienta.<\/li>\n<li>Segunda campa\u00f1a de vacunaci\u00f3n contra la fiebre aftosa de 2020.<\/li>\n<li>Ordenamiento de la cadena de la carne bovina.<\/li>\n<li>Diez a\u00f1os secos: menos pasto, pero m\u00e1s ganado.<\/li>\n<li>Control biol\u00f3gico en el cultivo de algod\u00f3n: Conociendo a los \u201cbichos buenos\u201d.<\/li>\n<li>Fichas t\u00e9cnicas: Pr\u00e1cticas recomendadas para el manejo de algod\u00f3n en sistemas agroecol\u00f3gicos en el norte argentino y Mantenimiento de pureza de variedades de algod\u00f3n en sistemas agroecol\u00f3gicos.<\/li>\n<li>Informe agroclim\u00e1tico del sudeste de Santiago del Estero.<\/li>\n<li>Calendario sugerido de cultivos de frutas y hortalizas m\u00e1s comunes de Santiago del Estero.<\/li>\n<\/ul>\n","protected":false},"excerpt":{"rendered":"<p>PARA LEER LA REVISTA TOC\u00c1 LA IMAGEN \u21d3<\/p>\n","protected":false},"author":1,"featured_media":0,"comment_status":"closed","ping_status":"open","sticky":false,"template":"","format":"standard","meta":{"spay_email":"","jetpack_publicize_message":"","jetpack_is_tweetstorm":false},"categories":[7,9,18,3,8,10,124,4],"tags":[146,30,149,148,17],"jetpack_featured_media_url":"","jetpack_publicize_connections":[],"jetpack_sharing_enabled":true,"jetpack_shortlink":"https:\/\/wp.me\/p9m0DJ-i5","jetpack_likes_enabled":true,"jetpack-related-posts":[{"id":2368,"url":"https:\/\/test.cookdigital.net\/campoparatodos\/2023\/02\/17\/revista-campo-para-todos-n-179\/","url_meta":{"origin":1121,"position":0},"title":"Revista Campo para Todos N\u00b0 179","date":"febrero 17, 2023","format":false,"excerpt":"TITULOS DE TAPA: Tercer a\u00f1o de sequ\u00eda en Santiago del Estero. \u00bfPodr\u00e1 transformarse la ganader\u00eda santiague\u00f1a en el motor del desarrollo provincial? Situaci\u00f3n del cultivo de algod\u00f3n en la zona de riego de Santiago del Estero. TOCAR LA FOTO DE TAPA PARA LEERLA GRATIS T\u00edtulos de la edici\u00f3n N\u00b0 179\u2026","rel":"","context":"En \u00abAgricultura\u00bb","img":{"alt_text":"","src":"https:\/\/i0.wp.com\/www.campoparatodos.com.ar\/wp-content\/uploads\/2023\/02\/TAPA-REVISTA-179-713x1024.jpg?resize=350%2C200&ssl=1","width":350,"height":200},"classes":[]},{"id":2247,"url":"https:\/\/test.cookdigital.net\/campoparatodos\/2022\/12\/19\/revista-campo-para-todos-n-177\/","url_meta":{"origin":1121,"position":1},"title":"Revista Campo para Todos N\u00b0 177","date":"diciembre 19, 2022","format":false,"excerpt":"Ya est\u00e1 disponible la Revista digital Para leerla gratis ingresa tocando la foto de la tapa \u00a0 TITULOS DE ESTA EDICION Apicultura. Recomendaciones para evitar derretimiento de colmenas. Algod\u00f3n. Recomendaciones para el manejo de \u201cenfermedades tempranas o de pl\u00e1ntulas\u201d. Trips en algod\u00f3n. T\u00e9cnicas de control Carta de suelos del Departamento\u2026","rel":"","context":"En \u00abAgricultura\u00bb","img":{"alt_text":"","src":"https:\/\/i1.wp.com\/www.campoparatodos.com.ar\/wp-content\/uploads\/2022\/12\/Tapa-Revista-177-713x1024.jpg?resize=350%2C200&ssl=1","width":350,"height":200},"classes":[]},{"id":1065,"url":"https:\/\/test.cookdigital.net\/campoparatodos\/2020\/10\/27\/hojea-la-revista-campo-para-todos-n-151\/","url_meta":{"origin":1121,"position":2},"title":"Hojea la Revista Campo para Todos N\u00b0 151","date":"octubre 27, 2020","format":false,"excerpt":"T\u00cdTULOS DE LA EDICI\u00d3N 151 Seis de cada diez argentinos tienen una imagen positiva del campo durante la cuarentena. Algod\u00f3n Campa\u00f1a 2019\/20: Gastos de Producci\u00f3n, Margen Bruto y Rendimientos de Indiferencia para diferentes sistemas productivos del cultivo en Santiago del Estero. Situaci\u00f3n h\u00eddrica en el noroeste del Departamento Mariano Moreno,\u2026","rel":"","context":"En \u00abAgricultura\u00bb","img":{"alt_text":"","src":"https:\/\/i2.wp.com\/www.campoparatodos.com.ar\/wp-content\/uploads\/2020\/10\/TAPA-R151-713x1024.jpg?resize=350%2C200&ssl=1","width":350,"height":200},"classes":[]},{"id":2233,"url":"https:\/\/test.cookdigital.net\/campoparatodos\/2022\/11\/22\/revista-campo-para-todos-n-176\/","url_meta":{"origin":1121,"position":3},"title":"Revista Campo para Todos N\u00b0 176","date":"noviembre 22, 2022","format":false,"excerpt":"TITULOS DE TAPA: Riego en Algod\u00f3n: \u00bfEl agua en el momento justo?. - Caba\u00f1a La Legua realiz\u00f3 su primer remate. - Apicultura: Manejo de apiarios en \u00e9pocas de sequ\u00eda. - Asumieron los directores del INTA Santiago del Estero y Quimil\u00ed. REVISTA DIGITAL DISPONIBLE. PARA LEERLA GRATIS TOQUE LA FOTO TITULOS\u2026","rel":"","context":"En \u00abAgricultura\u00bb","img":{"alt_text":"","src":"https:\/\/i0.wp.com\/www.campoparatodos.com.ar\/wp-content\/uploads\/2022\/11\/TAPA-REVISTA-176-713x1024.jpg?resize=350%2C200&ssl=1","width":350,"height":200},"classes":[]},{"id":2184,"url":"https:\/\/test.cookdigital.net\/campoparatodos\/2022\/10\/22\/revista-campo-para-todos-n-175\/","url_meta":{"origin":1121,"position":4},"title":"Revista Campo para Todos N\u00b0 175","date":"octubre 22, 2022","format":false,"excerpt":"TITULOS DE TAPA DE LA REVISTA 175 EXPOBRA 2022: Reviva la mejor expo ganadera del NOA. - ALGOD\u00d3N: 1\u00b0 Jornada por el D\u00eda Mundial del algod\u00f3n en Santiago del Estero. - CEBOLLA: \u00bfQu\u00e9 pasa con la cebolla primicia de Santiago del Estero? \u21d3PARA LEERLA TOCA LA FOTO DE TAPA\u21d3 TITULOS\u2026","rel":"","context":"En \u00abAgricultura\u00bb","img":{"alt_text":"","src":"https:\/\/i0.wp.com\/www.campoparatodos.com.ar\/wp-content\/uploads\/2022\/10\/TAPA-REVISTA-175-713x1024.jpg?resize=350%2C200&ssl=1","width":350,"height":200},"classes":[]},{"id":1260,"url":"https:\/\/test.cookdigital.net\/campoparatodos\/2021\/03\/12\/1260\/","url_meta":{"origin":1121,"position":5},"title":"Revista Campo para Todos N\u00b0 156","date":"marzo 12, 2021","format":false,"excerpt":"Campa\u00f1a algodonera santiague\u00f1a 20\/21 Completos informes sobre la marcha de la campa\u00f1a en las zonas de secano y de riego. Toque la imagen para leer la revista T\u00cdTULOS DE LA EDICI\u00d3N 156. FEBRERO DE 2021 Sembrando pasturas en Febrero: Recomendaciones para Santiago del Estero. Mortandad de pasturas de Gatton panic\u2026","rel":"","context":"En \u00abAgricultura\u00bb","img":{"alt_text":"","src":"https:\/\/i1.wp.com\/www.campoparatodos.com.ar\/wp-content\/uploads\/2021\/03\/Tapa-R-156-713x1024.jpg?resize=350%2C200&ssl=1","width":350,"height":200},"classes":[]}],"_links":{"self":[{"href":"https:\/\/test.cookdigital.net\/campoparatodos\/wp-json\/wp\/v2\/posts\/1121"}],"collection":[{"href":"https:\/\/test.cookdigital.net\/campoparatodos\/wp-json\/wp\/v2\/posts"}],"about":[{"href":"https:\/\/test.cookdigital.net\/campoparatodos\/wp-json\/wp\/v2\/types\/post"}],"author":[{"embeddable":true,"href":"https:\/\/test.cookdigital.net\/campoparatodos\/wp-json\/wp\/v2\/users\/1"}],"replies":[{"embeddable":true,"href":"https:\/\/test.cookdigital.net\/campoparatodos\/wp-json\/wp\/v2\/comments?post=1121"}],"version-history":[{"count":4,"href":"https:\/\/test.cookdigital.net\/campoparatodos\/wp-json\/wp\/v2\/posts\/1121\/revisions"}],"predecessor-version":[{"id":1130,"href":"https:\/\/test.cookdigital.net\/campoparatodos\/wp-json\/wp\/v2\/posts\/1121\/revisions\/1130"}],"wp:attachment":[{"href":"https:\/\/test.cookdigital.net\/campoparatodos\/wp-json\/wp\/v2\/media?parent=1121"}],"wp:term":[{"taxonomy":"category","embeddable":true,"href":"https:\/\/test.cookdigital.net\/campoparatodos\/wp-json\/wp\/v2\/categories?post=1121"},{"taxonomy":"post_tag","embeddable":true,"href":"https:\/\/test.cookdigital.net\/campoparatodos\/wp-json\/wp\/v2\/tags?post=1121"}],"curies":[{"name":"wp","href":"https:\/\/api.w.org\/{rel}","templated":true}]}}